{"id":9972,"date":"2022-01-13T08:45:00","date_gmt":"2022-01-13T07:45:00","guid":{"rendered":"https:\/\/www.comundi.fr\/mag-des-competences\/?p=9972"},"modified":"2022-01-12T14:29:23","modified_gmt":"2022-01-12T13:29:23","slug":"10-raisons-de-faire-un-bilan-de-competences-durant-sa-carriere","status":"publish","type":"post","link":"https:\/\/www.comundi.fr\/mag-des-competences\/10-raisons-de-faire-un-bilan-de-competences-durant-sa-carriere\/","title":{"rendered":"10 raisons de faire un bilan de comp\u00e9tences durant sa carri\u00e8re"},"content":{"rendered":"\n<p>Le<strong> bilan de comp\u00e9tences<\/strong> fait beaucoup parler de lui ces derniers mois, plus encore que ces derni\u00e8res ann\u00e9es. Vendu comme un <strong>dispositif RH <\/strong>utile aux salari\u00e9s du priv\u00e9 ou du public d\u00e9sireux de faire un point sur leur carri\u00e8re, ses adeptes sont de plus en plus nombreux.<\/p>\n\n\n\n<p>Pour autant, nous ne savons pas toujours ce qui se cache derri\u00e8re ces entretiens avec un consultant sp\u00e9cialis\u00e9 en <strong>gestion de carri\u00e8re<\/strong>. Et encore moins les raisons qui devraient nous inviter \u00e0 nous lancer dans l\u2019aventure et suivre cet accompagnement.<\/p>\n\n\n\n<p>C\u2019est pourquoi nous vous proposons 10 raisons de faire un <strong>bilan de comp\u00e9tences <\/strong>durant votre carri\u00e8re.<\/p>\n\n\n\n<h2>Afin de mieux se conna\u00eetre professionnellement<\/h2>\n\n\n\n<p>En premier lieu, le <strong>bilan de comp\u00e9tences<\/strong> peut s\u2019av\u00e9rer un excellent moyen de <strong>prendre du temps pour soi<\/strong>, et de faire une pause dans sa <strong>vie professionnelle<\/strong>.<\/p>\n\n\n\n<p>Habitu\u00e9s \u00e0 encha\u00eener nos journ\u00e9es de travail, nous en oublions souvent l\u2019essentiel. Nous perdons parfois le fil de ce que nous sommes, et de ce que nous voulons professionnellement. L\u2019<strong>accompagnement du bilan<\/strong> permet justement de <strong>faire un point sur soi-m\u00eame pour mieux se conna\u00eetre<\/strong>.<\/p>\n\n\n\n<p>Au cours d\u2019un <strong>bilan de comp\u00e9tences<\/strong>, vous trouverez des r\u00e9ponses \u00e0 des questions qui nous concernent tous, mais que nous ne prenons pas le temps de nous poser. Suis-je heureux de mon travail&nbsp;? Qu\u2019est-ce qui fait sens dans ce m\u00e9tier pour moi&nbsp;? Dois-je changer quelque chose et si oui, qu\u2019est-ce que je peux entreprendre pour ce changement&nbsp;?<\/p>\n\n\n\n<p>Les entretiens et les tests offrent l\u2019opportunit\u00e9 de mieux tirer au clair votre <strong>situation personnelle et professionnelle<\/strong>, en vue d\u2019une confirmation ou d\u2019un changement.<\/p>\n\n\n\n<h2>Pour gagner en confiance  professionnelle<\/h2>\n\n\n\n<p>Au quotidien dans votre travail, il est souvent difficile de prendre du recul sur ce qui fait vos forces et vos comp\u00e9tences. Nous avons toujours tendance \u00e0 voir le moins bien et \u00e0 ne pas consid\u00e9rer le positif.<\/p>\n\n\n\n<p>Le <strong>bilan de comp\u00e9tences<\/strong> permet d\u2019obtenir un regard objectif sur ce qui fait votre valeur et votre force sur le march\u00e9 du travail.<\/p>\n\n\n\n<p>Quelles sont vos comp\u00e9tences&nbsp;? En quoi votre savoir-\u00eatre professionnel est-il d\u00e9terminant&nbsp;? Quelles sont vos r\u00e9ussites, y compris les plus courantes et minimes ? Qu\u2019est-ce qui vous rend unique&nbsp;et irrempla\u00e7able&nbsp;au travail&nbsp;?<\/p>\n\n\n\n<p>Au terme de votre bilan, vos <strong>qualit\u00e9s professionnelles v<\/strong>ous paraissent une \u00e9vidence.Un bon moyen de gagner en confiance pour mieux appr\u00e9hender votre carri\u00e8re.<\/p>\n\n\n\n<h2>Dans l\u2019optique de se reconvertir<\/h2>\n\n\n\n<p>C\u2019est certainement ce pourquoi le <strong>bilan de comp\u00e9tences<\/strong> est le plus m\u00e9diatis\u00e9. Au bout de quelques ann\u00e9es de carri\u00e8re dans le m\u00eame poste, ou le m\u00eame secteur, difficile de se projeter dans une <strong><a href=\"https:\/\/www.comundi.fr\/mag-des-competences\/carriere-nos-conseils-pour-se-reconvertir-a-30-40-et-50-ans\/\" target=\"_blank\" rel=\"noreferrer noopener\">reconversion professionnelle<\/a><\/strong>.<\/p>\n\n\n\n<p>Le <strong>bilan de comp\u00e9tences<\/strong> permet justement, \u00e0 partir des exp\u00e9riences pass\u00e9es, de tirer au clair le pr\u00e9sent pour mieux identifier un<strong> projet professionnel futur<\/strong>.<\/p>\n\n\n\n<p>Quelles sont vos comp\u00e9tences transf\u00e9rables d\u2019un m\u00e9tier \u00e0 un autre&nbsp;? Quel m\u00e9tier ferait sens au vu de vos aspirations&nbsp;? Est-il possible de postuler directement ou est-il question de vous former en amont&nbsp;pour r\u00e9pondre aux attentes du futur employeur&nbsp;?<\/p>\n\n\n\n<p>Toutes les r\u00e9ponses que vous apportent le <strong>bilan de comp\u00e9tences<\/strong> permette de <strong>construire un projet professionnel viable et mesur\u00e9<\/strong>. Les grandes lignes directrices, ainsi que les actions \u00e0 mettre en place pour <strong>r\u00e9ussir sa reconversion<\/strong>.<\/p>\n\n\n\n<h2>Pour changer d\u2019entreprise<\/h2>\n\n\n\n<p>Sans qu\u2019il soit question de <strong>se reconvertir<\/strong>, vous pouvez ressentir le besoin de changement d\u2019environnement de travail.<\/p>\n\n\n\n<p>Le <strong>bilan de comp\u00e9tences<\/strong> permet de <strong>peser les pour et les contre d\u2019un changement d\u2019employeur<\/strong>, en faisant un point complet sur votre quotidien professionnel. Les frustrations, les r\u00e9ussites, les \u00e9checs. La place que vous occupez au sein de votre entreprise, parmi vos coll\u00e8gues et vos managers.<\/p>\n\n\n\n<p>Les tests offrent l\u2019opportunit\u00e9 de faire un \u00e9tat des lieux de la pratique de votre m\u00e9tier, en fonction de votre personnalit\u00e9 d\u2019une part, et de la fa\u00e7on dont il est pratiqu\u00e9 sur le march\u00e9 du travail d\u2019autre part. De comparer votre exp\u00e9rience avec d\u2019autres <strong>perspectives d\u2019embauche<\/strong> dans le m\u00eame secteur d\u2019activit\u00e9.<\/p>\n\n\n\n<p>Un point d\u2019\u00e9tape qui peut s\u2019av\u00e9rer crucial pour jauger si vous avez besoin de changer d\u2019entreprise.<\/p>\n\n\n\n<h2>Avec pour objectif de trouver sa voie<\/h2>\n\n\n\n<p>Juste sorti d\u2019\u00e9tudes et jeune dipl\u00f4m\u00e9,avec un d\u00e9but de carri\u00e8re anticip\u00e9 dans divers m\u00e9tiers et sans dipl\u00f4me, vous pouvez avoir des difficult\u00e9s \u00e0 \u00ab&nbsp;trouver votre voie&nbsp;\u00bb.<\/p>\n\n\n\n<p>Le<strong> bilan de comp\u00e9tences<\/strong> est un <strong>\u00ab&nbsp;activateur&nbsp;\u00bb de carri\u00e8re<\/strong> en ce sens qu\u2019il permet d\u2019identifier ses app\u00e9tences en parall\u00e8le des <strong>comp\u00e9tences demand\u00e9es <\/strong>dans un secteur. Le b\u00e9n\u00e9ficiaire du bilan apprend \u00e0 <strong>se positionner vis-\u00e0-vis d\u2019un m\u00e9tier <\/strong>et se projette dans les actions et leviers qui pourraient lui permettre d\u2019\u00eatre qualifi\u00e9 pour le r\u00e9aliser.<\/p>\n\n\n\n<p>\u00c0 mesure des entretiens, le <strong>projet professionne<\/strong>l encore non identifi\u00e9 en amont du bilan devient clair et les objectifs \u00e0 atteindre sont fix\u00e9s&nbsp;: formation \u00e0 suivre, exp\u00e9rience \u00e0 acqu\u00e9rir\u2026<\/p>\n\n\n\n<p>Le <strong>bilan de comp\u00e9tences<\/strong> est donc un excellent moyen pour trouver sa voie professionnelle&nbsp;!<\/p>\n\n\n\n<h2>Pour \u00e9voluer vers un poste \u00e0 responsabilit\u00e9s<\/h2>\n\n\n\n<p>Vous occupiez jusqu\u2019alors un poste au sein d\u2019une \u00e9quipe de production, mais un poste de management d\u2019\u00e9quipe vous est propos\u00e9 ou s\u2019ouvre dans votre entreprise&nbsp;? Vous ne savez pas si vous avez \u00ab&nbsp;les \u00e9paules&nbsp;\u00bb pour occuper ce type de poste&nbsp;?<\/p>\n\n\n\n<p>Le <strong>bilan de comp\u00e9tences<\/strong> s\u2019av\u00e8re efficace pour <strong>tester sa facult\u00e9 \u00e0 \u00e9voluer vers un poste \u00e0 responsabilit\u00e9s<\/strong>. Au travers de tests et des questionnaires objectifs, vos traits de personnalit\u00e9 et votre mani\u00e8re d\u2019appr\u00e9hender le management seront mis en \u00e9vidence.<\/p>\n\n\n\n<p>Vous testerez entre autres votre capacit\u00e9 th\u00e9orique \u00e0 diriger, \u00e0 g\u00e9rer un conflit, \u00e0 prendre des initiatives<strong> <\/strong>ou encore \u00e0 vous remettre en question. Un passage non obligatoire mais fortement recommand\u00e9 pour celles et ceux qui doutent de leurs capacit\u00e9s&nbsp;!<\/p>\n\n\n\n<h2>Avant un projet de cr\u00e9ation d\u2019entreprise<\/h2>\n\n\n\n<p>Dans la lign\u00e9e d\u2019un test de prise de responsabilit\u00e9s, le <strong>bilan de comp\u00e9tences<\/strong> est un levier int\u00e9ressant pour le futur entrepreneur qui souhaiterait appr\u00e9hender son projet de cr\u00e9ation d\u2019entreprise.<\/p>\n\n\n\n<p>En effet, l\u2019accompagnement du futur entrepreneur lui permet \u00e0 la fois d\u2019<strong>en savoir plus sur son <a href=\"https:\/\/www.comundi.fr\/mag-des-competences\/dirigeants-ne-cessez-jamais-de-retravailler-vos-competences-manageriales\/\" target=\"_blank\" rel=\"noreferrer noopener\">profil d\u2019entrepreneur<\/a><\/strong>, sa facult\u00e9 \u00e0 entreprendre, ses points forts et ceux sur lesquels travailler. Et en parall\u00e8le, il consolide son projet par <strong>la connaissance des dispositifs d\u2019aide \u00e0 la cr\u00e9ation d\u2019entreprise <\/strong>que lui apportent les entretiens.<\/p>\n\n\n\n<p>Un point de d\u00e9part qui peut s\u2019av\u00e9rer d\u00e9terminant pour la mise en place d\u2019une activit\u00e9 entrepreneuriale dans les meilleures conditions.La synth\u00e8se finale aura pour r\u00f4le d\u2019\u00eatre la feuille de route des actions restantes \u00e0 mener pour assurer le<strong> bon d\u00e9veloppement du projet<\/strong>.<\/p>\n\n\n\n<h2>Pour donner du cr\u00e9dit \u00e0 ses candidatures<\/h2>\n\n\n\n<p>Parce que le <strong>bilan de comp\u00e9tences<\/strong> est le plus souvent une d\u00e9marche volontaire et proactive, il est tr\u00e8s souvent aux yeux des employeurs un gage de volont\u00e9 et de d\u00e9termination.<\/p>\n\n\n\n<p>Connaissance de soi, de ses comp\u00e9tences, de ses forces, de ses limites\u2026 Le bilan affirme une ma\u00eetrise de ce que nous sommes et de la valeur que nous apportons au travail. Un bon point lorsqu\u2019il s\u2019agit de passer des entretiens d\u2019embauche.<\/p>\n\n\n\n<p>Mentionn\u00e9 sur votre CV, et d\u00e9velopp\u00e9 au cours d\u2019entretien, le <strong>bilan de comp\u00e9tences <\/strong>donnera du cr\u00e9dit \u00e0 vos candidatures et sera une excellente approche pour manifester votre facult\u00e9 \u00e0 vous d\u00e9passer.<\/p>\n\n\n\n<p>Un moyen efficace pour affirmer que vous pouvez vous <strong>fixer des objectifs professionnels<\/strong>, en sachant d\u2019o\u00f9 vous partez, et l\u00e0 o\u00f9 vous voulez vous rendre.<\/p>\n\n\n\n<h2>Pour identifier une formation<\/h2>\n\n\n\n<p>Quel que soit le r\u00f4le que vous voulez lui donner, la <strong>formation professionnelle <\/strong>est souvent source d\u2019embarras. Pour se reconvertir, approfondir ses comp\u00e9tences, pour utiliser ses droits et apprendre un nouveau m\u00e9tier\u2026 Comment choisir sa formation&nbsp;?<\/p>\n\n\n\n<p>Le<strong> bilan de comp\u00e9tences<\/strong> est une excellente introduction pour<strong> identifier la formation id\u00e9ale<\/strong> pour vous. Parce qu\u2019il permet de mieux identifier ses aspirations et les points sur lesquels vous pouvez vous am\u00e9liorer, le parcours de formation ad\u00e9quat sera une \u00e9vidence.<\/p>\n\n\n\n<p>Vous apprendrez par ailleurs si vous \u00eates fait pour une <strong>formation courte<\/strong>, ou plus longue, et sur le format adapt\u00e9 \u00e0 votre profil. Enfin, et selon les exigences financi\u00e8res et les co\u00fbts p\u00e9dagogiques, le <strong>bilan de comp\u00e9tences<\/strong> vous orientera vers les <strong>dispositifs de financement <\/strong>correspondants \u00e0 votre situation.<\/p>\n\n\n\n<p>Si vous ne savez absolument pas dans quelle formation vous lancer, vous voyez ce qu\u2019il vous reste \u00e0 faire&nbsp;!<\/p>\n\n\n\n<h2>Car il est gratuit avec le CPF&nbsp;!<\/h2>\n\n\n\n<p>Peut-\u00eatre la raison que nous aurions d\u00fb citer en premier, car d\u2019une importance capitale. Le <strong>bilan de comp\u00e9tences<\/strong> peut en effet \u00eatre un accompagnement \u00ab&nbsp;gratuit&nbsp;\u00bb, car <strong>finan\u00e7able \u00e0 100% avec son CPF<\/strong>.<\/p>\n\n\n\n<p><a href=\"https:\/\/www.comundi.fr\/mag-des-competences\/cpf-suivez-le-guide\/\" target=\"_blank\" rel=\"noreferrer noopener\">Le <strong>CPF (Compte Personnel de Formation) <\/strong>est disponible pour tous les actifs et permet de collecter une somme en euros ou des <strong>heures de formation<\/strong> utilisable \u00e0 tout moment d\u2019une carri\u00e8re.<\/a><\/p>\n\n\n\n<p>D\u2019un co\u00fbt moyen de 1&nbsp;600 \u20ac sur le march\u00e9, le <strong>bilan de comp\u00e9tences<\/strong> demande en g\u00e9n\u00e9ral 3 ann\u00e9es de travail (cons\u00e9cutives ou non) \u00e0 temps plein, voire \u00e0 temps partiel. Une situation qui correspond \u00e0 beaucoup d\u2019actifs, qui, pour les raisons cit\u00e9es ci-dessus, ne devraient pas h\u00e9siter \u00e0 se lancer&nbsp;!<\/p>\n\n\n\n<p><\/p>\n\n\n\n<p>Le cabinet <a href=\"https:\/\/abacus-rh.com\/\">ABACUS<\/a> peut vous conseiller sur l\u2019int\u00e9r\u00eat ou non pour vous de faire un <strong>bilan de comp\u00e9tences<\/strong>, en plus de vous aider \u00e0 monter votre dossier de financement et de vous mettre en relation avec un consultant.<\/p>\n","protected":false},"excerpt":{"rendered":"<p>Le bilan de comp\u00e9tences fait beaucoup parler de lui ces derniers mois, plus encore que ces derni\u00e8res ann\u00e9es. Vendu comme un dispositif RH utile aux salari\u00e9s du priv\u00e9 ou du public d\u00e9sireux de faire un point sur leur carri\u00e8re, ses adeptes sont de plus en plus nombreux. Pour autant, nous ne savons pas toujours ce [&hellip;]<\/p>\n","protected":false},"author":8,"featured_media":9986,"comment_status":"open","ping_status":"open","sticky":false,"template":"","format":"standard","meta":{"_mi_skip_tracking":false},"categories":[201,200],"yoast_head":"<!-- This site is optimized with the Yoast SEO plugin v16.1 - https:\/\/yoast.com\/wordpress\/plugins\/seo\/ -->\n<title>10 raisons de faire un bilan de comp\u00e9tences durant sa carri\u00e8re - Mag des comp\u00e9tences - Comundi<\/title>\n<meta name=\"description\" content=\"\u00c9volution de carri\u00e8re, acquisition de comp\u00e9tences, objectifs professionnels... voil\u00e0 10 bonnes raisons de faire un bilan de comp\u00e9tences.\" \/>\n<meta name=\"robots\" content=\"index, follow, max-snippet:-1, max-image-preview:large, max-video-preview:-1\" \/>\n<link rel=\"canonical\" href=\"https:\/\/www.comundi.fr\/mag-des-competences\/10-raisons-de-faire-un-bilan-de-competences-durant-sa-carriere\/\" \/>\n<meta property=\"og:locale\" content=\"fr_FR\" \/>\n<meta property=\"og:type\" content=\"article\" \/>\n<meta property=\"og:title\" content=\"10 raisons de faire un bilan de comp\u00e9tences durant sa carri\u00e8re - Mag des comp\u00e9tences - Comundi\" \/>\n<meta property=\"og:description\" content=\"\u00c9volution de carri\u00e8re, acquisition de comp\u00e9tences, objectifs professionnels... voil\u00e0 10 bonnes raisons de faire un bilan de comp\u00e9tences.\" \/>\n<meta property=\"og:url\" content=\"https:\/\/www.comundi.fr\/mag-des-competences\/10-raisons-de-faire-un-bilan-de-competences-durant-sa-carriere\/\" \/>\n<meta property=\"og:site_name\" content=\"Mag des comp\u00e9tences - Comundi\" \/>\n<meta property=\"article:publisher\" content=\"https:\/\/www.facebook.com\/Comundi\/?fref=ts\" \/>\n<meta property=\"article:published_time\" content=\"2022-01-13T07:45:00+00:00\" \/>\n<meta property=\"article:modified_time\" content=\"2022-01-12T13:29:23+00:00\" \/>\n<meta property=\"og:image\" content=\"https:\/\/www.comundi.fr\/mag-des-competences\/wp-content\/uploads\/2022\/01\/Image-pour-bilan-de-competences.jpg\" \/>\n\t<meta property=\"og:image:width\" content=\"1200\" \/>\n\t<meta property=\"og:image:height\" content=\"627\" \/>\n<meta name=\"twitter:card\" content=\"summary_large_image\" \/>\n<meta name=\"twitter:creator\" content=\"@ComundiActu\" \/>\n<meta name=\"twitter:site\" content=\"@ComundiActu\" \/>\n<meta name=\"twitter:label1\" content=\"Dur\u00e9e de lecture est.\">\n\t<meta name=\"twitter:data1\" content=\"7 minutes\">\n<script type=\"application\/ld+json\" class=\"yoast-schema-graph\">{\"@context\":\"https:\/\/schema.org\",\"@graph\":[{\"@type\":\"Organization\",\"@id\":\"https:\/\/www.comundi.fr\/mag-des-competences\/#organization\",\"name\":\"Comundi\",\"url\":\"https:\/\/www.comundi.fr\/mag-des-competences\/\",\"sameAs\":[\"https:\/\/www.facebook.com\/Comundi\/?fref=ts\",\"https:\/\/www.linkedin.com\/company\/comundi\/\",\"https:\/\/www.youtube.com\/user\/ComundiFormations\",\"https:\/\/twitter.com\/ComundiActu\"],\"logo\":{\"@type\":\"ImageObject\",\"@id\":\"https:\/\/www.comundi.fr\/mag-des-competences\/#logo\",\"inLanguage\":\"fr-FR\",\"url\":\"https:\/\/www.comundi.fr\/mag-des-competences\/wp-content\/uploads\/2018\/01\/comundi.png\",\"contentUrl\":\"https:\/\/www.comundi.fr\/mag-des-competences\/wp-content\/uploads\/2018\/01\/comundi.png\",\"width\":300,\"height\":300,\"caption\":\"Comundi\"},\"image\":{\"@id\":\"https:\/\/www.comundi.fr\/mag-des-competences\/#logo\"}},{\"@type\":\"WebSite\",\"@id\":\"https:\/\/www.comundi.fr\/mag-des-competences\/#website\",\"url\":\"https:\/\/www.comundi.fr\/mag-des-competences\/\",\"name\":\"Mag des comp\\u00e9tences - Comundi\",\"description\":\"Le magazine des m\\u00e9tiers de demain\",\"publisher\":{\"@id\":\"https:\/\/www.comundi.fr\/mag-des-competences\/#organization\"},\"potentialAction\":[{\"@type\":\"SearchAction\",\"target\":\"https:\/\/www.comundi.fr\/mag-des-competences\/?s={search_term_string}\",\"query-input\":\"required name=search_term_string\"}],\"inLanguage\":\"fr-FR\"},{\"@type\":\"ImageObject\",\"@id\":\"https:\/\/www.comundi.fr\/mag-des-competences\/10-raisons-de-faire-un-bilan-de-competences-durant-sa-carriere\/#primaryimage\",\"inLanguage\":\"fr-FR\",\"url\":\"https:\/\/www.comundi.fr\/mag-des-competences\/wp-content\/uploads\/2022\/01\/Image-pour-bilan-de-competences.jpg\",\"contentUrl\":\"https:\/\/www.comundi.fr\/mag-des-competences\/wp-content\/uploads\/2022\/01\/Image-pour-bilan-de-competences.jpg\",\"width\":1200,\"height\":627,\"caption\":\"Le bilan de comp\\u00e9tences\"},{\"@type\":\"WebPage\",\"@id\":\"https:\/\/www.comundi.fr\/mag-des-competences\/10-raisons-de-faire-un-bilan-de-competences-durant-sa-carriere\/#webpage\",\"url\":\"https:\/\/www.comundi.fr\/mag-des-competences\/10-raisons-de-faire-un-bilan-de-competences-durant-sa-carriere\/\",\"name\":\"10 raisons de faire un bilan de comp\\u00e9tences durant sa carri\\u00e8re - Mag des comp\\u00e9tences - Comundi\",\"isPartOf\":{\"@id\":\"https:\/\/www.comundi.fr\/mag-des-competences\/#website\"},\"primaryImageOfPage\":{\"@id\":\"https:\/\/www.comundi.fr\/mag-des-competences\/10-raisons-de-faire-un-bilan-de-competences-durant-sa-carriere\/#primaryimage\"},\"datePublished\":\"2022-01-13T07:45:00+00:00\",\"dateModified\":\"2022-01-12T13:29:23+00:00\",\"description\":\"\\u00c9volution de carri\\u00e8re, acquisition de comp\\u00e9tences, objectifs professionnels... voil\\u00e0 10 bonnes raisons de faire un bilan de comp\\u00e9tences.\",\"breadcrumb\":{\"@id\":\"https:\/\/www.comundi.fr\/mag-des-competences\/10-raisons-de-faire-un-bilan-de-competences-durant-sa-carriere\/#breadcrumb\"},\"inLanguage\":\"fr-FR\",\"potentialAction\":[{\"@type\":\"ReadAction\",\"target\":[\"https:\/\/www.comundi.fr\/mag-des-competences\/10-raisons-de-faire-un-bilan-de-competences-durant-sa-carriere\/\"]}]},{\"@type\":\"BreadcrumbList\",\"@id\":\"https:\/\/www.comundi.fr\/mag-des-competences\/10-raisons-de-faire-un-bilan-de-competences-durant-sa-carriere\/#breadcrumb\",\"itemListElement\":[{\"@type\":\"ListItem\",\"position\":1,\"item\":{\"@type\":\"WebPage\",\"@id\":\"https:\/\/www.comundi.fr\/mag-des-competences\/\",\"url\":\"https:\/\/www.comundi.fr\/mag-des-competences\/\",\"name\":\"Accueil\"}},{\"@type\":\"ListItem\",\"position\":2,\"item\":{\"@type\":\"WebPage\",\"@id\":\"https:\/\/www.comundi.fr\/mag-des-competences\/10-raisons-de-faire-un-bilan-de-competences-durant-sa-carriere\/\",\"url\":\"https:\/\/www.comundi.fr\/mag-des-competences\/10-raisons-de-faire-un-bilan-de-competences-durant-sa-carriere\/\",\"name\":\"10 raisons de faire un bilan de comp\\u00e9tences durant sa carri\\u00e8re\"}}]},{\"@type\":\"Article\",\"@id\":\"https:\/\/www.comundi.fr\/mag-des-competences\/10-raisons-de-faire-un-bilan-de-competences-durant-sa-carriere\/#article\",\"isPartOf\":{\"@id\":\"https:\/\/www.comundi.fr\/mag-des-competences\/10-raisons-de-faire-un-bilan-de-competences-durant-sa-carriere\/#webpage\"},\"author\":{\"@id\":\"https:\/\/www.comundi.fr\/mag-des-competences\/#\/schema\/person\/d08f5c2cf9de6fcfd33c30314745578e\"},\"headline\":\"10 raisons de faire un bilan de comp\\u00e9tences durant sa carri\\u00e8re\",\"datePublished\":\"2022-01-13T07:45:00+00:00\",\"dateModified\":\"2022-01-12T13:29:23+00:00\",\"mainEntityOfPage\":{\"@id\":\"https:\/\/www.comundi.fr\/mag-des-competences\/10-raisons-de-faire-un-bilan-de-competences-durant-sa-carriere\/#webpage\"},\"commentCount\":0,\"publisher\":{\"@id\":\"https:\/\/www.comundi.fr\/mag-des-competences\/#organization\"},\"image\":{\"@id\":\"https:\/\/www.comundi.fr\/mag-des-competences\/10-raisons-de-faire-un-bilan-de-competences-durant-sa-carriere\/#primaryimage\"},\"articleSection\":\"Formation professionnelle,Ressources humaines\",\"inLanguage\":\"fr-FR\",\"potentialAction\":[{\"@type\":\"CommentAction\",\"name\":\"Comment\",\"target\":[\"https:\/\/www.comundi.fr\/mag-des-competences\/10-raisons-de-faire-un-bilan-de-competences-durant-sa-carriere\/#respond\"]}]},{\"@type\":\"Person\",\"@id\":\"https:\/\/www.comundi.fr\/mag-des-competences\/#\/schema\/person\/d08f5c2cf9de6fcfd33c30314745578e\",\"name\":\"Comundi\",\"image\":{\"@type\":\"ImageObject\",\"@id\":\"https:\/\/www.comundi.fr\/mag-des-competences\/#personlogo\",\"inLanguage\":\"fr-FR\",\"url\":\"https:\/\/secure.gravatar.com\/avatar\/da2835ae7b2c1279e8e897d242f4cda6?s=96&d=mm&r=g\",\"contentUrl\":\"https:\/\/secure.gravatar.com\/avatar\/da2835ae7b2c1279e8e897d242f4cda6?s=96&d=mm&r=g\",\"caption\":\"Comundi\"}}]}<\/script>\n<!-- \/ Yoast SEO plugin. -->","amp_enabled":true,"_links":{"self":[{"href":"https:\/\/www.comundi.fr\/mag-des-competences\/wp-json\/wp\/v2\/posts\/9972"}],"collection":[{"href":"https:\/\/www.comundi.fr\/mag-des-competences\/wp-json\/wp\/v2\/posts"}],"about":[{"href":"https:\/\/www.comundi.fr\/mag-des-competences\/wp-json\/wp\/v2\/types\/post"}],"author":[{"embeddable":true,"href":"https:\/\/www.comundi.fr\/mag-des-competences\/wp-json\/wp\/v2\/users\/8"}],"replies":[{"embeddable":true,"href":"https:\/\/www.comundi.fr\/mag-des-competences\/wp-json\/wp\/v2\/comments?post=9972"}],"version-history":[{"count":4,"href":"https:\/\/www.comundi.fr\/mag-des-competences\/wp-json\/wp\/v2\/posts\/9972\/revisions"}],"predecessor-version":[{"id":9983,"href":"https:\/\/www.comundi.fr\/mag-des-competences\/wp-json\/wp\/v2\/posts\/9972\/revisions\/9983"}],"wp:featuredmedia":[{"embeddable":true,"href":"https:\/\/www.comundi.fr\/mag-des-competences\/wp-json\/wp\/v2\/media\/9986"}],"wp:attachment":[{"href":"https:\/\/www.comundi.fr\/mag-des-competences\/wp-json\/wp\/v2\/media?parent=9972"}],"wp:term":[{"taxonomy":"category","embeddable":true,"href":"https:\/\/www.comundi.fr\/mag-des-competences\/wp-json\/wp\/v2\/categories?post=9972"}],"curies":[{"name":"wp","href":"https:\/\/api.w.org\/{rel}","templated":true}]}}