{"id":9969,"date":"2022-01-11T08:45:00","date_gmt":"2022-01-11T07:45:00","guid":{"rendered":"https:\/\/www.comundi.fr\/mag-des-competences\/?p=9969"},"modified":"2024-05-20T13:17:22","modified_gmt":"2024-05-20T11:17:22","slug":"management-quand-la-confiance-doit-exclure-le-controle","status":"publish","type":"post","link":"https:\/\/www.comundi.fr\/mag-des-competences\/management-quand-la-confiance-doit-exclure-le-controle\/","title":{"rendered":"Management : quand la confiance doit exclure le contr\u00f4le"},"content":{"rendered":"\n<p>En entreprise, la confiance engendre la motivation des salari\u00e9s, la collaboration&#8230; mais \u00e9galement la confiance en soi du chef d&rsquo;entreprise ou du manager.<\/p>\n\n\n\n<p>Dans la vie, il y a deux types de personnes selon moi : celles qui font confiance et celles qui disent \u00ab la confiance n&rsquo;exclut pas le contr\u00f4le \u00bb [devise notamment de l&rsquo;Inspection de la Banque de France, NDLR].<\/p>\n\n\n\n<p>Lorsque l&rsquo;on vous demande si vous arrivez facilement \u00e0 faire confiance, si vous vous empressez de r\u00e9pondre que \u00ab la confiance n&rsquo;exclut pas le contr\u00f4le \u00bb, c&rsquo;est un signe qu&rsquo;il serait int\u00e9ressant de faire un peu d&rsquo;introspection. (&#8230;)<\/p>\n\n\n\n<h2><strong>Que veut dire \u00ab faire confiance \u00bb?<\/strong><\/h2>\n\n\n\n<p>\u00ab La confiance existe entre deux acteurs mutuellement d\u00e9pendants lorsque la relation \u00e9tablie procure \u00e0 chacun un sentiment de s\u00e9r\u00e9nit\u00e9 li\u00e9 \u00e0 l&rsquo;esp\u00e9rance que ses int\u00e9r\u00eats seront pr\u00e9serv\u00e9s par l&rsquo;autre dans une situation donn\u00e9e \u00bb (Katensky). Faire confiance, c&rsquo;est avant tout faire confiance \u00e0 quelqu&rsquo;un (par extension, \u00e0 un groupe, \u00e0 un syst\u00e8me, \u00e0 un outil). La confiance se joue essentiellement dans la <strong>relation interpersonnelle<\/strong>. C&rsquo;est un calcul conscient ou inconscient que nous utilisons comme un moyen de r\u00e9duction de l&rsquo;incertitude inh\u00e9rente aux <strong>relations de travail<\/strong>. \u00ab Mutuellement d\u00e9pendants \u00bb suppose que vous avez des enjeux, des objectifs, des int\u00e9r\u00eats qui se croisent et qui fait que la question de faire confiance se pose ou non.<\/p>\n\n\n\n<p>Le grand paradoxe de la confiance, c&rsquo;est qu&rsquo;elle comporte \u00e0 la fois l&rsquo;augmentation d&rsquo;un risque et la <strong>r\u00e9duction d&rsquo;une incertitude<\/strong>.<\/p>\n\n\n\n<p><a href=\"https:\/\/business.lesechos.fr\/entrepreneurs\/management\/0611522345065-teletravail-passez-du-controle-hierarchique-au-management-pedagogique-345236.php\" target=\"_blank\" rel=\"noreferrer noopener\">T\u00e9l\u00e9travail : passez du contr\u00f4le hi\u00e9rarchique au management p\u00e9dagogique<\/a><\/p>\n\n\n\n<p>Le risque augment\u00e9, c&rsquo;est celui d&rsquo;\u00eatre trahi, d\u00e9\u00e7u, vuln\u00e9rable. La r\u00e9duction de l&rsquo;incertitude, c&rsquo;est le fait que faire confiance vous fait l\u00e2cher prise sur la multiplication des garanties et la recherche de contr\u00f4le, souvent impossible en milieu incertain.<\/p>\n\n\n\n<p>C&rsquo;est ainsi que la confiance r\u00e9duit la complexit\u00e9 de l&rsquo;<a href=\"https:\/\/business.lesechos.fr\/entrepreneurs\/communaute\/0601243800069-cleantech-12-incubateurs-et-accelerateurs-pour-lancer-sa-start-up-329385.php\"><strong>environnement<\/strong><\/a>&nbsp;en rempla\u00e7ant l&rsquo;incertitude d&rsquo;une situation par une assurance int\u00e9rieure que la personne digne de confiance pr\u00e9servera vos int\u00e9r\u00eats. (&#8230;)<\/p>\n\n\n\n<p>C&rsquo;est pour cette raison que v\u00e9rifier et contr\u00f4ler derri\u00e8re ses co\u00e9quipiers pose des limites en mati\u00e8re de confiance : pour vous, cela annule l&rsquo;effet lib\u00e9rateur en d\u00e9calant dans le temps la n\u00e9cessit\u00e9 de devoir vous confronter \u00e0 la gestion de cette incertitude et cette complexit\u00e9 \u00e0 moiti\u00e9 d\u00e9l\u00e9gu\u00e9e. Pour l&rsquo;autre, c&rsquo;est la d\u00e9sagr\u00e9able impression de recevoir un&nbsp;message contradictoire&nbsp;(\u00ab je te fais confiance, mais je m&rsquo;assure quand m\u00eame que tu ne vas pas me d\u00e9cevoir \u00bb). Cela transforme la confiance en \u00ab confiance conditionnelle \u00bb. Transposez la notion de confiance au domaine de relation de couple : \u00ab Bien s\u00fbr, je te fais confiance ch\u00e9ri(e), par contre donne-moi ton t\u00e9l\u00e9phone, je vais v\u00e9rifier tes SMS du mois \u00e9coul\u00e9. La confiance n&rsquo;exclut pas le contr\u00f4le. Non, je ne peux pas te laisser dire que c&rsquo;est un manque de confiance, tu confonds tout\u2026 \u00bb Je n&rsquo;ai jamais essay\u00e9, mais j&rsquo;imagine que cela ne fonctionne pas et que, pour que la confiance engendre des relations \u00ab sereines et enrichissantes \u00bb,&nbsp;il ne peut pas y avoir de menace, de condition, de chantage, ni d&rsquo;\u00e9p\u00e9e de Damocl\u00e8s au-dessus de la t\u00eate de celui qui re\u00e7oit votre confiance.<\/p>\n\n\n\n<p>Enfin, Mayer, Davis et Schoorman identifient trois cl\u00e9s qui conditionnent notre confiance envers quelqu&rsquo;un. Il s&rsquo;agit de notre perception de :<\/p>\n\n\n\n<p>\u2212 sa&nbsp;<a href=\"https:\/\/business.lesechos.fr\/entrepreneurs\/management\/0610118591653-management-pratiquer-la-sincerite-bienveillante-avec-ses-equipes-341316.php\" target=\"_blank\" rel=\"noreferrer noopener\"><strong>bienveillance<\/strong><\/a>&nbsp;:&nbsp;<a href=\"https:\/\/business.lesechos.fr\/entrepreneurs\/efficacite-personnelle\/0301662691205-l-empathie-favorise-la-performance-et-le-bien-etre-dans-l-entreprise-321005.php\" target=\"_blank\" rel=\"noreferrer noopener\"><strong>empathie<\/strong><\/a>&nbsp;,&nbsp;<a href=\"https:\/\/business.lesechos.fr\/entrepreneurs\/efficacite-personnelle\/0601089884498-l-ecoute-active-c-est-etre-proactif-dans-sa-relation-avec-l-autre-328866.php\" target=\"_blank\" rel=\"noreferrer noopener\"><strong>\u00e9coute<\/strong><\/a>&nbsp;, soutien, sens du compromis;<\/p>\n\n\n\n<p>\u2212 son int\u00e9grit\u00e9 : parole fiable, coh\u00e9rence entre les actes et les discours, honn\u00eatet\u00e9, \u00e9quit\u00e9, d\u00e9cisions justes;<\/p>\n\n\n\n<p>\u2212 ses comp\u00e9tences : savoir-faire, <strong>technique et relationnel<\/strong>, ma\u00eetrise de son sujet, pertinence.<\/p>\n\n\n\n<h3><strong>#1. Un enjeu de management<\/strong><\/h3>\n\n\n\n<p>Quand vous dites \u00e0 vos collaborateurs que vous allez contr\u00f4ler leur travail car la confiance n&rsquo;exclut pas le contr\u00f4le, eux entendent : \u00ab Oui oui, j&rsquo;ai une enti\u00e8re confiance en toi bien s\u00fbr ! Mais montre quand m\u00eame pour voir si tu en es digne. \u00bb L&rsquo;\u00e9quivalent d&rsquo;une confiance bard\u00e9e de conditions et de pr\u00e9alables. Bien s\u00fbr, il y a des moments o\u00f9 il est n\u00e9cessaire d&rsquo;\u00eatre le garant de la qualit\u00e9 de ce qui est produit. C&rsquo;est m\u00eame le r\u00f4le du manager. L&rsquo;\u00e9quilibre est ainsi subtil et d\u00e9pend de l&rsquo;enjeu de la t\u00e2che et de l&rsquo;autonomie de la personne manag\u00e9e. Le sujet est donc celui d&rsquo;adapter son&nbsp;<strong><a href=\"https:\/\/business.lesechos.fr\/entrepreneurs\/aides-reseaux\/0601385568423-mode-textile-industries-creatives-11-incubateurs-et-accelerateurs-pour-se-lancer-330296.php\">mode<\/a>&nbsp;de managemen<\/strong><strong>t <\/strong>en fonction des situations et de pr\u00e9f\u00e9rer, par principe, la surconfiance au surcontr\u00f4le. Si je me r\u00e9f\u00e8re \u00e0 l&rsquo;\u00e9tude sur la qu\u00eate de sens que j&rsquo;ai r\u00e9alis\u00e9e en avril 2020*, le manque de confiance et d&rsquo;autonomie arrive en deuxi\u00e8me position des facteurs destructeurs de sens au travail. Quand on conna\u00eet le&nbsp;co\u00fbt de la d\u00e9motivation et du d\u00e9sengagement au sein des entreprises fran\u00e7aises (98 milliards d&rsquo;euros&nbsp;selon l&rsquo;\u00e9tude IBET 2018, men\u00e9e par Mozart Consulting et Gallup), cela fait r\u00e9fl\u00e9chir sur la n\u00e9cessit\u00e9 d&rsquo;accorder sa confiance, quitte \u00e0 prendre sur soi et \u00e0 r\u00e9guler ses besoins de contr\u00f4le.<\/p>\n\n\n\n<h3><strong>#2. Un enjeu de coop\u00e9ration<\/strong><\/h3>\n\n\n\n<p>La confiance est un pr\u00e9requis \u00e0 la&nbsp;<a href=\"https:\/\/business.lesechos.fr\/entrepreneurs\/management\/0611326323773-management-pensez-collectif-et-cooperation-344569.php\" target=\"_blank\" rel=\"noreferrer noopener\"><strong>coop\u00e9ration<\/strong><\/a>&nbsp;. La coop\u00e9ration est toujours un \u00e9change social, fait notamment de don et de contre-don de la confiance. Accorder sa confiance, recevoir celle des autres et rendre notre confiance \u00e0 quelqu&rsquo;un qui vous a donn\u00e9 la sienne sont les trois actions qui structurent la coop\u00e9ration, et qui ne sont pas si simples \u00e0 r\u00e9ussir et \u00e0 tenir sur la dur\u00e9e.<\/p>\n\n\n\n<h3><strong>#3. Un enjeu pour l&rsquo;estime de soi<\/strong><\/h3>\n\n\n\n<p>Si je fais confiance \u00e0 quelqu&rsquo;un sur quelque chose, j&rsquo;accepte de m&rsquo;ouvrir \u00e0 ce quelqu&rsquo;un (sur un besoin d&rsquo;aide, une vuln\u00e9rabilit\u00e9). J&rsquo;accepte de me d\u00e9voiler et je me sens donc&nbsp;plus align\u00e9 avec moi-m\u00eame&nbsp;(r\u00e9duction du&nbsp;<a href=\"https:\/\/business.lesechos.fr\/entrepreneurs\/toujours-plus-haut\/coaching\/0611421528202-syndrome-de-l-imposteur-les-conseils-d-aurelie-jean-pour-avoir-confiance-en-soi-345979.php\" target=\"_blank\" rel=\"noreferrer noopener\"><strong>syndrome d&rsquo;imposteur<\/strong><\/a>&nbsp;ou de l&rsquo;impression de dissimuler des choses). Cet alignement personnel est un facteur d&rsquo;augmentation de l&rsquo;estime de soi.<\/p>\n\n\n\n<p><a href=\"https:\/\/business.lesechos.fr\/entrepreneurs\/efficacite-personnelle\/je-monte-ma-boite-8-conseils-pour-booster-sa-confiance-en-soi-302787.php\" target=\"_blank\" rel=\"noreferrer noopener\">EFFICACITE PERSONNELLE &#8211; M\u00eame pas peur ! 8 conseils pour booster sa confiance<\/a><\/p>\n\n\n\n<p><em>* R\u00e9sultats de l&rsquo;<\/em>&nbsp;<a href=\"https:\/\/www.linkedin.com\/posts\/fran%C3%A7ois-xavier-duperret-543b024_enqu%C3%AAte-sur-la-qu%C3%AAte-de-sens-au-travail-ugcPost-6660946091674083328-CxLw\/\" target=\"_blank\" rel=\"noreferrer noopener\"><strong>enqu\u00eate Coaching &amp; Consulting 2020 sur la Qu\u00eate de sens au travail<\/strong><\/a><\/p>\n\n\n\n<p><strong>L&rsquo;AUTEUR<\/strong><\/p>\n\n\n\n<p><strong>Fran\u00e7ois-Xavier Duperret <\/strong>est fondateur du<strong> Cabinet Coaching &amp; Consulting. <\/strong>Il est sp\u00e9cialis\u00e9 dans les domaines de<strong> l&rsquo;\u00e9valuation manag\u00e9riale, du coaching individuel et collectif et de l&rsquo;accompagnement des transformations <\/strong>via des<strong> m\u00e9thodes agiles. <\/strong>Il est l&rsquo;auteur de<strong> \u00ab 8 semaines pour booster son estime de soi \u00bb, <\/strong>publi\u00e9 en novembre 2020 aux \u00e9ditions <strong>Pearson<\/strong>.<\/p>\n","protected":false},"excerpt":{"rendered":"<p>En entreprise, la confiance engendre la motivation des salari\u00e9s, la collaboration&#8230; mais \u00e9galement la confiance en soi du chef d&rsquo;entreprise ou du manager. Dans la vie, il y a deux types de personnes selon moi : celles qui font confiance et celles qui disent \u00ab la confiance n&rsquo;exclut pas le contr\u00f4le \u00bb [devise notamment de [&hellip;]<\/p>\n","protected":false},"author":6,"featured_media":9970,"comment_status":"open","ping_status":"open","sticky":false,"template":"","format":"standard","meta":{"_mi_skip_tracking":false},"categories":[184],"yoast_head":"<!-- This site is optimized with the Yoast SEO plugin v16.1 - https:\/\/yoast.com\/wordpress\/plugins\/seo\/ -->\n<title>Management : quand la confiance doit exclure le contr\u00f4le - Mag des comp\u00e9tences - Comundi<\/title>\n<meta name=\"description\" content=\"Comment la confiance engendre-t-elle la motivation des salari\u00e9s et la confiance en soi du manager ? D\u00e9couvrez notre article.\" \/>\n<meta name=\"robots\" content=\"noindex, nofollow\" \/>\n<meta property=\"og:locale\" content=\"fr_FR\" \/>\n<meta property=\"og:type\" content=\"article\" \/>\n<meta property=\"og:title\" content=\"Management : quand la confiance doit exclure le contr\u00f4le - Mag des comp\u00e9tences - Comundi\" \/>\n<meta property=\"og:description\" content=\"Comment la confiance engendre-t-elle la motivation des salari\u00e9s et la confiance en soi du manager ? D\u00e9couvrez notre article.\" \/>\n<meta property=\"og:url\" content=\"https:\/\/www.comundi.fr\/mag-des-competences\/management-quand-la-confiance-doit-exclure-le-controle\/\" \/>\n<meta property=\"og:site_name\" content=\"Mag des comp\u00e9tences - Comundi\" \/>\n<meta property=\"article:publisher\" content=\"https:\/\/www.facebook.com\/Comundi\/?fref=ts\" \/>\n<meta property=\"article:published_time\" content=\"2022-01-11T07:45:00+00:00\" \/>\n<meta property=\"article:modified_time\" content=\"2024-05-20T11:17:22+00:00\" \/>\n<meta property=\"og:image\" content=\"https:\/\/www.comundi.fr\/mag-des-competences\/wp-content\/uploads\/2022\/01\/Management-et-confiance.jpg\" \/>\n\t<meta property=\"og:image:width\" content=\"1200\" \/>\n\t<meta property=\"og:image:height\" content=\"675\" \/>\n<meta name=\"twitter:card\" content=\"summary_large_image\" \/>\n<meta name=\"twitter:creator\" content=\"@ComundiActu\" \/>\n<meta name=\"twitter:site\" content=\"@ComundiActu\" \/>\n<meta name=\"twitter:label1\" content=\"Dur\u00e9e de lecture est.\">\n\t<meta name=\"twitter:data1\" content=\"5 minutes\">\n<script type=\"application\/ld+json\" class=\"yoast-schema-graph\">{\"@context\":\"https:\/\/schema.org\",\"@graph\":[{\"@type\":\"Organization\",\"@id\":\"https:\/\/www.comundi.fr\/mag-des-competences\/#organization\",\"name\":\"Comundi\",\"url\":\"https:\/\/www.comundi.fr\/mag-des-competences\/\",\"sameAs\":[\"https:\/\/www.facebook.com\/Comundi\/?fref=ts\",\"https:\/\/www.linkedin.com\/company\/comundi\/\",\"https:\/\/www.youtube.com\/user\/ComundiFormations\",\"https:\/\/twitter.com\/ComundiActu\"],\"logo\":{\"@type\":\"ImageObject\",\"@id\":\"https:\/\/www.comundi.fr\/mag-des-competences\/#logo\",\"inLanguage\":\"fr-FR\",\"url\":\"https:\/\/www.comundi.fr\/mag-des-competences\/wp-content\/uploads\/2018\/01\/comundi.png\",\"contentUrl\":\"https:\/\/www.comundi.fr\/mag-des-competences\/wp-content\/uploads\/2018\/01\/comundi.png\",\"width\":300,\"height\":300,\"caption\":\"Comundi\"},\"image\":{\"@id\":\"https:\/\/www.comundi.fr\/mag-des-competences\/#logo\"}},{\"@type\":\"WebSite\",\"@id\":\"https:\/\/www.comundi.fr\/mag-des-competences\/#website\",\"url\":\"https:\/\/www.comundi.fr\/mag-des-competences\/\",\"name\":\"Mag des comp\\u00e9tences - Comundi\",\"description\":\"Le magazine des m\\u00e9tiers de demain\",\"publisher\":{\"@id\":\"https:\/\/www.comundi.fr\/mag-des-competences\/#organization\"},\"potentialAction\":[{\"@type\":\"SearchAction\",\"target\":\"https:\/\/www.comundi.fr\/mag-des-competences\/?s={search_term_string}\",\"query-input\":\"required name=search_term_string\"}],\"inLanguage\":\"fr-FR\"},{\"@type\":\"ImageObject\",\"@id\":\"https:\/\/www.comundi.fr\/mag-des-competences\/management-quand-la-confiance-doit-exclure-le-controle\/#primaryimage\",\"inLanguage\":\"fr-FR\",\"url\":\"https:\/\/www.comundi.fr\/mag-des-competences\/wp-content\/uploads\/2022\/01\/Management-et-confiance.jpg\",\"contentUrl\":\"https:\/\/www.comundi.fr\/mag-des-competences\/wp-content\/uploads\/2022\/01\/Management-et-confiance.jpg\",\"width\":1200,\"height\":675,\"caption\":\"Management et confiance\"},{\"@type\":\"WebPage\",\"@id\":\"https:\/\/www.comundi.fr\/mag-des-competences\/management-quand-la-confiance-doit-exclure-le-controle\/#webpage\",\"url\":\"https:\/\/www.comundi.fr\/mag-des-competences\/management-quand-la-confiance-doit-exclure-le-controle\/\",\"name\":\"Management : quand la confiance doit exclure le contr\\u00f4le - Mag des comp\\u00e9tences - Comundi\",\"isPartOf\":{\"@id\":\"https:\/\/www.comundi.fr\/mag-des-competences\/#website\"},\"primaryImageOfPage\":{\"@id\":\"https:\/\/www.comundi.fr\/mag-des-competences\/management-quand-la-confiance-doit-exclure-le-controle\/#primaryimage\"},\"datePublished\":\"2022-01-11T07:45:00+00:00\",\"dateModified\":\"2024-05-20T11:17:22+00:00\",\"description\":\"Comment la confiance engendre-t-elle la motivation des salari\\u00e9s et la confiance en soi du manager ? D\\u00e9couvrez notre article.\",\"breadcrumb\":{\"@id\":\"https:\/\/www.comundi.fr\/mag-des-competences\/management-quand-la-confiance-doit-exclure-le-controle\/#breadcrumb\"},\"inLanguage\":\"fr-FR\",\"potentialAction\":[{\"@type\":\"ReadAction\",\"target\":[\"https:\/\/www.comundi.fr\/mag-des-competences\/management-quand-la-confiance-doit-exclure-le-controle\/\"]}]},{\"@type\":\"BreadcrumbList\",\"@id\":\"https:\/\/www.comundi.fr\/mag-des-competences\/management-quand-la-confiance-doit-exclure-le-controle\/#breadcrumb\",\"itemListElement\":[{\"@type\":\"ListItem\",\"position\":1,\"item\":{\"@type\":\"WebPage\",\"@id\":\"https:\/\/www.comundi.fr\/mag-des-competences\/\",\"url\":\"https:\/\/www.comundi.fr\/mag-des-competences\/\",\"name\":\"Accueil\"}},{\"@type\":\"ListItem\",\"position\":2,\"item\":{\"@type\":\"WebPage\",\"@id\":\"https:\/\/www.comundi.fr\/mag-des-competences\/management-quand-la-confiance-doit-exclure-le-controle\/\",\"url\":\"https:\/\/www.comundi.fr\/mag-des-competences\/management-quand-la-confiance-doit-exclure-le-controle\/\",\"name\":\"Management : quand la confiance doit exclure le contr\\u00f4le\"}}]},{\"@type\":\"Article\",\"@id\":\"https:\/\/www.comundi.fr\/mag-des-competences\/management-quand-la-confiance-doit-exclure-le-controle\/#article\",\"isPartOf\":{\"@id\":\"https:\/\/www.comundi.fr\/mag-des-competences\/management-quand-la-confiance-doit-exclure-le-controle\/#webpage\"},\"author\":{\"@id\":\"https:\/\/www.comundi.fr\/mag-des-competences\/#\/schema\/person\/96b8f219e4cddee126473c6fbcc0e089\"},\"headline\":\"Management : quand la confiance doit exclure le contr\\u00f4le\",\"datePublished\":\"2022-01-11T07:45:00+00:00\",\"dateModified\":\"2024-05-20T11:17:22+00:00\",\"mainEntityOfPage\":{\"@id\":\"https:\/\/www.comundi.fr\/mag-des-competences\/management-quand-la-confiance-doit-exclure-le-controle\/#webpage\"},\"commentCount\":0,\"publisher\":{\"@id\":\"https:\/\/www.comundi.fr\/mag-des-competences\/#organization\"},\"image\":{\"@id\":\"https:\/\/www.comundi.fr\/mag-des-competences\/management-quand-la-confiance-doit-exclure-le-controle\/#primaryimage\"},\"articleSection\":\"management\",\"inLanguage\":\"fr-FR\",\"potentialAction\":[{\"@type\":\"CommentAction\",\"name\":\"Comment\",\"target\":[\"https:\/\/www.comundi.fr\/mag-des-competences\/management-quand-la-confiance-doit-exclure-le-controle\/#respond\"]}]},{\"@type\":\"Person\",\"@id\":\"https:\/\/www.comundi.fr\/mag-des-competences\/#\/schema\/person\/96b8f219e4cddee126473c6fbcc0e089\",\"name\":\"Les Echos\",\"image\":{\"@type\":\"ImageObject\",\"@id\":\"https:\/\/www.comundi.fr\/mag-des-competences\/#personlogo\",\"inLanguage\":\"fr-FR\",\"url\":\"https:\/\/secure.gravatar.com\/avatar\/041d1b3114ce5dce17eaefa721d4ed06?s=96&d=mm&r=g\",\"contentUrl\":\"https:\/\/secure.gravatar.com\/avatar\/041d1b3114ce5dce17eaefa721d4ed06?s=96&d=mm&r=g\",\"caption\":\"Les Echos\"}}]}<\/script>\n<!-- \/ Yoast SEO plugin. -->","amp_enabled":true,"_links":{"self":[{"href":"https:\/\/www.comundi.fr\/mag-des-competences\/wp-json\/wp\/v2\/posts\/9969"}],"collection":[{"href":"https:\/\/www.comundi.fr\/mag-des-competences\/wp-json\/wp\/v2\/posts"}],"about":[{"href":"https:\/\/www.comundi.fr\/mag-des-competences\/wp-json\/wp\/v2\/types\/post"}],"author":[{"embeddable":true,"href":"https:\/\/www.comundi.fr\/mag-des-competences\/wp-json\/wp\/v2\/users\/6"}],"replies":[{"embeddable":true,"href":"https:\/\/www.comundi.fr\/mag-des-competences\/wp-json\/wp\/v2\/comments?post=9969"}],"version-history":[{"count":5,"href":"https:\/\/www.comundi.fr\/mag-des-competences\/wp-json\/wp\/v2\/posts\/9969\/revisions"}],"predecessor-version":[{"id":12544,"href":"https:\/\/www.comundi.fr\/mag-des-competences\/wp-json\/wp\/v2\/posts\/9969\/revisions\/12544"}],"wp:featuredmedia":[{"embeddable":true,"href":"https:\/\/www.comundi.fr\/mag-des-competences\/wp-json\/wp\/v2\/media\/9970"}],"wp:attachment":[{"href":"https:\/\/www.comundi.fr\/mag-des-competences\/wp-json\/wp\/v2\/media?parent=9969"}],"wp:term":[{"taxonomy":"category","embeddable":true,"href":"https:\/\/www.comundi.fr\/mag-des-competences\/wp-json\/wp\/v2\/categories?post=9969"}],"curies":[{"name":"wp","href":"https:\/\/api.w.org\/{rel}","templated":true}]}}