{"id":9956,"date":"2021-12-21T12:29:24","date_gmt":"2021-12-21T11:29:24","guid":{"rendered":"https:\/\/www.comundi.fr\/mag-des-competences\/?p=9956"},"modified":"2021-12-21T12:40:31","modified_gmt":"2021-12-21T11:40:31","slug":"canaliser-les-ego-un-des-roles-cles-du-leader","status":"publish","type":"post","link":"https:\/\/www.comundi.fr\/mag-des-competences\/canaliser-les-ego-un-des-roles-cles-du-leader\/","title":{"rendered":"Canaliser les ego, un des r\u00f4les cl\u00e9s du leader"},"content":{"rendered":"\n<p>Un dirigeant tr\u00e8s performant peut-il \u00eatre implicitement autoris\u00e9 \u00e0 d\u00e9passer les limites fix\u00e9es par le collectif, au pr\u00e9texte que son talent est rare et difficilement rempla\u00e7able&nbsp;?<\/p>\n\n\n\n<p>Pendant une&nbsp;<a href=\"https:\/\/www.lesechos.fr\/idees-debats\/editos-analyses\/leffet-covid-au-travail-flambee-des-reunions-virtuelles-et-des-e-mails-1236509\">r\u00e9union de travail<\/a>, un dirigeant s&rsquo;autorise \u00e0 qualifier d&rsquo;absurde une demande du comit\u00e9 ex\u00e9cutif (comex), ajoutant qu&rsquo;il n&rsquo;en tiendra pas compte. Patron d&rsquo;une business unit performante, il s&rsquo;est fait la r\u00e9putation de ne pas mettre sa langue dans sa poche et de dire tout haut ce que certains pensent tout bas. Sinc\u00e8rement, il est persuad\u00e9 qu&rsquo;en agissant ainsi, il&nbsp;<a href=\"https:\/\/www.lesechos.fr\/idees-debats\/leadership-management\/management-les-ravages-du-non-dit-en-entreprise-1312439\">contribue au \u00ab speak up \u00bb<\/a>&nbsp;pr\u00e9conis\u00e9 par l&rsquo;entreprise. Il prend m\u00eame un plaisir certain \u00e0 \u00eatre consid\u00e9r\u00e9 par ses pairs comme celui qui fait preuve d&rsquo;une grande libert\u00e9 de parole.<\/p>\n\n\n\n<p>Bien s\u00fbr, l&rsquo;histoire arrive aux oreilles des&nbsp;<a href=\"https:\/\/www.lesechos.fr\/idees-debats\/leadership-management\/votre-comex-fait-il-vraiment-equipe-1244662\">membres du comex<\/a>&nbsp;qui s&#8217;empressent\u2026 de ne rien faire. Agissant ainsi au nom du principe qu&rsquo;il ne faut pas d\u00e9motiver un dirigeant performant qu&rsquo;on aurait du mal \u00e0 remplacer. Or le message per\u00e7u par la communaut\u00e9 des dirigeants est double. D&rsquo;une part, on peut dire (et faire) ce que l&rsquo;on veut d\u00e8s lors que l&rsquo;on a de bons r\u00e9sultats. Et d&rsquo;autre part, ni alignement ni solidarit\u00e9 ne sont exig\u00e9s \u00e0 l&rsquo;int\u00e9rieur du groupe. Cela pousse donc \u00e0 centrer toute son attention sur son int\u00e9r\u00eat propre et \u00e0 ne consid\u00e9rer les autres que pour ce qu&rsquo;ils peuvent apporter.<\/p>\n\n\n\n<h2><strong>Canaliser les ego<\/strong><\/h2>\n\n\n\n<p>Les entreprises ne manquent pas de process qui fixent les r\u00e8gles \u00e0 suivre dans presque toutes les circonstances. Mais en ce qui concerne les comportements, les limites restent souvent&nbsp;<a href=\"https:\/\/www.lesechos.fr\/idees-debats\/leadership-management\/sortir-de-limplicite-1245106\">dans l&rsquo;implicite<\/a>. Certes, il existe un registre \u00e9tabli \u00e0 travers les valeurs, des attitudes \u00e0 adopter ou encore les codes de conduite. Ce serait une illusion de consid\u00e9rer que ces textes, aussi vite oubli\u00e9s qu&rsquo;ils sont \u00e9crits, suffisent \u00e0 fixer un cadre.<\/p>\n\n\n\n<p>C&rsquo;est \u00e0 travers les d\u00e9rapages m\u00eame mineurs que l&rsquo;on passe d&rsquo;une r\u00e8gle th\u00e9orique \u00e0 un \u00e9tat d&rsquo;esprit concret. Encore faut-il en parler, oser les mettre sur la table et faire une p\u00e9dagogie qui explique le sens des limites. Dans ce milieu forg\u00e9 \u00e0 la comp\u00e9tition qui est celui des dirigeants, si l&rsquo;on n&rsquo;y est pas tr\u00e8s vigilant les ego d\u00e9bordent tr\u00e8s vite. C&rsquo;est toujours aux d\u00e9pens de ce qui fait la force du collectif. Les dirigeants qui n&rsquo;ont pas la force et les comp\u00e9tences pour canaliser les ego montrent qu&rsquo;ils suivent leurs \u00e9quipes plut\u00f4t qu&rsquo;ils ne les guident. Ils ne sont donc pas \u00e0 leur place. C&rsquo;est pr\u00e9cis\u00e9ment parce qu&rsquo;on a besoin de fortes personnalit\u00e9s qu&rsquo;il est n\u00e9cessaire de les cadrer. C&rsquo;est un des r\u00f4les essentiels du leader.<\/p>\n\n\n\n<p>ANALYSE &#8211;<a href=\"https:\/\/www.lesechos.fr\/idees-debats\/leadership-management\/personal-branding-pourquoi-se-raconter-devient-indispensable-1364744\">Personalbranding : pourquoi se raconter devient indispensable<\/a><\/p>\n\n\n\n<p>CHRONIQUE &#8211;<a href=\"https:\/\/www.lesechos.fr\/idees-debats\/leadership-management\/ne-confondez-pas-leadership-et-egotrophie-1364500\">Ne confondez pas leadership et egotrophie !<\/a><\/p>\n\n\n\n<p>ANALYSE &#8211;<a href=\"https:\/\/www.lesechos.fr\/idees-debats\/leadership-management\/exclusif-les-10-sujets-qui-empechent-les-dirigeants-de-dormir-1299319\">Exclusif : les 10 sujets qui emp\u00eachent les dirigeants de dormir<\/a><\/p>\n\n\n\n<p>CHRONIQUE &#8211;<a href=\"https:\/\/www.lesechos.fr\/idees-debats\/leadership-management\/jeux-de-pouvoir-comment-tirer-les-bonnes-ficelles-en-reunion-dequipe-de-direction-1357427\">Jeux de pouvoir : comment tirer les bonnes ficelles en r\u00e9union d&rsquo;\u00e9quipe de direction<\/a><\/p>\n\n\n\n<p>CHRONIQUE &#8211;<a href=\"https:\/\/www.lesechos.fr\/idees-debats\/leadership-management\/comment-diriger-avec-un-bon-niveau-de-proximite-1355202\">Comment diriger avec un bon niveau de proximit\u00e9<\/a><\/p>\n\n\n\n<p>INTERVIEW &#8211;<a href=\"https:\/\/www.lesechos.fr\/idees-debats\/leadership-management\/exclusif-herminia-ibarra-cinq-competences-cles-sont-desormais-associees-au-leadership-1353702\">EXCLUSIF Herminia Ibarra : \u00ab Cinq comp\u00e9tences cl\u00e9s sont d\u00e9sormais associ\u00e9es au leadership \u00bb<\/a><\/p>\n\n\n\n<p><strong>Eric Albert<\/strong><\/p>\n","protected":false},"excerpt":{"rendered":"<p>Un dirigeant tr\u00e8s performant peut-il \u00eatre implicitement autoris\u00e9 \u00e0 d\u00e9passer les limites fix\u00e9es par le collectif, au pr\u00e9texte que son talent est rare et difficilement rempla\u00e7able&nbsp;? Pendant une&nbsp;r\u00e9union de travail, un dirigeant s&rsquo;autorise \u00e0 qualifier d&rsquo;absurde une demande du comit\u00e9 ex\u00e9cutif (comex), ajoutant qu&rsquo;il n&rsquo;en tiendra pas compte. Patron d&rsquo;une business unit performante, il s&rsquo;est [&hellip;]<\/p>\n","protected":false},"author":6,"featured_media":9957,"comment_status":"open","ping_status":"open","sticky":false,"template":"","format":"standard","meta":{"_mi_skip_tracking":false},"categories":[185,184],"yoast_head":"<!-- This site is optimized with the Yoast SEO plugin v16.1 - https:\/\/yoast.com\/wordpress\/plugins\/seo\/ -->\n<title>Canaliser les ego, un des r\u00f4les cl\u00e9s du leader - Mag des comp\u00e9tences - Comundi<\/title>\n<meta name=\"description\" content=\"Comment canaliser les egos en entreprise et pr\u00e9server la collaboration des salari\u00e9s ? \u00c9l\u00e9ments de r\u00e9ponse dans notre article.\" \/>\n<meta name=\"robots\" content=\"noindex, nofollow\" \/>\n<meta property=\"og:locale\" content=\"fr_FR\" \/>\n<meta property=\"og:type\" content=\"article\" \/>\n<meta property=\"og:title\" content=\"Canaliser les ego, un des r\u00f4les cl\u00e9s du leader - Mag des comp\u00e9tences - Comundi\" \/>\n<meta property=\"og:description\" content=\"Comment canaliser les egos en entreprise et pr\u00e9server la collaboration des salari\u00e9s ? \u00c9l\u00e9ments de r\u00e9ponse dans notre article.\" \/>\n<meta property=\"og:url\" content=\"https:\/\/www.comundi.fr\/mag-des-competences\/canaliser-les-ego-un-des-roles-cles-du-leader\/\" \/>\n<meta property=\"og:site_name\" content=\"Mag des comp\u00e9tences - Comundi\" \/>\n<meta property=\"article:publisher\" content=\"https:\/\/www.facebook.com\/Comundi\/?fref=ts\" \/>\n<meta property=\"article:published_time\" content=\"2021-12-21T11:29:24+00:00\" \/>\n<meta property=\"article:modified_time\" content=\"2021-12-21T11:40:31+00:00\" \/>\n<meta property=\"og:image\" content=\"https:\/\/www.comundi.fr\/mag-des-competences\/wp-content\/uploads\/2021\/12\/Canaliser-les-egos.jpg\" \/>\n\t<meta property=\"og:image:width\" content=\"1200\" \/>\n\t<meta property=\"og:image:height\" content=\"676\" \/>\n<meta name=\"twitter:card\" content=\"summary_large_image\" \/>\n<meta name=\"twitter:creator\" content=\"@ComundiActu\" \/>\n<meta name=\"twitter:site\" content=\"@ComundiActu\" \/>\n<meta name=\"twitter:label1\" content=\"Dur\u00e9e de lecture est.\">\n\t<meta name=\"twitter:data1\" content=\"3 minutes\">\n<script type=\"application\/ld+json\" class=\"yoast-schema-graph\">{\"@context\":\"https:\/\/schema.org\",\"@graph\":[{\"@type\":\"Organization\",\"@id\":\"https:\/\/www.comundi.fr\/mag-des-competences\/#organization\",\"name\":\"Comundi\",\"url\":\"https:\/\/www.comundi.fr\/mag-des-competences\/\",\"sameAs\":[\"https:\/\/www.facebook.com\/Comundi\/?fref=ts\",\"https:\/\/www.linkedin.com\/company\/comundi\/\",\"https:\/\/www.youtube.com\/user\/ComundiFormations\",\"https:\/\/twitter.com\/ComundiActu\"],\"logo\":{\"@type\":\"ImageObject\",\"@id\":\"https:\/\/www.comundi.fr\/mag-des-competences\/#logo\",\"inLanguage\":\"fr-FR\",\"url\":\"https:\/\/www.comundi.fr\/mag-des-competences\/wp-content\/uploads\/2018\/01\/comundi.png\",\"contentUrl\":\"https:\/\/www.comundi.fr\/mag-des-competences\/wp-content\/uploads\/2018\/01\/comundi.png\",\"width\":300,\"height\":300,\"caption\":\"Comundi\"},\"image\":{\"@id\":\"https:\/\/www.comundi.fr\/mag-des-competences\/#logo\"}},{\"@type\":\"WebSite\",\"@id\":\"https:\/\/www.comundi.fr\/mag-des-competences\/#website\",\"url\":\"https:\/\/www.comundi.fr\/mag-des-competences\/\",\"name\":\"Mag des comp\\u00e9tences - Comundi\",\"description\":\"Le magazine des m\\u00e9tiers de demain\",\"publisher\":{\"@id\":\"https:\/\/www.comundi.fr\/mag-des-competences\/#organization\"},\"potentialAction\":[{\"@type\":\"SearchAction\",\"target\":\"https:\/\/www.comundi.fr\/mag-des-competences\/?s={search_term_string}\",\"query-input\":\"required name=search_term_string\"}],\"inLanguage\":\"fr-FR\"},{\"@type\":\"ImageObject\",\"@id\":\"https:\/\/www.comundi.fr\/mag-des-competences\/canaliser-les-ego-un-des-roles-cles-du-leader\/#primaryimage\",\"inLanguage\":\"fr-FR\",\"url\":\"https:\/\/www.comundi.fr\/mag-des-competences\/wp-content\/uploads\/2021\/12\/Canaliser-les-egos.jpg\",\"contentUrl\":\"https:\/\/www.comundi.fr\/mag-des-competences\/wp-content\/uploads\/2021\/12\/Canaliser-les-egos.jpg\",\"width\":1200,\"height\":676,\"caption\":\"Canaliser les egos\"},{\"@type\":\"WebPage\",\"@id\":\"https:\/\/www.comundi.fr\/mag-des-competences\/canaliser-les-ego-un-des-roles-cles-du-leader\/#webpage\",\"url\":\"https:\/\/www.comundi.fr\/mag-des-competences\/canaliser-les-ego-un-des-roles-cles-du-leader\/\",\"name\":\"Canaliser les ego, un des r\\u00f4les cl\\u00e9s du leader - Mag des comp\\u00e9tences - Comundi\",\"isPartOf\":{\"@id\":\"https:\/\/www.comundi.fr\/mag-des-competences\/#website\"},\"primaryImageOfPage\":{\"@id\":\"https:\/\/www.comundi.fr\/mag-des-competences\/canaliser-les-ego-un-des-roles-cles-du-leader\/#primaryimage\"},\"datePublished\":\"2021-12-21T11:29:24+00:00\",\"dateModified\":\"2021-12-21T11:40:31+00:00\",\"description\":\"Comment canaliser les egos en entreprise et pr\\u00e9server la collaboration des salari\\u00e9s ? \\u00c9l\\u00e9ments de r\\u00e9ponse dans notre article.\",\"breadcrumb\":{\"@id\":\"https:\/\/www.comundi.fr\/mag-des-competences\/canaliser-les-ego-un-des-roles-cles-du-leader\/#breadcrumb\"},\"inLanguage\":\"fr-FR\",\"potentialAction\":[{\"@type\":\"ReadAction\",\"target\":[\"https:\/\/www.comundi.fr\/mag-des-competences\/canaliser-les-ego-un-des-roles-cles-du-leader\/\"]}]},{\"@type\":\"BreadcrumbList\",\"@id\":\"https:\/\/www.comundi.fr\/mag-des-competences\/canaliser-les-ego-un-des-roles-cles-du-leader\/#breadcrumb\",\"itemListElement\":[{\"@type\":\"ListItem\",\"position\":1,\"item\":{\"@type\":\"WebPage\",\"@id\":\"https:\/\/www.comundi.fr\/mag-des-competences\/\",\"url\":\"https:\/\/www.comundi.fr\/mag-des-competences\/\",\"name\":\"Accueil\"}},{\"@type\":\"ListItem\",\"position\":2,\"item\":{\"@type\":\"WebPage\",\"@id\":\"https:\/\/www.comundi.fr\/mag-des-competences\/canaliser-les-ego-un-des-roles-cles-du-leader\/\",\"url\":\"https:\/\/www.comundi.fr\/mag-des-competences\/canaliser-les-ego-un-des-roles-cles-du-leader\/\",\"name\":\"Canaliser les ego, un des r\\u00f4les cl\\u00e9s du leader\"}}]},{\"@type\":\"Article\",\"@id\":\"https:\/\/www.comundi.fr\/mag-des-competences\/canaliser-les-ego-un-des-roles-cles-du-leader\/#article\",\"isPartOf\":{\"@id\":\"https:\/\/www.comundi.fr\/mag-des-competences\/canaliser-les-ego-un-des-roles-cles-du-leader\/#webpage\"},\"author\":{\"@id\":\"https:\/\/www.comundi.fr\/mag-des-competences\/#\/schema\/person\/96b8f219e4cddee126473c6fbcc0e089\"},\"headline\":\"Canaliser les ego, un des r\\u00f4les cl\\u00e9s du leader\",\"datePublished\":\"2021-12-21T11:29:24+00:00\",\"dateModified\":\"2021-12-21T11:40:31+00:00\",\"mainEntityOfPage\":{\"@id\":\"https:\/\/www.comundi.fr\/mag-des-competences\/canaliser-les-ego-un-des-roles-cles-du-leader\/#webpage\"},\"commentCount\":0,\"publisher\":{\"@id\":\"https:\/\/www.comundi.fr\/mag-des-competences\/#organization\"},\"image\":{\"@id\":\"https:\/\/www.comundi.fr\/mag-des-competences\/canaliser-les-ego-un-des-roles-cles-du-leader\/#primaryimage\"},\"articleSection\":\"D\\u00e9veloppement personnel,management\",\"inLanguage\":\"fr-FR\",\"potentialAction\":[{\"@type\":\"CommentAction\",\"name\":\"Comment\",\"target\":[\"https:\/\/www.comundi.fr\/mag-des-competences\/canaliser-les-ego-un-des-roles-cles-du-leader\/#respond\"]}]},{\"@type\":\"Person\",\"@id\":\"https:\/\/www.comundi.fr\/mag-des-competences\/#\/schema\/person\/96b8f219e4cddee126473c6fbcc0e089\",\"name\":\"Les Echos\",\"image\":{\"@type\":\"ImageObject\",\"@id\":\"https:\/\/www.comundi.fr\/mag-des-competences\/#personlogo\",\"inLanguage\":\"fr-FR\",\"url\":\"https:\/\/secure.gravatar.com\/avatar\/041d1b3114ce5dce17eaefa721d4ed06?s=96&d=mm&r=g\",\"contentUrl\":\"https:\/\/secure.gravatar.com\/avatar\/041d1b3114ce5dce17eaefa721d4ed06?s=96&d=mm&r=g\",\"caption\":\"Les Echos\"}}]}<\/script>\n<!-- \/ Yoast SEO plugin. -->","amp_enabled":true,"_links":{"self":[{"href":"https:\/\/www.comundi.fr\/mag-des-competences\/wp-json\/wp\/v2\/posts\/9956"}],"collection":[{"href":"https:\/\/www.comundi.fr\/mag-des-competences\/wp-json\/wp\/v2\/posts"}],"about":[{"href":"https:\/\/www.comundi.fr\/mag-des-competences\/wp-json\/wp\/v2\/types\/post"}],"author":[{"embeddable":true,"href":"https:\/\/www.comundi.fr\/mag-des-competences\/wp-json\/wp\/v2\/users\/6"}],"replies":[{"embeddable":true,"href":"https:\/\/www.comundi.fr\/mag-des-competences\/wp-json\/wp\/v2\/comments?post=9956"}],"version-history":[{"count":1,"href":"https:\/\/www.comundi.fr\/mag-des-competences\/wp-json\/wp\/v2\/posts\/9956\/revisions"}],"predecessor-version":[{"id":9958,"href":"https:\/\/www.comundi.fr\/mag-des-competences\/wp-json\/wp\/v2\/posts\/9956\/revisions\/9958"}],"wp:featuredmedia":[{"embeddable":true,"href":"https:\/\/www.comundi.fr\/mag-des-competences\/wp-json\/wp\/v2\/media\/9957"}],"wp:attachment":[{"href":"https:\/\/www.comundi.fr\/mag-des-competences\/wp-json\/wp\/v2\/media?parent=9956"}],"wp:term":[{"taxonomy":"category","embeddable":true,"href":"https:\/\/www.comundi.fr\/mag-des-competences\/wp-json\/wp\/v2\/categories?post=9956"}],"curies":[{"name":"wp","href":"https:\/\/api.w.org\/{rel}","templated":true}]}}