{"id":932,"date":"2018-06-01T09:00:55","date_gmt":"2018-06-01T07:00:55","guid":{"rendered":"https:\/\/www.comundi.fr\/mag-des-competences\/?p=932"},"modified":"2023-01-23T17:26:27","modified_gmt":"2023-01-23T16:26:27","slug":"les-5-competences-cles-de-lavocat","status":"publish","type":"post","link":"https:\/\/www.comundi.fr\/mag-des-competences\/les-5-competences-cles-de-lavocat\/","title":{"rendered":"Les 5 comp\u00e9tences cl\u00e9s de l&rsquo;avocat"},"content":{"rendered":"<ol>\n<li style=\"text-align: justify;\">Un avocat est <strong>une personne de confiance<\/strong> qui a pour profession de plaider en justice pour ses clients.<\/li>\n<li style=\"text-align: justify;\">Traditionnellement, son r\u00f4le est de d\u00e9fendre ses clients, faire valoir leurs int\u00e9r\u00eats et les repr\u00e9senter devant la justice.<\/li>\n<li style=\"text-align: justify;\">L&rsquo;avocat, \u00e9galement appel\u00e9 <strong>d\u00e9fenseur,<\/strong> doit faire b\u00e9n\u00e9ficier ses clients de ses conseils avis\u00e9s et r\u00e9diger les documents n\u00e9cessaires aux traitements d&rsquo;affaires juridiques.<\/li>\n<\/ol>\n<p style=\"text-align: justify;\">Retrouvez ici <strong>les principales missions<\/strong> de cette profession.<\/p>\n<h2 style=\"text-align: justify;\">1. \u00catre sp\u00e9cialiste d&rsquo;une mati\u00e8re<\/h2>\n<p style=\"text-align: justify;\">D\u00e9velopper une expertise sp\u00e9cifique.<\/p>\n<p><img loading=\"lazy\" class=\"size-full wp-image-11026 aligncenter\" src=\"https:\/\/www.comundi.fr\/mag-des-competences\/wp-content\/uploads\/2018\/06\/Avocat_Infographie_les5competencescles-724x1024-1.jpg\" alt=\"Avocat_Infographie_les5competencescles-724x1024\" width=\"409\" height=\"1015\" srcset=\"https:\/\/www.comundi.fr\/mag-des-competences\/wp-content\/uploads\/2018\/06\/Avocat_Infographie_les5competencescles-724x1024-1.jpg 409w, https:\/\/www.comundi.fr\/mag-des-competences\/wp-content\/uploads\/2018\/06\/Avocat_Infographie_les5competencescles-724x1024-1-121x300.jpg 121w\" sizes=\"(max-width: 409px) 100vw, 409px\" \/><\/p>\n<h2 style=\"text-align: justify;\">2. Avoir de bonnes comp\u00e9tences r\u00e9dactionnelles<\/h2>\n<p style=\"text-align: justify;\">Ma\u00eetriser les textes de la jurisprudence, de loi ou les r\u00e8glements<\/p>\n<h2 style=\"text-align: justify;\">3. \u00catre rigoureux et organis\u00e9<\/h2>\n<p style=\"text-align: justify;\">Ne pas commettre des erreurs qui seraient pr\u00e9judiciables \u00e0 ses clients.<\/p>\n<h2 style=\"text-align: justify;\">4. Faire preuve d&rsquo;\u00e9loquence et de charisme<\/h2>\n<p style=\"text-align: justify;\">D\u00e9velopper des talents d&rsquo;orateur pour pr\u00e9parer une bonne plaidoirie et persuader son auditoire.<\/p>\n<h2 style=\"text-align: justify;\">5. \u00catre discret<\/h2>\n<p style=\"text-align: justify;\">Garder son sang-froid lors des moments de tensions et se tenir au secret professionnel pour accomplir\u00a0 son r\u00f4le de conseiller.<\/p>\n<p style=\"text-align: justify;\">D\u00e9couvrez nos formations sur Droit et m\u00e9tiers juridiques.<\/p>\n","protected":false},"excerpt":{"rendered":"<p>Un avocat est une personne de confiance qui a pour profession de plaider en justice pour ses clients. Traditionnellement, son r\u00f4le est de d\u00e9fendre ses clients, faire valoir leurs int\u00e9r\u00eats et les repr\u00e9senter devant la justice. L&rsquo;avocat, \u00e9galement appel\u00e9 d\u00e9fenseur, doit faire b\u00e9n\u00e9ficier ses clients de ses conseils avis\u00e9s et r\u00e9diger les documents n\u00e9cessaires aux [&hellip;]<\/p>\n","protected":false},"author":6,"featured_media":4745,"comment_status":"open","ping_status":"open","sticky":false,"template":"","format":"standard","meta":{"_mi_skip_tracking":false},"categories":[196],"yoast_head":"<!-- This site is optimized with the Yoast SEO plugin v16.1 - https:\/\/yoast.com\/wordpress\/plugins\/seo\/ -->\n<title>Les 5 comp\u00e9tences cl\u00e9s de l&#039;avocat - Mag des comp\u00e9tences - Comundi<\/title>\n<meta name=\"description\" content=\"Quel est le r\u00f4le d&#039;un avocat et quelles sont ses principales comp\u00e9tences ? D\u00e9couvrez les r\u00e9ponses dans notre infographie.\" \/>\n<meta name=\"robots\" content=\"index, follow, max-snippet:-1, max-image-preview:large, max-video-preview:-1\" \/>\n<link rel=\"canonical\" href=\"https:\/\/www.comundi.fr\/mag-des-competences\/les-5-competences-cles-de-lavocat\/\" \/>\n<meta property=\"og:locale\" content=\"fr_FR\" \/>\n<meta property=\"og:type\" content=\"article\" \/>\n<meta property=\"og:title\" content=\"Les 5 comp\u00e9tences cl\u00e9s de l&#039;avocat - Mag des comp\u00e9tences - Comundi\" \/>\n<meta property=\"og:description\" content=\"Quel est le r\u00f4le d&#039;un avocat et quelles sont ses principales comp\u00e9tences ? D\u00e9couvrez les r\u00e9ponses dans notre infographie.\" \/>\n<meta property=\"og:url\" content=\"https:\/\/www.comundi.fr\/mag-des-competences\/les-5-competences-cles-de-lavocat\/\" \/>\n<meta property=\"og:site_name\" content=\"Mag des comp\u00e9tences - Comundi\" \/>\n<meta property=\"article:publisher\" content=\"https:\/\/www.facebook.com\/Comundi\/?fref=ts\" \/>\n<meta property=\"article:published_time\" content=\"2018-06-01T07:00:55+00:00\" \/>\n<meta property=\"article:modified_time\" content=\"2023-01-23T16:26:27+00:00\" \/>\n<meta property=\"og:image\" content=\"https:\/\/www.comundi.fr\/mag-des-competences\/wp-content\/uploads\/2019\/11\/Image-competences-cles-dun-avocat.png\" \/>\n\t<meta property=\"og:image:width\" content=\"720\" \/>\n\t<meta property=\"og:image:height\" content=\"281\" \/>\n<meta name=\"twitter:card\" content=\"summary_large_image\" \/>\n<meta name=\"twitter:creator\" content=\"@ComundiActu\" \/>\n<meta name=\"twitter:site\" content=\"@ComundiActu\" \/>\n<meta name=\"twitter:label1\" content=\"Dur\u00e9e de lecture est.\">\n\t<meta name=\"twitter:data1\" content=\"1 minute\">\n<script type=\"application\/ld+json\" class=\"yoast-schema-graph\">{\"@context\":\"https:\/\/schema.org\",\"@graph\":[{\"@type\":\"Organization\",\"@id\":\"https:\/\/www.comundi.fr\/mag-des-competences\/#organization\",\"name\":\"Comundi\",\"url\":\"https:\/\/www.comundi.fr\/mag-des-competences\/\",\"sameAs\":[\"https:\/\/www.facebook.com\/Comundi\/?fref=ts\",\"https:\/\/www.linkedin.com\/company\/comundi\/\",\"https:\/\/www.youtube.com\/user\/ComundiFormations\",\"https:\/\/twitter.com\/ComundiActu\"],\"logo\":{\"@type\":\"ImageObject\",\"@id\":\"https:\/\/www.comundi.fr\/mag-des-competences\/#logo\",\"inLanguage\":\"fr-FR\",\"url\":\"https:\/\/www.comundi.fr\/mag-des-competences\/wp-content\/uploads\/2018\/01\/comundi.png\",\"contentUrl\":\"https:\/\/www.comundi.fr\/mag-des-competences\/wp-content\/uploads\/2018\/01\/comundi.png\",\"width\":300,\"height\":300,\"caption\":\"Comundi\"},\"image\":{\"@id\":\"https:\/\/www.comundi.fr\/mag-des-competences\/#logo\"}},{\"@type\":\"WebSite\",\"@id\":\"https:\/\/www.comundi.fr\/mag-des-competences\/#website\",\"url\":\"https:\/\/www.comundi.fr\/mag-des-competences\/\",\"name\":\"Mag des comp\\u00e9tences - Comundi\",\"description\":\"Le magazine des m\\u00e9tiers de demain\",\"publisher\":{\"@id\":\"https:\/\/www.comundi.fr\/mag-des-competences\/#organization\"},\"potentialAction\":[{\"@type\":\"SearchAction\",\"target\":\"https:\/\/www.comundi.fr\/mag-des-competences\/?s={search_term_string}\",\"query-input\":\"required name=search_term_string\"}],\"inLanguage\":\"fr-FR\"},{\"@type\":\"ImageObject\",\"@id\":\"https:\/\/www.comundi.fr\/mag-des-competences\/les-5-competences-cles-de-lavocat\/#primaryimage\",\"inLanguage\":\"fr-FR\",\"url\":\"https:\/\/www.comundi.fr\/mag-des-competences\/wp-content\/uploads\/2019\/11\/Image-competences-cles-dun-avocat.png\",\"contentUrl\":\"https:\/\/www.comundi.fr\/mag-des-competences\/wp-content\/uploads\/2019\/11\/Image-competences-cles-dun-avocat.png\",\"width\":720,\"height\":281,\"caption\":\"\\u00catre avocat\"},{\"@type\":\"WebPage\",\"@id\":\"https:\/\/www.comundi.fr\/mag-des-competences\/les-5-competences-cles-de-lavocat\/#webpage\",\"url\":\"https:\/\/www.comundi.fr\/mag-des-competences\/les-5-competences-cles-de-lavocat\/\",\"name\":\"Les 5 comp\\u00e9tences cl\\u00e9s de l'avocat - Mag des comp\\u00e9tences - Comundi\",\"isPartOf\":{\"@id\":\"https:\/\/www.comundi.fr\/mag-des-competences\/#website\"},\"primaryImageOfPage\":{\"@id\":\"https:\/\/www.comundi.fr\/mag-des-competences\/les-5-competences-cles-de-lavocat\/#primaryimage\"},\"datePublished\":\"2018-06-01T07:00:55+00:00\",\"dateModified\":\"2023-01-23T16:26:27+00:00\",\"description\":\"Quel est le r\\u00f4le d'un avocat et quelles sont ses principales comp\\u00e9tences ? D\\u00e9couvrez les r\\u00e9ponses dans notre infographie.\",\"breadcrumb\":{\"@id\":\"https:\/\/www.comundi.fr\/mag-des-competences\/les-5-competences-cles-de-lavocat\/#breadcrumb\"},\"inLanguage\":\"fr-FR\",\"potentialAction\":[{\"@type\":\"ReadAction\",\"target\":[\"https:\/\/www.comundi.fr\/mag-des-competences\/les-5-competences-cles-de-lavocat\/\"]}]},{\"@type\":\"BreadcrumbList\",\"@id\":\"https:\/\/www.comundi.fr\/mag-des-competences\/les-5-competences-cles-de-lavocat\/#breadcrumb\",\"itemListElement\":[{\"@type\":\"ListItem\",\"position\":1,\"item\":{\"@type\":\"WebPage\",\"@id\":\"https:\/\/www.comundi.fr\/mag-des-competences\/\",\"url\":\"https:\/\/www.comundi.fr\/mag-des-competences\/\",\"name\":\"Accueil\"}},{\"@type\":\"ListItem\",\"position\":2,\"item\":{\"@type\":\"WebPage\",\"@id\":\"https:\/\/www.comundi.fr\/mag-des-competences\/les-5-competences-cles-de-lavocat\/\",\"url\":\"https:\/\/www.comundi.fr\/mag-des-competences\/les-5-competences-cles-de-lavocat\/\",\"name\":\"Les 5 comp\\u00e9tences cl\\u00e9s de l&rsquo;avocat\"}}]},{\"@type\":\"Article\",\"@id\":\"https:\/\/www.comundi.fr\/mag-des-competences\/les-5-competences-cles-de-lavocat\/#article\",\"isPartOf\":{\"@id\":\"https:\/\/www.comundi.fr\/mag-des-competences\/les-5-competences-cles-de-lavocat\/#webpage\"},\"author\":{\"@id\":\"https:\/\/www.comundi.fr\/mag-des-competences\/#\/schema\/person\/96b8f219e4cddee126473c6fbcc0e089\"},\"headline\":\"Les 5 comp\\u00e9tences cl\\u00e9s de l&rsquo;avocat\",\"datePublished\":\"2018-06-01T07:00:55+00:00\",\"dateModified\":\"2023-01-23T16:26:27+00:00\",\"mainEntityOfPage\":{\"@id\":\"https:\/\/www.comundi.fr\/mag-des-competences\/les-5-competences-cles-de-lavocat\/#webpage\"},\"commentCount\":0,\"publisher\":{\"@id\":\"https:\/\/www.comundi.fr\/mag-des-competences\/#organization\"},\"image\":{\"@id\":\"https:\/\/www.comundi.fr\/mag-des-competences\/les-5-competences-cles-de-lavocat\/#primaryimage\"},\"articleSection\":\"Fondamentaux des m\\u00e9tiers du droit\",\"inLanguage\":\"fr-FR\",\"potentialAction\":[{\"@type\":\"CommentAction\",\"name\":\"Comment\",\"target\":[\"https:\/\/www.comundi.fr\/mag-des-competences\/les-5-competences-cles-de-lavocat\/#respond\"]}]},{\"@type\":\"Person\",\"@id\":\"https:\/\/www.comundi.fr\/mag-des-competences\/#\/schema\/person\/96b8f219e4cddee126473c6fbcc0e089\",\"name\":\"Les Echos\",\"image\":{\"@type\":\"ImageObject\",\"@id\":\"https:\/\/www.comundi.fr\/mag-des-competences\/#personlogo\",\"inLanguage\":\"fr-FR\",\"url\":\"https:\/\/secure.gravatar.com\/avatar\/041d1b3114ce5dce17eaefa721d4ed06?s=96&d=mm&r=g\",\"contentUrl\":\"https:\/\/secure.gravatar.com\/avatar\/041d1b3114ce5dce17eaefa721d4ed06?s=96&d=mm&r=g\",\"caption\":\"Les Echos\"}}]}<\/script>\n<!-- \/ Yoast SEO plugin. -->","amp_enabled":true,"_links":{"self":[{"href":"https:\/\/www.comundi.fr\/mag-des-competences\/wp-json\/wp\/v2\/posts\/932"}],"collection":[{"href":"https:\/\/www.comundi.fr\/mag-des-competences\/wp-json\/wp\/v2\/posts"}],"about":[{"href":"https:\/\/www.comundi.fr\/mag-des-competences\/wp-json\/wp\/v2\/types\/post"}],"author":[{"embeddable":true,"href":"https:\/\/www.comundi.fr\/mag-des-competences\/wp-json\/wp\/v2\/users\/6"}],"replies":[{"embeddable":true,"href":"https:\/\/www.comundi.fr\/mag-des-competences\/wp-json\/wp\/v2\/comments?post=932"}],"version-history":[{"count":10,"href":"https:\/\/www.comundi.fr\/mag-des-competences\/wp-json\/wp\/v2\/posts\/932\/revisions"}],"predecessor-version":[{"id":11027,"href":"https:\/\/www.comundi.fr\/mag-des-competences\/wp-json\/wp\/v2\/posts\/932\/revisions\/11027"}],"wp:featuredmedia":[{"embeddable":true,"href":"https:\/\/www.comundi.fr\/mag-des-competences\/wp-json\/wp\/v2\/media\/4745"}],"wp:attachment":[{"href":"https:\/\/www.comundi.fr\/mag-des-competences\/wp-json\/wp\/v2\/media?parent=932"}],"wp:term":[{"taxonomy":"category","embeddable":true,"href":"https:\/\/www.comundi.fr\/mag-des-competences\/wp-json\/wp\/v2\/categories?post=932"}],"curies":[{"name":"wp","href":"https:\/\/api.w.org\/{rel}","templated":true}]}}