{"id":922,"date":"2018-05-31T09:00:02","date_gmt":"2018-05-31T07:00:02","guid":{"rendered":"https:\/\/www.comundi.fr\/mag-des-competences\/?p=922"},"modified":"2019-10-16T16:25:30","modified_gmt":"2019-10-16T14:25:30","slug":"les-entreprises-face-a-la-revolution-des-competences","status":"publish","type":"post","link":"https:\/\/www.comundi.fr\/mag-des-competences\/les-entreprises-face-a-la-revolution-des-competences\/","title":{"rendered":"Les entreprises face \u00e0 la r\u00e9volution des comp\u00e9tences"},"content":{"rendered":"<p>Dans une nouvelle \u00e9tude qui sera pr\u00e9sent\u00e9e ce jeudi \u00e0 VivaTech, McKinsey analyse l&rsquo;impact de l&rsquo;automatisation et de l&rsquo;intelligence artificielle sur le monde du travail \u00e0 l&rsquo;horizon 2030.<\/p>\n<p>Plut\u00f4t que de s&rsquo;alarmer d&rsquo;une hypoth\u00e9tique disparition du travail, mieux vaut d\u00e8s \u00e0 pr\u00e9sent se pr\u00e9parer \u00e0 ses mutations. Tel est, en substance, le constat dress\u00e9 par la derni\u00e8re \u00e9tude du McKinsey Global Institute, qui sera pr\u00e9sent\u00e9e ce matin en ouverture de VivaTech.<\/p>\n<p>Venant apr\u00e8s de nombreux rapports universitaires ou de cabinets d&rsquo;\u00e9tudes sur les emplois qui pourraient \u00eatre d\u00e9truits par les progr\u00e8s de l&rsquo;automatisation, de la robotique et de l&rsquo;intelligence artificielle, cette nouvelle \u00e9tude ne cherche pas \u00e0 trancher cette question, mais \u00e0 estimer quelles comp\u00e9tences seront les plus utiles \u00e0 l&rsquo;horizon 2030.<\/p>\n<p>Le nouveau rapport a pris le parti de diviser le march\u00e9 du travail &#8211; plus pr\u00e9cis\u00e9ment le nombre total d&rsquo;heures travaill\u00e9es aux Etats-Unis et dans\u00a014 pays europ\u00e9ens &#8211; en 25\u00a0comp\u00e9tences, rassembl\u00e9es dans cinq grandes familles.\u00a0\u00ab\u00a0Nous avons identifi\u00e9 les t\u00e2ches les plus expos\u00e9es \u00e0 l&rsquo;automatisation et mesur\u00e9 le degr\u00e9 d&rsquo;automatisation potentiel de chacune, puis nous avons reli\u00e9 ces t\u00e2ches aux comp\u00e9tences correspondantes pour estimer leur \u00e9volution \u00bb\u00a0\u00bb, explique\u00a0\u00a0Eric Hazan, responsable de McKinsey Digital France.<\/p>\n<p>Cette premi\u00e8re partie de l&rsquo;\u00e9tude, qui est d\u00e9clin\u00e9e dans cinq grands secteurs (lire ci-contre), se double d&rsquo;une enqu\u00eate men\u00e9e aupr\u00e8s de 3.000\u00a0cadres dirigeants sur leurs attentes et leurs craintes en mati\u00e8re d&rsquo;automatisation. En voici les principaux enseignements.<\/p>\n<h2><strong>1) Pas de destruction d&#8217;emplois, mais un d\u00e9placement<\/strong><\/h2>\n<p>Selon les calculs de McKinsey, le nombre total d&rsquo;heures travaill\u00e9es en 2030 dans les pays \u00e9tudi\u00e9s ne sera pas inf\u00e9rieur \u00e0 celui de 2016. Il devrait m\u00eame progresser d&rsquo;environ 5\u00a0% (683\u00a0milliards d&rsquo;heures en 2030 contre 650\u00a0milliards aujourd&rsquo;hui). Mais les comp\u00e9tences n\u00e9cessaires, elles, vont grandement \u00e9voluer.<\/p>\n<p>Quel que soit le secteur \u00e9tudi\u00e9, les comp\u00e9tences physiques et manuelles, ainsi que les comp\u00e9tences intellectuelles de base, vont reculer de respectivement 14\u00a0% et 15\u00a0% \u00e0 mesure que les robots, d&rsquo;une part, et l&rsquo;intelligence artificielle, d&rsquo;autre part, vont se charger d&rsquo;un plus grand nombre de t\u00e2ches. Or ces comp\u00e9tences repr\u00e9sentent aujourd&rsquo;hui pr\u00e8s de la moiti\u00e9 des heures de travail (318\u00a0milliards d&rsquo;heures sur 650) &#8211; elles sont exerc\u00e9es, par exemple, par les caissiers, les conducteurs d&rsquo;engins et de v\u00e9hicules, les assistants comptables, etc.<\/p>\n<p>D&rsquo;ici \u00e0 2030, elles vont fortement d\u00e9cliner au profit de trois domaines. Les comp\u00e9tences intellectuelles \u00e9lev\u00e9es, tout d&rsquo;abord, telles que la cr\u00e9ativit\u00e9, la gestion de projets, la lecture ou l&rsquo;\u00e9criture de niveau sup\u00e9rieur (+\u00a08\u00a0%). <a href=\"https:\/\/www.comundi.fr\/mag-des-competences\/competences-digitales-pas-dadaptation-sans-formation\/\">Les comp\u00e9tences technologiques<\/a>, ensuite, en particulier celles li\u00e9es au num\u00e9rique, \u00e0 l&rsquo;informatique et \u00e0 l&rsquo;analyse de donn\u00e9es, qui conna\u00eetront la plus forte hausse (+\u00a055\u00a0%). Rien de surprenant, jusque-l\u00e0, dans une soci\u00e9t\u00e9 de la connaissance et du num\u00e9rique, caract\u00e9ristique de tous les pays d\u00e9velopp\u00e9s depuis la fin du XXe\u00a0si\u00e8cle.<\/p>\n<p>Le plus \u00e9tonnant, c&rsquo;est l&rsquo;accent mis sur les comp\u00e9tences sociales et \u00e9motionnelles (+\u00a024\u00a0%), telles que la capacit\u00e9 \u00e0 n\u00e9gocier, \u00e0 manager, \u00e0 prendre soin des autres, mais aussi \u00e0 former et \u00e0 enseigner. Le message est simple\u00a0: \u00e0 mesure que les machines progressent, les aspects strictement humains du travail auront une importance croissante.<\/p>\n<h2><strong>2) L&rsquo;avenir est aux \u00ab\u00a0cols neufs\u00a0\u00bb<\/strong><\/h2>\n<p>Notre\u00a0repr\u00e9sentation du march\u00e9 du travail est encore marqu\u00e9e par une s\u00e9paration des m\u00e9tiers entre \u00ab\u00a0cols bleus\u00a0\u00bb et \u00ab\u00a0cols blancs\u00a0\u00bb\u00a0: d&rsquo;un c\u00f4t\u00e9, des ouvriers et employ\u00e9s faiblement qualifi\u00e9s aux t\u00e2ches majoritairement physiques et, de l&rsquo;autre, des professions intellectuelles. Mais cette image ne correspond d\u00e9j\u00e0 plus \u00e0 la r\u00e9alit\u00e9 des emplois, et elle y correspondra de moins en moins.<\/p>\n<p>Par exemple,\u00a0\u00ab\u00a0dans le pass\u00e9, les mineurs de charbon portaient de lourdes charges et manipulaient des engins simples,\u00a0explique le rapport.\u00a0Aujourd&rsquo;hui, ils supervisent des machines qui effectuent le travail p\u00e9nible\u00a0\u00bb.<\/p>\n<p>La robotisation et les progr\u00e8s de l&rsquo;industrie devraient donc faire appara\u00eetre une nouvelle cat\u00e9gorie de travailleurs capables de g\u00e9rer des situations auparavant d\u00e9volues aux\u00a0professions intellectuelles &#8211; ni cols bleus ni cols blancs, l&rsquo;\u00e9tude de McKinsey les appelle \u00ab\u00a0cols neufs\u00a0\u00bb. Le mouvement va s&rsquo;acc\u00e9l\u00e9rer, mais il est d\u00e9j\u00e0 \u00e0 l&rsquo;\u0153uvre depuis que les ordinateurs sont apparus dans toutes les entreprises.<\/p>\n<p>Le travail des secr\u00e9taires &#8211; devenues d\u00e9sormais \u00ab\u00a0assistantes\u00a0\u00bb &#8211; consiste moins \u00e0 taper du texte qu&rsquo;\u00e0 g\u00e9rer des demandes multiples. Et si les assistants num\u00e9riques anim\u00e9s par l&rsquo;IA, encore balbutiants, finissent par effectuer une partie des t\u00e2ches des assistantes humaines, d&rsquo;autres, \u00e0 plus forte\u00a0valeur ajout\u00e9e, pourraient leur \u00eatre attribu\u00e9es.<\/p>\n<h2><strong>3) Bifurcation des performances\u00a0<\/strong><\/h2>\n<p>La deuxi\u00e8me partie de l&rsquo;\u00e9tude, bas\u00e9e sur une enqu\u00eate aupr\u00e8s de cadres dirigeants, montre que toutes les entreprises ne sont pas \u00e9gales face \u00e0 cette \u00e9volution. Certaines se sont d\u00e9j\u00e0 engag\u00e9es dans cette voie en ne privil\u00e9giant que les comp\u00e9tences \u00e0 tr\u00e8s forte valeur ajout\u00e9e &#8211; c&rsquo;est notamment le cas des g\u00e9ants du Net, comme Google et\u00a0Facebook, et cela explique pourquoi leurs salaires m\u00e9dians sont d\u00e9sormais\u00a0\u00a0largement au-dessus des autres entreprises am\u00e9ricaines\u00a0(\u00ab\u00a0Les Echos\u00a0\u00bb du 17\u00a0mai 2018).<\/p>\n<p>Plus largement, estime l&rsquo;\u00e9tude, les entreprises qui prennent conscience tr\u00e8s t\u00f4t du besoin de faire \u00e9voluer les comp\u00e9tences tireront le meilleur profit de l&rsquo;intelligence artificielle et de l&rsquo;automatisation.<\/p>\n<p>\u00ab\u00a0On constate d\u00e9j\u00e0 une bifurcation de la performance entre les entreprises qui investissent dans les comp\u00e9tences les plus adapt\u00e9es (par la formation, la requalification et le recrutement) en y consacrant les moyens n\u00e9cessaires, et celles qui tardent \u00e0 prendre des mesures, explique Eric Hazan. Le risque, c&rsquo;est que cette bifurcation ne fasse que s&rsquo;accentuer, \u00e0 la fois pour les entreprises et pour les pays.\u00a0\u00bb<\/p>\n<h2><strong>4) Vers une nouvelle organisation<\/strong><\/h2>\n<p>La mont\u00e9e des \u00ab\u00a0cols neufs\u00a0\u00bb et le partage des comp\u00e9tences devraient aller de pair avec des changements profonds dans l&rsquo;organisation du travail\u00a0: en effet, le mod\u00e8le pyramidal, bien adapt\u00e9 au monde des cols bleus et des cols blancs, ne fonctionne plus quand les t\u00e2ches et comp\u00e9tences complexes sont largement distribu\u00e9es.<\/p>\n<p>C&rsquo;est ce qui explique, selon le rapport, le fait que les organisations<a href=\"https:\/\/www.comundi.fr\/mag-des-competences\/developper-son-agilite\/\"> dites \u00ab\u00a0agiles\u00a0\u00bb<\/a>, o\u00f9 les employ\u00e9s sont r\u00e9unis en \u00e9quipes autonomes et flexibles, aient le vent en poupe. McKinsey appelle les entreprises \u00e0 aller encore plus loin, en \u00e9voquant l&rsquo;exemple de Zappos, vendeur de chaussures en ligne am\u00e9ricain\u00a0\u00a0devenu le champion de l&rsquo;entreprise sans managers (\u00ab holacracy \u00bb)\u00a0\u00a0: depuis 2013, ses 1.500\u00a0employ\u00e9s sont organis\u00e9s en cercles, anim\u00e9s par des managers de projet temporaires.<\/p>\n<h2><strong>5) Limiter le creusement des in\u00e9galit\u00e9s<\/strong><\/h2>\n<p>Cons\u00e9quence pr\u00e9visible de ces \u00e9volutions\u00a0: la demande pour les personnes les mieux form\u00e9es et qui poss\u00e8dent des performances sup\u00e9rieures va continuer \u00e0 s&rsquo;accro\u00eetre &#8211; et leurs salaires avec.\u00a0Les autres vont continuer \u00e0 \u00eatre de plus en plus menac\u00e9es.<\/p>\n<p>\u00ab Il faut \u00e9viter que ne se cr\u00e9e un d\u00e9s\u00e9quilibre majeur du march\u00e9 du travail,\u00a0poursuit Eric Hazan. Sans un effort ambitieux et concert\u00e9 en vue de d\u00e9velopper les comp\u00e9tences correspondant aux besoins des employeurs, nous ferons face \u00e0 un exc\u00e8s d&rsquo;offre de comp\u00e9tences de base et \u00e0 un d\u00e9ficit de comp\u00e9tences avanc\u00e9es. \u00bb Et c&rsquo;est ce sc\u00e9nario qui, lui, am\u00e8nerait \u00e0 d\u00e9truire des emplois sans en cr\u00e9er de nouveaux.<\/p>\n<p>D&rsquo;o\u00f9 l&rsquo;importance de revoir la formation, initiale comme professionnelle, en prenant en compte ce glissement des comp\u00e9tences. Un chantier d&rsquo;envergure, qui se jouera \u00e0 la fois au niveau des pays comme des entreprises. Pour ces derni\u00e8res, la remise \u00e0 niveau, \u00e0 mesure que les outils \u00e9voluent et tout au long des carri\u00e8res, doit \u00eatre une priorit\u00e9.\u00a0\u00ab\u00a0Les entreprises de la technologie l&rsquo;ont bien compris.<\/p>\n<p>Le meilleur exemple est Google, qui assure une mont\u00e9e en comp\u00e9tences permanente de ses ing\u00e9nieurs, explique Eric Hazan.\u00a0Mais ce n&rsquo;est pas le seul\u00a0: ATT a annonc\u00e9 que 140.000\u00a0personnes seraient form\u00e9es sur les cinq ans \u00e0 venir, et IBM travaille d\u00e9j\u00e0 sur les &lsquo;new\u00a0collarjobs&rsquo;.\u00a0\u00bb\u00a0Pour rester dans la course entre l&rsquo;homme et la machine, les entreprises de tous les secteurs vont devoir faire de m\u00eame.\u00a0\u00ab\u00a0La bonne nouvelle,\u00a0conclut Eric Hazan,\u00a0c&rsquo;est qu&rsquo;il est pour la premi\u00e8re fois possible d&rsquo;anticiper les effets de la r\u00e9volution \u00e0 l&rsquo;\u0153uvre : nous avons une quinzaine d&rsquo;ann\u00e9es pour nous adapter.\u00a0\u00bb<\/p>\n<h2><strong>LES CONS\u00c9QUENCES POUR CINQ SECTEURS<\/strong><\/h2>\n<p><strong>Banque et assurance.<\/strong>\u00a0D\u00e9j\u00e0 tr\u00e8s fortement num\u00e9ris\u00e9, c&rsquo;est pourtant\u00a0l&rsquo;un des secteurs qui verront la plus forte transformation des m\u00e9tiers dans les prochaines ann\u00e9es. Les postes dans le\u00a0back-office\u00a0(38\u00a0% des effectifs aujourd&rsquo;hui) apparaissent comme\u00a0les plus menac\u00e9s.<\/p>\n<p><strong>Mines et \u00e9nergie.<\/strong>\u00a0Sous l&rsquo;effet des progr\u00e8s de l&rsquo;automatisation et de la robotique, jusqu&rsquo;\u00e0 30\u00a0% des t\u00e2ches manuelles r\u00e9p\u00e9titives (conducteurs d&rsquo;engins, op\u00e9rateurs&#8230;) pourraient dispara\u00eetre. En parall\u00e8le,<a href=\"https:\/\/www.comundi.fr\/mag-des-competences\/intelligence-artificielle-les-vrais-enjeux-de-la-formation\/\"> l&rsquo;usage d&rsquo;outils d&rsquo;IA<\/a> dans l&rsquo;exploration et la production va accro\u00eetre la demande de profils technologiques.<\/p>\n<p><strong>Sant\u00e9.\u00a0<\/strong>Avec le vieillissement de la population, la demande devrait continuer de cro\u00eetre, notamment pour les postes d&rsquo;infirmier et l&rsquo;aide aux personnes d\u00e9pendantes. C&rsquo;est m\u00eame le seul secteur de l&rsquo;\u00e9tude o\u00f9 les t\u00e2ches manuelles et physiques devraient continuer de cro\u00eetre.<\/p>\n<p><strong>Industrie.\u00a0<\/strong>Depuis 2008, le secteur cr\u00e9e \u00e0 nouveau des emplois en Europe et aux \u00c9tats-Unis, alors que la productivit\u00e9 augmente. Mais l&rsquo;industrie 4.0 demandera beaucoup moins de travail \u00e0 la cha\u00eene et beaucoup plus d&rsquo;ing\u00e9nieurs.<\/p>\n<p><strong>Distribution.<\/strong>\u00a0L\u00e0 aussi, le travail manuel pr\u00e9dictif (conducteurs, pr\u00e9parateurs de commande&#8230;) devrait d\u00e9cliner de plus de 25\u00a0%. Les emplois restants seront concentr\u00e9s dans la relation client, le management et les technologies. D&rsquo;ici \u00e0 2030, le nombre total d&#8217;emplois devrait reculer l\u00e9g\u00e8rement en Europe.<\/p>\n<p>Beno\u00eet Georges<\/p>\n","protected":false},"excerpt":{"rendered":"<p>Dans une nouvelle \u00e9tude qui sera pr\u00e9sent\u00e9e ce jeudi \u00e0 VivaTech, McKinsey analyse l&rsquo;impact de l&rsquo;automatisation et de l&rsquo;intelligence artificielle sur le monde du travail \u00e0 l&rsquo;horizon 2030. Plut\u00f4t que de s&rsquo;alarmer d&rsquo;une hypoth\u00e9tique disparition du travail, mieux vaut d\u00e8s \u00e0 pr\u00e9sent se pr\u00e9parer \u00e0 ses mutations. Tel est, en substance, le constat dress\u00e9 par [&hellip;]<\/p>\n","protected":false},"author":6,"featured_media":918,"comment_status":"open","ping_status":"open","sticky":false,"template":"","format":"standard","meta":{"_mi_skip_tracking":false},"categories":[190,201,200],"yoast_head":"<!-- This site is optimized with the Yoast SEO plugin v16.1 - https:\/\/yoast.com\/wordpress\/plugins\/seo\/ -->\n<title>Les entreprises face \u00e0 la r\u00e9volution des comp\u00e9tences - Mag des comp\u00e9tences - Comundi<\/title>\n<meta name=\"description\" content=\"Une \u00e9tude par McKinsey analyse l&#039;impact de l&#039;automatisation et de l&#039;intelligence artificielle sur le monde du travail \u00e0 l&#039;horizon 2030.\" \/>\n<meta name=\"robots\" content=\"noindex, nofollow\" \/>\n<meta property=\"og:locale\" content=\"fr_FR\" \/>\n<meta property=\"og:type\" content=\"article\" \/>\n<meta property=\"og:title\" content=\"Les entreprises face \u00e0 la r\u00e9volution des comp\u00e9tences - Mag des comp\u00e9tences - Comundi\" \/>\n<meta property=\"og:description\" content=\"Une \u00e9tude par McKinsey analyse l&#039;impact de l&#039;automatisation et de l&#039;intelligence artificielle sur le monde du travail \u00e0 l&#039;horizon 2030.\" \/>\n<meta property=\"og:url\" content=\"https:\/\/www.comundi.fr\/mag-des-competences\/les-entreprises-face-a-la-revolution-des-competences\/\" \/>\n<meta property=\"og:site_name\" content=\"Mag des comp\u00e9tences - Comundi\" \/>\n<meta property=\"article:publisher\" content=\"https:\/\/www.facebook.com\/Comundi\/?fref=ts\" \/>\n<meta property=\"article:published_time\" content=\"2018-05-31T07:00:02+00:00\" \/>\n<meta property=\"article:modified_time\" content=\"2019-10-16T14:25:30+00:00\" \/>\n<meta property=\"og:image\" content=\"https:\/\/www.comundi.fr\/mag-des-competences\/wp-content\/uploads\/2018\/05\/Entreprise-et-comp\u00e9tences-e1527172722777.jpg\" \/>\n\t<meta property=\"og:image:width\" content=\"1000\" \/>\n\t<meta property=\"og:image:height\" content=\"667\" \/>\n<meta name=\"twitter:card\" content=\"summary_large_image\" \/>\n<meta name=\"twitter:creator\" content=\"@ComundiActu\" \/>\n<meta name=\"twitter:site\" content=\"@ComundiActu\" \/>\n<meta name=\"twitter:label1\" content=\"Dur\u00e9e de lecture est.\">\n\t<meta name=\"twitter:data1\" content=\"8 minutes\">\n<script type=\"application\/ld+json\" class=\"yoast-schema-graph\">{\"@context\":\"https:\/\/schema.org\",\"@graph\":[{\"@type\":\"Organization\",\"@id\":\"https:\/\/www.comundi.fr\/mag-des-competences\/#organization\",\"name\":\"Comundi\",\"url\":\"https:\/\/www.comundi.fr\/mag-des-competences\/\",\"sameAs\":[\"https:\/\/www.facebook.com\/Comundi\/?fref=ts\",\"https:\/\/www.linkedin.com\/company\/comundi\/\",\"https:\/\/www.youtube.com\/user\/ComundiFormations\",\"https:\/\/twitter.com\/ComundiActu\"],\"logo\":{\"@type\":\"ImageObject\",\"@id\":\"https:\/\/www.comundi.fr\/mag-des-competences\/#logo\",\"inLanguage\":\"fr-FR\",\"url\":\"https:\/\/www.comundi.fr\/mag-des-competences\/wp-content\/uploads\/2018\/01\/comundi.png\",\"contentUrl\":\"https:\/\/www.comundi.fr\/mag-des-competences\/wp-content\/uploads\/2018\/01\/comundi.png\",\"width\":300,\"height\":300,\"caption\":\"Comundi\"},\"image\":{\"@id\":\"https:\/\/www.comundi.fr\/mag-des-competences\/#logo\"}},{\"@type\":\"WebSite\",\"@id\":\"https:\/\/www.comundi.fr\/mag-des-competences\/#website\",\"url\":\"https:\/\/www.comundi.fr\/mag-des-competences\/\",\"name\":\"Mag des comp\\u00e9tences - Comundi\",\"description\":\"Le magazine des m\\u00e9tiers de demain\",\"publisher\":{\"@id\":\"https:\/\/www.comundi.fr\/mag-des-competences\/#organization\"},\"potentialAction\":[{\"@type\":\"SearchAction\",\"target\":\"https:\/\/www.comundi.fr\/mag-des-competences\/?s={search_term_string}\",\"query-input\":\"required name=search_term_string\"}],\"inLanguage\":\"fr-FR\"},{\"@type\":\"ImageObject\",\"@id\":\"https:\/\/www.comundi.fr\/mag-des-competences\/les-entreprises-face-a-la-revolution-des-competences\/#primaryimage\",\"inLanguage\":\"fr-FR\",\"url\":\"https:\/\/www.comundi.fr\/mag-des-competences\/wp-content\/uploads\/2018\/05\/Entreprise-et-comp\\u00e9tences-e1527172722777.jpg\",\"contentUrl\":\"https:\/\/www.comundi.fr\/mag-des-competences\/wp-content\/uploads\/2018\/05\/Entreprise-et-comp\\u00e9tences-e1527172722777.jpg\",\"width\":1000,\"height\":667,\"caption\":\"Entreprises et IA\"},{\"@type\":\"WebPage\",\"@id\":\"https:\/\/www.comundi.fr\/mag-des-competences\/les-entreprises-face-a-la-revolution-des-competences\/#webpage\",\"url\":\"https:\/\/www.comundi.fr\/mag-des-competences\/les-entreprises-face-a-la-revolution-des-competences\/\",\"name\":\"Les entreprises face \\u00e0 la r\\u00e9volution des comp\\u00e9tences - Mag des comp\\u00e9tences - Comundi\",\"isPartOf\":{\"@id\":\"https:\/\/www.comundi.fr\/mag-des-competences\/#website\"},\"primaryImageOfPage\":{\"@id\":\"https:\/\/www.comundi.fr\/mag-des-competences\/les-entreprises-face-a-la-revolution-des-competences\/#primaryimage\"},\"datePublished\":\"2018-05-31T07:00:02+00:00\",\"dateModified\":\"2019-10-16T14:25:30+00:00\",\"description\":\"Une \\u00e9tude par McKinsey analyse l'impact de l'automatisation et de l'intelligence artificielle sur le monde du travail \\u00e0 l'horizon 2030.\",\"breadcrumb\":{\"@id\":\"https:\/\/www.comundi.fr\/mag-des-competences\/les-entreprises-face-a-la-revolution-des-competences\/#breadcrumb\"},\"inLanguage\":\"fr-FR\",\"potentialAction\":[{\"@type\":\"ReadAction\",\"target\":[\"https:\/\/www.comundi.fr\/mag-des-competences\/les-entreprises-face-a-la-revolution-des-competences\/\"]}]},{\"@type\":\"BreadcrumbList\",\"@id\":\"https:\/\/www.comundi.fr\/mag-des-competences\/les-entreprises-face-a-la-revolution-des-competences\/#breadcrumb\",\"itemListElement\":[{\"@type\":\"ListItem\",\"position\":1,\"item\":{\"@type\":\"WebPage\",\"@id\":\"https:\/\/www.comundi.fr\/mag-des-competences\/\",\"url\":\"https:\/\/www.comundi.fr\/mag-des-competences\/\",\"name\":\"Accueil\"}},{\"@type\":\"ListItem\",\"position\":2,\"item\":{\"@type\":\"WebPage\",\"@id\":\"https:\/\/www.comundi.fr\/mag-des-competences\/les-entreprises-face-a-la-revolution-des-competences\/\",\"url\":\"https:\/\/www.comundi.fr\/mag-des-competences\/les-entreprises-face-a-la-revolution-des-competences\/\",\"name\":\"Les entreprises face \\u00e0 la r\\u00e9volution des comp\\u00e9tences\"}}]},{\"@type\":\"Article\",\"@id\":\"https:\/\/www.comundi.fr\/mag-des-competences\/les-entreprises-face-a-la-revolution-des-competences\/#article\",\"isPartOf\":{\"@id\":\"https:\/\/www.comundi.fr\/mag-des-competences\/les-entreprises-face-a-la-revolution-des-competences\/#webpage\"},\"author\":{\"@id\":\"https:\/\/www.comundi.fr\/mag-des-competences\/#\/schema\/person\/96b8f219e4cddee126473c6fbcc0e089\"},\"headline\":\"Les entreprises face \\u00e0 la r\\u00e9volution des comp\\u00e9tences\",\"datePublished\":\"2018-05-31T07:00:02+00:00\",\"dateModified\":\"2019-10-16T14:25:30+00:00\",\"mainEntityOfPage\":{\"@id\":\"https:\/\/www.comundi.fr\/mag-des-competences\/les-entreprises-face-a-la-revolution-des-competences\/#webpage\"},\"commentCount\":0,\"publisher\":{\"@id\":\"https:\/\/www.comundi.fr\/mag-des-competences\/#organization\"},\"image\":{\"@id\":\"https:\/\/www.comundi.fr\/mag-des-competences\/les-entreprises-face-a-la-revolution-des-competences\/#primaryimage\"},\"articleSection\":\"Digital,Formation professionnelle,Ressources humaines\",\"inLanguage\":\"fr-FR\",\"potentialAction\":[{\"@type\":\"CommentAction\",\"name\":\"Comment\",\"target\":[\"https:\/\/www.comundi.fr\/mag-des-competences\/les-entreprises-face-a-la-revolution-des-competences\/#respond\"]}]},{\"@type\":\"Person\",\"@id\":\"https:\/\/www.comundi.fr\/mag-des-competences\/#\/schema\/person\/96b8f219e4cddee126473c6fbcc0e089\",\"name\":\"Les Echos\",\"image\":{\"@type\":\"ImageObject\",\"@id\":\"https:\/\/www.comundi.fr\/mag-des-competences\/#personlogo\",\"inLanguage\":\"fr-FR\",\"url\":\"https:\/\/secure.gravatar.com\/avatar\/041d1b3114ce5dce17eaefa721d4ed06?s=96&d=mm&r=g\",\"contentUrl\":\"https:\/\/secure.gravatar.com\/avatar\/041d1b3114ce5dce17eaefa721d4ed06?s=96&d=mm&r=g\",\"caption\":\"Les Echos\"}}]}<\/script>\n<!-- \/ Yoast SEO plugin. -->","amp_enabled":true,"_links":{"self":[{"href":"https:\/\/www.comundi.fr\/mag-des-competences\/wp-json\/wp\/v2\/posts\/922"}],"collection":[{"href":"https:\/\/www.comundi.fr\/mag-des-competences\/wp-json\/wp\/v2\/posts"}],"about":[{"href":"https:\/\/www.comundi.fr\/mag-des-competences\/wp-json\/wp\/v2\/types\/post"}],"author":[{"embeddable":true,"href":"https:\/\/www.comundi.fr\/mag-des-competences\/wp-json\/wp\/v2\/users\/6"}],"replies":[{"embeddable":true,"href":"https:\/\/www.comundi.fr\/mag-des-competences\/wp-json\/wp\/v2\/comments?post=922"}],"version-history":[{"count":4,"href":"https:\/\/www.comundi.fr\/mag-des-competences\/wp-json\/wp\/v2\/posts\/922\/revisions"}],"predecessor-version":[{"id":3185,"href":"https:\/\/www.comundi.fr\/mag-des-competences\/wp-json\/wp\/v2\/posts\/922\/revisions\/3185"}],"wp:featuredmedia":[{"embeddable":true,"href":"https:\/\/www.comundi.fr\/mag-des-competences\/wp-json\/wp\/v2\/media\/918"}],"wp:attachment":[{"href":"https:\/\/www.comundi.fr\/mag-des-competences\/wp-json\/wp\/v2\/media?parent=922"}],"wp:term":[{"taxonomy":"category","embeddable":true,"href":"https:\/\/www.comundi.fr\/mag-des-competences\/wp-json\/wp\/v2\/categories?post=922"}],"curies":[{"name":"wp","href":"https:\/\/api.w.org\/{rel}","templated":true}]}}