{"id":9198,"date":"2021-08-05T08:45:00","date_gmt":"2021-08-05T06:45:00","guid":{"rendered":"https:\/\/www.comundi.fr\/mag-des-competences\/?p=9198"},"modified":"2021-11-30T15:14:39","modified_gmt":"2021-11-30T14:14:39","slug":"comment-accompagner-une-personne-en-situation-de-handicap","status":"publish","type":"post","link":"https:\/\/www.comundi.fr\/mag-des-competences\/comment-accompagner-une-personne-en-situation-de-handicap\/","title":{"rendered":"R\u00e9f\u00e9rent handicap : comment accompagner une personne en situation de handicap ?"},"content":{"rendered":"\n<p>A compter du 1er janvier 2019, la pr\u00e9sence d&rsquo;un <strong>r\u00e9f\u00e9rent handicap<\/strong> en entreprise est obligatoire, d\u00e8s lors que l&rsquo;effectif d\u00e9passe 250 salari\u00e9s. Vous vous \u00eates port\u00e9 volontaire, pour jouer ce r\u00f4le au sein de cette organisation. Voici quelques cl\u00e9s pour r\u00e9ussir vos missions.<\/p>\n\n\n\n<h2>Les personnes en situation de handicap, une population nombreuse mais peu visible<\/h2>\n\n\n\n<p>Karine GROS, auteur de \u00ab\u00a0Professionnaliser le <strong>R\u00e9f\u00e9rent Handicap<\/strong> : connaissances, comp\u00e9tences, savoir-\u00eatre et savoir-faire \u00a0\u00bb et charg\u00e9e d&rsquo;une formation sur l&rsquo;accompagnement du handicap dans le milieu professionnel \u00e0 l&rsquo;Universit\u00e9 de Paris-Est Cr\u00e9teil (UPEC), souligne qu&rsquo;en-dehors de toutes contraintes l\u00e9gislatives, <a href=\"https:\/\/www.comundi.fr\/mag-des-competences\/booster-sa-politique-handicap-en-5-etapes\/\" target=\"_blank\" rel=\"noreferrer noopener\">les entreprises doivent accompagner les salari\u00e9s en situation de handicap<\/a>. En effet, 1 Fran\u00e7ais sur 10 est en situation de handicap et 1 sur 6 vit une situation invalidante. De plus, 80% des handicaps ne sont pas inn\u00e9s. Nombre d&rsquo;entre eux s&rsquo;acqui\u00e8rent donc au cours de la vie professionnelle.<br><br>Vous \u00eates surpris par le nombre \u00e9lev\u00e9 de personnes handicap\u00e9es ? Cela n&rsquo;est pas surprenant, puisque selon <strong>APF France Handicap<\/strong>, sur les 12 millions de Fran\u00e7ais en situation de handicap, 9 millions ont un handicap invisible. Les troubles sont alors divers : psychique, cognitif, crises d&rsquo;\u00e9pilepsie etc.<\/p>\n\n\n\n<h2>La prise en compte du handicap en entreprise<\/h2>\n\n\n\n<p>D\u00e8s le stade de la formation, le <strong>handicap en milieu professionnel<\/strong> est pris en compte. En effet, la pr\u00e9sence d&rsquo;un r\u00e9f\u00e9rent dans chaque <strong>Centre de Formation des Apprentis (CFA)<\/strong> est obligatoire. Il en est de m\u00eame dans les organismes de formation qualifi\u00e9s Qualiopi.<br><br>Depuis plusieurs ann\u00e9es, de nombreuses entreprises publiques et priv\u00e9es ont nomm\u00e9 un collaborateur en charge de l&rsquo;inclusion des handicap\u00e9s. Ce collaborateur pouvait porter le nom de <strong>responsable handicap<\/strong> ou <strong>charg\u00e9 de mission handicap<\/strong>. L&rsquo;amendement Taquet de la loi Avenir Professionnel d&rsquo;ao\u00fbt 2018 est venu rendre obligatoire une telle nomination \u00e0 compter de 2019. Cet amendement a \u00e9t\u00e9 repris par l&rsquo;article L5213-6-1 du Code du Travail.<\/p>\n\n\n\n<h2>Le r\u00f4le r\u00e9f\u00e9rent handicap, le flou l\u00e9gislatif<\/h2>\n\n\n\n<p>La loi n&rsquo;apporte aucune pr\u00e9cision sur la nomination du r\u00e9f\u00e9rent. Dans les faits, l&#8217;employeur choisit une personne volontaire, souvent issue du service des ressources humaines. De m\u00eame, la loi est floue, quant au <strong>r\u00f4le r\u00e9f\u00e9rent handicap<\/strong>. En effet, elle pr\u00e9cise qu&rsquo;il a un r\u00f4le d&rsquo;information, d&rsquo;orientation et d&rsquo;accompagnement des salari\u00e9s handicap\u00e9s. La <strong>fiche de poste r\u00e9f\u00e9rent handicap<\/strong> se doit donc d&rsquo;apporter des pr\u00e9cisions compl\u00e9mentaires, afin de cerner son poste et lui offrir une l\u00e9gitimit\u00e9 vis-\u00e0-vis des autres services de l&rsquo;entreprise. De plus, le r\u00f4le de r\u00e9f\u00e9rent est souvent exerc\u00e9 en compl\u00e9ment d&rsquo;une autre activit\u00e9. La <strong>fiche de poste r\u00e9f\u00e9rent handicap<\/strong> doit alors pr\u00e9voir le temps consacr\u00e9 \u00e0 cette mission.<br><br>Si vous venez d&rsquo;\u00eatre nomm\u00e9 <strong>r\u00e9f\u00e9rent handicap<\/strong>, pourquoi ne pas commencer par r\u00e9aliser un bilan qualitatif et quantitatif de la prise en compte du handicap dans l&rsquo;entreprise ? Ce bilan va \u00eatre l&rsquo;occasion de vous faire connaitre par l&rsquo;ensemble des salari\u00e9s. Lors de ce bilan, vous allez rencontrer des coll\u00e8gues vivant une situation de handicap.<\/p>\n\n\n\n<h2>Les exemples de missions confi\u00e9es par la fiche de poste r\u00e9f\u00e9rent handicap<\/h2>\n\n\n\n<p>La fonction premi\u00e8re du r\u00e9f\u00e9rent est de permettre le maintien dans l&#8217;emploi des travailleurs handicap\u00e9s, \u00e0 l&rsquo;aide d&rsquo;actions cibl\u00e9es et personnalis\u00e9es. A ce titre, vous allez aider votre employeur \u00e0 satisfaire \u00e0 l&rsquo;obligation d&#8217;emploi des <strong>travailleurs handicap\u00e9s<\/strong>.<br><br>Cette mission n&rsquo;est pas r\u00e9alis\u00e9e seul. En effet, le r\u00e9f\u00e9rent fait appel \u00e0 de nombreuses bonnes volont\u00e9s en interne. Vous allez ainsi travailler avec les organisations repr\u00e9sentatives du personnel, notamment avec le Comit\u00e9 Social et Economique (CSE), ainsi qu&rsquo;avec l&rsquo;ensemble des services de votre entreprise. A titre d&rsquo;exemple, vous allez conseiller les achats, afin que le mat\u00e9riel colle aux besoins du salari\u00e9 handicap\u00e9. Le <strong>r\u00f4le r\u00e9f\u00e9rent handicap<\/strong> consiste \u00e9galement \u00e0 sensibiliser l&rsquo;ensemble des collaborateurs, et particuli\u00e8rement les managers, \u00e0 la n\u00e9cessit\u00e9 d&rsquo;\u00eatre une entreprise inclusive.<br><br>Pour mener \u00e0 bien vos missions, vous allez \u00e9galement vous appuyer sur des interlocuteurs internes, comme la DRH, mais \u00e9galement sur des sp\u00e9cialistes externes, comme Cap Emploi un <strong>Organisme de Placement Sp\u00e9cialis\u00e9 (OPS)<\/strong> ou la <strong>Maison D\u00e9partementale des Personnes Handicap\u00e9s (MDPH)<\/strong>. Par ailleurs, l\u2019<strong>Agefiph<\/strong> anime dans toutes les r\u00e9gions, y compris dans celles d&rsquo;Outre-Mer, un <strong>R\u00e9seau R\u00e9f\u00e9rent Handicap (RRH<\/strong>). Ce r\u00e9seau est ouvert \u00e0 tous les r\u00e9f\u00e9rents, quel que soit le secteur d&rsquo;activit\u00e9 de l&rsquo;entreprise ou sa taille.<\/p>\n\n\n\n<h2>La formation r\u00e9f\u00e9rent handicap, pour d\u00e9velopper son savoir-faire et son savoir-\u00eatre<\/h2>\n\n\n\n<p>Le <strong>r\u00f4le r\u00e9f\u00e9rent handicap<\/strong> est \u00e9tendu et n\u00e9cessite de faire appel \u00e0 des comp\u00e9tences transverses. Ces comp\u00e9tences ont besoin d&rsquo;\u00eatre d\u00e9velopp\u00e9es dans le cadre d&rsquo;une <strong>formation r\u00e9f\u00e9rent handicap<\/strong> de quelques jours.<br><br>Pour mener \u00e0 bien sa mission, le r\u00e9f\u00e9rent a, tout d&rsquo;abord, besoin de bien maitriser le cadre l\u00e9gislatif du <strong>handicap au travail<\/strong> et de connaitre les <strong>B\u00e9n\u00e9ficiaires de l&rsquo;Obligation d&rsquo;Emploi (BOE)<\/strong>, une notion introduite par la loi de 2005. Une <strong>formation r\u00e9f\u00e9rent handicap<\/strong> va \u00e9galement donner les cl\u00e9s pour d\u00e9velopper une culture inclusive en mati\u00e8re de handicap. Le r\u00e9f\u00e9rent va ainsi connaitre le r\u00f4le de chacun de ses interlocuteurs : m\u00e9decin du travail, CSE, association <strong>Objectif Emploi des Travailleurs Handicap\u00e9s (OETH) <\/strong>etc. En plus d&rsquo;un aspect th\u00e9orique, une formation pour r\u00e9f\u00e9rent comprend un aspect pratique. Ainsi, le <strong>charg\u00e9 de mission handicap<\/strong> va \u00e9tudier un cas et trouver des solutions, pour maintenir le travailleur handicap\u00e9 dans son emploi.<\/p>\n","protected":false},"excerpt":{"rendered":"<p>A compter du 1er janvier 2019, la pr\u00e9sence d&rsquo;un r\u00e9f\u00e9rent handicap en entreprise est obligatoire, d\u00e8s lors que l&rsquo;effectif d\u00e9passe 250 salari\u00e9s. Vous vous \u00eates port\u00e9 volontaire, pour jouer ce r\u00f4le au sein de cette organisation. Voici quelques cl\u00e9s pour r\u00e9ussir vos missions. Les personnes en situation de handicap, une population nombreuse mais peu visible [&hellip;]<\/p>\n","protected":false},"author":8,"featured_media":9213,"comment_status":"open","ping_status":"open","sticky":false,"template":"","format":"standard","meta":{"_mi_skip_tracking":false},"categories":[179],"yoast_head":"<!-- This site is optimized with the Yoast SEO plugin v16.1 - https:\/\/yoast.com\/wordpress\/plugins\/seo\/ -->\n<title>R\u00e9f\u00e9rent handicap : comment accompagner une personne en situation de handicap ? - Mag des comp\u00e9tences - Comundi<\/title>\n<meta name=\"description\" content=\"Le r\u00e9f\u00e9rent handicap a pour mission d&#039;accompagner et soutenir les personnes en situation de handicap. Quelles sont les cl\u00e9s pour y parvenir ?\" \/>\n<meta name=\"robots\" content=\"index, follow, max-snippet:-1, max-image-preview:large, max-video-preview:-1\" \/>\n<link rel=\"canonical\" href=\"https:\/\/www.comundi.fr\/mag-des-competences\/comment-accompagner-une-personne-en-situation-de-handicap\/\" \/>\n<meta property=\"og:locale\" content=\"fr_FR\" \/>\n<meta property=\"og:type\" content=\"article\" \/>\n<meta property=\"og:title\" content=\"R\u00e9f\u00e9rent handicap : comment accompagner une personne en situation de handicap ? - Mag des comp\u00e9tences - Comundi\" \/>\n<meta property=\"og:description\" content=\"Le r\u00e9f\u00e9rent handicap a pour mission d&#039;accompagner et soutenir les personnes en situation de handicap. Quelles sont les cl\u00e9s pour y parvenir ?\" \/>\n<meta property=\"og:url\" content=\"https:\/\/www.comundi.fr\/mag-des-competences\/comment-accompagner-une-personne-en-situation-de-handicap\/\" \/>\n<meta property=\"og:site_name\" content=\"Mag des comp\u00e9tences - Comundi\" \/>\n<meta property=\"article:publisher\" content=\"https:\/\/www.facebook.com\/Comundi\/?fref=ts\" \/>\n<meta property=\"article:published_time\" content=\"2021-08-05T06:45:00+00:00\" \/>\n<meta property=\"article:modified_time\" content=\"2021-11-30T14:14:39+00:00\" \/>\n<meta property=\"og:image\" content=\"https:\/\/www.comundi.fr\/mag-des-competences\/wp-content\/uploads\/2021\/08\/Le-referent-handicap.jpg\" \/>\n\t<meta property=\"og:image:width\" content=\"1200\" \/>\n\t<meta property=\"og:image:height\" content=\"675\" \/>\n<meta name=\"twitter:card\" content=\"summary_large_image\" \/>\n<meta name=\"twitter:creator\" content=\"@ComundiActu\" \/>\n<meta name=\"twitter:site\" content=\"@ComundiActu\" \/>\n<meta name=\"twitter:label1\" content=\"Dur\u00e9e de lecture est.\">\n\t<meta name=\"twitter:data1\" content=\"4 minutes\">\n<script type=\"application\/ld+json\" class=\"yoast-schema-graph\">{\"@context\":\"https:\/\/schema.org\",\"@graph\":[{\"@type\":\"Organization\",\"@id\":\"https:\/\/www.comundi.fr\/mag-des-competences\/#organization\",\"name\":\"Comundi\",\"url\":\"https:\/\/www.comundi.fr\/mag-des-competences\/\",\"sameAs\":[\"https:\/\/www.facebook.com\/Comundi\/?fref=ts\",\"https:\/\/www.linkedin.com\/company\/comundi\/\",\"https:\/\/www.youtube.com\/user\/ComundiFormations\",\"https:\/\/twitter.com\/ComundiActu\"],\"logo\":{\"@type\":\"ImageObject\",\"@id\":\"https:\/\/www.comundi.fr\/mag-des-competences\/#logo\",\"inLanguage\":\"fr-FR\",\"url\":\"https:\/\/www.comundi.fr\/mag-des-competences\/wp-content\/uploads\/2018\/01\/comundi.png\",\"contentUrl\":\"https:\/\/www.comundi.fr\/mag-des-competences\/wp-content\/uploads\/2018\/01\/comundi.png\",\"width\":300,\"height\":300,\"caption\":\"Comundi\"},\"image\":{\"@id\":\"https:\/\/www.comundi.fr\/mag-des-competences\/#logo\"}},{\"@type\":\"WebSite\",\"@id\":\"https:\/\/www.comundi.fr\/mag-des-competences\/#website\",\"url\":\"https:\/\/www.comundi.fr\/mag-des-competences\/\",\"name\":\"Mag des comp\\u00e9tences - Comundi\",\"description\":\"Le magazine des m\\u00e9tiers de demain\",\"publisher\":{\"@id\":\"https:\/\/www.comundi.fr\/mag-des-competences\/#organization\"},\"potentialAction\":[{\"@type\":\"SearchAction\",\"target\":\"https:\/\/www.comundi.fr\/mag-des-competences\/?s={search_term_string}\",\"query-input\":\"required name=search_term_string\"}],\"inLanguage\":\"fr-FR\"},{\"@type\":\"ImageObject\",\"@id\":\"https:\/\/www.comundi.fr\/mag-des-competences\/comment-accompagner-une-personne-en-situation-de-handicap\/#primaryimage\",\"inLanguage\":\"fr-FR\",\"url\":\"https:\/\/www.comundi.fr\/mag-des-competences\/wp-content\/uploads\/2021\/08\/Le-referent-handicap.jpg\",\"contentUrl\":\"https:\/\/www.comundi.fr\/mag-des-competences\/wp-content\/uploads\/2021\/08\/Le-referent-handicap.jpg\",\"width\":1200,\"height\":675,\"caption\":\"Le r\\u00e9f\\u00e9rent handicap\"},{\"@type\":\"WebPage\",\"@id\":\"https:\/\/www.comundi.fr\/mag-des-competences\/comment-accompagner-une-personne-en-situation-de-handicap\/#webpage\",\"url\":\"https:\/\/www.comundi.fr\/mag-des-competences\/comment-accompagner-une-personne-en-situation-de-handicap\/\",\"name\":\"R\\u00e9f\\u00e9rent handicap : comment accompagner une personne en situation de handicap ? - Mag des comp\\u00e9tences - Comundi\",\"isPartOf\":{\"@id\":\"https:\/\/www.comundi.fr\/mag-des-competences\/#website\"},\"primaryImageOfPage\":{\"@id\":\"https:\/\/www.comundi.fr\/mag-des-competences\/comment-accompagner-une-personne-en-situation-de-handicap\/#primaryimage\"},\"datePublished\":\"2021-08-05T06:45:00+00:00\",\"dateModified\":\"2021-11-30T14:14:39+00:00\",\"description\":\"Le r\\u00e9f\\u00e9rent handicap a pour mission d'accompagner et soutenir les personnes en situation de handicap. Quelles sont les cl\\u00e9s pour y parvenir ?\",\"breadcrumb\":{\"@id\":\"https:\/\/www.comundi.fr\/mag-des-competences\/comment-accompagner-une-personne-en-situation-de-handicap\/#breadcrumb\"},\"inLanguage\":\"fr-FR\",\"potentialAction\":[{\"@type\":\"ReadAction\",\"target\":[\"https:\/\/www.comundi.fr\/mag-des-competences\/comment-accompagner-une-personne-en-situation-de-handicap\/\"]}]},{\"@type\":\"BreadcrumbList\",\"@id\":\"https:\/\/www.comundi.fr\/mag-des-competences\/comment-accompagner-une-personne-en-situation-de-handicap\/#breadcrumb\",\"itemListElement\":[{\"@type\":\"ListItem\",\"position\":1,\"item\":{\"@type\":\"WebPage\",\"@id\":\"https:\/\/www.comundi.fr\/mag-des-competences\/\",\"url\":\"https:\/\/www.comundi.fr\/mag-des-competences\/\",\"name\":\"Accueil\"}},{\"@type\":\"ListItem\",\"position\":2,\"item\":{\"@type\":\"WebPage\",\"@id\":\"https:\/\/www.comundi.fr\/mag-des-competences\/comment-accompagner-une-personne-en-situation-de-handicap\/\",\"url\":\"https:\/\/www.comundi.fr\/mag-des-competences\/comment-accompagner-une-personne-en-situation-de-handicap\/\",\"name\":\"R\\u00e9f\\u00e9rent handicap : comment accompagner une personne en situation de handicap ?\"}}]},{\"@type\":\"Article\",\"@id\":\"https:\/\/www.comundi.fr\/mag-des-competences\/comment-accompagner-une-personne-en-situation-de-handicap\/#article\",\"isPartOf\":{\"@id\":\"https:\/\/www.comundi.fr\/mag-des-competences\/comment-accompagner-une-personne-en-situation-de-handicap\/#webpage\"},\"author\":{\"@id\":\"https:\/\/www.comundi.fr\/mag-des-competences\/#\/schema\/person\/d08f5c2cf9de6fcfd33c30314745578e\"},\"headline\":\"R\\u00e9f\\u00e9rent handicap : comment accompagner une personne en situation de handicap ?\",\"datePublished\":\"2021-08-05T06:45:00+00:00\",\"dateModified\":\"2021-11-30T14:14:39+00:00\",\"mainEntityOfPage\":{\"@id\":\"https:\/\/www.comundi.fr\/mag-des-competences\/comment-accompagner-une-personne-en-situation-de-handicap\/#webpage\"},\"commentCount\":0,\"publisher\":{\"@id\":\"https:\/\/www.comundi.fr\/mag-des-competences\/#organization\"},\"image\":{\"@id\":\"https:\/\/www.comundi.fr\/mag-des-competences\/comment-accompagner-une-personne-en-situation-de-handicap\/#primaryimage\"},\"articleSection\":\"Sant\\u00e9 au travail - QVT\",\"inLanguage\":\"fr-FR\",\"potentialAction\":[{\"@type\":\"CommentAction\",\"name\":\"Comment\",\"target\":[\"https:\/\/www.comundi.fr\/mag-des-competences\/comment-accompagner-une-personne-en-situation-de-handicap\/#respond\"]}]},{\"@type\":\"Person\",\"@id\":\"https:\/\/www.comundi.fr\/mag-des-competences\/#\/schema\/person\/d08f5c2cf9de6fcfd33c30314745578e\",\"name\":\"Comundi\",\"image\":{\"@type\":\"ImageObject\",\"@id\":\"https:\/\/www.comundi.fr\/mag-des-competences\/#personlogo\",\"inLanguage\":\"fr-FR\",\"url\":\"https:\/\/secure.gravatar.com\/avatar\/da2835ae7b2c1279e8e897d242f4cda6?s=96&d=mm&r=g\",\"contentUrl\":\"https:\/\/secure.gravatar.com\/avatar\/da2835ae7b2c1279e8e897d242f4cda6?s=96&d=mm&r=g\",\"caption\":\"Comundi\"}}]}<\/script>\n<!-- \/ Yoast SEO plugin. -->","amp_enabled":true,"_links":{"self":[{"href":"https:\/\/www.comundi.fr\/mag-des-competences\/wp-json\/wp\/v2\/posts\/9198"}],"collection":[{"href":"https:\/\/www.comundi.fr\/mag-des-competences\/wp-json\/wp\/v2\/posts"}],"about":[{"href":"https:\/\/www.comundi.fr\/mag-des-competences\/wp-json\/wp\/v2\/types\/post"}],"author":[{"embeddable":true,"href":"https:\/\/www.comundi.fr\/mag-des-competences\/wp-json\/wp\/v2\/users\/8"}],"replies":[{"embeddable":true,"href":"https:\/\/www.comundi.fr\/mag-des-competences\/wp-json\/wp\/v2\/comments?post=9198"}],"version-history":[{"count":8,"href":"https:\/\/www.comundi.fr\/mag-des-competences\/wp-json\/wp\/v2\/posts\/9198\/revisions"}],"predecessor-version":[{"id":9214,"href":"https:\/\/www.comundi.fr\/mag-des-competences\/wp-json\/wp\/v2\/posts\/9198\/revisions\/9214"}],"wp:featuredmedia":[{"embeddable":true,"href":"https:\/\/www.comundi.fr\/mag-des-competences\/wp-json\/wp\/v2\/media\/9213"}],"wp:attachment":[{"href":"https:\/\/www.comundi.fr\/mag-des-competences\/wp-json\/wp\/v2\/media?parent=9198"}],"wp:term":[{"taxonomy":"category","embeddable":true,"href":"https:\/\/www.comundi.fr\/mag-des-competences\/wp-json\/wp\/v2\/categories?post=9198"}],"curies":[{"name":"wp","href":"https:\/\/api.w.org\/{rel}","templated":true}]}}