{"id":9181,"date":"2021-07-22T08:45:00","date_gmt":"2021-07-22T06:45:00","guid":{"rendered":"https:\/\/www.comundi.fr\/mag-des-competences\/?p=9181"},"modified":"2021-07-21T07:26:23","modified_gmt":"2021-07-21T05:26:23","slug":"management-bienveillant-et-rse-un-salarie-heureux-est-il-plus-performant","status":"publish","type":"post","link":"https:\/\/www.comundi.fr\/mag-des-competences\/management-bienveillant-et-rse-un-salarie-heureux-est-il-plus-performant\/","title":{"rendered":"Management bienveillant et RSE : un salari\u00e9 heureux est-il plus performant ?"},"content":{"rendered":"\n<p>En tant que manager, il vous arrive d\u2019\u00eatre obnubil\u00e9 par la recherche d&rsquo;efficience que vous rel\u00e9guez au second plan la qualit\u00e9 de vie et<strong> le bien-\u00eatre au travail<\/strong>. Pourtant, cette bienveillance est vitale aux yeux de vos collaborateurs. Elle impacte sur leur productivit\u00e9 et les performances de votre entreprise. La solution serait d&rsquo;opter pour une d\u00e9marche volontaire de <strong>RSE<\/strong> ou <strong>responsabilit\u00e9 soci\u00e9tale des entreprises<\/strong>.<\/p>\n\n\n\n<h2><strong>Le management bienveillant et la responsabilit\u00e9 individuelle<\/strong><\/h2>\n\n\n\n<p>La vie en entreprise, tout comme la vie de l&rsquo;entreprise, n&rsquo;est pas un long fleuve tranquille. Le rythme de travail s&rsquo;acc\u00e9l\u00e8re. Ce qui engendre in\u00e9vitablement des tensions, du stress, de la fatigue, et parfois m\u00eame de l&rsquo;incivilit\u00e9. Le <strong>management bienveillant <\/strong>s&rsquo;impose naturellement comme l&rsquo;antidote. Ce style de management est aux antipodes des images du manager classique et de l&rsquo;entreprise efficace. Il met l&rsquo;accent sur la gentillesse et l&rsquo;attention accord\u00e9e \u00e0 chaque collaborateur. Les principales qualit\u00e9s des <strong>managers bienveillants <\/strong>sont l&rsquo;humanit\u00e9 et le respect. Par exemple, saluer le matin les membres de votre \u00e9quipe reste un geste simple, mais significatif pour vos collaborateurs. De m\u00eame, ne pas hurler est valable dans le monde professionnel. Reconna\u00eetre le travail accompli au lieu d&rsquo;accaparer tout le m\u00e9rite est aussi essentiel. Une telle posture porte des r\u00e9sultats en termes de productivit\u00e9 et de fid\u00e9lit\u00e9. La valorisation des collaborateurs et leur fid\u00e9lisation les incitera \u00e0 devenir ambassadeurs de votre marque.<\/p>\n\n\n\n<h2><strong>La confiance et l&rsquo;autonomie pour une entreprise plus attractive<\/strong><\/h2>\n\n\n\n<p>L&rsquo;absent\u00e9isme et le turn-over figurent parmi les probl\u00e8mes auxquels sont confront\u00e9es les entreprises qui s&rsquo;accrochent \u00e0 un management vertical. Ils traduisent g\u00e9n\u00e9ralement un manque d&rsquo;attractivit\u00e9. Le <strong>management bienveillant<\/strong> permet de r\u00e9duire sensiblement les absences au travail et les d\u00e9parts vers des entreprises concurrentes. Outre le bien-\u00eatre des collaborateurs, la bienveillance augmente leurs performances. Leur productivit\u00e9 progresse de 12 % selon des \u00e9tudes r\u00e9alis\u00e9es par les universit\u00e9s de <strong>Warwick <\/strong>et d&rsquo;<strong>Oxford<\/strong>. Concr\u00e8tement, la bienveillance dans la sph\u00e8re professionnelle contribue \u00e0 une meilleure <strong>qualit\u00e9 de vie au travail<\/strong>. Les qualit\u00e9s des <strong>managers bienveillants<\/strong> les conduisent naturellement \u00e0 faire confiance \u00e0 leurs collaborateurs et leur accorder de l&rsquo;autonomie. Plus de libert\u00e9 et moins de contr\u00f4le am\u00e8nent cr\u00e9ativit\u00e9 et innovation. Ce qui concourt \u00e0 des r\u00e9sultats financiers sup\u00e9rieurs et une rentabilit\u00e9 plus \u00e9lev\u00e9e. Par ailleurs, quand votre entreprise est bienveillante, elle attire plus les talents.<\/p>\n\n\n\n<h2><strong>Le partage des missions et la collaboration dans l&rsquo;intelligence collective<\/strong><\/h2>\n\n\n\n<p>La mise en place de la <strong>bienveillance au travail<\/strong> peut s&rsquo;inscrire dans une <a href=\"https:\/\/www.comundi.fr\/mag-des-competences\/pourquoi-et-comment-mettre-en-place-une-demarche-rse-dans-son-organisation\/\" target=\"_blank\" rel=\"noreferrer noopener\"><strong>politique RSE<\/strong><\/a>. Lorsque vous adoptez la responsabilit\u00e9 soci\u00e9tale des entreprises, vous vous engagez \u00e0 avoir un impact positif sur les membres de votre organisation et sur la soci\u00e9t\u00e9 en g\u00e9n\u00e9ral. Cela se traduit par la mise en \u0153uvre d&rsquo;un certain nombre de bonnes pratiques : la stimulation des initiatives cr\u00e9atrices, la promotion de la diversit\u00e9 au sein des collaborateurs, l&rsquo;ouverture \u00e0 d&rsquo;autres mod\u00e8les \u00e9conomiques, etc.<\/p>\n\n\n\n<p>Autrement dit, la <a href=\"https:\/\/www.comundi.fr\/mag-des-competences\/pourquoi-et-comment-mettre-en-place-une-demarche-rse-dans-son-organisation\/\" target=\"_blank\" rel=\"noreferrer noopener\"><strong>RSE entreprise<\/strong><\/a> peut \u00eatre assimil\u00e9e \u00e0 la mise en pratique du <strong>d\u00e9veloppement durable<\/strong> \u00e0 la dimension de l&rsquo;organisation. Vous devez donc prendre des mesures qui respectent aussi bien vos collaborateurs que vos clients, vos partenaires, etc. Cependant, cette collaboration dans l&rsquo;<strong>intelligence collective<\/strong> n&rsquo;est pas synonyme de suppression des relations hi\u00e9rarchiques. Elle privil\u00e9gie les initiatives individuelles en d\u00e9centralisant les objectifs de performance.<\/p>\n\n\n\n<h2><strong>La RSE face aux d\u00e9fis de d\u00e9veloppement durable et de la concurrence accrue<\/strong><\/h2>\n\n\n\n<p>La bienveillance d&rsquo;un manager au travail se traduit par une attitude g\u00e9n\u00e9rale positive, mais qui n&rsquo;est nullement na\u00efve. Elle est bas\u00e9e sur diff\u00e9rentes aptitudes comme l&rsquo;exemplarit\u00e9, la fiabilit\u00e9, l&rsquo;exigence, etc. Ces m\u00eames caract\u00e8res sont indispensables \u00e0 la mise en \u0153uvre d&rsquo;une d\u00e9marche <strong>RSE entreprise<\/strong>. Vous \u00eates plus \u00e0 m\u00eame de faire face aux nombreux d\u00e9fis auxquels votre organisation est confront\u00e9e. Vous devez notamment mesurer et r\u00e9duire l&rsquo;impact soci\u00e9tal et environnemental de votre activit\u00e9.<\/p>\n\n\n\n<p>La mise en pratique d&rsquo;une <a href=\"https:\/\/www.comundi.fr\/mag-des-competences\/pourquoi-et-comment-mettre-en-place-une-demarche-rse-dans-son-organisation\/\" target=\"_blank\" rel=\"noreferrer noopener\"><strong>politique RSE<\/strong><\/a> est contraignante pour une entreprise. Dans votre d\u00e9marche de <strong>d\u00e9veloppement durable<\/strong>, vous devez fournir des efforts pour respecter l&rsquo;environnement. Ensuite, vous am\u00e9liorez la <strong>qualit\u00e9 de vie des collaborateurs<\/strong> et de toutes les personnes en contact avec votre organisation. En contrepartie, votre entreprise b\u00e9n\u00e9ficie d&rsquo;une image positive aupr\u00e8s des prospects et clients. Ce qui accro\u00eet votre notori\u00e9t\u00e9 et votre attractivit\u00e9.<\/p>\n\n\n\n<p>Faire des efforts pour la protection de l\u2019environnement n\u2019est plus une option. Dor\u00e9navant, il s\u2019agit d\u2019une r\u00e9elle obligation pour les entreprises. En tant que dirigeant, vous avez le devoir de prendre des initiatives en faveur du d\u00e9veloppement durable. Les grandes entreprises comme <strong>Apple <\/strong>s\u2019y sont mises.<\/p>\n\n\n\n<p>La marque \u00e0 la Pomme exige que ses fournisseurs et sous-traitants se soumettent aux m\u00eames normes environnementales pour r\u00e9duire les \u00e9missions lors de la fabrication des produits. Dans cette optique, <strong>Apple <\/strong>a beaucoup investi dans les \u00e9nergies renouvelables comme le solaire et l\u2019\u00e9olienne, la recherche d\u2019innovations, etc. En parall\u00e8le, le g\u00e9ant am\u00e9ricain a lanc\u00e9 des initiatives de sensibilisation et d\u2019accompagnement.<\/p>\n\n\n\n<p>Coca Cola n\u2019est pas en reste dans le domaine. La firme am\u00e9ricaine a lanc\u00e9 sa premi\u00e8re <strong>politique RSE<\/strong> d\u00e8s 2007. Puis, elle a sorti en 2018 un nouveau plan <strong>RSE<\/strong>. Son objectif est de devenir une entreprise positive d\u2019ici 2025 et d\u2019\u00eatre reconnue par la soci\u00e9t\u00e9 en tant que telle. \u00c0 cet effet, l\u2019entreprise se donne l\u2019ambition de n\u2019utiliser que des emballages recyclables en 2025 pour la pr\u00e9servation de l\u2019environnement.<\/p>\n\n\n\n<h2><strong>Une mise en \u0153uvre inclusive pour une hausse significative de la performance<\/strong><\/h2>\n\n\n\n<p>La <strong>RSE <\/strong>et la performance de votre entreprise sont intimement li\u00e9es. Une d\u00e9marche forte et inclusive a pour avantage de favoriser l&rsquo;implication de vos collaborateurs. De ce fait, une <a href=\"https:\/\/www.comundi.fr\/formations\/formation-management-d-equipe-rse.html\" target=\"_blank\" rel=\"noreferrer noopener\"><strong>formation RSE <\/strong><\/a>s&rsquo;impose pour que le processus soit int\u00e9gr\u00e9 \u00e0 tous les niveaux. Reconnaissants de l&rsquo;attention que vous portez \u00e0 leur bien-\u00eatre, ils se f\u00e9licitent en plus fiers de travailler pour une organisation responsable. Ce qui ne peut qu\u2019optimiser leur productivit\u00e9.<\/p>\n\n\n\n<p>Une <strong><a href=\"https:\/\/www.comundi.fr\/formations\/formation-management-d-equipe-rse.html\" target=\"_blank\" rel=\"noreferrer noopener\">formation RSE<\/a><\/strong> est aussi n\u00e9cessaire pour l&rsquo;acquisition et la ma\u00eetrise des outils. Ces derniers aident votre entreprise et vos collaborateurs \u00e0 \u00e9valuer les performances et les actions men\u00e9es en mati\u00e8re de <strong>d\u00e9veloppement durable<\/strong>. Parmi ces outils figurent l&rsquo;ACV ou Analyse de cycle de vie, la d\u00e9claration de performance extrafinanci\u00e8re, etc. Quant \u00e0 la concr\u00e9tisation, elle se fait en plusieurs \u00e9tapes, dont le diagnostic, la communication et le suivi.<\/p>\n","protected":false},"excerpt":{"rendered":"<p>En tant que manager, il vous arrive d\u2019\u00eatre obnubil\u00e9 par la recherche d&rsquo;efficience que vous rel\u00e9guez au second plan la qualit\u00e9 de vie et le bien-\u00eatre au travail. Pourtant, cette bienveillance est vitale aux yeux de vos collaborateurs. Elle impacte sur leur productivit\u00e9 et les performances de votre entreprise. La solution serait d&rsquo;opter pour une [&hellip;]<\/p>\n","protected":false},"author":8,"featured_media":9185,"comment_status":"open","ping_status":"open","sticky":false,"template":"","format":"standard","meta":{"_mi_skip_tracking":false},"categories":[184],"yoast_head":"<!-- This site is optimized with the Yoast SEO plugin v16.1 - https:\/\/yoast.com\/wordpress\/plugins\/seo\/ -->\n<title>Management bienveillant et RSE : un salari\u00e9 heureux est-il plus performant ? - Mag des comp\u00e9tences - Comundi<\/title>\n<meta name=\"description\" content=\"Comment la politique RSE de l&#039;entreprise et le management bienveillant impacte-t-il la performance des salari\u00e9s ? R\u00e9ponse dans notre article\" \/>\n<meta name=\"robots\" content=\"index, follow, max-snippet:-1, max-image-preview:large, max-video-preview:-1\" \/>\n<link rel=\"canonical\" href=\"https:\/\/www.comundi.fr\/mag-des-competences\/management-bienveillant-et-rse-un-salarie-heureux-est-il-plus-performant\/\" \/>\n<meta property=\"og:locale\" content=\"fr_FR\" \/>\n<meta property=\"og:type\" content=\"article\" \/>\n<meta property=\"og:title\" content=\"Management bienveillant et RSE : un salari\u00e9 heureux est-il plus performant ? - Mag des comp\u00e9tences - Comundi\" \/>\n<meta property=\"og:description\" content=\"Comment la politique RSE de l&#039;entreprise et le management bienveillant impacte-t-il la performance des salari\u00e9s ? R\u00e9ponse dans notre article\" \/>\n<meta property=\"og:url\" content=\"https:\/\/www.comundi.fr\/mag-des-competences\/management-bienveillant-et-rse-un-salarie-heureux-est-il-plus-performant\/\" \/>\n<meta property=\"og:site_name\" content=\"Mag des comp\u00e9tences - Comundi\" \/>\n<meta property=\"article:publisher\" content=\"https:\/\/www.facebook.com\/Comundi\/?fref=ts\" \/>\n<meta property=\"article:published_time\" content=\"2021-07-22T06:45:00+00:00\" \/>\n<meta property=\"article:modified_time\" content=\"2021-07-21T05:26:23+00:00\" \/>\n<meta property=\"og:image\" content=\"https:\/\/www.comundi.fr\/mag-des-competences\/wp-content\/uploads\/2021\/07\/La-RSE.jpg\" \/>\n\t<meta property=\"og:image:width\" content=\"1200\" \/>\n\t<meta property=\"og:image:height\" content=\"675\" \/>\n<meta name=\"twitter:card\" content=\"summary_large_image\" \/>\n<meta name=\"twitter:creator\" content=\"@ComundiActu\" \/>\n<meta name=\"twitter:site\" content=\"@ComundiActu\" \/>\n<meta name=\"twitter:label1\" content=\"Dur\u00e9e de lecture est.\">\n\t<meta name=\"twitter:data1\" content=\"5 minutes\">\n<script type=\"application\/ld+json\" class=\"yoast-schema-graph\">{\"@context\":\"https:\/\/schema.org\",\"@graph\":[{\"@type\":\"Organization\",\"@id\":\"https:\/\/www.comundi.fr\/mag-des-competences\/#organization\",\"name\":\"Comundi\",\"url\":\"https:\/\/www.comundi.fr\/mag-des-competences\/\",\"sameAs\":[\"https:\/\/www.facebook.com\/Comundi\/?fref=ts\",\"https:\/\/www.linkedin.com\/company\/comundi\/\",\"https:\/\/www.youtube.com\/user\/ComundiFormations\",\"https:\/\/twitter.com\/ComundiActu\"],\"logo\":{\"@type\":\"ImageObject\",\"@id\":\"https:\/\/www.comundi.fr\/mag-des-competences\/#logo\",\"inLanguage\":\"fr-FR\",\"url\":\"https:\/\/www.comundi.fr\/mag-des-competences\/wp-content\/uploads\/2018\/01\/comundi.png\",\"contentUrl\":\"https:\/\/www.comundi.fr\/mag-des-competences\/wp-content\/uploads\/2018\/01\/comundi.png\",\"width\":300,\"height\":300,\"caption\":\"Comundi\"},\"image\":{\"@id\":\"https:\/\/www.comundi.fr\/mag-des-competences\/#logo\"}},{\"@type\":\"WebSite\",\"@id\":\"https:\/\/www.comundi.fr\/mag-des-competences\/#website\",\"url\":\"https:\/\/www.comundi.fr\/mag-des-competences\/\",\"name\":\"Mag des comp\\u00e9tences - Comundi\",\"description\":\"Le magazine des m\\u00e9tiers de demain\",\"publisher\":{\"@id\":\"https:\/\/www.comundi.fr\/mag-des-competences\/#organization\"},\"potentialAction\":[{\"@type\":\"SearchAction\",\"target\":\"https:\/\/www.comundi.fr\/mag-des-competences\/?s={search_term_string}\",\"query-input\":\"required name=search_term_string\"}],\"inLanguage\":\"fr-FR\"},{\"@type\":\"ImageObject\",\"@id\":\"https:\/\/www.comundi.fr\/mag-des-competences\/management-bienveillant-et-rse-un-salarie-heureux-est-il-plus-performant\/#primaryimage\",\"inLanguage\":\"fr-FR\",\"url\":\"https:\/\/www.comundi.fr\/mag-des-competences\/wp-content\/uploads\/2021\/07\/La-RSE.jpg\",\"contentUrl\":\"https:\/\/www.comundi.fr\/mag-des-competences\/wp-content\/uploads\/2021\/07\/La-RSE.jpg\",\"width\":1200,\"height\":675,\"caption\":\"La RSE\"},{\"@type\":\"WebPage\",\"@id\":\"https:\/\/www.comundi.fr\/mag-des-competences\/management-bienveillant-et-rse-un-salarie-heureux-est-il-plus-performant\/#webpage\",\"url\":\"https:\/\/www.comundi.fr\/mag-des-competences\/management-bienveillant-et-rse-un-salarie-heureux-est-il-plus-performant\/\",\"name\":\"Management bienveillant et RSE : un salari\\u00e9 heureux est-il plus performant ? - Mag des comp\\u00e9tences - Comundi\",\"isPartOf\":{\"@id\":\"https:\/\/www.comundi.fr\/mag-des-competences\/#website\"},\"primaryImageOfPage\":{\"@id\":\"https:\/\/www.comundi.fr\/mag-des-competences\/management-bienveillant-et-rse-un-salarie-heureux-est-il-plus-performant\/#primaryimage\"},\"datePublished\":\"2021-07-22T06:45:00+00:00\",\"dateModified\":\"2021-07-21T05:26:23+00:00\",\"description\":\"Comment la politique RSE de l'entreprise et le management bienveillant impacte-t-il la performance des salari\\u00e9s ? R\\u00e9ponse dans notre article\",\"breadcrumb\":{\"@id\":\"https:\/\/www.comundi.fr\/mag-des-competences\/management-bienveillant-et-rse-un-salarie-heureux-est-il-plus-performant\/#breadcrumb\"},\"inLanguage\":\"fr-FR\",\"potentialAction\":[{\"@type\":\"ReadAction\",\"target\":[\"https:\/\/www.comundi.fr\/mag-des-competences\/management-bienveillant-et-rse-un-salarie-heureux-est-il-plus-performant\/\"]}]},{\"@type\":\"BreadcrumbList\",\"@id\":\"https:\/\/www.comundi.fr\/mag-des-competences\/management-bienveillant-et-rse-un-salarie-heureux-est-il-plus-performant\/#breadcrumb\",\"itemListElement\":[{\"@type\":\"ListItem\",\"position\":1,\"item\":{\"@type\":\"WebPage\",\"@id\":\"https:\/\/www.comundi.fr\/mag-des-competences\/\",\"url\":\"https:\/\/www.comundi.fr\/mag-des-competences\/\",\"name\":\"Accueil\"}},{\"@type\":\"ListItem\",\"position\":2,\"item\":{\"@type\":\"WebPage\",\"@id\":\"https:\/\/www.comundi.fr\/mag-des-competences\/management-bienveillant-et-rse-un-salarie-heureux-est-il-plus-performant\/\",\"url\":\"https:\/\/www.comundi.fr\/mag-des-competences\/management-bienveillant-et-rse-un-salarie-heureux-est-il-plus-performant\/\",\"name\":\"Management bienveillant et RSE : un salari\\u00e9 heureux est-il plus performant ?\"}}]},{\"@type\":\"Article\",\"@id\":\"https:\/\/www.comundi.fr\/mag-des-competences\/management-bienveillant-et-rse-un-salarie-heureux-est-il-plus-performant\/#article\",\"isPartOf\":{\"@id\":\"https:\/\/www.comundi.fr\/mag-des-competences\/management-bienveillant-et-rse-un-salarie-heureux-est-il-plus-performant\/#webpage\"},\"author\":{\"@id\":\"https:\/\/www.comundi.fr\/mag-des-competences\/#\/schema\/person\/d08f5c2cf9de6fcfd33c30314745578e\"},\"headline\":\"Management bienveillant et RSE : un salari\\u00e9 heureux est-il plus performant ?\",\"datePublished\":\"2021-07-22T06:45:00+00:00\",\"dateModified\":\"2021-07-21T05:26:23+00:00\",\"mainEntityOfPage\":{\"@id\":\"https:\/\/www.comundi.fr\/mag-des-competences\/management-bienveillant-et-rse-un-salarie-heureux-est-il-plus-performant\/#webpage\"},\"commentCount\":0,\"publisher\":{\"@id\":\"https:\/\/www.comundi.fr\/mag-des-competences\/#organization\"},\"image\":{\"@id\":\"https:\/\/www.comundi.fr\/mag-des-competences\/management-bienveillant-et-rse-un-salarie-heureux-est-il-plus-performant\/#primaryimage\"},\"articleSection\":\"management\",\"inLanguage\":\"fr-FR\",\"potentialAction\":[{\"@type\":\"CommentAction\",\"name\":\"Comment\",\"target\":[\"https:\/\/www.comundi.fr\/mag-des-competences\/management-bienveillant-et-rse-un-salarie-heureux-est-il-plus-performant\/#respond\"]}]},{\"@type\":\"Person\",\"@id\":\"https:\/\/www.comundi.fr\/mag-des-competences\/#\/schema\/person\/d08f5c2cf9de6fcfd33c30314745578e\",\"name\":\"Comundi\",\"image\":{\"@type\":\"ImageObject\",\"@id\":\"https:\/\/www.comundi.fr\/mag-des-competences\/#personlogo\",\"inLanguage\":\"fr-FR\",\"url\":\"https:\/\/secure.gravatar.com\/avatar\/da2835ae7b2c1279e8e897d242f4cda6?s=96&d=mm&r=g\",\"contentUrl\":\"https:\/\/secure.gravatar.com\/avatar\/da2835ae7b2c1279e8e897d242f4cda6?s=96&d=mm&r=g\",\"caption\":\"Comundi\"}}]}<\/script>\n<!-- \/ Yoast SEO plugin. -->","amp_enabled":true,"_links":{"self":[{"href":"https:\/\/www.comundi.fr\/mag-des-competences\/wp-json\/wp\/v2\/posts\/9181"}],"collection":[{"href":"https:\/\/www.comundi.fr\/mag-des-competences\/wp-json\/wp\/v2\/posts"}],"about":[{"href":"https:\/\/www.comundi.fr\/mag-des-competences\/wp-json\/wp\/v2\/types\/post"}],"author":[{"embeddable":true,"href":"https:\/\/www.comundi.fr\/mag-des-competences\/wp-json\/wp\/v2\/users\/8"}],"replies":[{"embeddable":true,"href":"https:\/\/www.comundi.fr\/mag-des-competences\/wp-json\/wp\/v2\/comments?post=9181"}],"version-history":[{"count":3,"href":"https:\/\/www.comundi.fr\/mag-des-competences\/wp-json\/wp\/v2\/posts\/9181\/revisions"}],"predecessor-version":[{"id":9186,"href":"https:\/\/www.comundi.fr\/mag-des-competences\/wp-json\/wp\/v2\/posts\/9181\/revisions\/9186"}],"wp:featuredmedia":[{"embeddable":true,"href":"https:\/\/www.comundi.fr\/mag-des-competences\/wp-json\/wp\/v2\/media\/9185"}],"wp:attachment":[{"href":"https:\/\/www.comundi.fr\/mag-des-competences\/wp-json\/wp\/v2\/media?parent=9181"}],"wp:term":[{"taxonomy":"category","embeddable":true,"href":"https:\/\/www.comundi.fr\/mag-des-competences\/wp-json\/wp\/v2\/categories?post=9181"}],"curies":[{"name":"wp","href":"https:\/\/api.w.org\/{rel}","templated":true}]}}