{"id":9121,"date":"2021-06-29T08:30:00","date_gmt":"2021-06-29T06:30:00","guid":{"rendered":"https:\/\/www.comundi.fr\/mag-des-competences\/?p=9121"},"modified":"2021-08-02T09:54:03","modified_gmt":"2021-08-02T07:54:03","slug":"opinion-rendons-enfin-les-fonctionnaires-acteurs-de-leur-carriere","status":"publish","type":"post","link":"https:\/\/www.comundi.fr\/mag-des-competences\/opinion-rendons-enfin-les-fonctionnaires-acteurs-de-leur-carriere\/","title":{"rendered":"Opinion | Rendons enfin les fonctionnaires acteurs de leur carri\u00e8re"},"content":{"rendered":"\n<p>La <strong>formation <\/strong>tout au long de la carri\u00e8re est un levier pour r\u00e9veiller la mobilit\u00e9 dans la <strong>fonction publique<\/strong>. H\u00e9las, le <strong><a href=\"https:\/\/www.comundi.fr\/mag-des-competences\/compte-personnel-de-formation-comment-recuperer-ses-heures-du-dif\/\" target=\"_blank\" rel=\"noreferrer noopener\">CPF <\/a><\/strong>des <strong>fonctionnaires <\/strong>est \u00e0 peine financ\u00e9 et ceux-ci ne peuvent en disposer de mani\u00e8re libre, regrette <strong>Claire Pascal, vice-pr\u00e9sidente de la F\u00e9d\u00e9ration de la formation professionnelle<\/strong>.<br><\/p>\n\n\n\n<p>Le 2 juin, la ministre de la Transformation et de la Fonction publique a pr\u00e9sent\u00e9 en Conseil des ministres l&rsquo;ordonnance portant\u00a0<a href=\"https:\/\/www.lesechos.fr\/politique-societe\/societe\/lena-remplacee-par-un-institut-du-service-public-1306484\">la r\u00e9forme de l\u2019Ecole nationale d&rsquo;administration (ENA)<\/a>\u00a0annonc\u00e9 en avril par le pr\u00e9sident de la R\u00e9publique. Cette r\u00e9forme, m\u00eame si tr\u00e8s contest\u00e9e, a la vertu de lancer un d\u00e9bat sur la gestion des <strong><a href=\"https:\/\/www.comundi.fr\/mag-des-competences\/ce-que-prevoit-la-reforme-de-la-fonction-publique\/\" target=\"_blank\" rel=\"noreferrer noopener\">parcours professionnels des agents publics<\/a><\/strong>.<\/p>\n\n\n\n<p>Au-del\u00e0 de la formation initiale, nous devons nous interroger sur la carri\u00e8re des <strong>hauts fonctionnaires<\/strong> et de leur trajectoire professionnelle, cl\u00e9 pour le renouvellement de la gouvernance du <strong>secteur public<\/strong>.<\/p>\n\n\n\n<h2><strong>Faible mobilit\u00e9<\/strong><\/h2>\n\n\n\n<p>Le sujet du manque de diversit\u00e9 dans le recrutement des <strong>hauts fonctionnaires<\/strong> n\u2019est peut-\u00eatre pas le seul sujet qui m\u00e9rite attention. La d\u00e9connection des \u00e9lites de la base, que la suppression de l\u2019<strong>ENA <\/strong>aurait vocation \u00e0 corriger, est peut \u00eatre aussi li\u00e9e au d\u00e9roulement de leur carri\u00e8re avec des mutations fr\u00e9quentes en haut de la pyramide qui font \u00e9cho \u00e0 un d\u00e9ficit de <strong><a href=\"https:\/\/www.comundi.fr\/mag-des-competences\/ce-que-prevoit-la-reforme-de-la-fonction-publique\/\" target=\"_blank\" rel=\"noreferrer noopener\">mobilit\u00e9 <\/a><\/strong>dans les niveaux inf\u00e9rieurs.<\/p>\n\n\n\n<p>C\u2019est tout le sujet de la <strong><a href=\"https:\/\/www.comundi.fr\/mag-des-competences\/ce-que-prevoit-la-reforme-de-la-fonction-publique\/\" target=\"_blank\" rel=\"noreferrer noopener\">mobilit\u00e9 <\/a><\/strong>qui se pose, de mani\u00e8re diff\u00e9rente entre les niveaux d\u2019<strong>agents publics<\/strong>, mais qui reste un sujet RH majeur au sein de la <strong>fonction publique<\/strong>. Ainsi, si les hauts fonctionnaires gagneraient \u00e0 se voir proposer des carri\u00e8res plus vari\u00e9es alternant exp\u00e9riences publiques et priv\u00e9es, la <strong><a href=\"https:\/\/www.comundi.fr\/mag-des-competences\/ce-que-prevoit-la-reforme-de-la-fonction-publique\/\" target=\"_blank\" rel=\"noreferrer noopener\">mobilit\u00e9 <\/a><\/strong>de l\u2019ensemble des strates de la <strong>fonction publique<\/strong> serait n\u00e9cessaire pour donner de nouvelles perspectives \u00e0 l\u2019ensemble des agents et faciliter la transversalit\u00e9 et la culture de coop\u00e9ration.<\/p>\n\n\n\n<p>En r\u00e9alit\u00e9, la <strong><a href=\"https:\/\/www.comundi.fr\/mag-des-competences\/ce-que-prevoit-la-reforme-de-la-fonction-publique\/\" target=\"_blank\" rel=\"noreferrer noopener\">mobilit\u00e9 <\/a><\/strong>au sein de la <strong>fonction publique<\/strong> reste faible et ce, malgr\u00e9 le recours facilit\u00e9 \u00e0 l\u2019embauche de contractuels depuis la loi du 9 ao\u00fbt 2019. Cette loi qui pose le principe de cette nouvelle ouverture et d\u2019une <strong><a href=\"https:\/\/www.comundi.fr\/mag-des-competences\/ce-que-prevoit-la-reforme-de-la-fonction-publique\/\" target=\"_blank\" rel=\"noreferrer noopener\">mobilit\u00e9 <\/a><\/strong>facilit\u00e9e, n\u2019est pas pourtant all\u00e9e au bout de ses ambitions.<\/p>\n\n\n\n<h2><strong>Un CPF de fa\u00e7ade<\/strong><\/h2>\n\n\n\n<p>Le meilleur outil pour accompagner les <strong>agents publics<\/strong> dans leur <strong><a href=\"https:\/\/www.comundi.fr\/mag-des-competences\/ce-que-prevoit-la-reforme-de-la-fonction-publique\/\" target=\"_blank\" rel=\"noreferrer noopener\">mobilit\u00e9 <\/a><\/strong>interne et externe &#8211; notamment entre le secteur priv\u00e9 et le <strong>secteur public<\/strong> &#8211; serait\u00a0<a href=\"https:\/\/www.lesechos.fr\/economie-france\/social\/cinq-questions-sur-le-compte-personnel-de-formation-1259085\">le compte personnel de formation (CPF).<\/a>\u00a0Si la loi pour la libert\u00e9 de choisir son avenir professionnel a mis en place,\u00a0<a href=\"https:\/\/www.lesechos.fr\/economie-france\/social\/compte-personnel-de-formation-derniere-ligne-droite-pour-recuperer-jusqua-1800-euros-1320783\">succ\u00e9dant au DIF (droit individuel \u00e0 la formation),<\/a>\u00a0un <strong><a href=\"https:\/\/www.comundi.fr\/mag-des-competences\/compte-personnel-de-formation-comment-recuperer-ses-heures-du-dif\/\" target=\"_blank\" rel=\"noreferrer noopener\">CPF <\/a><\/strong>pour tous les salari\u00e9s du secteur priv\u00e9, le secteur public est rest\u00e9 en panne avec un <strong><a href=\"https:\/\/www.comundi.fr\/mag-des-competences\/compte-personnel-de-formation-comment-recuperer-ses-heures-du-dif\/\" target=\"_blank\" rel=\"noreferrer noopener\">CPF <\/a><\/strong>de fa\u00e7ade, non converti en euro et surtout non financ\u00e9.<\/p>\n\n\n\n<p>Ce sont les administrations publiques qui doivent sanctuariser une part de leur budget formation afin de r\u00e9pondre de mani\u00e8re individuelle aux demandes de <strong><a href=\"https:\/\/www.comundi.fr\/mag-des-competences\/compte-personnel-de-formation-comment-recuperer-ses-heures-du-dif\/\" target=\"_blank\" rel=\"noreferrer noopener\">CPF <\/a><\/strong>venant des fonctionnaires. Les interpr\u00e9tations relatives \u00e0 l\u2019accessibilit\u00e9 \u00e0 ces financements sont donc \u00e0 l\u2019appr\u00e9ciation de l\u2019employeur public en fonction de crit\u00e8res qui lui sont propres et varient largement entre les diff\u00e9rentes administrations publiques.<\/p>\n\n\n\n<p>Ce mode de fonctionnement est aux antipodes de la conception m\u00eame du <strong><a href=\"https:\/\/www.comundi.fr\/mag-des-competences\/compte-personnel-de-formation-comment-recuperer-ses-heures-du-dif\/\" target=\"_blank\" rel=\"noreferrer noopener\">CPF <\/a><\/strong>tel qu\u2019il a \u00e9t\u00e9 mis en place dans le secteur priv\u00e9, un outil d\u2019\u00e9mancipation par la <strong><a href=\"https:\/\/www.comundi.fr\/mag-des-competences\/compte-personnel-de-formation-comment-recuperer-ses-heures-du-dif\/\" target=\"_blank\" rel=\"noreferrer noopener\">formation professionnelle<\/a><\/strong> afin d\u2019accompagner les transitions professionnelles et les carri\u00e8res des agents.<\/p>\n\n\n\n<h2><strong>Financer, enfin, ce CPF<\/strong><\/h2>\n\n\n\n<p>Le <strong>droit \u00e0 la formation<\/strong> devrait \u00eatre un droit individuel et autonome. Pour ce faire, le <strong><a href=\"https:\/\/www.comundi.fr\/mag-des-competences\/compte-personnel-de-formation-comment-recuperer-ses-heures-du-dif\/\" target=\"_blank\" rel=\"noreferrer noopener\">CPF <\/a><\/strong>des <strong>agents de la fonction publique<\/strong> doit \u00eatre lui aussi comptabilis\u00e9 en euros et surtout financ\u00e9 de sorte que les agents publics puissent en disposer de mani\u00e8re libre et ind\u00e9pendamment du bon vouloir de leur actuel employeur.<\/p>\n\n\n\n<p>L\u2019acc\u00e9l\u00e9ration de l\u2019obsolescence des comp\u00e9tences fait de l\u2019homog\u00e9n\u00e9isation de ce droit une priorit\u00e9 pour donner \u00e0 la loi du 9 ao\u00fbt 2019 toutes ses chances d\u2019\u00eatre enfin une loi de modernisation des <strong>carri\u00e8res publiques<\/strong>.<\/p>\n\n\n\n<p>Donnons les moyens de la formation aux <strong>agents publics<\/strong> comme outil d\u2019accompagnement de leurs parcours professionnels, afin de favoriser leur mobilit\u00e9 au sein de la <strong>fonction publique<\/strong>, ou vers&nbsp; le secteur priv\u00e9.&nbsp; Si \u00abgouverner, c\u2019est pr\u00e9voir\u00bb, alors cet effort serait un levier majeur de modernisation de la gestion de ressources humaines de nos administrations publiques.<\/p>\n\n\n\n<p><strong><em>Claire Pascal<\/em><\/strong><em>&nbsp;est&nbsp;vice-pr\u00e9sidente de la F\u00e9d\u00e9ration de la formation professionnelle.<\/em><\/p>\n","protected":false},"excerpt":{"rendered":"<p>La formation tout au long de la carri\u00e8re est un levier pour r\u00e9veiller la mobilit\u00e9 dans la fonction publique. H\u00e9las, le CPF des fonctionnaires est \u00e0 peine financ\u00e9 et ceux-ci ne peuvent en disposer de mani\u00e8re libre, regrette Claire Pascal, vice-pr\u00e9sidente de la F\u00e9d\u00e9ration de la formation professionnelle. Le 2 juin, la ministre de la [&hellip;]<\/p>\n","protected":false},"author":6,"featured_media":9122,"comment_status":"open","ping_status":"open","sticky":false,"template":"","format":"standard","meta":{"_mi_skip_tracking":false},"categories":[201,191],"yoast_head":"<!-- This site is optimized with the Yoast SEO plugin v16.1 - https:\/\/yoast.com\/wordpress\/plugins\/seo\/ -->\n<title>Opinion | Rendons enfin les fonctionnaires acteurs de leur carri\u00e8re - Mag des comp\u00e9tences - Comundi<\/title>\n<meta name=\"description\" content=\"Comment am\u00e9liorer la mobilit\u00e9 des agents publiques et leur acc\u00e8s \u00e0 la formation gr\u00e2ce au CPF ? R\u00e9ponse avec Claire Pascal, VP de la FFP.\" \/>\n<meta name=\"robots\" content=\"noindex, nofollow\" \/>\n<meta property=\"og:locale\" content=\"fr_FR\" \/>\n<meta property=\"og:type\" content=\"article\" \/>\n<meta property=\"og:title\" content=\"Opinion | Rendons enfin les fonctionnaires acteurs de leur carri\u00e8re - Mag des comp\u00e9tences - Comundi\" \/>\n<meta property=\"og:description\" content=\"Comment am\u00e9liorer la mobilit\u00e9 des agents publiques et leur acc\u00e8s \u00e0 la formation gr\u00e2ce au CPF ? R\u00e9ponse avec Claire Pascal, VP de la FFP.\" \/>\n<meta property=\"og:url\" content=\"https:\/\/www.comundi.fr\/mag-des-competences\/opinion-rendons-enfin-les-fonctionnaires-acteurs-de-leur-carriere\/\" \/>\n<meta property=\"og:site_name\" content=\"Mag des comp\u00e9tences - Comundi\" \/>\n<meta property=\"article:publisher\" content=\"https:\/\/www.facebook.com\/Comundi\/?fref=ts\" \/>\n<meta property=\"article:published_time\" content=\"2021-06-29T06:30:00+00:00\" \/>\n<meta property=\"article:modified_time\" content=\"2021-08-02T07:54:03+00:00\" \/>\n<meta property=\"og:image\" content=\"https:\/\/www.comundi.fr\/mag-des-competences\/wp-content\/uploads\/2021\/06\/Formation-dans-la-fonction-publique.jpg\" \/>\n\t<meta property=\"og:image:width\" content=\"1200\" \/>\n\t<meta property=\"og:image:height\" content=\"675\" \/>\n<meta name=\"twitter:card\" content=\"summary_large_image\" \/>\n<meta name=\"twitter:creator\" content=\"@ComundiActu\" \/>\n<meta name=\"twitter:site\" content=\"@ComundiActu\" \/>\n<meta name=\"twitter:label1\" content=\"Dur\u00e9e de lecture est.\">\n\t<meta name=\"twitter:data1\" content=\"3 minutes\">\n<script type=\"application\/ld+json\" class=\"yoast-schema-graph\">{\"@context\":\"https:\/\/schema.org\",\"@graph\":[{\"@type\":\"Organization\",\"@id\":\"https:\/\/www.comundi.fr\/mag-des-competences\/#organization\",\"name\":\"Comundi\",\"url\":\"https:\/\/www.comundi.fr\/mag-des-competences\/\",\"sameAs\":[\"https:\/\/www.facebook.com\/Comundi\/?fref=ts\",\"https:\/\/www.linkedin.com\/company\/comundi\/\",\"https:\/\/www.youtube.com\/user\/ComundiFormations\",\"https:\/\/twitter.com\/ComundiActu\"],\"logo\":{\"@type\":\"ImageObject\",\"@id\":\"https:\/\/www.comundi.fr\/mag-des-competences\/#logo\",\"inLanguage\":\"fr-FR\",\"url\":\"https:\/\/www.comundi.fr\/mag-des-competences\/wp-content\/uploads\/2018\/01\/comundi.png\",\"contentUrl\":\"https:\/\/www.comundi.fr\/mag-des-competences\/wp-content\/uploads\/2018\/01\/comundi.png\",\"width\":300,\"height\":300,\"caption\":\"Comundi\"},\"image\":{\"@id\":\"https:\/\/www.comundi.fr\/mag-des-competences\/#logo\"}},{\"@type\":\"WebSite\",\"@id\":\"https:\/\/www.comundi.fr\/mag-des-competences\/#website\",\"url\":\"https:\/\/www.comundi.fr\/mag-des-competences\/\",\"name\":\"Mag des comp\\u00e9tences - Comundi\",\"description\":\"Le magazine des m\\u00e9tiers de demain\",\"publisher\":{\"@id\":\"https:\/\/www.comundi.fr\/mag-des-competences\/#organization\"},\"potentialAction\":[{\"@type\":\"SearchAction\",\"target\":\"https:\/\/www.comundi.fr\/mag-des-competences\/?s={search_term_string}\",\"query-input\":\"required name=search_term_string\"}],\"inLanguage\":\"fr-FR\"},{\"@type\":\"ImageObject\",\"@id\":\"https:\/\/www.comundi.fr\/mag-des-competences\/opinion-rendons-enfin-les-fonctionnaires-acteurs-de-leur-carriere\/#primaryimage\",\"inLanguage\":\"fr-FR\",\"url\":\"https:\/\/www.comundi.fr\/mag-des-competences\/wp-content\/uploads\/2021\/06\/Formation-dans-la-fonction-publique.jpg\",\"contentUrl\":\"https:\/\/www.comundi.fr\/mag-des-competences\/wp-content\/uploads\/2021\/06\/Formation-dans-la-fonction-publique.jpg\",\"width\":1200,\"height\":675,\"caption\":\"Formation dans la fonction publique\"},{\"@type\":\"WebPage\",\"@id\":\"https:\/\/www.comundi.fr\/mag-des-competences\/opinion-rendons-enfin-les-fonctionnaires-acteurs-de-leur-carriere\/#webpage\",\"url\":\"https:\/\/www.comundi.fr\/mag-des-competences\/opinion-rendons-enfin-les-fonctionnaires-acteurs-de-leur-carriere\/\",\"name\":\"Opinion | Rendons enfin les fonctionnaires acteurs de leur carri\\u00e8re - Mag des comp\\u00e9tences - Comundi\",\"isPartOf\":{\"@id\":\"https:\/\/www.comundi.fr\/mag-des-competences\/#website\"},\"primaryImageOfPage\":{\"@id\":\"https:\/\/www.comundi.fr\/mag-des-competences\/opinion-rendons-enfin-les-fonctionnaires-acteurs-de-leur-carriere\/#primaryimage\"},\"datePublished\":\"2021-06-29T06:30:00+00:00\",\"dateModified\":\"2021-08-02T07:54:03+00:00\",\"description\":\"Comment am\\u00e9liorer la mobilit\\u00e9 des agents publiques et leur acc\\u00e8s \\u00e0 la formation gr\\u00e2ce au CPF ? R\\u00e9ponse avec Claire Pascal, VP de la FFP.\",\"breadcrumb\":{\"@id\":\"https:\/\/www.comundi.fr\/mag-des-competences\/opinion-rendons-enfin-les-fonctionnaires-acteurs-de-leur-carriere\/#breadcrumb\"},\"inLanguage\":\"fr-FR\",\"potentialAction\":[{\"@type\":\"ReadAction\",\"target\":[\"https:\/\/www.comundi.fr\/mag-des-competences\/opinion-rendons-enfin-les-fonctionnaires-acteurs-de-leur-carriere\/\"]}]},{\"@type\":\"BreadcrumbList\",\"@id\":\"https:\/\/www.comundi.fr\/mag-des-competences\/opinion-rendons-enfin-les-fonctionnaires-acteurs-de-leur-carriere\/#breadcrumb\",\"itemListElement\":[{\"@type\":\"ListItem\",\"position\":1,\"item\":{\"@type\":\"WebPage\",\"@id\":\"https:\/\/www.comundi.fr\/mag-des-competences\/\",\"url\":\"https:\/\/www.comundi.fr\/mag-des-competences\/\",\"name\":\"Accueil\"}},{\"@type\":\"ListItem\",\"position\":2,\"item\":{\"@type\":\"WebPage\",\"@id\":\"https:\/\/www.comundi.fr\/mag-des-competences\/opinion-rendons-enfin-les-fonctionnaires-acteurs-de-leur-carriere\/\",\"url\":\"https:\/\/www.comundi.fr\/mag-des-competences\/opinion-rendons-enfin-les-fonctionnaires-acteurs-de-leur-carriere\/\",\"name\":\"Opinion | Rendons enfin les fonctionnaires acteurs de leur carri\\u00e8re\"}}]},{\"@type\":\"Article\",\"@id\":\"https:\/\/www.comundi.fr\/mag-des-competences\/opinion-rendons-enfin-les-fonctionnaires-acteurs-de-leur-carriere\/#article\",\"isPartOf\":{\"@id\":\"https:\/\/www.comundi.fr\/mag-des-competences\/opinion-rendons-enfin-les-fonctionnaires-acteurs-de-leur-carriere\/#webpage\"},\"author\":{\"@id\":\"https:\/\/www.comundi.fr\/mag-des-competences\/#\/schema\/person\/96b8f219e4cddee126473c6fbcc0e089\"},\"headline\":\"Opinion | Rendons enfin les fonctionnaires acteurs de leur carri\\u00e8re\",\"datePublished\":\"2021-06-29T06:30:00+00:00\",\"dateModified\":\"2021-08-02T07:54:03+00:00\",\"mainEntityOfPage\":{\"@id\":\"https:\/\/www.comundi.fr\/mag-des-competences\/opinion-rendons-enfin-les-fonctionnaires-acteurs-de-leur-carriere\/#webpage\"},\"commentCount\":0,\"publisher\":{\"@id\":\"https:\/\/www.comundi.fr\/mag-des-competences\/#organization\"},\"image\":{\"@id\":\"https:\/\/www.comundi.fr\/mag-des-competences\/opinion-rendons-enfin-les-fonctionnaires-acteurs-de-leur-carriere\/#primaryimage\"},\"articleSection\":\"Formation professionnelle,Gestion publique\",\"inLanguage\":\"fr-FR\",\"potentialAction\":[{\"@type\":\"CommentAction\",\"name\":\"Comment\",\"target\":[\"https:\/\/www.comundi.fr\/mag-des-competences\/opinion-rendons-enfin-les-fonctionnaires-acteurs-de-leur-carriere\/#respond\"]}]},{\"@type\":\"Person\",\"@id\":\"https:\/\/www.comundi.fr\/mag-des-competences\/#\/schema\/person\/96b8f219e4cddee126473c6fbcc0e089\",\"name\":\"Les Echos\",\"image\":{\"@type\":\"ImageObject\",\"@id\":\"https:\/\/www.comundi.fr\/mag-des-competences\/#personlogo\",\"inLanguage\":\"fr-FR\",\"url\":\"https:\/\/secure.gravatar.com\/avatar\/041d1b3114ce5dce17eaefa721d4ed06?s=96&d=mm&r=g\",\"contentUrl\":\"https:\/\/secure.gravatar.com\/avatar\/041d1b3114ce5dce17eaefa721d4ed06?s=96&d=mm&r=g\",\"caption\":\"Les Echos\"}}]}<\/script>\n<!-- \/ Yoast SEO plugin. -->","amp_enabled":true,"_links":{"self":[{"href":"https:\/\/www.comundi.fr\/mag-des-competences\/wp-json\/wp\/v2\/posts\/9121"}],"collection":[{"href":"https:\/\/www.comundi.fr\/mag-des-competences\/wp-json\/wp\/v2\/posts"}],"about":[{"href":"https:\/\/www.comundi.fr\/mag-des-competences\/wp-json\/wp\/v2\/types\/post"}],"author":[{"embeddable":true,"href":"https:\/\/www.comundi.fr\/mag-des-competences\/wp-json\/wp\/v2\/users\/6"}],"replies":[{"embeddable":true,"href":"https:\/\/www.comundi.fr\/mag-des-competences\/wp-json\/wp\/v2\/comments?post=9121"}],"version-history":[{"count":3,"href":"https:\/\/www.comundi.fr\/mag-des-competences\/wp-json\/wp\/v2\/posts\/9121\/revisions"}],"predecessor-version":[{"id":9128,"href":"https:\/\/www.comundi.fr\/mag-des-competences\/wp-json\/wp\/v2\/posts\/9121\/revisions\/9128"}],"wp:featuredmedia":[{"embeddable":true,"href":"https:\/\/www.comundi.fr\/mag-des-competences\/wp-json\/wp\/v2\/media\/9122"}],"wp:attachment":[{"href":"https:\/\/www.comundi.fr\/mag-des-competences\/wp-json\/wp\/v2\/media?parent=9121"}],"wp:term":[{"taxonomy":"category","embeddable":true,"href":"https:\/\/www.comundi.fr\/mag-des-competences\/wp-json\/wp\/v2\/categories?post=9121"}],"curies":[{"name":"wp","href":"https:\/\/api.w.org\/{rel}","templated":true}]}}