{"id":869,"date":"2018-05-11T11:41:19","date_gmt":"2018-05-11T09:41:19","guid":{"rendered":"https:\/\/www.comundi.fr\/mag-des-competences\/?p=869"},"modified":"2024-07-08T14:27:21","modified_gmt":"2024-07-08T12:27:21","slug":"les-8-erreurs-a-proscrire-lors-de-vos-prises-de-parole-en-public","status":"publish","type":"post","link":"https:\/\/www.comundi.fr\/mag-des-competences\/les-8-erreurs-a-proscrire-lors-de-vos-prises-de-parole-en-public\/","title":{"rendered":"Les 8 erreurs \u00e0 proscrire lors de vos prises de parole en public"},"content":{"rendered":"<p style=\"text-align: justify;\">La <strong>prise de parole en public<\/strong> est toujours un moment important en entreprise. Et m\u00eame si vous connaissez votre sujet sur le bout des doigts, certains d\u00e9tails de <strong>pr\u00e9sentation<\/strong> peuvent vous faire rater cet exercice.<\/p>\n<p style=\"text-align: justify;\">Pour vous aider \u00e0 briller, identifions les erreurs les plus courantes.<\/p>\n<h2 style=\"text-align: justify;\">1<sup>\u00e8re<\/sup>\u00a0erreur\u00a0: Abuser des tics de langage<\/h2>\n<p style=\"text-align: justify;\">Toutes vos phrases sont ponctu\u00e9es de \u201cdonc\u201d, \u201cje veux\u201d, \u201cvoil\u00e0\u201d et \u201ceuh\u201d ? \u00a0Ces r\u00e9p\u00e9titions servent g\u00e9n\u00e9ralement \u00e0 nous rassurer et \u00e0 prendre un temps de r\u00e9flexion, le probl\u00e8me c\u2019est que ces petits mots agissent comme des parasites sur notre discours. Mieux vaut remplacer ces tics de langage par de courts moments de silence et de respiration.<\/p>\n<p style=\"text-align: justify;\">Si vous avez pr\u00e9par\u00e9 votre <strong>pr\u00e9sentation \u00e0 l\u2019\u00e9crit, <\/strong>vous devez la modifier pour que les structures de phrase soient adapt\u00e9es \u00e0 l\u2019oral.<\/p>\n<h2 style=\"text-align: justify;\">2<sup>e<\/sup>\u00a0erreur\u00a0: Faire des gestes inappropri\u00e9s<\/h2>\n<p style=\"text-align: justify;\">Lors d\u2019une incongruence, le non-verbal compte pour 90% de la communication. On a donc plut\u00f4t int\u00e9r\u00eat \u00e0 pr\u00eater attention aux gestes, postures et mimiques qui peuvent desservir une prise de parole.<\/p>\n<p style=\"text-align: justify;\">Exit les bras crois\u00e9s, synonymes de fermeture, les \u00e9paules avachies qui laissent croire que vous \u00eates coupable ainsi que les sourcils fonc\u00e9s, embl\u00e8mes du m\u00e9contentement<strong>. <\/strong>La gestuelle est porteuse de sens, elle doit donc \u00eatre calme, souple et suffisamment discr\u00e8te pour ne pas entraver votre message.\u00a0<strong><br \/>\n<\/strong><\/p>\n<h2 style=\"text-align: justify;\">3<sup>e<\/sup>\u00a0erreur\u00a0: Multiplier les mots galvaud\u00e9s<\/h2>\n<p style=\"text-align: justify;\">\u201cUn facteur de succ\u00e8s\u201d, \u201cune strat\u00e9gie ambitieuse\u201d, \u201cun plan d\u2019action\u201d\u2026 \u00c9viter d\u2019utiliser des expressions abstraites ou g\u00e9n\u00e9riques, entendues \u00e0 chaque <strong>pr\u00e9sentation en entreprise.<\/strong><\/p>\n<p style=\"text-align: justify;\">Car le risque, c\u2019est que votre intervention devienne creuse. Croire qu\u2019il suffit que votre voix emplisse l\u2019espace pour exister aux yeux de l\u2019auditoire est une erreur. <strong>L<\/strong>es belles phrases vides de sens d\u00e9notent un manque de contenu et laissent penser que vous n\u2019\u00eates pas comp\u00e9tent.<\/p>\n<h2 style=\"text-align: justify;\">4e erreur : Parler d\u2019une voix monocorde<\/h2>\n<p style=\"text-align: justify;\">Il faut toujours parler pour le dernier rang. En plus de travailler sa diction, mieux vaut s\u2019entra\u00eener \u00e0 <strong>faire porter sa voix<\/strong>avant de<strong> prendre la parole en public.<\/strong><\/p>\n<p style=\"text-align: justify;\">Puisque celle-ci prend sa source dans l\u2019abdomen, il convient de respirer largement et de vider compl\u00e8tement l\u2019air de vos poumons pour la rendre plus puissante. Cela vous permettra, par la m\u00eame occasion, de changer de tonalit\u00e9 au fil de votre pr\u00e9sentation.<\/p>\n<h2 style=\"text-align: justify;\">5e erreur : Utiliser des sous-entendus<\/h2>\n<p style=\"text-align: justify;\">Ils sont sources de malentendus. L\u2019adage \u201cSi cela va sans dire, cela ira encore mieux en le disant\u201d r\u00e9sume parfaitement l\u2019id\u00e9e qu\u2019il faut ici retenir.<\/p>\n<p style=\"text-align: justify;\">Plut\u00f4t que de partir du principe que votre audience ma\u00eetrise d\u00e9j\u00e0 votre sujet d\u2019intervention, il vaut mieux s\u2019en assurer en vous exprimant le plus clairement possible et en d\u00e9butant votre<strong> pr\u00e9sentation<\/strong> par un rappel des faits, par exemple. D\u2019autant plus si votre cible n\u2019est pas issue du m\u00eame s\u00e9rail que vous.<\/p>\n<h2 style=\"text-align: justify;\">6e erreur : D\u00e9laisser son auditoire<\/h2>\n<p style=\"text-align: justify;\">Vous entendez des chuchotements au fond de la salle ? C\u2019est un signe que l\u2019<strong>int\u00e9r\u00eat du public<\/strong> commence \u00e0 s\u2019\u00e9mousser. Pour que votre assembl\u00e9e boive de nouveau vos paroles,<a href=\"https:\/\/www.comundi.fr\/mag-des-competences\/7-occasions-de-reussir-sa-prise-de-parole-en-public\/\" target=\"_blank\" rel=\"noopener\"> il existe plusieurs astuces<\/a>.<\/p>\n<p style=\"text-align: justify;\">Il est possible de cr\u00e9er des ruptures de rythme en faisant intervenir la salle, par le biais d\u2019une s\u00e9ance de questions-r\u00e9ponses. Mener un sondage ou raconter une anecdote peut \u00e9galement capter l\u2019attention de votre assembl\u00e9e.<\/p>\n<h2 style=\"text-align: justify;\">7e erreur : Regarder ses notes<\/h2>\n<p style=\"text-align: justify;\">Durant votre intervention, votre regard doit \u00eatre tourn\u00e9 vers l\u2019assembl\u00e9e, non vers vos notes ou votre support Powerpoint. Si votre audience est restreinte, le mieux est d\u2019essayer de regarder tous les membres. Dans le cas inverse, lancez successivement des regards vers diff\u00e9rentes zones de la salle.<\/p>\n<p style=\"text-align: justify;\">Il est par exemple possible de prendre trois points d\u2019appui dans la salle comme des personnes que l\u2019on connait et de s\u2019ancrer du regard durant votre pr\u00e9sentation.<\/p>\n<h2 style=\"text-align: justify;\">8<sup>e<\/sup>\u00a0erreur\u00a0: Utiliser pour un style litt\u00e9raire<\/h2>\n<p style=\"text-align: justify;\">Vous ne parlez pas de la m\u00eame mani\u00e8re que vous \u00e9crivez. Ainsi, m\u00eame si vous avez pr\u00e9par\u00e9 votre pr\u00e9sentation \u00e0 l\u2019\u00e9crit, vous devez la modifier pour que les structures de phrase soient adapt\u00e9es \u00e0 l\u2019oral. Il faut avoir recours \u00e0 une syntaxe claire et pr\u00e9cise ainsi que des phrases courtes, plus compr\u00e9hensibles par le public. Avec un plan de bataille en t\u00eate\u00a0: <strong>convaincre, \u00e9tonner, rassurer, toucher.<\/strong><\/p>\n<p>Pour approfondir vos connaissances sur le sujet, nous vous proposons un<strong><a href=\"https:\/\/www.comundi.fr\/formations\/formation-prise-de-parole-en-public.html?utm_source=Mag%20des%20comp%C3%A9tences&amp;utm_medium=article&amp;utm_campaign=Les%208%20erreurs%20%C3%A0%20proscrire%20lors%20de%20vos%20prises%20de%20parole%20en%20public\" target=\"_blank\" rel=\"noopener\">cours de prise de parole en public.<\/a><\/strong><\/p>\n","protected":false},"excerpt":{"rendered":"<p>La prise de parole en public est toujours un moment important en entreprise. Et m\u00eame si vous connaissez votre sujet sur le bout des doigts, certains d\u00e9tails de pr\u00e9sentation peuvent vous faire rater cet exercice. Pour vous aider \u00e0 briller, identifions les erreurs les plus courantes. 1\u00e8re\u00a0erreur\u00a0: Abuser des tics de langage Toutes vos phrases [&hellip;]<\/p>\n","protected":false},"author":8,"featured_media":870,"comment_status":"open","ping_status":"open","sticky":false,"template":"","format":"standard","meta":{"_mi_skip_tracking":false},"categories":[183],"yoast_head":"<!-- This site is optimized with the Yoast SEO plugin v16.1 - https:\/\/yoast.com\/wordpress\/plugins\/seo\/ -->\n<title>Quelles sont les erreurs \u00e0 proscrire lors de vos prises de parole en public ?<\/title>\n<meta name=\"description\" content=\"La prise de parole en public est toujours un moment important en entreprise. Comment optimiser votre discours ? Quelles sont les erreurs \u00e0 \u00e9viter ?\" \/>\n<meta name=\"robots\" content=\"index, follow, max-snippet:-1, max-image-preview:large, max-video-preview:-1\" \/>\n<link rel=\"canonical\" href=\"https:\/\/www.comundi.fr\/mag-des-competences\/les-8-erreurs-a-proscrire-lors-de-vos-prises-de-parole-en-public\/\" \/>\n<meta property=\"og:locale\" content=\"fr_FR\" \/>\n<meta property=\"og:type\" content=\"article\" \/>\n<meta property=\"og:title\" content=\"Quelles sont les erreurs \u00e0 proscrire lors de vos prises de parole en public ?\" \/>\n<meta property=\"og:description\" content=\"La prise de parole en public est toujours un moment important en entreprise. Comment optimiser votre discours ? Quelles sont les erreurs \u00e0 \u00e9viter ?\" \/>\n<meta property=\"og:url\" content=\"https:\/\/www.comundi.fr\/mag-des-competences\/les-8-erreurs-a-proscrire-lors-de-vos-prises-de-parole-en-public\/\" \/>\n<meta property=\"og:site_name\" content=\"Mag des comp\u00e9tences - Comundi\" \/>\n<meta property=\"article:publisher\" content=\"https:\/\/www.facebook.com\/Comundi\/?fref=ts\" \/>\n<meta property=\"article:published_time\" content=\"2018-05-11T09:41:19+00:00\" \/>\n<meta property=\"article:modified_time\" content=\"2024-07-08T12:27:21+00:00\" \/>\n<meta property=\"og:image\" content=\"https:\/\/www.comundi.fr\/mag-des-competences\/wp-content\/uploads\/2018\/05\/shutterstock_365557208-e1526031645800.jpg\" \/>\n\t<meta property=\"og:image:width\" content=\"1000\" \/>\n\t<meta property=\"og:image:height\" content=\"667\" \/>\n<meta name=\"twitter:card\" content=\"summary_large_image\" \/>\n<meta name=\"twitter:creator\" content=\"@ComundiActu\" \/>\n<meta name=\"twitter:site\" content=\"@ComundiActu\" \/>\n<meta name=\"twitter:label1\" content=\"Dur\u00e9e de lecture est.\">\n\t<meta name=\"twitter:data1\" content=\"4 minutes\">\n<script type=\"application\/ld+json\" class=\"yoast-schema-graph\">{\"@context\":\"https:\/\/schema.org\",\"@graph\":[{\"@type\":\"Organization\",\"@id\":\"https:\/\/www.comundi.fr\/mag-des-competences\/#organization\",\"name\":\"Comundi\",\"url\":\"https:\/\/www.comundi.fr\/mag-des-competences\/\",\"sameAs\":[\"https:\/\/www.facebook.com\/Comundi\/?fref=ts\",\"https:\/\/www.linkedin.com\/company\/comundi\/\",\"https:\/\/www.youtube.com\/user\/ComundiFormations\",\"https:\/\/twitter.com\/ComundiActu\"],\"logo\":{\"@type\":\"ImageObject\",\"@id\":\"https:\/\/www.comundi.fr\/mag-des-competences\/#logo\",\"inLanguage\":\"fr-FR\",\"url\":\"https:\/\/www.comundi.fr\/mag-des-competences\/wp-content\/uploads\/2018\/01\/comundi.png\",\"contentUrl\":\"https:\/\/www.comundi.fr\/mag-des-competences\/wp-content\/uploads\/2018\/01\/comundi.png\",\"width\":300,\"height\":300,\"caption\":\"Comundi\"},\"image\":{\"@id\":\"https:\/\/www.comundi.fr\/mag-des-competences\/#logo\"}},{\"@type\":\"WebSite\",\"@id\":\"https:\/\/www.comundi.fr\/mag-des-competences\/#website\",\"url\":\"https:\/\/www.comundi.fr\/mag-des-competences\/\",\"name\":\"Mag des comp\\u00e9tences - Comundi\",\"description\":\"Le magazine des m\\u00e9tiers de demain\",\"publisher\":{\"@id\":\"https:\/\/www.comundi.fr\/mag-des-competences\/#organization\"},\"potentialAction\":[{\"@type\":\"SearchAction\",\"target\":\"https:\/\/www.comundi.fr\/mag-des-competences\/?s={search_term_string}\",\"query-input\":\"required name=search_term_string\"}],\"inLanguage\":\"fr-FR\"},{\"@type\":\"ImageObject\",\"@id\":\"https:\/\/www.comundi.fr\/mag-des-competences\/les-8-erreurs-a-proscrire-lors-de-vos-prises-de-parole-en-public\/#primaryimage\",\"inLanguage\":\"fr-FR\",\"url\":\"https:\/\/www.comundi.fr\/mag-des-competences\/wp-content\/uploads\/2018\/05\/shutterstock_365557208-e1526031645800.jpg\",\"contentUrl\":\"https:\/\/www.comundi.fr\/mag-des-competences\/wp-content\/uploads\/2018\/05\/shutterstock_365557208-e1526031645800.jpg\",\"width\":1000,\"height\":667,\"caption\":\"La prise de parole en public\"},{\"@type\":\"WebPage\",\"@id\":\"https:\/\/www.comundi.fr\/mag-des-competences\/les-8-erreurs-a-proscrire-lors-de-vos-prises-de-parole-en-public\/#webpage\",\"url\":\"https:\/\/www.comundi.fr\/mag-des-competences\/les-8-erreurs-a-proscrire-lors-de-vos-prises-de-parole-en-public\/\",\"name\":\"Quelles sont les erreurs \\u00e0 proscrire lors de vos prises de parole en public ?\",\"isPartOf\":{\"@id\":\"https:\/\/www.comundi.fr\/mag-des-competences\/#website\"},\"primaryImageOfPage\":{\"@id\":\"https:\/\/www.comundi.fr\/mag-des-competences\/les-8-erreurs-a-proscrire-lors-de-vos-prises-de-parole-en-public\/#primaryimage\"},\"datePublished\":\"2018-05-11T09:41:19+00:00\",\"dateModified\":\"2024-07-08T12:27:21+00:00\",\"description\":\"La prise de parole en public est toujours un moment important en entreprise. Comment optimiser votre discours ? Quelles sont les erreurs \\u00e0 \\u00e9viter ?\",\"breadcrumb\":{\"@id\":\"https:\/\/www.comundi.fr\/mag-des-competences\/les-8-erreurs-a-proscrire-lors-de-vos-prises-de-parole-en-public\/#breadcrumb\"},\"inLanguage\":\"fr-FR\",\"potentialAction\":[{\"@type\":\"ReadAction\",\"target\":[\"https:\/\/www.comundi.fr\/mag-des-competences\/les-8-erreurs-a-proscrire-lors-de-vos-prises-de-parole-en-public\/\"]}]},{\"@type\":\"BreadcrumbList\",\"@id\":\"https:\/\/www.comundi.fr\/mag-des-competences\/les-8-erreurs-a-proscrire-lors-de-vos-prises-de-parole-en-public\/#breadcrumb\",\"itemListElement\":[{\"@type\":\"ListItem\",\"position\":1,\"item\":{\"@type\":\"WebPage\",\"@id\":\"https:\/\/www.comundi.fr\/mag-des-competences\/\",\"url\":\"https:\/\/www.comundi.fr\/mag-des-competences\/\",\"name\":\"Accueil\"}},{\"@type\":\"ListItem\",\"position\":2,\"item\":{\"@type\":\"WebPage\",\"@id\":\"https:\/\/www.comundi.fr\/mag-des-competences\/les-8-erreurs-a-proscrire-lors-de-vos-prises-de-parole-en-public\/\",\"url\":\"https:\/\/www.comundi.fr\/mag-des-competences\/les-8-erreurs-a-proscrire-lors-de-vos-prises-de-parole-en-public\/\",\"name\":\"Les 8 erreurs \\u00e0 proscrire lors de vos prises de parole en public\"}}]},{\"@type\":\"Article\",\"@id\":\"https:\/\/www.comundi.fr\/mag-des-competences\/les-8-erreurs-a-proscrire-lors-de-vos-prises-de-parole-en-public\/#article\",\"isPartOf\":{\"@id\":\"https:\/\/www.comundi.fr\/mag-des-competences\/les-8-erreurs-a-proscrire-lors-de-vos-prises-de-parole-en-public\/#webpage\"},\"author\":{\"@id\":\"https:\/\/www.comundi.fr\/mag-des-competences\/#\/schema\/person\/d08f5c2cf9de6fcfd33c30314745578e\"},\"headline\":\"Les 8 erreurs \\u00e0 proscrire lors de vos prises de parole en public\",\"datePublished\":\"2018-05-11T09:41:19+00:00\",\"dateModified\":\"2024-07-08T12:27:21+00:00\",\"mainEntityOfPage\":{\"@id\":\"https:\/\/www.comundi.fr\/mag-des-competences\/les-8-erreurs-a-proscrire-lors-de-vos-prises-de-parole-en-public\/#webpage\"},\"commentCount\":0,\"publisher\":{\"@id\":\"https:\/\/www.comundi.fr\/mag-des-competences\/#organization\"},\"image\":{\"@id\":\"https:\/\/www.comundi.fr\/mag-des-competences\/les-8-erreurs-a-proscrire-lors-de-vos-prises-de-parole-en-public\/#primaryimage\"},\"articleSection\":\"Efficacit\\u00e9 professionnelle\",\"inLanguage\":\"fr-FR\",\"potentialAction\":[{\"@type\":\"CommentAction\",\"name\":\"Comment\",\"target\":[\"https:\/\/www.comundi.fr\/mag-des-competences\/les-8-erreurs-a-proscrire-lors-de-vos-prises-de-parole-en-public\/#respond\"]}]},{\"@type\":\"Person\",\"@id\":\"https:\/\/www.comundi.fr\/mag-des-competences\/#\/schema\/person\/d08f5c2cf9de6fcfd33c30314745578e\",\"name\":\"Comundi\",\"image\":{\"@type\":\"ImageObject\",\"@id\":\"https:\/\/www.comundi.fr\/mag-des-competences\/#personlogo\",\"inLanguage\":\"fr-FR\",\"url\":\"https:\/\/secure.gravatar.com\/avatar\/da2835ae7b2c1279e8e897d242f4cda6?s=96&d=mm&r=g\",\"contentUrl\":\"https:\/\/secure.gravatar.com\/avatar\/da2835ae7b2c1279e8e897d242f4cda6?s=96&d=mm&r=g\",\"caption\":\"Comundi\"}}]}<\/script>\n<!-- \/ Yoast SEO plugin. -->","amp_enabled":true,"_links":{"self":[{"href":"https:\/\/www.comundi.fr\/mag-des-competences\/wp-json\/wp\/v2\/posts\/869"}],"collection":[{"href":"https:\/\/www.comundi.fr\/mag-des-competences\/wp-json\/wp\/v2\/posts"}],"about":[{"href":"https:\/\/www.comundi.fr\/mag-des-competences\/wp-json\/wp\/v2\/types\/post"}],"author":[{"embeddable":true,"href":"https:\/\/www.comundi.fr\/mag-des-competences\/wp-json\/wp\/v2\/users\/8"}],"replies":[{"embeddable":true,"href":"https:\/\/www.comundi.fr\/mag-des-competences\/wp-json\/wp\/v2\/comments?post=869"}],"version-history":[{"count":7,"href":"https:\/\/www.comundi.fr\/mag-des-competences\/wp-json\/wp\/v2\/posts\/869\/revisions"}],"predecessor-version":[{"id":12665,"href":"https:\/\/www.comundi.fr\/mag-des-competences\/wp-json\/wp\/v2\/posts\/869\/revisions\/12665"}],"wp:featuredmedia":[{"embeddable":true,"href":"https:\/\/www.comundi.fr\/mag-des-competences\/wp-json\/wp\/v2\/media\/870"}],"wp:attachment":[{"href":"https:\/\/www.comundi.fr\/mag-des-competences\/wp-json\/wp\/v2\/media?parent=869"}],"wp:term":[{"taxonomy":"category","embeddable":true,"href":"https:\/\/www.comundi.fr\/mag-des-competences\/wp-json\/wp\/v2\/categories?post=869"}],"curies":[{"name":"wp","href":"https:\/\/api.w.org\/{rel}","templated":true}]}}