{"id":820,"date":"2018-05-09T09:00:36","date_gmt":"2018-05-09T07:00:36","guid":{"rendered":"https:\/\/www.comundi.fr\/mag-des-competences\/?p=820"},"modified":"2019-10-16T15:50:39","modified_gmt":"2019-10-16T13:50:39","slug":"reforme-de-la-formation-3-le-devenir-de-lalternance-et-des-opca","status":"publish","type":"post","link":"https:\/\/www.comundi.fr\/mag-des-competences\/reforme-de-la-formation-3-le-devenir-de-lalternance-et-des-opca\/","title":{"rendered":"R\u00e9forme de la formation # 3. Le devenir de l\u2019alternance et des OPCA"},"content":{"rendered":"<p>Interview d\u2019Alain-Fr\u00e9d\u00e9ric FERNANDEZ, expert en droit de la formation professionnelle et consultant-formateur pour Comundi Comp\u00e9tences<\/p>\n<p><strong>Sp\u00e9ciale \u00ab\u00a0R\u00e9forme\u00a0de la formation\u00a0\u00bb : d\u00e9cryptage des points clefs<\/strong><\/p>\n<h2><strong>L\u2019alternance comme moyen d\u2019int\u00e9gration au march\u00e9 du travail<\/strong><\/h2>\n<p>Les deux contrats en alternance sont fusionn\u00e9s en termes de formalit\u00e9s de cr\u00e9ation et en terme de droits pour les alternants. C\u2019est donc la fin d\u2019une injustice.<\/p>\n<p>Les OPCO (Op\u00e9rateurs des Comp\u00e9tences) sont charg\u00e9s de la gestion de l\u2019alternance.<\/p>\n<p>A terme le contrat d\u2019apprentissage sera orient\u00e9, en fonction de la carte r\u00e9gionale d\u2019apprentissage, vers les opportunit\u00e9s du march\u00e9 et \u00e0 un niveau plut\u00f4t BAC+2. Le contrat de professionnalisation se verra r\u00e9orient\u00e9 comme \u00e0 l\u2019origine en 2004, vers l\u2019int\u00e9gration du nouveau salari\u00e9 dans son entreprise.<\/p>\n<h2><strong>L\u2019Evolution du r\u00f4le des OPCA<\/strong><\/h2>\n<p>En 2018, 2019 et 2020 au plus tard les OPCA renomm\u00e9s \u00ab\u00a0Op\u00e9rateurs des Comp\u00e9tences\u00a0\u00bb continueront \u00e0 assurer la collecte des contributions et la gestion des fonds. Cette situation changera ensuite, l\u2019Etat reprendra la main avec une <strong>collecte confi\u00e9e \u00e0 L\u2019URSSAF et une gestion des fonds par la Caisse des d\u00e9p\u00f4ts<\/strong>.<\/p>\n<p>Ainsi totalement lib\u00e9r\u00e9s de cette charge administrative, les 6000 salari\u00e9s des <strong>OPCA et OPACIF<\/strong> pourront se consacrer \u00e0 leurs deux missions principales\u00a0:<\/p>\n<ul>\n<li><a href=\"https:\/\/www.comundi.fr\/mag-des-competences\/du-plan-de-formation-au-plan-de-developpement-des-competences\/\">le <strong>plan de formation<\/strong> des salari\u00e9s<\/a> des <strong>TPE<\/strong><\/li>\n<li>et le d\u00e9veloppement de l\u2019<strong>alternance<\/strong> pour toutes les entreprises.<\/li>\n<\/ul>\n","protected":false},"excerpt":{"rendered":"<p>Interview d\u2019Alain-Fr\u00e9d\u00e9ric FERNANDEZ, expert en droit de la formation professionnelle et consultant-formateur pour Comundi Comp\u00e9tences Sp\u00e9ciale \u00ab\u00a0R\u00e9forme\u00a0de la formation\u00a0\u00bb : d\u00e9cryptage des points clefs L\u2019alternance comme moyen d\u2019int\u00e9gration au march\u00e9 du travail Les deux contrats en alternance sont fusionn\u00e9s en termes de formalit\u00e9s de cr\u00e9ation et en terme de droits pour les alternants. C\u2019est donc [&hellip;]<\/p>\n","protected":false},"author":8,"featured_media":813,"comment_status":"open","ping_status":"open","sticky":false,"template":"","format":"standard","meta":{"_mi_skip_tracking":false},"categories":[201],"yoast_head":"<!-- This site is optimized with the Yoast SEO plugin v16.1 - https:\/\/yoast.com\/wordpress\/plugins\/seo\/ -->\n<title>R\u00e9forme de la formation : Le devenir de l\u2019alternance et des OPCA - Mag des comp\u00e9tences - Comundi<\/title>\n<meta name=\"description\" content=\"Comment la formation en alternance va-t-elle \u00e9voluer ? Quel sera le r\u00f4le des OPCA ? R\u00e9ponse d&#039;Alain-Fr\u00e9d\u00e9ric FERNANDEZ (expert en droit de la formation)\" \/>\n<meta name=\"robots\" content=\"noindex, nofollow\" \/>\n<meta property=\"og:locale\" content=\"fr_FR\" \/>\n<meta property=\"og:type\" content=\"article\" \/>\n<meta property=\"og:title\" content=\"R\u00e9forme de la formation : Le devenir de l\u2019alternance et des OPCA - Mag des comp\u00e9tences - Comundi\" \/>\n<meta property=\"og:description\" content=\"Comment la formation en alternance va-t-elle \u00e9voluer ? Quel sera le r\u00f4le des OPCA ? R\u00e9ponse d&#039;Alain-Fr\u00e9d\u00e9ric FERNANDEZ (expert en droit de la formation)\" \/>\n<meta property=\"og:url\" content=\"https:\/\/www.comundi.fr\/mag-des-competences\/reforme-de-la-formation-3-le-devenir-de-lalternance-et-des-opca\/\" \/>\n<meta property=\"og:site_name\" content=\"Mag des comp\u00e9tences - Comundi\" \/>\n<meta property=\"article:publisher\" content=\"https:\/\/www.facebook.com\/Comundi\/?fref=ts\" \/>\n<meta property=\"article:published_time\" content=\"2018-05-09T07:00:36+00:00\" \/>\n<meta property=\"article:modified_time\" content=\"2019-10-16T13:50:39+00:00\" \/>\n<meta property=\"og:image\" content=\"https:\/\/www.comundi.fr\/mag-des-competences\/wp-content\/uploads\/2018\/05\/shutterstock_313119476-e1525334272650.jpg\" \/>\n\t<meta property=\"og:image:width\" content=\"1000\" \/>\n\t<meta property=\"og:image:height\" content=\"657\" \/>\n<meta name=\"twitter:card\" content=\"summary_large_image\" \/>\n<meta name=\"twitter:creator\" content=\"@ComundiActu\" \/>\n<meta name=\"twitter:site\" content=\"@ComundiActu\" \/>\n<meta name=\"twitter:label1\" content=\"Dur\u00e9e de lecture est.\">\n\t<meta name=\"twitter:data1\" content=\"1 minute\">\n<script type=\"application\/ld+json\" class=\"yoast-schema-graph\">{\"@context\":\"https:\/\/schema.org\",\"@graph\":[{\"@type\":\"Organization\",\"@id\":\"https:\/\/www.comundi.fr\/mag-des-competences\/#organization\",\"name\":\"Comundi\",\"url\":\"https:\/\/www.comundi.fr\/mag-des-competences\/\",\"sameAs\":[\"https:\/\/www.facebook.com\/Comundi\/?fref=ts\",\"https:\/\/www.linkedin.com\/company\/comundi\/\",\"https:\/\/www.youtube.com\/user\/ComundiFormations\",\"https:\/\/twitter.com\/ComundiActu\"],\"logo\":{\"@type\":\"ImageObject\",\"@id\":\"https:\/\/www.comundi.fr\/mag-des-competences\/#logo\",\"inLanguage\":\"fr-FR\",\"url\":\"https:\/\/www.comundi.fr\/mag-des-competences\/wp-content\/uploads\/2018\/01\/comundi.png\",\"contentUrl\":\"https:\/\/www.comundi.fr\/mag-des-competences\/wp-content\/uploads\/2018\/01\/comundi.png\",\"width\":300,\"height\":300,\"caption\":\"Comundi\"},\"image\":{\"@id\":\"https:\/\/www.comundi.fr\/mag-des-competences\/#logo\"}},{\"@type\":\"WebSite\",\"@id\":\"https:\/\/www.comundi.fr\/mag-des-competences\/#website\",\"url\":\"https:\/\/www.comundi.fr\/mag-des-competences\/\",\"name\":\"Mag des comp\\u00e9tences - Comundi\",\"description\":\"Le magazine des m\\u00e9tiers de demain\",\"publisher\":{\"@id\":\"https:\/\/www.comundi.fr\/mag-des-competences\/#organization\"},\"potentialAction\":[{\"@type\":\"SearchAction\",\"target\":\"https:\/\/www.comundi.fr\/mag-des-competences\/?s={search_term_string}\",\"query-input\":\"required name=search_term_string\"}],\"inLanguage\":\"fr-FR\"},{\"@type\":\"ImageObject\",\"@id\":\"https:\/\/www.comundi.fr\/mag-des-competences\/reforme-de-la-formation-3-le-devenir-de-lalternance-et-des-opca\/#primaryimage\",\"inLanguage\":\"fr-FR\",\"url\":\"https:\/\/www.comundi.fr\/mag-des-competences\/wp-content\/uploads\/2018\/05\/shutterstock_313119476-e1525334272650.jpg\",\"contentUrl\":\"https:\/\/www.comundi.fr\/mag-des-competences\/wp-content\/uploads\/2018\/05\/shutterstock_313119476-e1525334272650.jpg\",\"width\":1000,\"height\":657,\"caption\":\"Les \\u00e9volutions pour alternance et les OPCA\"},{\"@type\":\"WebPage\",\"@id\":\"https:\/\/www.comundi.fr\/mag-des-competences\/reforme-de-la-formation-3-le-devenir-de-lalternance-et-des-opca\/#webpage\",\"url\":\"https:\/\/www.comundi.fr\/mag-des-competences\/reforme-de-la-formation-3-le-devenir-de-lalternance-et-des-opca\/\",\"name\":\"R\\u00e9forme de la formation : Le devenir de l\\u2019alternance et des OPCA - Mag des comp\\u00e9tences - Comundi\",\"isPartOf\":{\"@id\":\"https:\/\/www.comundi.fr\/mag-des-competences\/#website\"},\"primaryImageOfPage\":{\"@id\":\"https:\/\/www.comundi.fr\/mag-des-competences\/reforme-de-la-formation-3-le-devenir-de-lalternance-et-des-opca\/#primaryimage\"},\"datePublished\":\"2018-05-09T07:00:36+00:00\",\"dateModified\":\"2019-10-16T13:50:39+00:00\",\"description\":\"Comment la formation en alternance va-t-elle \\u00e9voluer ? Quel sera le r\\u00f4le des OPCA ? R\\u00e9ponse d'Alain-Fr\\u00e9d\\u00e9ric FERNANDEZ (expert en droit de la formation)\",\"breadcrumb\":{\"@id\":\"https:\/\/www.comundi.fr\/mag-des-competences\/reforme-de-la-formation-3-le-devenir-de-lalternance-et-des-opca\/#breadcrumb\"},\"inLanguage\":\"fr-FR\",\"potentialAction\":[{\"@type\":\"ReadAction\",\"target\":[\"https:\/\/www.comundi.fr\/mag-des-competences\/reforme-de-la-formation-3-le-devenir-de-lalternance-et-des-opca\/\"]}]},{\"@type\":\"BreadcrumbList\",\"@id\":\"https:\/\/www.comundi.fr\/mag-des-competences\/reforme-de-la-formation-3-le-devenir-de-lalternance-et-des-opca\/#breadcrumb\",\"itemListElement\":[{\"@type\":\"ListItem\",\"position\":1,\"item\":{\"@type\":\"WebPage\",\"@id\":\"https:\/\/www.comundi.fr\/mag-des-competences\/\",\"url\":\"https:\/\/www.comundi.fr\/mag-des-competences\/\",\"name\":\"Accueil\"}},{\"@type\":\"ListItem\",\"position\":2,\"item\":{\"@type\":\"WebPage\",\"@id\":\"https:\/\/www.comundi.fr\/mag-des-competences\/reforme-de-la-formation-3-le-devenir-de-lalternance-et-des-opca\/\",\"url\":\"https:\/\/www.comundi.fr\/mag-des-competences\/reforme-de-la-formation-3-le-devenir-de-lalternance-et-des-opca\/\",\"name\":\"R\\u00e9forme de la formation # 3. Le devenir de l\\u2019alternance et des OPCA\"}}]},{\"@type\":\"Article\",\"@id\":\"https:\/\/www.comundi.fr\/mag-des-competences\/reforme-de-la-formation-3-le-devenir-de-lalternance-et-des-opca\/#article\",\"isPartOf\":{\"@id\":\"https:\/\/www.comundi.fr\/mag-des-competences\/reforme-de-la-formation-3-le-devenir-de-lalternance-et-des-opca\/#webpage\"},\"author\":{\"@id\":\"https:\/\/www.comundi.fr\/mag-des-competences\/#\/schema\/person\/d08f5c2cf9de6fcfd33c30314745578e\"},\"headline\":\"R\\u00e9forme de la formation # 3. Le devenir de l\\u2019alternance et des OPCA\",\"datePublished\":\"2018-05-09T07:00:36+00:00\",\"dateModified\":\"2019-10-16T13:50:39+00:00\",\"mainEntityOfPage\":{\"@id\":\"https:\/\/www.comundi.fr\/mag-des-competences\/reforme-de-la-formation-3-le-devenir-de-lalternance-et-des-opca\/#webpage\"},\"commentCount\":0,\"publisher\":{\"@id\":\"https:\/\/www.comundi.fr\/mag-des-competences\/#organization\"},\"image\":{\"@id\":\"https:\/\/www.comundi.fr\/mag-des-competences\/reforme-de-la-formation-3-le-devenir-de-lalternance-et-des-opca\/#primaryimage\"},\"articleSection\":\"Formation professionnelle\",\"inLanguage\":\"fr-FR\",\"potentialAction\":[{\"@type\":\"CommentAction\",\"name\":\"Comment\",\"target\":[\"https:\/\/www.comundi.fr\/mag-des-competences\/reforme-de-la-formation-3-le-devenir-de-lalternance-et-des-opca\/#respond\"]}]},{\"@type\":\"Person\",\"@id\":\"https:\/\/www.comundi.fr\/mag-des-competences\/#\/schema\/person\/d08f5c2cf9de6fcfd33c30314745578e\",\"name\":\"Comundi\",\"image\":{\"@type\":\"ImageObject\",\"@id\":\"https:\/\/www.comundi.fr\/mag-des-competences\/#personlogo\",\"inLanguage\":\"fr-FR\",\"url\":\"https:\/\/secure.gravatar.com\/avatar\/da2835ae7b2c1279e8e897d242f4cda6?s=96&d=mm&r=g\",\"contentUrl\":\"https:\/\/secure.gravatar.com\/avatar\/da2835ae7b2c1279e8e897d242f4cda6?s=96&d=mm&r=g\",\"caption\":\"Comundi\"}}]}<\/script>\n<!-- \/ Yoast SEO plugin. -->","amp_enabled":true,"_links":{"self":[{"href":"https:\/\/www.comundi.fr\/mag-des-competences\/wp-json\/wp\/v2\/posts\/820"}],"collection":[{"href":"https:\/\/www.comundi.fr\/mag-des-competences\/wp-json\/wp\/v2\/posts"}],"about":[{"href":"https:\/\/www.comundi.fr\/mag-des-competences\/wp-json\/wp\/v2\/types\/post"}],"author":[{"embeddable":true,"href":"https:\/\/www.comundi.fr\/mag-des-competences\/wp-json\/wp\/v2\/users\/8"}],"replies":[{"embeddable":true,"href":"https:\/\/www.comundi.fr\/mag-des-competences\/wp-json\/wp\/v2\/comments?post=820"}],"version-history":[{"count":4,"href":"https:\/\/www.comundi.fr\/mag-des-competences\/wp-json\/wp\/v2\/posts\/820\/revisions"}],"predecessor-version":[{"id":3138,"href":"https:\/\/www.comundi.fr\/mag-des-competences\/wp-json\/wp\/v2\/posts\/820\/revisions\/3138"}],"wp:featuredmedia":[{"embeddable":true,"href":"https:\/\/www.comundi.fr\/mag-des-competences\/wp-json\/wp\/v2\/media\/813"}],"wp:attachment":[{"href":"https:\/\/www.comundi.fr\/mag-des-competences\/wp-json\/wp\/v2\/media?parent=820"}],"wp:term":[{"taxonomy":"category","embeddable":true,"href":"https:\/\/www.comundi.fr\/mag-des-competences\/wp-json\/wp\/v2\/categories?post=820"}],"curies":[{"name":"wp","href":"https:\/\/api.w.org\/{rel}","templated":true}]}}