{"id":803,"date":"2018-04-30T09:00:13","date_gmt":"2018-04-30T07:00:13","guid":{"rendered":"https:\/\/www.comundi.fr\/mag-des-competences\/?p=803"},"modified":"2019-10-16T15:27:50","modified_gmt":"2019-10-16T13:27:50","slug":"prelevement-a-la-source-trois-recommandations-pour-bien-communiquer","status":"publish","type":"post","link":"https:\/\/www.comundi.fr\/mag-des-competences\/prelevement-a-la-source-trois-recommandations-pour-bien-communiquer\/","title":{"rendered":"Pr\u00e9l\u00e8vement \u00e0 la source : trois recommandations pour bien communiquer"},"content":{"rendered":"<p>Pour \u00e9viter les questions, voire les critiques des salari\u00e9s en janvier 2019, une campagne de communication s&rsquo;impose au sein de l&rsquo;entreprise, mais savamment dos\u00e9e.<\/p>\n<p>Malgr\u00e9 l&rsquo;importante campagne d&rsquo;information lanc\u00e9e par l&rsquo;administration fiscale avec la d\u00e9claration de revenus 2018, les services des ressources humaines ne manqueront pas, d\u00e8s janvier\u00a02019, de se heurter aux questions, voire aux critiques des salari\u00e9s.\u00a0\u00ab\u00a0Le pr\u00e9l\u00e8vement \u00e0 la source aura une incidence directe sur leurs salaires nets,\u00a0rappelle Emmanuel Pr\u00e9vost, directeur du p\u00f4le veille juridique d&rsquo;ADP France.<\/p>\n<p>Aussi est-il prudent de veiller \u00e0 les sensibiliser.\u00a0\u00bb\u00a0Voici trois recommandations pour passer au mieux\u00a0\u00a0cette \u00e9tape d\u00e9licate.<\/p>\n<h2><strong>#1 Eviter de se substituer \u00e0 l&rsquo;administration fiscale<\/strong><\/h2>\n<p>\u00ab\u00a0Le seul interlocuteur du salari\u00e9 pour ses imp\u00f4ts reste l&rsquo;administration fiscale,\u00a0alerte Jacques Guillot, directeur des ressources humaines de Ramsay G\u00e9n\u00e9rale de Sant\u00e9.<\/p>\n<p>En aucun cas l&rsquo;entreprise ne doit se substituer \u00e0 elle. Les situations personnelles, par exemple, sont de son ressort.\u00a0\u00bb\u00a0Le leader fran\u00e7ais de l&rsquo;hospitalisation priv\u00e9e restera donc\u00a0\u00ab\u00a0\u00e0 sa juste place\u00a0\u00bb, <a href=\"https:\/\/www.comundi.fr\/mag-des-competences\/reforme-de-la-formation-professionnelle-quelles-sont-les-nouvelles-priorites-des-drh\/\">insiste son DRH<\/a>, y compris dans sa communication en direction des salari\u00e9s.<\/p>\n<p>\u00ab\u00a0M\u00eame ce sujet appartient aux services fiscaux\u00a0!\u00a0\u00bb\u00a0La communication sera\u00a0\u00ab\u00a0simple et l\u00e9g\u00e8re\u00a0\u00bb, afin d&rsquo;apporter aux salari\u00e9s\u00a0\u00a0une bonne compr\u00e9hension\u00a0du syst\u00e8me du pr\u00e9l\u00e8vement \u00e0 la source et de la structure de leur r\u00e9mun\u00e9ration.<\/p>\n<h2><strong>#2 Pr\u00e9parer une simulation au dernier trimestre<\/strong><\/h2>\n<p>La \u00ab\u00a0pr\u00e9figuration\u00a0\u00bb sur le bulletin de paie ou sur un document joint sera possible pour les revenus vers\u00e9s \u00e0 compter de septembre ou octobre\u00a02018, avec les taux de pr\u00e9l\u00e8vement r\u00e9els.\u00a0\u00ab\u00a0Une simulation est le meilleur moyen de sensibiliser avec p\u00e9dagogie les salari\u00e9s\u00a0\u00bb, estime Emmanuel Pr\u00e9vost, directeur du p\u00f4le veille juridique d&rsquo;ADP France.<\/p>\n<p>\u00ab\u00a0Une pr\u00e9figuration va permettre aux services du personnel de v\u00e9rifier la justesse des calculs mais aussi leur impact social\u00a0\u00bb, appuie Fran\u00e7oise Breux, directrice de projet pour le pr\u00e9l\u00e8vement \u00e0 la source d&rsquo;ADP France.\u00a0\u00ab\u00a0Nous lancerons une simulation dans quelques-uns de nos \u00e9tablissements,\u00a0annonce pour sa part Ramsay G\u00e9n\u00e9rale de Sant\u00e9.<\/p>\n<p>Ceci afin d&rsquo;\u00e9couter les \u00e9ventuelles remarques des salari\u00e9s, puis d&rsquo;affiner notre discours et notre communication.\u00a0\u00bb<\/p>\n<h2><strong>#3 Choisir le moment le plus opportun pour communiquer<\/strong><\/h2>\n<p>\u00ab\u00a0Rien ne sert de courir\u00a0; il faut partir \u00e0 point\u00a0\u00bb, juge Jacques Guillot. Chez Ramsay G\u00e9n\u00e9rale de Sant\u00e9, la campagne de communication sur le pr\u00e9l\u00e8vement \u00e0 la source ne commencera qu&rsquo;\u00e0 la rentr\u00e9e, bien apr\u00e8s celle de l&rsquo;administration fiscale.\u00a0\u00ab\u00a0Il est essentiel de bien g\u00e9rer le moment du d\u00e9marrage\u00a0\u00bb, insiste le DRH.<\/p>\n<p>Cette campagne sera double\u00a0: \u00e0 destination des salari\u00e9s, mais aussi du management, du comit\u00e9 d&rsquo;entreprise et des autres instances repr\u00e9sentatives du personnel. Pour ce faire, la <a href=\"https:\/\/www.comundi.fr\/mag-des-competences\/loi-pacte-les-principales-mesures-et-leur-mise-en-oeuvre\/\">Direction g\u00e9n\u00e9rale des finances publiques<\/a> (DGFiP) a publi\u00e9\u00a0plusieurs supports de communication\u00a0destin\u00e9s aux chefs d&rsquo;entreprise, aux services de ressources humaines, comptables et paie, ou aux salari\u00e9s.<\/p>\n<p>\u00ab\u00a0Nous allons aussi proposer \u00e0 nos clients des affiches, des mod\u00e8les de mails, et des documents d&rsquo;information \u00e0 joindre aux bulletins de paie, dans les coffres-forts \u00e9lectroniques, lorsque les salari\u00e9s les utilisent, ou dans des envois sous enveloppe\u00a0\u00bb, d\u00e9taille Fran\u00e7oise Breux, chez ADP France.<\/p>\n<p>G\u00e9raldine D\u2019Auvergne<\/p>\n","protected":false},"excerpt":{"rendered":"<p>Pour \u00e9viter les questions, voire les critiques des salari\u00e9s en janvier 2019, une campagne de communication s&rsquo;impose au sein de l&rsquo;entreprise, mais savamment dos\u00e9e. Malgr\u00e9 l&rsquo;importante campagne d&rsquo;information lanc\u00e9e par l&rsquo;administration fiscale avec la d\u00e9claration de revenus 2018, les services des ressources humaines ne manqueront pas, d\u00e8s janvier\u00a02019, de se heurter aux questions, voire aux [&hellip;]<\/p>\n","protected":false},"author":6,"featured_media":0,"comment_status":"open","ping_status":"open","sticky":false,"template":"","format":"standard","meta":{"_mi_skip_tracking":false},"categories":[200],"yoast_head":"<!-- This site is optimized with the Yoast SEO plugin v16.1 - https:\/\/yoast.com\/wordpress\/plugins\/seo\/ -->\n<title>Pr\u00e9l\u00e8vement \u00e0 la source : trois recommandations pour bien communiquer - Mag des comp\u00e9tences - Comundi<\/title>\n<meta name=\"description\" content=\"Le pr\u00e9l\u00e8ment \u00e0 la source sera appliqu\u00e9 d\u00e8s le 1er janvier 2019. Quelle communication les DRH doivent-elles adopter pour aupr\u00e8s de leurs salari\u00e9s ?\" \/>\n<meta name=\"robots\" content=\"noindex, nofollow\" \/>\n<meta property=\"og:locale\" content=\"fr_FR\" \/>\n<meta property=\"og:type\" content=\"article\" \/>\n<meta property=\"og:title\" content=\"Pr\u00e9l\u00e8vement \u00e0 la source : trois recommandations pour bien communiquer - Mag des comp\u00e9tences - Comundi\" \/>\n<meta property=\"og:description\" content=\"Le pr\u00e9l\u00e8ment \u00e0 la source sera appliqu\u00e9 d\u00e8s le 1er janvier 2019. Quelle communication les DRH doivent-elles adopter pour aupr\u00e8s de leurs salari\u00e9s ?\" \/>\n<meta property=\"og:url\" content=\"https:\/\/www.comundi.fr\/mag-des-competences\/prelevement-a-la-source-trois-recommandations-pour-bien-communiquer\/\" \/>\n<meta property=\"og:site_name\" content=\"Mag des comp\u00e9tences - Comundi\" \/>\n<meta property=\"article:publisher\" content=\"https:\/\/www.facebook.com\/Comundi\/?fref=ts\" \/>\n<meta property=\"article:published_time\" content=\"2018-04-30T07:00:13+00:00\" \/>\n<meta property=\"article:modified_time\" content=\"2019-10-16T13:27:50+00:00\" \/>\n<meta name=\"twitter:card\" content=\"summary_large_image\" \/>\n<meta name=\"twitter:creator\" content=\"@ComundiActu\" \/>\n<meta name=\"twitter:site\" content=\"@ComundiActu\" \/>\n<meta name=\"twitter:label1\" content=\"Dur\u00e9e de lecture est.\">\n\t<meta name=\"twitter:data1\" content=\"3 minutes\">\n<script type=\"application\/ld+json\" class=\"yoast-schema-graph\">{\"@context\":\"https:\/\/schema.org\",\"@graph\":[{\"@type\":\"Organization\",\"@id\":\"https:\/\/www.comundi.fr\/mag-des-competences\/#organization\",\"name\":\"Comundi\",\"url\":\"https:\/\/www.comundi.fr\/mag-des-competences\/\",\"sameAs\":[\"https:\/\/www.facebook.com\/Comundi\/?fref=ts\",\"https:\/\/www.linkedin.com\/company\/comundi\/\",\"https:\/\/www.youtube.com\/user\/ComundiFormations\",\"https:\/\/twitter.com\/ComundiActu\"],\"logo\":{\"@type\":\"ImageObject\",\"@id\":\"https:\/\/www.comundi.fr\/mag-des-competences\/#logo\",\"inLanguage\":\"fr-FR\",\"url\":\"https:\/\/www.comundi.fr\/mag-des-competences\/wp-content\/uploads\/2018\/01\/comundi.png\",\"contentUrl\":\"https:\/\/www.comundi.fr\/mag-des-competences\/wp-content\/uploads\/2018\/01\/comundi.png\",\"width\":300,\"height\":300,\"caption\":\"Comundi\"},\"image\":{\"@id\":\"https:\/\/www.comundi.fr\/mag-des-competences\/#logo\"}},{\"@type\":\"WebSite\",\"@id\":\"https:\/\/www.comundi.fr\/mag-des-competences\/#website\",\"url\":\"https:\/\/www.comundi.fr\/mag-des-competences\/\",\"name\":\"Mag des comp\\u00e9tences - Comundi\",\"description\":\"Le magazine des m\\u00e9tiers de demain\",\"publisher\":{\"@id\":\"https:\/\/www.comundi.fr\/mag-des-competences\/#organization\"},\"potentialAction\":[{\"@type\":\"SearchAction\",\"target\":\"https:\/\/www.comundi.fr\/mag-des-competences\/?s={search_term_string}\",\"query-input\":\"required name=search_term_string\"}],\"inLanguage\":\"fr-FR\"},{\"@type\":\"WebPage\",\"@id\":\"https:\/\/www.comundi.fr\/mag-des-competences\/prelevement-a-la-source-trois-recommandations-pour-bien-communiquer\/#webpage\",\"url\":\"https:\/\/www.comundi.fr\/mag-des-competences\/prelevement-a-la-source-trois-recommandations-pour-bien-communiquer\/\",\"name\":\"Pr\\u00e9l\\u00e8vement \\u00e0 la source : trois recommandations pour bien communiquer - Mag des comp\\u00e9tences - Comundi\",\"isPartOf\":{\"@id\":\"https:\/\/www.comundi.fr\/mag-des-competences\/#website\"},\"datePublished\":\"2018-04-30T07:00:13+00:00\",\"dateModified\":\"2019-10-16T13:27:50+00:00\",\"description\":\"Le pr\\u00e9l\\u00e8ment \\u00e0 la source sera appliqu\\u00e9 d\\u00e8s le 1er janvier 2019. Quelle communication les DRH doivent-elles adopter pour aupr\\u00e8s de leurs salari\\u00e9s ?\",\"breadcrumb\":{\"@id\":\"https:\/\/www.comundi.fr\/mag-des-competences\/prelevement-a-la-source-trois-recommandations-pour-bien-communiquer\/#breadcrumb\"},\"inLanguage\":\"fr-FR\",\"potentialAction\":[{\"@type\":\"ReadAction\",\"target\":[\"https:\/\/www.comundi.fr\/mag-des-competences\/prelevement-a-la-source-trois-recommandations-pour-bien-communiquer\/\"]}]},{\"@type\":\"BreadcrumbList\",\"@id\":\"https:\/\/www.comundi.fr\/mag-des-competences\/prelevement-a-la-source-trois-recommandations-pour-bien-communiquer\/#breadcrumb\",\"itemListElement\":[{\"@type\":\"ListItem\",\"position\":1,\"item\":{\"@type\":\"WebPage\",\"@id\":\"https:\/\/www.comundi.fr\/mag-des-competences\/\",\"url\":\"https:\/\/www.comundi.fr\/mag-des-competences\/\",\"name\":\"Accueil\"}},{\"@type\":\"ListItem\",\"position\":2,\"item\":{\"@type\":\"WebPage\",\"@id\":\"https:\/\/www.comundi.fr\/mag-des-competences\/prelevement-a-la-source-trois-recommandations-pour-bien-communiquer\/\",\"url\":\"https:\/\/www.comundi.fr\/mag-des-competences\/prelevement-a-la-source-trois-recommandations-pour-bien-communiquer\/\",\"name\":\"Pr\\u00e9l\\u00e8vement \\u00e0 la source : trois recommandations pour bien communiquer\"}}]},{\"@type\":\"Article\",\"@id\":\"https:\/\/www.comundi.fr\/mag-des-competences\/prelevement-a-la-source-trois-recommandations-pour-bien-communiquer\/#article\",\"isPartOf\":{\"@id\":\"https:\/\/www.comundi.fr\/mag-des-competences\/prelevement-a-la-source-trois-recommandations-pour-bien-communiquer\/#webpage\"},\"author\":{\"@id\":\"https:\/\/www.comundi.fr\/mag-des-competences\/#\/schema\/person\/96b8f219e4cddee126473c6fbcc0e089\"},\"headline\":\"Pr\\u00e9l\\u00e8vement \\u00e0 la source : trois recommandations pour bien communiquer\",\"datePublished\":\"2018-04-30T07:00:13+00:00\",\"dateModified\":\"2019-10-16T13:27:50+00:00\",\"mainEntityOfPage\":{\"@id\":\"https:\/\/www.comundi.fr\/mag-des-competences\/prelevement-a-la-source-trois-recommandations-pour-bien-communiquer\/#webpage\"},\"commentCount\":0,\"publisher\":{\"@id\":\"https:\/\/www.comundi.fr\/mag-des-competences\/#organization\"},\"articleSection\":\"Ressources humaines\",\"inLanguage\":\"fr-FR\",\"potentialAction\":[{\"@type\":\"CommentAction\",\"name\":\"Comment\",\"target\":[\"https:\/\/www.comundi.fr\/mag-des-competences\/prelevement-a-la-source-trois-recommandations-pour-bien-communiquer\/#respond\"]}]},{\"@type\":\"Person\",\"@id\":\"https:\/\/www.comundi.fr\/mag-des-competences\/#\/schema\/person\/96b8f219e4cddee126473c6fbcc0e089\",\"name\":\"Les Echos\",\"image\":{\"@type\":\"ImageObject\",\"@id\":\"https:\/\/www.comundi.fr\/mag-des-competences\/#personlogo\",\"inLanguage\":\"fr-FR\",\"url\":\"https:\/\/secure.gravatar.com\/avatar\/041d1b3114ce5dce17eaefa721d4ed06?s=96&d=mm&r=g\",\"contentUrl\":\"https:\/\/secure.gravatar.com\/avatar\/041d1b3114ce5dce17eaefa721d4ed06?s=96&d=mm&r=g\",\"caption\":\"Les Echos\"}}]}<\/script>\n<!-- \/ Yoast SEO plugin. -->","amp_enabled":true,"_links":{"self":[{"href":"https:\/\/www.comundi.fr\/mag-des-competences\/wp-json\/wp\/v2\/posts\/803"}],"collection":[{"href":"https:\/\/www.comundi.fr\/mag-des-competences\/wp-json\/wp\/v2\/posts"}],"about":[{"href":"https:\/\/www.comundi.fr\/mag-des-competences\/wp-json\/wp\/v2\/types\/post"}],"author":[{"embeddable":true,"href":"https:\/\/www.comundi.fr\/mag-des-competences\/wp-json\/wp\/v2\/users\/6"}],"replies":[{"embeddable":true,"href":"https:\/\/www.comundi.fr\/mag-des-competences\/wp-json\/wp\/v2\/comments?post=803"}],"version-history":[{"count":4,"href":"https:\/\/www.comundi.fr\/mag-des-competences\/wp-json\/wp\/v2\/posts\/803\/revisions"}],"predecessor-version":[{"id":3112,"href":"https:\/\/www.comundi.fr\/mag-des-competences\/wp-json\/wp\/v2\/posts\/803\/revisions\/3112"}],"wp:attachment":[{"href":"https:\/\/www.comundi.fr\/mag-des-competences\/wp-json\/wp\/v2\/media?parent=803"}],"wp:term":[{"taxonomy":"category","embeddable":true,"href":"https:\/\/www.comundi.fr\/mag-des-competences\/wp-json\/wp\/v2\/categories?post=803"}],"curies":[{"name":"wp","href":"https:\/\/api.w.org\/{rel}","templated":true}]}}