{"id":7193,"date":"2021-01-14T09:00:23","date_gmt":"2021-01-14T08:00:23","guid":{"rendered":"https:\/\/www.comundi.fr\/mag-des-competences\/?p=7193"},"modified":"2021-09-06T16:05:04","modified_gmt":"2021-09-06T14:05:04","slug":"9-cles-creer-esprit-cooperation-equipe","status":"publish","type":"post","link":"https:\/\/www.comundi.fr\/mag-des-competences\/9-cles-creer-esprit-cooperation-equipe\/","title":{"rendered":"9 cl\u00e9s pour cr\u00e9er un esprit de coop\u00e9ration au sein d&rsquo;une \u00e9quipe"},"content":{"rendered":"<p style=\"text-align: justify;\"><em>BONNES FEUILLES \/\/<strong> La coop\u00e9ration des salari\u00e9s ne se d\u00e9cr\u00e8te pas\u00a0! Elle se suscite, s&rsquo;occasionne et se dynamise. <\/strong>Quelques principes pour faire passer ses directives en souplesse.<\/em><\/p>\n<h2 style=\"text-align: justify;\"><strong>#1. Disposer d&rsquo;objectifs communs et collectivement d\u00e9finis<\/strong><\/h2>\n<p style=\"text-align: justify;\"><strong>Il n&rsquo;y a de coop\u00e9ration possible que si des objectifs sont partag\u00e9s unanimement<\/strong>. Une \u00e9quipe ne saurait gagner si certains de ses membres nourrissent des\u00a0ambitions contraires\u00a0. [\u2026] Les r\u00e9mun\u00e9rations comportant une part variable \u00e9lev\u00e9e conduisent \u00e0 un immanquable d\u00e9faut de coop\u00e9ration de la part de ces derniers. Une variabilit\u00e9 excessivement centr\u00e9e sur le r\u00e9sultat de chacun d\u00e9veloppe un fort individualisme et \u00e9loigne le salari\u00e9 de tout esprit d&rsquo;\u00e9quipe tout autant que des desseins de la soci\u00e9t\u00e9 qui l&#8217;emploie.<\/p>\n<h2 style=\"text-align: justify;\"><strong>#2. Veiller \u00e0 ce que r\u00e8gnent sympathie, affection et ferveur<\/strong><\/h2>\n<p style=\"text-align: justify;\">Une \u00e9quipe ne saurait coop\u00e9rer sans que les co\u00e9quipiers ne s&rsquo;estiment ni ne s&rsquo;appr\u00e9cient.<strong> Avoir plaisir \u00e0 se retrouver et \u00e0 travailler ensemble compte parmi les pierres fondatrices de la coop\u00e9ration en management<\/strong>. Pour ce faire,\u00a0<strong>cr\u00e9er des p\u00f4les d&rsquo;int\u00e9r\u00eats communs, partager une m\u00eame passion<\/strong> sont de bonnes politiques.<\/p>\n<h2 style=\"text-align: justify;\"><strong>#3. Mettre en place des m\u00e9canismes d&rsquo;entraide<\/strong><\/h2>\n<p style=\"text-align: justify;\">En organisant la comp\u00e9tition entre membres d&rsquo;une m\u00eame \u00e9quipe, la r\u00e9ussite des uns contribue \u00e0 mettre en exergue l&rsquo;\u00e9chec des autres. Ces derniers se d\u00e9mobilisent. Ils se r\u00e9signent \u00e0 figurer dans le bas du tableau et sombrent dans l&rsquo;\u00e0-quoi-bonisme, qui tient du syndrome dit de la r\u00e9signation. [\u2026] <strong><a href=\"https:\/\/www.comundi.fr\/mag-des-competences\/collectif-de-travail-ressource-pour-lentreprise\/\" target=\"_blank\" rel=\"noopener\">La\u00a0solidarit\u00e9\u00a0doit r\u00e9gner<\/a> pour que le groupe d\u00e9veloppe une forte attractivit\u00e9 aupr\u00e8s de ses \u00ab\u00a0associ\u00e9s\u00a0\u00bb.<\/strong><\/p>\n<h2 style=\"text-align: justify;\"><strong>#4. Disposer de r\u00e8gles intangibles et accept\u00e9es par tous<\/strong><\/h2>\n<p style=\"text-align: justify;\"><strong>Sans r\u00e8gles communes, pas d&rsquo;\u00e9quipe\u00a0!<\/strong> Une soci\u00e9t\u00e9 ou un groupe qui ne se soumet pas \u00e0 des lois reconnues et accept\u00e9es par ses membres a bien peu de chance de montrer une bonne coh\u00e9sion dans l&rsquo;adversit\u00e9. Le franc-tireur est l&rsquo;une des pires forces centrifuges au sein d&rsquo;un collectif.<strong> Ramener sans cesse les co\u00e9quipiers au respect des r\u00e8gles consenties par tous est une ardente obligation faite \u00e0 tout manager<\/strong>. D\u00fbt-il sanctionner pour les imposer.<\/p>\n<h2 style=\"text-align: justify;\"><strong>#5. Apprendre ensemble et partager le savoir<\/strong><\/h2>\n<p style=\"text-align: justify;\">Cachotteries et coop\u00e9ration font mauvais m\u00e9nage. Les r\u00e9ticences que l&rsquo;on observe pour que les salari\u00e9s partagent leurs donn\u00e9es le d\u00e9montrent. La coop\u00e9ration n&rsquo;est effective que s&rsquo;il y a \u00e9changes d&rsquo;informations. [\u2026] <strong><a href=\"https:\/\/www.comundi.fr\/mag-des-competences\/le-co-developpement-les-secrets-dune-approche-puissante\/\" target=\"_blank\" rel=\"noopener\">L&rsquo;association par l&rsquo;agr\u00e9gation des acquis, des connaissances et des exp\u00e9riences<\/a>, est de toute \u00e9vidence cr\u00e9atrice d&rsquo;esprit d&rsquo;\u00e9quipe<\/strong>.<\/p>\n<h2 style=\"text-align: justify;\"><strong>#6. S&rsquo;entra\u00eener ensemble et mutuellement<\/strong><\/h2>\n<p style=\"text-align: justify;\"><strong>La formation et le\u00a0coaching des uns par les autres\u00a0constituent de formidables opportunit\u00e9s de team building. Dans une \u00e9quipe qui coop\u00e8re, le progr\u00e8s de chacun doit devenir l&rsquo;affaire de tous et inversement<\/strong>. Les laiss\u00e9s-pour-compte du succ\u00e8s ne sauraient longtemps participer activement \u00e0 la vie de l&rsquo;\u00e9quipe.<\/p>\n<h2 style=\"text-align: justify;\"><strong>#7. Organiser les \u00e9changes et le recueil d&rsquo;avis<\/strong><\/h2>\n<p style=\"text-align: justify;\"><strong>Un groupe se soude quand ses participants peuvent\u00a0exprimer leur avis et \u00eatre entendus\u00a0par les autres<\/strong>. Les discussions et les \u00e9changes favorisent cette indispensable intelligence entre co\u00e9quipiers. [\u2026] L&rsquo;entreprise poss\u00e8de au sein de ses \u00e9quipes un gisement gigantesque de bonnes\u00a0id\u00e9es\u00a0et de fabuleux projets.<strong> Lib\u00e9rer la parole de ceux qui savent offre <a href=\"https:\/\/www.comundi.fr\/mag-des-competences\/cles-insuffler-audace-esprit-dentreprendre-equipe\/\" target=\"_blank\" rel=\"noopener\">une exceptionnelle opportunit\u00e9 de se r\u00e9inventer<\/a>, pour peu que les dirigeants se donnent les moyens de les \u00e9couter.<\/strong><\/p>\n<h2 style=\"text-align: justify;\"><strong>#8. Offrir des activit\u00e9s ext\u00e9rieures communes<\/strong><\/h2>\n<p style=\"text-align: justify;\">Veillez \u00e0 ce que les transactions entre salari\u00e9s ne se cantonnent pas au seul besoin de coordination des t\u00e2ches et des missions confi\u00e9es \u00e0 chacun au sein de l&rsquo;organisation. <strong>Randonn\u00e9es p\u00e9destres, voyages, week-ends, sorties, etc., sont autant d&rsquo;occasions d&rsquo;\u00e9largir la relation professionnelle et le plaisir de travailler ensemble.<\/strong><\/p>\n<h2 style=\"text-align: justify;\"><strong>#9. D\u00e9velopper les attitudes ludiques<\/strong><\/h2>\n<p style=\"text-align: justify;\">La tristesse, la platitude et la monotonie ne sont en rien source de productivit\u00e9 ou d&rsquo;efficacit\u00e9. <strong><a href=\"https:\/\/www.comundi.fr\/mag-des-competences\/lego-serious-play-stimulez-votre-creativite\/\" target=\"_blank\" rel=\"noopener\">Les jeux<\/a>, les joutes amicales, les distractions et autres plaisirs ludiques concourent pour une large part au n\u00e9cessaire bon climat qui pr\u00e9side \u00e0 l&rsquo;union sacr\u00e9e de coop\u00e9rateurs<\/strong>. Ce texte est extrait du livre \u00ab\u00a0Faire passer ses id\u00e9es en douceur\u00a0\u00bb de Pascal Py, Docteur en sciences \u00e9conomiques, publi\u00e9 aux \u00e9ditions Eyrolles en 2019.\u00a0&#8211; DR\/Photo Franck Fouquet.<strong>\u00a0<\/strong><\/p>\n<p><strong>Vous souhaitez optimiser ou d\u00e9velopper vos comp\u00e9tences manag\u00e9riales, consultez nos <a href=\"https:\/\/www.comundi.fr\/management\/formation-motivation-performance-equipe.html?utm_source=Mag%20des%20comp%C3%A9tences&amp;utm_medium=article&amp;utm_campaign=9%20cl%C3%A9s%20pour%20cr%C3%A9er%20un%20esprit%20de%20coop%C3%A9ration%20au%20sein%20d'une%20%C3%A9quipe\" target=\"_blank\" rel=\"noopener\">formations management d&rsquo;\u00e9quipe<\/a>.<\/strong><\/p>\n","protected":false},"excerpt":{"rendered":"<p>BONNES FEUILLES \/\/ La coop\u00e9ration des salari\u00e9s ne se d\u00e9cr\u00e8te pas\u00a0! Elle se suscite, s&rsquo;occasionne et se dynamise. Quelques principes pour faire passer ses directives en souplesse. #1. Disposer d&rsquo;objectifs communs et collectivement d\u00e9finis Il n&rsquo;y a de coop\u00e9ration possible que si des objectifs sont partag\u00e9s unanimement. Une \u00e9quipe ne saurait gagner si certains de [&hellip;]<\/p>\n","protected":false},"author":6,"featured_media":7195,"comment_status":"open","ping_status":"open","sticky":false,"template":"","format":"standard","meta":{"_mi_skip_tracking":false},"categories":[184],"yoast_head":"<!-- This site is optimized with the Yoast SEO plugin v16.1 - https:\/\/yoast.com\/wordpress\/plugins\/seo\/ -->\n<title>9 cl\u00e9s pour cr\u00e9er un esprit de coop\u00e9ration au sein d&#039;une \u00e9quipe - Mag des comp\u00e9tences - Comundi<\/title>\n<meta name=\"robots\" content=\"index, nofollow, max-snippet:-1, max-image-preview:large, max-video-preview:-1\" \/>\n<link rel=\"canonical\" href=\"https:\/\/www.comundi.fr\/mag-des-competences\/9-cles-creer-esprit-cooperation-equipe\/\" \/>\n<meta property=\"og:locale\" content=\"fr_FR\" \/>\n<meta property=\"og:type\" content=\"article\" \/>\n<meta property=\"og:title\" content=\"9 cl\u00e9s pour cr\u00e9er un esprit de coop\u00e9ration au sein d&#039;une \u00e9quipe - Mag des comp\u00e9tences - Comundi\" \/>\n<meta property=\"og:description\" content=\"BONNES FEUILLES \/\/ La coop\u00e9ration des salari\u00e9s ne se d\u00e9cr\u00e8te pas\u00a0! Elle se suscite, s&rsquo;occasionne et se dynamise. Quelques principes pour faire passer ses directives en souplesse. #1. Disposer d&rsquo;objectifs communs et collectivement d\u00e9finis Il n&rsquo;y a de coop\u00e9ration possible que si des objectifs sont partag\u00e9s unanimement. Une \u00e9quipe ne saurait gagner si certains de [&hellip;]\" \/>\n<meta property=\"og:url\" content=\"https:\/\/www.comundi.fr\/mag-des-competences\/9-cles-creer-esprit-cooperation-equipe\/\" \/>\n<meta property=\"og:site_name\" content=\"Mag des comp\u00e9tences - Comundi\" \/>\n<meta property=\"article:publisher\" content=\"https:\/\/www.facebook.com\/Comundi\/?fref=ts\" \/>\n<meta property=\"article:published_time\" content=\"2021-01-14T08:00:23+00:00\" \/>\n<meta property=\"article:modified_time\" content=\"2021-09-06T14:05:04+00:00\" \/>\n<meta property=\"og:image\" content=\"https:\/\/www.comundi.fr\/mag-des-competences\/wp-content\/uploads\/2020\/10\/Image-les-cles-esprit-de-coorperation-dans-lequipe.png\" \/>\n\t<meta property=\"og:image:width\" content=\"720\" \/>\n\t<meta property=\"og:image:height\" content=\"280\" \/>\n<meta name=\"twitter:card\" content=\"summary_large_image\" \/>\n<meta name=\"twitter:creator\" content=\"@ComundiActu\" \/>\n<meta name=\"twitter:site\" content=\"@ComundiActu\" \/>\n<meta name=\"twitter:label1\" content=\"Dur\u00e9e de lecture est.\">\n\t<meta name=\"twitter:data1\" content=\"4 minutes\">\n<script type=\"application\/ld+json\" class=\"yoast-schema-graph\">{\"@context\":\"https:\/\/schema.org\",\"@graph\":[{\"@type\":\"Organization\",\"@id\":\"https:\/\/www.comundi.fr\/mag-des-competences\/#organization\",\"name\":\"Comundi\",\"url\":\"https:\/\/www.comundi.fr\/mag-des-competences\/\",\"sameAs\":[\"https:\/\/www.facebook.com\/Comundi\/?fref=ts\",\"https:\/\/www.linkedin.com\/company\/comundi\/\",\"https:\/\/www.youtube.com\/user\/ComundiFormations\",\"https:\/\/twitter.com\/ComundiActu\"],\"logo\":{\"@type\":\"ImageObject\",\"@id\":\"https:\/\/www.comundi.fr\/mag-des-competences\/#logo\",\"inLanguage\":\"fr-FR\",\"url\":\"https:\/\/www.comundi.fr\/mag-des-competences\/wp-content\/uploads\/2018\/01\/comundi.png\",\"contentUrl\":\"https:\/\/www.comundi.fr\/mag-des-competences\/wp-content\/uploads\/2018\/01\/comundi.png\",\"width\":300,\"height\":300,\"caption\":\"Comundi\"},\"image\":{\"@id\":\"https:\/\/www.comundi.fr\/mag-des-competences\/#logo\"}},{\"@type\":\"WebSite\",\"@id\":\"https:\/\/www.comundi.fr\/mag-des-competences\/#website\",\"url\":\"https:\/\/www.comundi.fr\/mag-des-competences\/\",\"name\":\"Mag des comp\\u00e9tences - Comundi\",\"description\":\"Le magazine des m\\u00e9tiers de demain\",\"publisher\":{\"@id\":\"https:\/\/www.comundi.fr\/mag-des-competences\/#organization\"},\"potentialAction\":[{\"@type\":\"SearchAction\",\"target\":\"https:\/\/www.comundi.fr\/mag-des-competences\/?s={search_term_string}\",\"query-input\":\"required name=search_term_string\"}],\"inLanguage\":\"fr-FR\"},{\"@type\":\"ImageObject\",\"@id\":\"https:\/\/www.comundi.fr\/mag-des-competences\/9-cles-creer-esprit-cooperation-equipe\/#primaryimage\",\"inLanguage\":\"fr-FR\",\"url\":\"https:\/\/www.comundi.fr\/mag-des-competences\/wp-content\/uploads\/2020\/10\/Image-les-cles-esprit-de-coorperation-dans-lequipe.png\",\"contentUrl\":\"https:\/\/www.comundi.fr\/mag-des-competences\/wp-content\/uploads\/2020\/10\/Image-les-cles-esprit-de-coorperation-dans-lequipe.png\",\"width\":720,\"height\":280,\"caption\":\"B\\u00e2tir une coh\\u00e9sion d'\\u00e9quipe\"},{\"@type\":\"WebPage\",\"@id\":\"https:\/\/www.comundi.fr\/mag-des-competences\/9-cles-creer-esprit-cooperation-equipe\/#webpage\",\"url\":\"https:\/\/www.comundi.fr\/mag-des-competences\/9-cles-creer-esprit-cooperation-equipe\/\",\"name\":\"9 cl\\u00e9s pour cr\\u00e9er un esprit de coop\\u00e9ration au sein d'une \\u00e9quipe - Mag des comp\\u00e9tences - Comundi\",\"isPartOf\":{\"@id\":\"https:\/\/www.comundi.fr\/mag-des-competences\/#website\"},\"primaryImageOfPage\":{\"@id\":\"https:\/\/www.comundi.fr\/mag-des-competences\/9-cles-creer-esprit-cooperation-equipe\/#primaryimage\"},\"datePublished\":\"2021-01-14T08:00:23+00:00\",\"dateModified\":\"2021-09-06T14:05:04+00:00\",\"breadcrumb\":{\"@id\":\"https:\/\/www.comundi.fr\/mag-des-competences\/9-cles-creer-esprit-cooperation-equipe\/#breadcrumb\"},\"inLanguage\":\"fr-FR\",\"potentialAction\":[{\"@type\":\"ReadAction\",\"target\":[\"https:\/\/www.comundi.fr\/mag-des-competences\/9-cles-creer-esprit-cooperation-equipe\/\"]}]},{\"@type\":\"BreadcrumbList\",\"@id\":\"https:\/\/www.comundi.fr\/mag-des-competences\/9-cles-creer-esprit-cooperation-equipe\/#breadcrumb\",\"itemListElement\":[{\"@type\":\"ListItem\",\"position\":1,\"item\":{\"@type\":\"WebPage\",\"@id\":\"https:\/\/www.comundi.fr\/mag-des-competences\/\",\"url\":\"https:\/\/www.comundi.fr\/mag-des-competences\/\",\"name\":\"Accueil\"}},{\"@type\":\"ListItem\",\"position\":2,\"item\":{\"@type\":\"WebPage\",\"@id\":\"https:\/\/www.comundi.fr\/mag-des-competences\/9-cles-creer-esprit-cooperation-equipe\/\",\"url\":\"https:\/\/www.comundi.fr\/mag-des-competences\/9-cles-creer-esprit-cooperation-equipe\/\",\"name\":\"9 cl\\u00e9s pour cr\\u00e9er un esprit de coop\\u00e9ration au sein d&rsquo;une \\u00e9quipe\"}}]},{\"@type\":\"Article\",\"@id\":\"https:\/\/www.comundi.fr\/mag-des-competences\/9-cles-creer-esprit-cooperation-equipe\/#article\",\"isPartOf\":{\"@id\":\"https:\/\/www.comundi.fr\/mag-des-competences\/9-cles-creer-esprit-cooperation-equipe\/#webpage\"},\"author\":{\"@id\":\"https:\/\/www.comundi.fr\/mag-des-competences\/#\/schema\/person\/96b8f219e4cddee126473c6fbcc0e089\"},\"headline\":\"9 cl\\u00e9s pour cr\\u00e9er un esprit de coop\\u00e9ration au sein d&rsquo;une \\u00e9quipe\",\"datePublished\":\"2021-01-14T08:00:23+00:00\",\"dateModified\":\"2021-09-06T14:05:04+00:00\",\"mainEntityOfPage\":{\"@id\":\"https:\/\/www.comundi.fr\/mag-des-competences\/9-cles-creer-esprit-cooperation-equipe\/#webpage\"},\"commentCount\":0,\"publisher\":{\"@id\":\"https:\/\/www.comundi.fr\/mag-des-competences\/#organization\"},\"image\":{\"@id\":\"https:\/\/www.comundi.fr\/mag-des-competences\/9-cles-creer-esprit-cooperation-equipe\/#primaryimage\"},\"articleSection\":\"management\",\"inLanguage\":\"fr-FR\",\"potentialAction\":[{\"@type\":\"CommentAction\",\"name\":\"Comment\",\"target\":[\"https:\/\/www.comundi.fr\/mag-des-competences\/9-cles-creer-esprit-cooperation-equipe\/#respond\"]}]},{\"@type\":\"Person\",\"@id\":\"https:\/\/www.comundi.fr\/mag-des-competences\/#\/schema\/person\/96b8f219e4cddee126473c6fbcc0e089\",\"name\":\"Les Echos\",\"image\":{\"@type\":\"ImageObject\",\"@id\":\"https:\/\/www.comundi.fr\/mag-des-competences\/#personlogo\",\"inLanguage\":\"fr-FR\",\"url\":\"https:\/\/secure.gravatar.com\/avatar\/041d1b3114ce5dce17eaefa721d4ed06?s=96&d=mm&r=g\",\"contentUrl\":\"https:\/\/secure.gravatar.com\/avatar\/041d1b3114ce5dce17eaefa721d4ed06?s=96&d=mm&r=g\",\"caption\":\"Les Echos\"}}]}<\/script>\n<!-- \/ Yoast SEO plugin. -->","amp_enabled":true,"_links":{"self":[{"href":"https:\/\/www.comundi.fr\/mag-des-competences\/wp-json\/wp\/v2\/posts\/7193"}],"collection":[{"href":"https:\/\/www.comundi.fr\/mag-des-competences\/wp-json\/wp\/v2\/posts"}],"about":[{"href":"https:\/\/www.comundi.fr\/mag-des-competences\/wp-json\/wp\/v2\/types\/post"}],"author":[{"embeddable":true,"href":"https:\/\/www.comundi.fr\/mag-des-competences\/wp-json\/wp\/v2\/users\/6"}],"replies":[{"embeddable":true,"href":"https:\/\/www.comundi.fr\/mag-des-competences\/wp-json\/wp\/v2\/comments?post=7193"}],"version-history":[{"count":12,"href":"https:\/\/www.comundi.fr\/mag-des-competences\/wp-json\/wp\/v2\/posts\/7193\/revisions"}],"predecessor-version":[{"id":7490,"href":"https:\/\/www.comundi.fr\/mag-des-competences\/wp-json\/wp\/v2\/posts\/7193\/revisions\/7490"}],"wp:featuredmedia":[{"embeddable":true,"href":"https:\/\/www.comundi.fr\/mag-des-competences\/wp-json\/wp\/v2\/media\/7195"}],"wp:attachment":[{"href":"https:\/\/www.comundi.fr\/mag-des-competences\/wp-json\/wp\/v2\/media?parent=7193"}],"wp:term":[{"taxonomy":"category","embeddable":true,"href":"https:\/\/www.comundi.fr\/mag-des-competences\/wp-json\/wp\/v2\/categories?post=7193"}],"curies":[{"name":"wp","href":"https:\/\/api.w.org\/{rel}","templated":true}]}}