{"id":6790,"date":"2021-01-26T09:00:34","date_gmt":"2021-01-26T08:00:34","guid":{"rendered":"https:\/\/www.comundi.fr\/mag-des-competences\/?p=6790"},"modified":"2021-03-16T17:18:02","modified_gmt":"2021-03-16T16:18:02","slug":"lempathie-dans-le-contexte-professionnel","status":"publish","type":"post","link":"https:\/\/www.comundi.fr\/mag-des-competences\/lempathie-dans-le-contexte-professionnel\/","title":{"rendered":"L\u2019empathie dans le contexte professionnel"},"content":{"rendered":"<p><em>Ce n\u2019est pas un secret : les relations professionnelles sont de plus en plus tendues. Le mal-\u00eatre s&rsquo;insinue en entreprise\u00a0 et tout le monde en souffre. Or, une communication plus saine, mieux construite, en somme plus empathique, permettrait d\u2019am\u00e9liorer grandement nos relations professionnelles.<\/em><\/p>\n<h2><strong>Qu\u2019est-ce que l\u2019e<\/strong><strong>mpathie<\/strong><strong>\u00a0?<\/strong><\/h2>\n<p>L\u2019Empathie\u00a0est ce que l\u2019on pourrait appeler un \u00ab \u00e9tat d\u2019\u00eatre \u00bb. <strong>Concr\u00e8tement, c\u2019est une volont\u00e9 d\u2019essayer de ressentir et de comprendre les besoins et les \u00e9motions de l\u2019autre comme si on \u00e9tait cet autre.<\/strong> Le \u00ab comme si \u00bb est important : on n\u2019est pas l\u2019autre, ni \u00e0 sa place, on ne pense pas pour lui.<br \/>\n<strong>Comment <a href=\"https:\/\/www.comundi.fr\/formations\/formation-pratiquer-l-empathie-pour-mieux-communiquer.html?utm_source=Mag%20des%20comp%C3%A9tences&amp;utm_medium=article&amp;utm_campaign=L%E2%80%99empathie%20dans%20le%20contexte%20professionnel\" target=\"_blank\" rel=\"noopener\">avoir de l&#8217;empathie<\/a> ?<\/strong> On cherche \u00e0 le comprendre, \u00e0 savoir ce qu\u2019il ressent, ce qu\u2019il veut exprimer. <strong>Pas de jugement, mais la recherche d\u2019une communication constructive.<\/strong><\/p>\n<p>Plut\u00f4t que 2 discours diff\u00e9rents\u00a0 qui ne co\u00efncident jamais, on essaye de parvenir \u00e0 un but commun en favorisant la qualit\u00e9 d&rsquo;\u00e9change. Cela nous permettra de r\u00e9pondre aux questions : Que faisons-nous l\u00e0 ?\u00a0De quoi parlons-nous ? Que voulons-nous obtenir ? <strong>L&#8217;empathie est un moyen efficace d&rsquo;aboutir \u00e0 une v\u00e9ritable communication<\/strong>.<\/p>\n<h2><strong>Qu\u2019apporte-elle dans une communication ?<\/strong><\/h2>\n<p>Sous tout conflit, il y a toujours une difficult\u00e9 de communication ou de compr\u00e9hension. Parfois, on ne r\u00e9ussit pas \u00e0 s&rsquo;entendre ou a \u00eatre entendu comme par exemple dans le domaine de la politique, dans les relations de couples ou encore l&rsquo;univers de l&rsquo;entreprise. Ces obstacles \u00e0 la communication entra\u00eenent le plus souvent des ressentiments, des incompris et des insatisfactions.<\/p>\n<p><strong>Sans pr\u00e9tention aucune, l&rsquo;Empathie a pour bienfait d&rsquo;\u00e9loigner la majorit\u00e9 des conflits ou de les solutionner.<\/strong><\/p>\n<h2><strong>A-t-elle sa place au travail ?<\/strong><\/h2>\n<p>Un responsable de service se d\u00e9sole du manque de motivation de son \u00e9quipe, un salari\u00e9 se sent incompris par son sup\u00e9rieur hi\u00e9rarchique, un PDG est frustr\u00e9 par la d\u00e9cision d&rsquo;un actionnaire, un responsable commercial d\u00e9crie les actions du service marketing, un client critique les aptitudes d&rsquo;un vendeur&#8230;<\/p>\n<p><strong>Sans trop chercher, on trouve des exemples dans notre quotidien qui nous montrent qu&rsquo;il n&rsquo;y a pas eu de communication au d\u00e9part, permettant \u00e0 chaque partie d&rsquo;\u00e9noncer les choses et d&rsquo;arriver au r\u00e9sultat escompt\u00e9.<\/strong> Si bien qu&rsquo;il y a une perte d&rsquo;\u00e9nergie au niveau personnel provoqu\u00e9 par la col\u00e8re, l&rsquo;agacement, l&rsquo;\u00e9nervement&#8230;de la d\u00e9motivation, contestation et alt\u00e9ration de la rentabilit\u00e9&#8230; au niveau collectif.<\/p>\n<h2>Quelle est l&rsquo;utilit\u00e9 de l&#8217;empathie dans le contexte professionnel ?<\/h2>\n<p><img loading=\"lazy\" class=\"alignnone size-full wp-image-6889\" src=\"https:\/\/www.comundi.fr\/mag-des-competences\/wp-content\/uploads\/2020\/09\/Image-union-intelligente-et-agreable-en-entreprise.jpg\" alt=\"\" width=\"720\" height=\"280\" srcset=\"https:\/\/www.comundi.fr\/mag-des-competences\/wp-content\/uploads\/2020\/09\/Image-union-intelligente-et-agreable-en-entreprise.jpg 720w, https:\/\/www.comundi.fr\/mag-des-competences\/wp-content\/uploads\/2020\/09\/Image-union-intelligente-et-agreable-en-entreprise-300x117.jpg 300w\" sizes=\"(max-width: 720px) 100vw, 720px\" \/><br \/>\nUne soci\u00e9t\u00e9 est un contrat o\u00f9 des personnes mettent en commun des biens \u00ab en vue de<strong> partager le b\u00e9n\u00e9fice ou de profiter de l&rsquo;\u00e9conomie qui pourra en r\u00e9sulter<\/strong> \u00bb (art. 1832 du Code Civil). <strong>Chaque fois qu\u2019il y a conflit, cet objectif de cr\u00e9ation de richesses est malmen\u00e9 au niveau \u00e9conomique, collectif et individuel.<\/strong><\/p>\n<p><u>Par exemple<\/u>, en cas de gr\u00e8ve, on peut dire qu\u2019une communication n\u2019a pas abouti efficacement ou que l&rsquo;anxi\u00e9t\u00e9 des salari\u00e9s \u00e0 augmenter le taux d&rsquo;absent\u00e9isme alors que le probl\u00e8me provient d&rsquo;une communication d\u00e9faillante. Ou encore, lorsque 2 services d\u2019une m\u00eame entreprise \u00ab se font la guerre \u00bb, l\u2019\u00e9nergie qui devrait faire cro\u00eetre l\u2019ensemble vient alimenter des effets n\u00e9gatifs.<\/p>\n<p>L\u2019efficacit\u00e9 attendue ne se d\u00e9ploie que dans un contexte \u00e9panouissant. <strong>Pour travailler dans la coop\u00e9ration et la communication constructive, il faut r\u00e9pondre au besoin de compr\u00e9hension interne<\/strong> (chef, collaborateurs, salari\u00e9s&#8230;) <strong>et externe<\/strong> (administration, fournisseurs, clients&#8230;).\u00a0<strong>On peut alors partager les b\u00e9n\u00e9fices sur tous les plans<\/strong> (financier, \u00e9motionnel, relationnel\u2026).<\/p>\n<h2><strong>Est-il possible d\u2019\u00eatre empathique en contexte professionnel ?<\/strong><\/h2>\n<p><strong>Bien-s\u00fbr, \u00e0 condition de ne pas faire de l\u2019ang\u00e9lisme et de ne pas croire que l\u2019Empathie\u00a0r\u00e8gle tout !<\/strong> Il s\u2019agit d\u2019\u00eatre pragmatique. <strong>Il faut \u00e9noncer et non contraindre avec son id\u00e9e et \u00e9couter celle des autres<\/strong>.<span style=\"color: #ff0000;\">\u00a0<\/span>Ce n\u2019est qu\u2019en connaissant les positions de chacun que la coop\u00e9ration peut na\u00eetre. <strong>Le r\u00e9sultat est la cr\u00e9ation d&rsquo;unions intelligentes et agr\u00e9ables synonyme de succ\u00e8s collectifs et individuels.<\/strong><\/p>\n<p>Les ennuis apparaissent quand il y a des in\u00e9galit\u00e9s entre le JE et le TU (entre moi et le destinataire). Soit il y a soumission (je\/TU), o\u00f9 on est perdant. Soit domination (JE\/tu), avec risque de bataille d\u2019 \u00e9go : le plus fort gagne, mais quel en est le prix ? Un ensemble est toujours affect\u00e9 n\u00e9gativement en cas de conflit entre ses parties. <a href=\"https:\/\/www.comundi.fr\/mag-des-competences\/collectif-de-travail-ressource-pour-lentreprise\/\" target=\"_blank\" rel=\"noopener\"><strong>C\u2019est l\u2019esprit de coop\u00e9ration qui permet d\u2019avancer efficacement<\/strong><\/a>.<\/p>\n<h2>De quelle fa\u00e7on employer l&rsquo; Empathie dans son travail r\u00e9guli\u00e8rement ?<\/h2>\n<p><u>Cela est possible en se posant la question<\/u> :<\/p>\n<ul>\n<li>qu&rsquo;est ce que je veux ?<\/li>\n<li>Qu\u2019est ce que je peux ?<\/li>\n<li>Qu\u2019est ce que l\u2019autre veut et peut ?<\/li>\n<li>Ensemble, qu\u2019est ce que nous pourrions ?<\/li>\n<li>Pourquoi sommes-nous l\u00e0 ?<\/li>\n<li>Quel but cherchons-nous \u00e0 atteindre ?<\/li>\n<\/ul>\n<p><strong>Des r\u00e9ponses claires et pertinentes aux \u00ab pourquoi \u00bb permettent des r\u00e9ponses aux \u00ab comment \u00bb<\/strong>. Ces interrogations s&rsquo;appliquent \u00e0 chaque position hi\u00e9rarchique d&rsquo;une entreprise et donc vers tout interlocuteur qu&rsquo;il s&rsquo;agisse d&rsquo;une structure de 3 personnes ou de 20 000 personnes.<\/p>\n<p><strong>Il s\u2019agit de comprendre que notre interlocuteur n\u2019est pas un ennemi \u00e0 combattre (et \u00e0 abattre), mais peut devenir un alli\u00e9 avec qui coop\u00e9rer. <a href=\"https:\/\/www.comundi.fr\/mag-des-competences\/communiquer-avec-tact-souplesse-diplomatie\/\" target=\"_blank\" rel=\"noopener\">On diminue alors de mani\u00e8re significative les risques de d\u00e9rives et de conflits<\/a> pour b\u00e2tir une relation o\u00f9 chacun tire un r\u00e9el b\u00e9n\u00e9fice.<\/strong><\/p>\n","protected":false},"excerpt":{"rendered":"<p>Ce n\u2019est pas un secret : les relations professionnelles sont de plus en plus tendues. Le mal-\u00eatre s&rsquo;insinue en entreprise\u00a0 et tout le monde en souffre. Or, une communication plus saine, mieux construite, en somme plus empathique, permettrait d\u2019am\u00e9liorer grandement nos relations professionnelles. Qu\u2019est-ce que l\u2019empathie\u00a0? L\u2019Empathie\u00a0est ce que l\u2019on pourrait appeler un \u00ab \u00e9tat [&hellip;]<\/p>\n","protected":false},"author":8,"featured_media":6888,"comment_status":"open","ping_status":"open","sticky":false,"template":"","format":"standard","meta":{"_mi_skip_tracking":false},"categories":[185,184],"yoast_head":"<!-- This site is optimized with the Yoast SEO plugin v16.1 - https:\/\/yoast.com\/wordpress\/plugins\/seo\/ -->\n<title>Pourquoi utiliser l&#039; Empathie dans le milieu professionnel ?<\/title>\n<meta name=\"description\" content=\"Managers, une communication empathique permet d&#039;atteindre des succ\u00e8s collectifs et individuels. On vous explique comment ? D\u00e9couvrez nos conseils...\" \/>\n<meta name=\"robots\" content=\"index, follow, max-snippet:-1, max-image-preview:large, max-video-preview:-1\" \/>\n<link rel=\"canonical\" href=\"https:\/\/www.comundi.fr\/mag-des-competences\/lempathie-dans-le-contexte-professionnel\/\" \/>\n<meta property=\"og:locale\" content=\"fr_FR\" \/>\n<meta property=\"og:type\" content=\"article\" \/>\n<meta property=\"og:title\" content=\"Pourquoi utiliser l&#039; Empathie dans le milieu professionnel ?\" \/>\n<meta property=\"og:description\" content=\"Managers, une communication empathique permet d&#039;atteindre des succ\u00e8s collectifs et individuels. On vous explique comment ? D\u00e9couvrez nos conseils...\" \/>\n<meta property=\"og:url\" content=\"https:\/\/www.comundi.fr\/mag-des-competences\/lempathie-dans-le-contexte-professionnel\/\" \/>\n<meta property=\"og:site_name\" content=\"Mag des comp\u00e9tences - Comundi\" \/>\n<meta property=\"article:publisher\" content=\"https:\/\/www.facebook.com\/Comundi\/?fref=ts\" \/>\n<meta property=\"article:published_time\" content=\"2021-01-26T08:00:34+00:00\" \/>\n<meta property=\"article:modified_time\" content=\"2021-03-16T16:18:02+00:00\" \/>\n<meta property=\"og:image\" content=\"https:\/\/www.comundi.fr\/mag-des-competences\/wp-content\/uploads\/2020\/09\/Image-empathie-dans-le-milieur-professionnel.jpg\" \/>\n\t<meta property=\"og:image:width\" content=\"720\" \/>\n\t<meta property=\"og:image:height\" content=\"280\" \/>\n<meta name=\"twitter:card\" content=\"summary_large_image\" \/>\n<meta name=\"twitter:creator\" content=\"@ComundiActu\" \/>\n<meta name=\"twitter:site\" content=\"@ComundiActu\" \/>\n<meta name=\"twitter:label1\" content=\"Dur\u00e9e de lecture est.\">\n\t<meta name=\"twitter:data1\" content=\"5 minutes\">\n<script type=\"application\/ld+json\" class=\"yoast-schema-graph\">{\"@context\":\"https:\/\/schema.org\",\"@graph\":[{\"@type\":\"Organization\",\"@id\":\"https:\/\/www.comundi.fr\/mag-des-competences\/#organization\",\"name\":\"Comundi\",\"url\":\"https:\/\/www.comundi.fr\/mag-des-competences\/\",\"sameAs\":[\"https:\/\/www.facebook.com\/Comundi\/?fref=ts\",\"https:\/\/www.linkedin.com\/company\/comundi\/\",\"https:\/\/www.youtube.com\/user\/ComundiFormations\",\"https:\/\/twitter.com\/ComundiActu\"],\"logo\":{\"@type\":\"ImageObject\",\"@id\":\"https:\/\/www.comundi.fr\/mag-des-competences\/#logo\",\"inLanguage\":\"fr-FR\",\"url\":\"https:\/\/www.comundi.fr\/mag-des-competences\/wp-content\/uploads\/2018\/01\/comundi.png\",\"contentUrl\":\"https:\/\/www.comundi.fr\/mag-des-competences\/wp-content\/uploads\/2018\/01\/comundi.png\",\"width\":300,\"height\":300,\"caption\":\"Comundi\"},\"image\":{\"@id\":\"https:\/\/www.comundi.fr\/mag-des-competences\/#logo\"}},{\"@type\":\"WebSite\",\"@id\":\"https:\/\/www.comundi.fr\/mag-des-competences\/#website\",\"url\":\"https:\/\/www.comundi.fr\/mag-des-competences\/\",\"name\":\"Mag des comp\\u00e9tences - Comundi\",\"description\":\"Le magazine des m\\u00e9tiers de demain\",\"publisher\":{\"@id\":\"https:\/\/www.comundi.fr\/mag-des-competences\/#organization\"},\"potentialAction\":[{\"@type\":\"SearchAction\",\"target\":\"https:\/\/www.comundi.fr\/mag-des-competences\/?s={search_term_string}\",\"query-input\":\"required name=search_term_string\"}],\"inLanguage\":\"fr-FR\"},{\"@type\":\"ImageObject\",\"@id\":\"https:\/\/www.comundi.fr\/mag-des-competences\/lempathie-dans-le-contexte-professionnel\/#primaryimage\",\"inLanguage\":\"fr-FR\",\"url\":\"https:\/\/www.comundi.fr\/mag-des-competences\/wp-content\/uploads\/2020\/09\/Image-empathie-dans-le-milieur-professionnel.jpg\",\"contentUrl\":\"https:\/\/www.comundi.fr\/mag-des-competences\/wp-content\/uploads\/2020\/09\/Image-empathie-dans-le-milieur-professionnel.jpg\",\"width\":720,\"height\":280,\"caption\":\"Mettre en place une communication empathique\"},{\"@type\":\"WebPage\",\"@id\":\"https:\/\/www.comundi.fr\/mag-des-competences\/lempathie-dans-le-contexte-professionnel\/#webpage\",\"url\":\"https:\/\/www.comundi.fr\/mag-des-competences\/lempathie-dans-le-contexte-professionnel\/\",\"name\":\"Pourquoi utiliser l' Empathie dans le milieu professionnel ?\",\"isPartOf\":{\"@id\":\"https:\/\/www.comundi.fr\/mag-des-competences\/#website\"},\"primaryImageOfPage\":{\"@id\":\"https:\/\/www.comundi.fr\/mag-des-competences\/lempathie-dans-le-contexte-professionnel\/#primaryimage\"},\"datePublished\":\"2021-01-26T08:00:34+00:00\",\"dateModified\":\"2021-03-16T16:18:02+00:00\",\"description\":\"Managers, une communication empathique permet d'atteindre des succ\\u00e8s collectifs et individuels. On vous explique comment ? D\\u00e9couvrez nos conseils...\",\"breadcrumb\":{\"@id\":\"https:\/\/www.comundi.fr\/mag-des-competences\/lempathie-dans-le-contexte-professionnel\/#breadcrumb\"},\"inLanguage\":\"fr-FR\",\"potentialAction\":[{\"@type\":\"ReadAction\",\"target\":[\"https:\/\/www.comundi.fr\/mag-des-competences\/lempathie-dans-le-contexte-professionnel\/\"]}]},{\"@type\":\"BreadcrumbList\",\"@id\":\"https:\/\/www.comundi.fr\/mag-des-competences\/lempathie-dans-le-contexte-professionnel\/#breadcrumb\",\"itemListElement\":[{\"@type\":\"ListItem\",\"position\":1,\"item\":{\"@type\":\"WebPage\",\"@id\":\"https:\/\/www.comundi.fr\/mag-des-competences\/\",\"url\":\"https:\/\/www.comundi.fr\/mag-des-competences\/\",\"name\":\"Accueil\"}},{\"@type\":\"ListItem\",\"position\":2,\"item\":{\"@type\":\"WebPage\",\"@id\":\"https:\/\/www.comundi.fr\/mag-des-competences\/lempathie-dans-le-contexte-professionnel\/\",\"url\":\"https:\/\/www.comundi.fr\/mag-des-competences\/lempathie-dans-le-contexte-professionnel\/\",\"name\":\"L\\u2019empathie dans le contexte professionnel\"}}]},{\"@type\":\"Article\",\"@id\":\"https:\/\/www.comundi.fr\/mag-des-competences\/lempathie-dans-le-contexte-professionnel\/#article\",\"isPartOf\":{\"@id\":\"https:\/\/www.comundi.fr\/mag-des-competences\/lempathie-dans-le-contexte-professionnel\/#webpage\"},\"author\":{\"@id\":\"https:\/\/www.comundi.fr\/mag-des-competences\/#\/schema\/person\/d08f5c2cf9de6fcfd33c30314745578e\"},\"headline\":\"L\\u2019empathie dans le contexte professionnel\",\"datePublished\":\"2021-01-26T08:00:34+00:00\",\"dateModified\":\"2021-03-16T16:18:02+00:00\",\"mainEntityOfPage\":{\"@id\":\"https:\/\/www.comundi.fr\/mag-des-competences\/lempathie-dans-le-contexte-professionnel\/#webpage\"},\"commentCount\":1,\"publisher\":{\"@id\":\"https:\/\/www.comundi.fr\/mag-des-competences\/#organization\"},\"image\":{\"@id\":\"https:\/\/www.comundi.fr\/mag-des-competences\/lempathie-dans-le-contexte-professionnel\/#primaryimage\"},\"articleSection\":\"D\\u00e9veloppement personnel,management\",\"inLanguage\":\"fr-FR\",\"potentialAction\":[{\"@type\":\"CommentAction\",\"name\":\"Comment\",\"target\":[\"https:\/\/www.comundi.fr\/mag-des-competences\/lempathie-dans-le-contexte-professionnel\/#respond\"]}]},{\"@type\":\"Person\",\"@id\":\"https:\/\/www.comundi.fr\/mag-des-competences\/#\/schema\/person\/d08f5c2cf9de6fcfd33c30314745578e\",\"name\":\"Comundi\",\"image\":{\"@type\":\"ImageObject\",\"@id\":\"https:\/\/www.comundi.fr\/mag-des-competences\/#personlogo\",\"inLanguage\":\"fr-FR\",\"url\":\"https:\/\/secure.gravatar.com\/avatar\/da2835ae7b2c1279e8e897d242f4cda6?s=96&d=mm&r=g\",\"contentUrl\":\"https:\/\/secure.gravatar.com\/avatar\/da2835ae7b2c1279e8e897d242f4cda6?s=96&d=mm&r=g\",\"caption\":\"Comundi\"}}]}<\/script>\n<!-- \/ Yoast SEO plugin. -->","amp_enabled":true,"_links":{"self":[{"href":"https:\/\/www.comundi.fr\/mag-des-competences\/wp-json\/wp\/v2\/posts\/6790"}],"collection":[{"href":"https:\/\/www.comundi.fr\/mag-des-competences\/wp-json\/wp\/v2\/posts"}],"about":[{"href":"https:\/\/www.comundi.fr\/mag-des-competences\/wp-json\/wp\/v2\/types\/post"}],"author":[{"embeddable":true,"href":"https:\/\/www.comundi.fr\/mag-des-competences\/wp-json\/wp\/v2\/users\/8"}],"replies":[{"embeddable":true,"href":"https:\/\/www.comundi.fr\/mag-des-competences\/wp-json\/wp\/v2\/comments?post=6790"}],"version-history":[{"count":27,"href":"https:\/\/www.comundi.fr\/mag-des-competences\/wp-json\/wp\/v2\/posts\/6790\/revisions"}],"predecessor-version":[{"id":7903,"href":"https:\/\/www.comundi.fr\/mag-des-competences\/wp-json\/wp\/v2\/posts\/6790\/revisions\/7903"}],"wp:featuredmedia":[{"embeddable":true,"href":"https:\/\/www.comundi.fr\/mag-des-competences\/wp-json\/wp\/v2\/media\/6888"}],"wp:attachment":[{"href":"https:\/\/www.comundi.fr\/mag-des-competences\/wp-json\/wp\/v2\/media?parent=6790"}],"wp:term":[{"taxonomy":"category","embeddable":true,"href":"https:\/\/www.comundi.fr\/mag-des-competences\/wp-json\/wp\/v2\/categories?post=6790"}],"curies":[{"name":"wp","href":"https:\/\/api.w.org\/{rel}","templated":true}]}}