{"id":6649,"date":"2020-09-22T09:00:37","date_gmt":"2020-09-22T07:00:37","guid":{"rendered":"https:\/\/www.comundi.fr\/mag-des-competences\/?p=6649"},"modified":"2023-12-13T19:08:29","modified_gmt":"2023-12-13T18:08:29","slug":"laffirmation-soi-etre-mieux-soi-autres","status":"publish","type":"post","link":"https:\/\/www.comundi.fr\/mag-des-competences\/laffirmation-soi-etre-mieux-soi-autres\/","title":{"rendered":"L&rsquo;affirmation de soi ou comment \u00eatre mieux avec soi et les autres"},"content":{"rendered":"<p style=\"text-align: justify;\">Les \u00e9changes avec autrui sont essentiels pour notre harmonie et notre ouverture au monde. Mais comment abordons-nous ces \u00e9changes : comme une opportunit\u00e9 d\u2019enrichir son point de vue ? Ou au contraire comme une contrainte, une \u00e9preuve de force ?<\/p>\n<p style=\"text-align: justify;\"><strong>Une cl\u00e9 pour ce mieux-vivre relationnel est l\u2019affirmation de soi<\/strong>. S\u2019affirmer nous permet de nous sentir \u00e0 l\u2019aise int\u00e9rieurement, et aussi avec les autres. Cela nous permet d\u2019appr\u00e9hender calmement les situations que nous vivons au quotidien dans notre travail et dans notre vie personnelle :<\/p>\n<ul style=\"text-align: justify;\">\n<li>savoir formuler une demande, un refus ;<\/li>\n<li>recevoir ou \u00e9mettre un compliment ou une critique ;<\/li>\n<li>tout simplement am\u00e9liorer nos relations interpersonnelles.<\/li>\n<\/ul>\n<h2 style=\"text-align: justify;\">Se respecter\u2026 une premi\u00e8re cl\u00e9<\/h2>\n<p style=\"text-align: justify;\"><strong>L\u2019objectif principal de l\u2019affirmation de soi est avant tout de se respecter soi-m\u00eame<\/strong>. Nous pourrions aussi \u00e9crire \u00ab respect \u00bb autrement : \u00ab Res\/paix \u00bb. <strong>C\u2019est en faisant la paix avec nous m\u00eame, que nous pourrons enfin faire la paix avec les autres.<\/strong><\/p>\n<p style=\"text-align: justify;\">Au travail, combien de fois avons-nous accept\u00e9 machinalement la demande d\u2019un coll\u00e8gue, en nous disant juste apr\u00e8s, que nous n\u2019en avions pas le temps ou pas l\u2019envie ?<\/p>\n<p style=\"text-align: justify;\">Nous n\u2019avons pas pris le temps de r\u00e9fl\u00e9chir.<strong> Nous nous sentons ensuite oblig\u00e9s de faire, et il y a une incoh\u00e9rence entre nos pens\u00e9es, nos paroles et nos actes.<\/strong><br \/>\n<strong>Une solution simple est de prendre le temps d\u2019observer notre r\u00e9action face aux autres, leurs demandes, leurs questions, leurs affirmations<\/strong>\u2026 Est-ce-que nous r\u00e9agissons et r\u00e9pondons automatiquement, par habitude ? Quelles \u00e9motions ressentons-nous lors de cet \u00e9change ?<\/p>\n<p style=\"text-align: justify;\"><strong>En prenant le temps, m\u00eame bri\u00e8vement, de r\u00e9fl\u00e9chir sur la situation, d\u2019examiner nos ressentis (pens\u00e9es, \u00e9motions), nous allons pouvoir trouver la r\u00e9ponse et le comportement justes, o\u00f9 nous allons nous respecter.<\/strong><\/p>\n<h2 style=\"text-align: justify;\">Exprimer directement ce que nous pensons et ressentons<\/h2>\n<p style=\"text-align: justify;\">L\u2019\u00e9tape suivante est d\u2019<strong>exprimer le plus directement possible ce que nous ressentons et pensons, en utilisant le \u00ab je \u00bb<\/strong>. Pour cela, nous devons <strong>exprimer sans d\u00e9tours notre pens\u00e9e<\/strong> (par exemple \u00ab non, je ne peux pas te rendre service \u00bb) <strong>ou notre \u00e9motion<\/strong> (par exemple \u00ab je me sens frustr\u00e9 suite \u00e0 ta d\u00e9cision \u00bb). Nous nous positionnons ainsi sans aucune ambigu\u00eft\u00e9 ou non-dit.<\/p>\n<p style=\"text-align: justify;\"><strong>Et m\u00eame si nous n\u2019osons pas nous exprimer tout de suite, il est toujours possible de s\u2019exprimer apr\u00e8s-coup, \u00e0 froid, quand l\u2019\u00e9motion ou la tension est retomb\u00e9e<\/strong>.<\/p>\n<h2 style=\"text-align: justify;\">Se sentir en empathie avec l\u2019autre<\/h2>\n<p style=\"text-align: justify;\"><strong>Un autre \u00e9l\u00e9ment cl\u00e9 est aussi de respecter l\u2019autre dans ce qu\u2019il pense, fait, ressent. C\u2019est l\u2019empathie !<\/strong> Pour cela, nous devons nous ouvrir \u00e0 l\u2019autre, entendre son point de vue (sans forc\u00e9ment y souscrire !). Cela passe par <strong>une reformulation des propos de notre interlocuteur. L\u2019objectif est de nous assurer que nous avons bien compris ce qu\u2019il nous dit<\/strong>.<\/p>\n<p style=\"text-align: justify;\">Pas si \u00e9vident\u2026 car chacun a une mani\u00e8re de communiquer diff\u00e9rente de la n\u00f4tre, pouvant brouiller une bonne compr\u00e9hension mutuelle.<br \/>\nExemple : Demandez \u00e0 un groupe de personnes le mot qui leur vient \u00e0 l\u2019esprit quand nous leur disons \u00ab rouge \u00bb. Il y aura bien souvent une r\u00e9ponse diff\u00e9rente par personne : couleur, feu, chaleur\u2026<\/p>\n<p style=\"text-align: justify;\"><u>Comment faire alors ?<\/u><br \/>\n<strong>Reformuler, avec nos propres mots, ce que nous avons compris des propos de notre interlocuteur, jusqu\u2019\u00e0 \u00eatre s\u00fbr d\u2019avoir \u00e9clairci tous ses propos.<\/strong><\/p>\n<p style=\"text-align: justify;\"><strong>La personne sera ainsi assur\u00e9e que nous sommes attentifs \u00e0 elle et \u00e0 ce qu\u2019elle dit.<\/strong><\/p>\n<h2 style=\"text-align: justify;\">Une application au quotidien : savoir dire non<\/h2>\n<p style=\"text-align: justify;\"><strong>Savoir dire non peut para\u00eetre simple, mais pourtant il est parfois difficile de verbaliser un refus. Dire non nous permet de ne pas nous charger de travail superflu et de nous positionner.<\/strong><\/p>\n<p style=\"text-align: justify;\"><u>Voici une marche \u00e0 suivre simple pour dire non \u00e0 une demande<\/u> :<\/p>\n<p style=\"text-align: justify;\">1) <strong>Nous positionner int\u00e9rieurement sur la demande<\/strong> : notre r\u00e9ponse sera n\u00e9gative. Si nous ne sommes pas parfaitement clairs avec nous-m\u00eames sur notre r\u00e9ponse, alors souvent notre refus ne pourra \u00eatre entendu par autrui.<\/p>\n<p style=\"text-align: justify;\">2) <strong>Dire non tout de suite<\/strong>. Un \u00ab oui mais\u2026 \u00bb laissera la place \u00e0 notre interlocuteur pour nous convaincre de dire oui.<\/p>\n<p style=\"text-align: justify;\">3) <strong>Exprimer notre position clairement et sans justifications inutiles<\/strong>. <strong>En revanche, si le non s\u2019adresse \u00e0 notre patron, quelques explications suppl\u00e9mentaires seront les bienvenues.<\/strong><\/p>\n<p style=\"text-align: justify;\">4) <strong>Reformuler la demande de l\u2019interlocuteur, si possible avec des termes positifs<\/strong>, afin de bien cerner tous les enjeux de cette requ\u00eate et que notre interlocuteur sente que nous l\u2019\u00e9coutons.<\/p>\n<p style=\"text-align: justify;\">5) <strong>Nous repositionner int\u00e9rieurement<\/strong> : allons-nous continuer \u00e0 dire non, ou au contraire allons-nous, vu les \u00e9l\u00e9ments que nous avons, accepter ?<\/p>\n<p style=\"text-align: justify;\">6) <strong>Si nous persistons dans notre refus, appliquer la technique du \u00ab disque ray\u00e9 \u00bb<\/strong> : r\u00e9p\u00e9ter, toujours sur le m\u00eame ton, sans le hausser, notre r\u00e9ponse n\u00e9gative.<\/p>\n<p style=\"text-align: justify;\">7) <strong>Terminer par une conclusion positive, que nous ayons dit oui ou non<\/strong>.<\/p>\n<p style=\"text-align: justify;\">Si au final nous acceptons, nous pouvons nous affirmer \u00e0 nouveau \u00ab je comprends que c\u2019est important pour toi, donc je vais le faire m\u00eame si je n\u2019en ai pas envie \u00bb.<\/p>\n<p style=\"text-align: justify;\">Si nous avons refus\u00e9, nous pouvons remercier l\u2019autre d\u2019avoir respect\u00e9 notre point de vue.<\/p>\n","protected":false},"excerpt":{"rendered":"<p>Les \u00e9changes avec autrui sont essentiels pour notre harmonie et notre ouverture au monde. Mais comment abordons-nous ces \u00e9changes : comme une opportunit\u00e9 d\u2019enrichir son point de vue ? Ou au contraire comme une contrainte, une \u00e9preuve de force ? Une cl\u00e9 pour ce mieux-vivre relationnel est l\u2019affirmation de soi. S\u2019affirmer nous permet de nous [&hellip;]<\/p>\n","protected":false},"author":8,"featured_media":6684,"comment_status":"open","ping_status":"open","sticky":false,"template":"","format":"standard","meta":{"_mi_skip_tracking":false},"categories":[185,183],"yoast_head":"<!-- This site is optimized with the Yoast SEO plugin v16.1 - https:\/\/yoast.com\/wordpress\/plugins\/seo\/ -->\n<title>Affirmation de soi : se positionner et mieux collaborer avec l&#039;autre !<\/title>\n<meta name=\"description\" content=\"Oser s&#039;affirmer : c&#039;est plus facile \u00e0 dire qu&#039;a faire ! Comment exprimer une id\u00e9e, un d\u00e9saccord avec franchise mais sans aggressivit\u00e9 ? On vous dit tout !\" \/>\n<meta name=\"robots\" content=\"index, follow, max-snippet:-1, max-image-preview:large, max-video-preview:-1\" \/>\n<link rel=\"canonical\" href=\"https:\/\/www.comundi.fr\/mag-des-competences\/laffirmation-soi-etre-mieux-soi-autres\/\" \/>\n<meta property=\"og:locale\" content=\"fr_FR\" \/>\n<meta property=\"og:type\" content=\"article\" \/>\n<meta property=\"og:title\" content=\"Affirmation de soi : se positionner et mieux collaborer avec l&#039;autre !\" \/>\n<meta property=\"og:description\" content=\"Oser s&#039;affirmer : c&#039;est plus facile \u00e0 dire qu&#039;a faire ! Comment exprimer une id\u00e9e, un d\u00e9saccord avec franchise mais sans aggressivit\u00e9 ? On vous dit tout !\" \/>\n<meta property=\"og:url\" content=\"https:\/\/www.comundi.fr\/mag-des-competences\/laffirmation-soi-etre-mieux-soi-autres\/\" \/>\n<meta property=\"og:site_name\" content=\"Mag des comp\u00e9tences - Comundi\" \/>\n<meta property=\"article:publisher\" content=\"https:\/\/www.facebook.com\/Comundi\/?fref=ts\" \/>\n<meta property=\"article:published_time\" content=\"2020-09-22T07:00:37+00:00\" \/>\n<meta property=\"article:modified_time\" content=\"2023-12-13T18:08:29+00:00\" \/>\n<meta property=\"og:image\" content=\"https:\/\/www.comundi.fr\/mag-des-competences\/wp-content\/uploads\/2020\/07\/Image-l-affirmation-de-soi.jpg\" \/>\n\t<meta property=\"og:image:width\" content=\"720\" \/>\n\t<meta property=\"og:image:height\" content=\"280\" \/>\n<meta name=\"twitter:card\" content=\"summary_large_image\" \/>\n<meta name=\"twitter:creator\" content=\"@ComundiActu\" \/>\n<meta name=\"twitter:site\" content=\"@ComundiActu\" \/>\n<meta name=\"twitter:label1\" content=\"Dur\u00e9e de lecture est.\">\n\t<meta name=\"twitter:data1\" content=\"4 minutes\">\n<script type=\"application\/ld+json\" class=\"yoast-schema-graph\">{\"@context\":\"https:\/\/schema.org\",\"@graph\":[{\"@type\":\"Organization\",\"@id\":\"https:\/\/www.comundi.fr\/mag-des-competences\/#organization\",\"name\":\"Comundi\",\"url\":\"https:\/\/www.comundi.fr\/mag-des-competences\/\",\"sameAs\":[\"https:\/\/www.facebook.com\/Comundi\/?fref=ts\",\"https:\/\/www.linkedin.com\/company\/comundi\/\",\"https:\/\/www.youtube.com\/user\/ComundiFormations\",\"https:\/\/twitter.com\/ComundiActu\"],\"logo\":{\"@type\":\"ImageObject\",\"@id\":\"https:\/\/www.comundi.fr\/mag-des-competences\/#logo\",\"inLanguage\":\"fr-FR\",\"url\":\"https:\/\/www.comundi.fr\/mag-des-competences\/wp-content\/uploads\/2018\/01\/comundi.png\",\"contentUrl\":\"https:\/\/www.comundi.fr\/mag-des-competences\/wp-content\/uploads\/2018\/01\/comundi.png\",\"width\":300,\"height\":300,\"caption\":\"Comundi\"},\"image\":{\"@id\":\"https:\/\/www.comundi.fr\/mag-des-competences\/#logo\"}},{\"@type\":\"WebSite\",\"@id\":\"https:\/\/www.comundi.fr\/mag-des-competences\/#website\",\"url\":\"https:\/\/www.comundi.fr\/mag-des-competences\/\",\"name\":\"Mag des comp\\u00e9tences - Comundi\",\"description\":\"Le magazine des m\\u00e9tiers de demain\",\"publisher\":{\"@id\":\"https:\/\/www.comundi.fr\/mag-des-competences\/#organization\"},\"potentialAction\":[{\"@type\":\"SearchAction\",\"target\":\"https:\/\/www.comundi.fr\/mag-des-competences\/?s={search_term_string}\",\"query-input\":\"required name=search_term_string\"}],\"inLanguage\":\"fr-FR\"},{\"@type\":\"ImageObject\",\"@id\":\"https:\/\/www.comundi.fr\/mag-des-competences\/laffirmation-soi-etre-mieux-soi-autres\/#primaryimage\",\"inLanguage\":\"fr-FR\",\"url\":\"https:\/\/www.comundi.fr\/mag-des-competences\/wp-content\/uploads\/2020\/07\/Image-l-affirmation-de-soi.jpg\",\"contentUrl\":\"https:\/\/www.comundi.fr\/mag-des-competences\/wp-content\/uploads\/2020\/07\/Image-l-affirmation-de-soi.jpg\",\"width\":720,\"height\":280,\"caption\":\"S'affirmer et \\u00eatre en harmonie avec autrui\"},{\"@type\":\"WebPage\",\"@id\":\"https:\/\/www.comundi.fr\/mag-des-competences\/laffirmation-soi-etre-mieux-soi-autres\/#webpage\",\"url\":\"https:\/\/www.comundi.fr\/mag-des-competences\/laffirmation-soi-etre-mieux-soi-autres\/\",\"name\":\"Affirmation de soi : se positionner et mieux collaborer avec l'autre !\",\"isPartOf\":{\"@id\":\"https:\/\/www.comundi.fr\/mag-des-competences\/#website\"},\"primaryImageOfPage\":{\"@id\":\"https:\/\/www.comundi.fr\/mag-des-competences\/laffirmation-soi-etre-mieux-soi-autres\/#primaryimage\"},\"datePublished\":\"2020-09-22T07:00:37+00:00\",\"dateModified\":\"2023-12-13T18:08:29+00:00\",\"description\":\"Oser s'affirmer : c'est plus facile \\u00e0 dire qu'a faire ! Comment exprimer une id\\u00e9e, un d\\u00e9saccord avec franchise mais sans aggressivit\\u00e9 ? On vous dit tout !\",\"breadcrumb\":{\"@id\":\"https:\/\/www.comundi.fr\/mag-des-competences\/laffirmation-soi-etre-mieux-soi-autres\/#breadcrumb\"},\"inLanguage\":\"fr-FR\",\"potentialAction\":[{\"@type\":\"ReadAction\",\"target\":[\"https:\/\/www.comundi.fr\/mag-des-competences\/laffirmation-soi-etre-mieux-soi-autres\/\"]}]},{\"@type\":\"BreadcrumbList\",\"@id\":\"https:\/\/www.comundi.fr\/mag-des-competences\/laffirmation-soi-etre-mieux-soi-autres\/#breadcrumb\",\"itemListElement\":[{\"@type\":\"ListItem\",\"position\":1,\"item\":{\"@type\":\"WebPage\",\"@id\":\"https:\/\/www.comundi.fr\/mag-des-competences\/\",\"url\":\"https:\/\/www.comundi.fr\/mag-des-competences\/\",\"name\":\"Accueil\"}},{\"@type\":\"ListItem\",\"position\":2,\"item\":{\"@type\":\"WebPage\",\"@id\":\"https:\/\/www.comundi.fr\/mag-des-competences\/laffirmation-soi-etre-mieux-soi-autres\/\",\"url\":\"https:\/\/www.comundi.fr\/mag-des-competences\/laffirmation-soi-etre-mieux-soi-autres\/\",\"name\":\"L&rsquo;affirmation de soi ou comment \\u00eatre mieux avec soi et les autres\"}}]},{\"@type\":\"Article\",\"@id\":\"https:\/\/www.comundi.fr\/mag-des-competences\/laffirmation-soi-etre-mieux-soi-autres\/#article\",\"isPartOf\":{\"@id\":\"https:\/\/www.comundi.fr\/mag-des-competences\/laffirmation-soi-etre-mieux-soi-autres\/#webpage\"},\"author\":{\"@id\":\"https:\/\/www.comundi.fr\/mag-des-competences\/#\/schema\/person\/d08f5c2cf9de6fcfd33c30314745578e\"},\"headline\":\"L&rsquo;affirmation de soi ou comment \\u00eatre mieux avec soi et les autres\",\"datePublished\":\"2020-09-22T07:00:37+00:00\",\"dateModified\":\"2023-12-13T18:08:29+00:00\",\"mainEntityOfPage\":{\"@id\":\"https:\/\/www.comundi.fr\/mag-des-competences\/laffirmation-soi-etre-mieux-soi-autres\/#webpage\"},\"commentCount\":0,\"publisher\":{\"@id\":\"https:\/\/www.comundi.fr\/mag-des-competences\/#organization\"},\"image\":{\"@id\":\"https:\/\/www.comundi.fr\/mag-des-competences\/laffirmation-soi-etre-mieux-soi-autres\/#primaryimage\"},\"articleSection\":\"D\\u00e9veloppement personnel,Efficacit\\u00e9 professionnelle\",\"inLanguage\":\"fr-FR\",\"potentialAction\":[{\"@type\":\"CommentAction\",\"name\":\"Comment\",\"target\":[\"https:\/\/www.comundi.fr\/mag-des-competences\/laffirmation-soi-etre-mieux-soi-autres\/#respond\"]}]},{\"@type\":\"Person\",\"@id\":\"https:\/\/www.comundi.fr\/mag-des-competences\/#\/schema\/person\/d08f5c2cf9de6fcfd33c30314745578e\",\"name\":\"Comundi\",\"image\":{\"@type\":\"ImageObject\",\"@id\":\"https:\/\/www.comundi.fr\/mag-des-competences\/#personlogo\",\"inLanguage\":\"fr-FR\",\"url\":\"https:\/\/secure.gravatar.com\/avatar\/da2835ae7b2c1279e8e897d242f4cda6?s=96&d=mm&r=g\",\"contentUrl\":\"https:\/\/secure.gravatar.com\/avatar\/da2835ae7b2c1279e8e897d242f4cda6?s=96&d=mm&r=g\",\"caption\":\"Comundi\"}}]}<\/script>\n<!-- \/ Yoast SEO plugin. -->","amp_enabled":true,"_links":{"self":[{"href":"https:\/\/www.comundi.fr\/mag-des-competences\/wp-json\/wp\/v2\/posts\/6649"}],"collection":[{"href":"https:\/\/www.comundi.fr\/mag-des-competences\/wp-json\/wp\/v2\/posts"}],"about":[{"href":"https:\/\/www.comundi.fr\/mag-des-competences\/wp-json\/wp\/v2\/types\/post"}],"author":[{"embeddable":true,"href":"https:\/\/www.comundi.fr\/mag-des-competences\/wp-json\/wp\/v2\/users\/8"}],"replies":[{"embeddable":true,"href":"https:\/\/www.comundi.fr\/mag-des-competences\/wp-json\/wp\/v2\/comments?post=6649"}],"version-history":[{"count":9,"href":"https:\/\/www.comundi.fr\/mag-des-competences\/wp-json\/wp\/v2\/posts\/6649\/revisions"}],"predecessor-version":[{"id":12040,"href":"https:\/\/www.comundi.fr\/mag-des-competences\/wp-json\/wp\/v2\/posts\/6649\/revisions\/12040"}],"wp:featuredmedia":[{"embeddable":true,"href":"https:\/\/www.comundi.fr\/mag-des-competences\/wp-json\/wp\/v2\/media\/6684"}],"wp:attachment":[{"href":"https:\/\/www.comundi.fr\/mag-des-competences\/wp-json\/wp\/v2\/media?parent=6649"}],"wp:term":[{"taxonomy":"category","embeddable":true,"href":"https:\/\/www.comundi.fr\/mag-des-competences\/wp-json\/wp\/v2\/categories?post=6649"}],"curies":[{"name":"wp","href":"https:\/\/api.w.org\/{rel}","templated":true}]}}