{"id":6173,"date":"2020-09-29T09:00:18","date_gmt":"2020-09-29T07:00:18","guid":{"rendered":"https:\/\/www.comundi.fr\/mag-des-competences\/?p=6173"},"modified":"2025-02-26T16:45:35","modified_gmt":"2025-02-26T15:45:35","slug":"les-personnalites-toxiques","status":"publish","type":"post","link":"https:\/\/www.comundi.fr\/mag-des-competences\/les-personnalites-toxiques\/","title":{"rendered":"Les personnalit\u00e9s toxiques"},"content":{"rendered":"<p>Les <strong>personnes toxiques<\/strong> sont celles qui volent votre \u00e9nergie et vous d\u00e9vorent jusqu\u2019\u00e0&nbsp;vos racines. Celles qui ne vous encouragent jamais et vous tiennent en \u00e9tat de d\u00e9pendance. Celles qui vous ass\u00e8nent un coup de pied en lieu et place d\u2019un soutien. Celles qui voient toujours le verre \u00e0 moiti\u00e9 vide et noircissent votre horizon. Celles qui prennent votre temps et volent vos r\u00eaves\u2026<\/p>\n<p>Il est \u00e9tonnant de parler de toxicit\u00e9 pour une personne. Pourtant, nous sommes tous confront\u00e9s \u00e0 ce poison latent, difficile \u00e0 d\u00e9masquer, que nous pr\u00e9f\u00e9rons subir plut\u00f4t que d\u2019affronter par habitude ou peur du changement.<\/p>\n<h2><strong>Bien se conna\u00eetre pour se valoriser et valoriser les autres<\/strong><\/h2>\n<p>Toutes les personnalit\u00e9s sont potentiellement bonnes et sont connues depuis des lustres par les philosophes, les religieux et plus r\u00e9cemment par les psychologues.<br>Chacun peut d\u00e9couvrir la sienne, notamment en passant un test de personnalit\u00e9.<br>Les DRH, recruteurs et \u00ab profilers \u00bb en sont friands pour mieux cerner ceux \u00e0 qui ils ont affaire. Mais il est int\u00e9ressant de noter que pour chacun d\u2019entre nous, il est parfois difficile de trouver les bons mots pour parler de soi.<\/p>\n<p>Pourtant, choisir son \u00e2me s\u0153ur ou plus prosa\u00efquement son orientation professionnelle suppose a minima une bonne connaissance de soi, c\u2019est-\u00e0-dire de ses talents ou de ses pr\u00e9f\u00e9rences. Bien cerner sa propre personnalit\u00e9 est le premier bagage qui permet de comprendre et de valoriser son potentiel, et par la m\u00eame de se d\u00e9velopper de fa\u00e7on harmonieuse.<\/p>\n<p>En effet, notre vision du monde ext\u00e9rieur n\u2019est que le reflet de notre monde int\u00e9rieur. Et si nous n\u2019allons pas bien vis-\u00e0-vis du monde ext\u00e9rieur, c\u2019est que notre monde int\u00e9rieur est pollu\u00e9 par des pens\u00e9es n\u00e9gatives.<\/p>\n<h2><strong>L\u2019impact b\u00e9n\u00e9fique de la pens\u00e9e positive<\/strong><\/h2>\n<p><strong>Les personnes toxiques <\/strong>sont facilement reconnaissables et en quelques minutes. Elles sont identifiables par les propos employ\u00e9s pour montrer leur vision du monde :&nbsp;<span style=\"color: #ff0000;\">&nbsp;<span style=\"color: #000000;\">impossible, incapable, abandonner, peur, manque, probl\u00e8me, probl\u00e9matique&#8230;<\/span><\/span> L\u00e0 o\u00f9 il est serait tout aussi facile d\u2018employer leurs c\u00f4t\u00e9s positifs tels que : solution, confiance, gagner, retrouver, capable, possible\u2026 Il conviendrait donc pour elles de remettre en question leur approche mentale et dynamiser leur vision du monde en entretenant des pens\u00e9es positives.<\/p>\n<p><a href=\"https:\/\/www.comundi.fr\/mag-des-competences\/comment-communiquer-efficacement-personnes-negatives\/\" target=\"_blank\" rel=\"noopener\">Les pens\u00e9es n\u00e9gatives peuvent aussi agir sur le quotient \u00e9motionnel de chaque personne<\/a>. Quotient que l\u2019on mesure sur 5 axes :<\/p>\n<ol>\n<li>le degr\u00e9 d\u2019optimisme,<\/li>\n<li>d\u2019Empathie,<\/li>\n<li>de s\u00e9r\u00e9nit\u00e9,<\/li>\n<li>de ma\u00eetrise de soi<\/li>\n<li>et le sens des r\u00e9alit\u00e9s.<\/li>\n<\/ol>\n<h3>Que penser d\u2019une personne dont le niveau serait bas sur ces 5 axes ?<\/h3>\n<p>A savoir d\u00e9faitiste, indiff\u00e9rente, anxieuse, impulsive et dans l\u2019id\u00e9alisation. Ces personnes vont choisir inconsciemment les mauvaises actions et mauvaises r\u00e9ponses aux questions soulev\u00e9es dans leur travail ou dans leur vie personnelle.<\/p>\n<h3>Sont-elles pour autant toxiques ?<\/h3>\n<p>Elles le sont potentiellement pour elles-m\u00eames et pour les autres. Elles sont en r\u00e9alit\u00e9 en souffrance et n\u2019en sont pas conscientes. Elles ne seront donc pas en mesure de s\u2019engager ni d\u2019agir, encore moins capables de formuler un plan de r\u00e9ussite ou d\u2019\u00eatre heureuses.<\/p>\n<h2><strong>Proscrire les \u00ab injonctions de non existence \u00bb<\/strong><\/h2>\n<p>Il existe d\u2019autres<strong> comportements toxiques<\/strong> que nous subissons tous : les comportements conditionn\u00e9s \u00e0 l\u2019\u00e9chec et entra\u00eenant de la destruction de valeur. Il s\u2019agit des injonctions de \u00ab non existence <strong>\u00bb<\/strong> qui dictent notre conduite de fa\u00e7on pavlovienne tels que : \u00ab d\u00e9p\u00eache-toi \u00bb, \u00ab fais-moi plaisir \u00bb, \u00ab sois parfait \u00bb, \u00ab fais des efforts \u00bb\u2026<\/p>\n<p>Elles nous envoient de fausses promesses comme : \u00ab tu vas pouvoir tout faire \u00bb, \u00ab tu vas pouvoir faire plaisir \u00e0 tout le monde \u00bb, \u00ab la perfection est de ce monde \u00bb, \u00ab tu vas r\u00e9ussir par l\u2019effort \u00bb.<\/p>\n<p>Alors que les autorisations que l\u2019on pourrait se donner en toute confiance et bonne conscience seraient : \u00ab g\u00e8re ton temps \u00bb, \u00ab fais-toi plaisir aussi \u00bb, \u00ab sois r\u00e9aliste \u00bb, \u00ab r\u00e9ussis \u00e0 ta mesure \u00bb.<\/p>\n<h2><strong>D\u00e9masquer les manipulateurs<\/strong><\/h2>\n<p><strong><img loading=\"lazy\" class=\"alignnone wp-image-11244 size-full\" src=\"https:\/\/www.comundi.fr\/mag-des-competences\/wp-content\/uploads\/2020\/09\/Image-manipulateurs.jpg\" alt=\"Rep\u00e9rer les manipulateurs, aussi une personnalit\u00e9 toxique\" width=\"720\" height=\"280\" srcset=\"https:\/\/www.comundi.fr\/mag-des-competences\/wp-content\/uploads\/2020\/09\/Image-manipulateurs.jpg 720w, https:\/\/www.comundi.fr\/mag-des-competences\/wp-content\/uploads\/2020\/09\/Image-manipulateurs-300x117.jpg 300w\" sizes=\"(max-width: 720px) 100vw, 720px\" \/><\/strong>Les personnes qui manipulent les autres pour arriver \u00e0 leurs fins sont \u00e9galement toxiques.<br><u>Par exemple<\/u>, une personne qui passe son temps \u00e0 condamner les autres, s\u2019exon\u00e8re de s\u2019examiner elle-m\u00eame.<br>De m\u00eame une personne qui fait \u00ab l\u2019oiseau de mauvais augure \u00bb porte la poisse \u00e0 son entourage. Et, d\u00e8s que surviendra un probl\u00e8me, elle finira toujours par faire passer ses sombres pronostics pour de la clairvoyance en s\u2019exclamant&nbsp; \u00ab je te l\u2019avais bien dit ! \u00bb.<\/p>\n<p>Une personne qui se victimise et passe son temps \u00e0 se plaindre est un v\u00e9ritable \u00ab trou noir \u00bb. Elle consacre son temps et consomme celui des autres \u00e0 ce qui ne marche pas, au lieu d\u2019employer son \u00e9nergie au service de ce qui pourrait \u00eatre am\u00e9lior\u00e9. La position de victime est souvent employ\u00e9e lorsque celle-ci veut capter l\u2019attention. <u>Par exemple<\/u>, les retardataires chroniques font partie de cette cat\u00e9gorie : ils vont tour \u00e0 tour se justifier, bl\u00e2mer les transports urbains, se plaindre de leur malchance, aggravant ainsi encore la perte de temps initiale.<\/p>\n<h2><strong>De l\u2019importance des valeurs<\/strong><\/h2>\n<p>Nous terminerons par les <strong>personnes hautement toxiques car destructrices<\/strong>. Ce sont celles d\u00e9pourvues de valeurs.<br><u>La d\u00e9finition des valeurs donn\u00e9e par le dictionnaire est<\/u> : <strong>\u00ab<\/strong> ce qui est pos\u00e9 comme vrai, beau, bien, selon des crit\u00e8res personnels ou sociaux, et sert de r\u00e9f\u00e9rence, de principe moral \u00bb.<\/p>\n<p>Aujourd\u2019hui, les individus se targuent d\u2019afficher des valeurs telles des signes positifs allant de soi. Or, les personnes qui portent v\u00e9ritablement des valeurs n\u2019en parlent pas ou peu, mais on peut les d\u00e9couvrir \u00e0 travers leurs actes et comportements. En effet, on peut reconna\u00eetre les personnes qui n&rsquo;en ont pas \u00e0 leurs faits, gestes et propos car elles sont pr\u00eates \u00e0 tout, agressives, parfois sans foi ni loi&#8230;<\/p>\n<h2><strong>En conclusion, 4 conseils<\/strong><\/h2>\n<ul>\n<li>Le premier est comme l&rsquo;a si bien dit Socrate : connais-toi, toi-m\u00eame <strong>\u00ab\u00a0<\/strong>. Cela te permettra de te canaliser sur tes comp\u00e9tences acquises ou inn\u00e9es pour les am\u00e9liorer avec les efforts n\u00e9cessaires ou les consolider ou encore, en d\u00e9velopper d&rsquo;autres en toute confiance.<\/li>\n<li>Le deuxi\u00e8me est d\u2019apprendre \u00e0 bien conna\u00eetre les autres personnalit\u00e9s pour en d\u00e9couvrir tout le potentiel, mais aussi pour distinguer celles \u00e0 connotations toxiques. Ainsi, vous serez en mesure de choisir celles qui vous aideront \u00e0 construire un plan de d\u00e9veloppement harmonieux.<\/li>\n<li>Le troisi\u00e8me est de se rappeler que <strong>les personnes toxiques <\/strong>n\u2019ont de pouvoir que celui qu\u2019on leur pr\u00eate, en l\u2019occurrence avoir peur d\u2019elles et leur en vouloir. Ce sont le plus souvent des personnes en souffrance.<\/li>\n<li>Le quatri\u00e8me est de porter en toutes circonstances un regard positif sur vous, les autres et le monde en g\u00e9n\u00e9ral. Votre esprit positif, votre \u00e9nergie et celle de l\u2019univers seront en meilleure posture pour satisfaire vos d\u00e9sirs.<\/li>\n<\/ul>\n\n\n<p><\/p>\n","protected":false},"excerpt":{"rendered":"<p>Les personnes toxiques sont celles qui volent votre \u00e9nergie et vous d\u00e9vorent jusqu\u2019\u00e0&nbsp;vos racines. Celles qui ne vous encouragent jamais et vous tiennent en \u00e9tat de d\u00e9pendance. Celles qui vous ass\u00e8nent un coup de pied en lieu et place d\u2019un soutien. Celles qui voient toujours le verre \u00e0 moiti\u00e9 vide et noircissent votre horizon. Celles [&hellip;]<\/p>\n","protected":false},"author":8,"featured_media":6750,"comment_status":"open","ping_status":"open","sticky":false,"template":"","format":"standard","meta":{"_mi_skip_tracking":false},"categories":[185,183],"yoast_head":"<!-- This site is optimized with the Yoast SEO plugin v16.1 - https:\/\/yoast.com\/wordpress\/plugins\/seo\/ -->\n<title>Comment rep\u00e9rer et g\u00e9rer les personnalit\u00e9s toxiques ?<\/title>\n<meta name=\"description\" content=\"Famille, ami, coll\u00e8gue de travail, les personnalit\u00e9s toxiques peuvent nous mettre mal \u00e0 l&#039;aise et nous stresser. Comment y rem\u00e9dier ?\" \/>\n<meta name=\"robots\" content=\"index, follow, max-snippet:-1, max-image-preview:large, max-video-preview:-1\" \/>\n<link rel=\"canonical\" href=\"https:\/\/www.comundi.fr\/mag-des-competences\/les-personnalites-toxiques\/\" \/>\n<meta property=\"og:locale\" content=\"fr_FR\" \/>\n<meta property=\"og:type\" content=\"article\" \/>\n<meta property=\"og:title\" content=\"Comment rep\u00e9rer et g\u00e9rer les personnalit\u00e9s toxiques ?\" \/>\n<meta property=\"og:description\" content=\"Famille, ami, coll\u00e8gue de travail, les personnalit\u00e9s toxiques peuvent nous mettre mal \u00e0 l&#039;aise et nous stresser. Comment y rem\u00e9dier ?\" \/>\n<meta property=\"og:url\" content=\"https:\/\/www.comundi.fr\/mag-des-competences\/les-personnalites-toxiques\/\" \/>\n<meta property=\"og:site_name\" content=\"Mag des comp\u00e9tences - Comundi\" \/>\n<meta property=\"article:publisher\" content=\"https:\/\/www.facebook.com\/Comundi\/?fref=ts\" \/>\n<meta property=\"article:published_time\" content=\"2020-09-29T07:00:18+00:00\" \/>\n<meta property=\"article:modified_time\" content=\"2025-02-26T15:45:35+00:00\" \/>\n<meta property=\"og:image\" content=\"https:\/\/www.comundi.fr\/mag-des-competences\/wp-content\/uploads\/2020\/07\/Images-personnalites-toxiques.png\" \/>\n\t<meta property=\"og:image:width\" content=\"720\" \/>\n\t<meta property=\"og:image:height\" content=\"280\" \/>\n<meta name=\"twitter:card\" content=\"summary_large_image\" \/>\n<meta name=\"twitter:creator\" content=\"@ComundiActu\" \/>\n<meta name=\"twitter:site\" content=\"@ComundiActu\" \/>\n<meta name=\"twitter:label1\" content=\"Dur\u00e9e de lecture est.\">\n\t<meta name=\"twitter:data1\" content=\"5 minutes\">\n<script type=\"application\/ld+json\" class=\"yoast-schema-graph\">{\"@context\":\"https:\/\/schema.org\",\"@graph\":[{\"@type\":\"Organization\",\"@id\":\"https:\/\/www.comundi.fr\/mag-des-competences\/#organization\",\"name\":\"Comundi\",\"url\":\"https:\/\/www.comundi.fr\/mag-des-competences\/\",\"sameAs\":[\"https:\/\/www.facebook.com\/Comundi\/?fref=ts\",\"https:\/\/www.linkedin.com\/company\/comundi\/\",\"https:\/\/www.youtube.com\/user\/ComundiFormations\",\"https:\/\/twitter.com\/ComundiActu\"],\"logo\":{\"@type\":\"ImageObject\",\"@id\":\"https:\/\/www.comundi.fr\/mag-des-competences\/#logo\",\"inLanguage\":\"fr-FR\",\"url\":\"https:\/\/www.comundi.fr\/mag-des-competences\/wp-content\/uploads\/2018\/01\/comundi.png\",\"contentUrl\":\"https:\/\/www.comundi.fr\/mag-des-competences\/wp-content\/uploads\/2018\/01\/comundi.png\",\"width\":300,\"height\":300,\"caption\":\"Comundi\"},\"image\":{\"@id\":\"https:\/\/www.comundi.fr\/mag-des-competences\/#logo\"}},{\"@type\":\"WebSite\",\"@id\":\"https:\/\/www.comundi.fr\/mag-des-competences\/#website\",\"url\":\"https:\/\/www.comundi.fr\/mag-des-competences\/\",\"name\":\"Mag des comp\\u00e9tences - Comundi\",\"description\":\"Le magazine des m\\u00e9tiers de demain\",\"publisher\":{\"@id\":\"https:\/\/www.comundi.fr\/mag-des-competences\/#organization\"},\"potentialAction\":[{\"@type\":\"SearchAction\",\"target\":\"https:\/\/www.comundi.fr\/mag-des-competences\/?s={search_term_string}\",\"query-input\":\"required name=search_term_string\"}],\"inLanguage\":\"fr-FR\"},{\"@type\":\"ImageObject\",\"@id\":\"https:\/\/www.comundi.fr\/mag-des-competences\/les-personnalites-toxiques\/#primaryimage\",\"inLanguage\":\"fr-FR\",\"url\":\"https:\/\/www.comundi.fr\/mag-des-competences\/wp-content\/uploads\/2020\/07\/Images-personnalites-toxiques.png\",\"contentUrl\":\"https:\/\/www.comundi.fr\/mag-des-competences\/wp-content\/uploads\/2020\/07\/Images-personnalites-toxiques.png\",\"width\":720,\"height\":280,\"caption\":\"Rep\\u00e9rer et g\\u00e9rer les personnalit\\u00e9s toxiques\"},{\"@type\":\"WebPage\",\"@id\":\"https:\/\/www.comundi.fr\/mag-des-competences\/les-personnalites-toxiques\/#webpage\",\"url\":\"https:\/\/www.comundi.fr\/mag-des-competences\/les-personnalites-toxiques\/\",\"name\":\"Comment rep\\u00e9rer et g\\u00e9rer les personnalit\\u00e9s toxiques ?\",\"isPartOf\":{\"@id\":\"https:\/\/www.comundi.fr\/mag-des-competences\/#website\"},\"primaryImageOfPage\":{\"@id\":\"https:\/\/www.comundi.fr\/mag-des-competences\/les-personnalites-toxiques\/#primaryimage\"},\"datePublished\":\"2020-09-29T07:00:18+00:00\",\"dateModified\":\"2025-02-26T15:45:35+00:00\",\"description\":\"Famille, ami, coll\\u00e8gue de travail, les personnalit\\u00e9s toxiques peuvent nous mettre mal \\u00e0 l'aise et nous stresser. Comment y rem\\u00e9dier ?\",\"breadcrumb\":{\"@id\":\"https:\/\/www.comundi.fr\/mag-des-competences\/les-personnalites-toxiques\/#breadcrumb\"},\"inLanguage\":\"fr-FR\",\"potentialAction\":[{\"@type\":\"ReadAction\",\"target\":[\"https:\/\/www.comundi.fr\/mag-des-competences\/les-personnalites-toxiques\/\"]}]},{\"@type\":\"BreadcrumbList\",\"@id\":\"https:\/\/www.comundi.fr\/mag-des-competences\/les-personnalites-toxiques\/#breadcrumb\",\"itemListElement\":[{\"@type\":\"ListItem\",\"position\":1,\"item\":{\"@type\":\"WebPage\",\"@id\":\"https:\/\/www.comundi.fr\/mag-des-competences\/\",\"url\":\"https:\/\/www.comundi.fr\/mag-des-competences\/\",\"name\":\"Accueil\"}},{\"@type\":\"ListItem\",\"position\":2,\"item\":{\"@type\":\"WebPage\",\"@id\":\"https:\/\/www.comundi.fr\/mag-des-competences\/les-personnalites-toxiques\/\",\"url\":\"https:\/\/www.comundi.fr\/mag-des-competences\/les-personnalites-toxiques\/\",\"name\":\"Les personnalit\\u00e9s toxiques\"}}]},{\"@type\":\"Article\",\"@id\":\"https:\/\/www.comundi.fr\/mag-des-competences\/les-personnalites-toxiques\/#article\",\"isPartOf\":{\"@id\":\"https:\/\/www.comundi.fr\/mag-des-competences\/les-personnalites-toxiques\/#webpage\"},\"author\":{\"@id\":\"https:\/\/www.comundi.fr\/mag-des-competences\/#\/schema\/person\/d08f5c2cf9de6fcfd33c30314745578e\"},\"headline\":\"Les personnalit\\u00e9s toxiques\",\"datePublished\":\"2020-09-29T07:00:18+00:00\",\"dateModified\":\"2025-02-26T15:45:35+00:00\",\"mainEntityOfPage\":{\"@id\":\"https:\/\/www.comundi.fr\/mag-des-competences\/les-personnalites-toxiques\/#webpage\"},\"commentCount\":0,\"publisher\":{\"@id\":\"https:\/\/www.comundi.fr\/mag-des-competences\/#organization\"},\"image\":{\"@id\":\"https:\/\/www.comundi.fr\/mag-des-competences\/les-personnalites-toxiques\/#primaryimage\"},\"articleSection\":\"D\\u00e9veloppement personnel,Efficacit\\u00e9 professionnelle\",\"inLanguage\":\"fr-FR\",\"potentialAction\":[{\"@type\":\"CommentAction\",\"name\":\"Comment\",\"target\":[\"https:\/\/www.comundi.fr\/mag-des-competences\/les-personnalites-toxiques\/#respond\"]}]},{\"@type\":\"Person\",\"@id\":\"https:\/\/www.comundi.fr\/mag-des-competences\/#\/schema\/person\/d08f5c2cf9de6fcfd33c30314745578e\",\"name\":\"Comundi\",\"image\":{\"@type\":\"ImageObject\",\"@id\":\"https:\/\/www.comundi.fr\/mag-des-competences\/#personlogo\",\"inLanguage\":\"fr-FR\",\"url\":\"https:\/\/secure.gravatar.com\/avatar\/da2835ae7b2c1279e8e897d242f4cda6?s=96&d=mm&r=g\",\"contentUrl\":\"https:\/\/secure.gravatar.com\/avatar\/da2835ae7b2c1279e8e897d242f4cda6?s=96&d=mm&r=g\",\"caption\":\"Comundi\"}}]}<\/script>\n<!-- \/ Yoast SEO plugin. -->","amp_enabled":true,"_links":{"self":[{"href":"https:\/\/www.comundi.fr\/mag-des-competences\/wp-json\/wp\/v2\/posts\/6173"}],"collection":[{"href":"https:\/\/www.comundi.fr\/mag-des-competences\/wp-json\/wp\/v2\/posts"}],"about":[{"href":"https:\/\/www.comundi.fr\/mag-des-competences\/wp-json\/wp\/v2\/types\/post"}],"author":[{"embeddable":true,"href":"https:\/\/www.comundi.fr\/mag-des-competences\/wp-json\/wp\/v2\/users\/8"}],"replies":[{"embeddable":true,"href":"https:\/\/www.comundi.fr\/mag-des-competences\/wp-json\/wp\/v2\/comments?post=6173"}],"version-history":[{"count":33,"href":"https:\/\/www.comundi.fr\/mag-des-competences\/wp-json\/wp\/v2\/posts\/6173\/revisions"}],"predecessor-version":[{"id":13460,"href":"https:\/\/www.comundi.fr\/mag-des-competences\/wp-json\/wp\/v2\/posts\/6173\/revisions\/13460"}],"wp:featuredmedia":[{"embeddable":true,"href":"https:\/\/www.comundi.fr\/mag-des-competences\/wp-json\/wp\/v2\/media\/6750"}],"wp:attachment":[{"href":"https:\/\/www.comundi.fr\/mag-des-competences\/wp-json\/wp\/v2\/media?parent=6173"}],"wp:term":[{"taxonomy":"category","embeddable":true,"href":"https:\/\/www.comundi.fr\/mag-des-competences\/wp-json\/wp\/v2\/categories?post=6173"}],"curies":[{"name":"wp","href":"https:\/\/api.w.org\/{rel}","templated":true}]}}