{"id":6150,"date":"2020-06-11T09:00:20","date_gmt":"2020-06-11T07:00:20","guid":{"rendered":"https:\/\/www.comundi.fr\/mag-des-competences\/?p=6150"},"modified":"2025-11-13T10:11:33","modified_gmt":"2025-11-13T09:11:33","slug":"3-astuces-rebooster-motivation-travail","status":"publish","type":"post","link":"https:\/\/www.comundi.fr\/mag-des-competences\/3-astuces-rebooster-motivation-travail\/","title":{"rendered":"3 astuces pour (re)booster votre motivation au travail"},"content":{"rendered":"<p style=\"text-align: left;\">Tout le monde n\u2019a pas un \u00ab Chief happiness officer \u00bb au travail ! Mais on peut s\u2019auto proclamer et se donner l\u2019impulsion qui permet d\u2019aller plus loin, de faire mieux ou autrement, de travailler avec bonne humeur et bienveillance, ce qui peut cr\u00e9er une ambiance de travail plus positive et cr\u00e9ative et peut \u00eatre, entra\u00eener les autres !<\/p>\n<p style=\"text-align: left;\"><strong>Employer une communication positive, se sentir plus optimiste, et faire le plein d\u2019\u00e9nergie aura pour r\u00e9sultat d\u2019\u00e9tonner les autres, de donner une image plus positive de soi et de son travail, de favoriser la communication, d\u2019entra\u00eener d\u2019autres personnes dans son sillage et donc de retrouver du sens \u00e0 son travail<\/strong>. C\u2019est la spirale positive !<\/p>\n<p style=\"text-align: left;\"><u>3 actions \u00e0 entreprendre<\/u> :<\/p>\n<h2 style=\"text-align: left;\">1. Employer une communication positive<\/h2>\n<p style=\"text-align: left;\">Tout d&rsquo;abord, fa\u00eetes un pitch positif par semaine, puis par jour !<\/p>\n<h3 style=\"text-align: left;\"><strong>Comment ?<\/strong><\/h3>\n<ul style=\"text-align: left;\">\n<li><strong>En moins d\u2019une minute vous pr\u00e9sentez une activit\u00e9, un projet, une id\u00e9e, une r\u00e9alisation\u2026.qui vous plait, qui vous donne la p\u00eache et qui r\u00e9pond \u00e0 un besoin.<br \/>\n<\/strong><u>Exemple<\/u> :\u00a0\u00ab Je suis all\u00e9e \u00e0 une conf\u00e9rence de \u2026 je suis content j\u2019ai appris comment devenir \u00ab chief happiness pour moi-m\u00eame, et cela me donne des r\u00e9ponses pour cr\u00e9er une ambiance plus stimulante en 2020 \u00bb<\/li>\n<li><strong>Ou tout autre sujet qui peut int\u00e9resser vos interlocuteurs<\/strong>, m\u00eame si c\u2019est un fait plus quotidien que vous mettez en exergue.<br \/>\nBien s\u00fbr cela demande un entra\u00eenement ! Surtout si ce n\u2019est pas habituel pour vous.<\/li>\n<li><strong>Vous pouvez faire \u00e9galement une remarque gratifiante \u00e0 vos coll\u00e8gues ou N+1 ou -1<\/strong><\/li>\n<\/ul>\n<h2 style=\"text-align: left;\">2. Se sentir plus optimiste<\/h2>\n<p style=\"text-align: left;\"><img loading=\"lazy\" class=\"alignnone wp-image-11209 size-full\" src=\"https:\/\/www.comundi.fr\/mag-des-competences\/wp-content\/uploads\/2020\/06\/Image-optimisme-au-travail.jpg\" alt=\"\u00catre optimiste au travail\" width=\"720\" height=\"280\" srcset=\"https:\/\/www.comundi.fr\/mag-des-competences\/wp-content\/uploads\/2020\/06\/Image-optimisme-au-travail.jpg 720w, https:\/\/www.comundi.fr\/mag-des-competences\/wp-content\/uploads\/2020\/06\/Image-optimisme-au-travail-300x117.jpg 300w\" sizes=\"(max-width: 720px) 100vw, 720px\" \/><span style=\"text-align: justify;\">Ensuite, <\/span><strong style=\"text-align: justify;\">l\u2019optimisme bien compris c\u2019est voir le verre \u00e0 moiti\u00e9 plein au lieu de celui \u00e0 moiti\u00e9 vide, ce n\u2019est pas \u00eatre en \u00e9tat de b\u00e9atitude na\u00efve toute la journ\u00e9e !<\/strong><\/p>\n<h3 style=\"text-align: left;\">Comment ?<\/h3>\n<p style=\"text-align: left;\"><strong>Si vous vous sentez \u00a0plut\u00f4t d\u2019humeur morose, le premier r\u00e9flexe \u00e0 acqu\u00e9rir c\u2019est \u00e9viter de parler<\/strong> quand un coll\u00e8gue pr\u00e9sente avec enthousiasme sa nouvelle id\u00e9e et que vous avez envie de lui dire \u00ab on l\u2019a d\u00e9j\u00e0 fait \u00bb, \u00ab \u00e7a ne marchera pas \u00bb ou \u00ab on n\u2019y arrivera pas \u00bb<\/p>\n<p style=\"text-align: left;\">\u2022<strong> Respirez 3 fois de fa\u00e7on abdominale \u00e7a d\u00e9tend<\/strong>, et \u00e7a donne une mine plus positive !<\/p>\n<p style=\"text-align: left;\">\u2022 <strong>Quand vous \u00eates entra\u00een\u00e9, \u00a0passez \u00e0 l\u2019\u00e9tape sup\u00e9rieure<\/strong> : \u00ab ah oui c\u2019est g\u00e9nial et en plus on peut aussi faire comme \u00e7a\u2026 \u00bb<\/p>\n<p style=\"text-align: left;\">\u2022<strong> Quand vous \u00eates surcharg\u00e9 ou en situation difficile<\/strong> : \u00ab on va y arriver ! \u00bb ou \u00ab \u00a0Je ne sais pas comment mais j\u2019y arriverai \u00bb, <strong>passez en revue toutes les ressources possibles pour trouver des solutions :<\/strong><\/p>\n<ol style=\"text-align: left;\">\n<li style=\"text-align: justify;\">Appr\u00e9cier ce que l\u2019on fait et ce que l\u2019on a !<\/li>\n<li style=\"text-align: justify;\">Se rendre compte de tout ce qui va bien dans son travail et ses relations professionnelles. Ce qui est acquis semble normal, on n\u2019y pr\u00eate plus attention.<\/li>\n<li style=\"text-align: justify;\">Appr\u00e9cier ce que l\u2019on a et construire des projets pour obtenir un avenir d\u00e9sirable, c\u2019est le secret de l\u2019optimisme et du bonheur.<\/li>\n<\/ol>\n<h2 style=\"text-align: left;\">3. Gagner en vitalit\u00e9 et \u00e9nergie<\/h2>\n<p style=\"text-align: left;\"><strong>Enfin, l\u2019\u00e9nergie est tr\u00e8s li\u00e9e \u00e0 la fa\u00e7on dont nous voyons notre vie, cette vision du monde plus positive donne l\u2019\u00e9nergie pour aller plus loin et se sentir bien.<\/strong><\/p>\n<h3 style=\"text-align: left;\">Comment ?<\/h3>\n<p style=\"text-align: left;\"><strong>En respirant de fa\u00e7on consciente au moins 3 \u00e0 5 fois par jour<\/strong> : faire un arr\u00eat toutes les 2h environ, ce qui est la phase maximale de concentration, et prendre conscience de sa respiration, de sa position, de ses pens\u00e9es et de son \u00e9motion dans l\u2019instant.<\/p>\n<p style=\"text-align: left;\"><strong>C\u2019est tr\u00e8s facile \u00e0 faire, cependant la difficult\u00e9 r\u00e9side justement dans l\u2019attention que l\u2019on porte \u00e0 l\u2019 instant T.<\/strong><\/p>\n<p style=\"text-align: left;\"><strong>Quand cela devient plus naturel et plus spontan\u00e9 vous renouvelez ainsi votre \u00e9nergie<\/strong>, vous \u00eates donc plus efficace et plus \u00e0 l\u2019aise, vos \u00a0id\u00e9es sont plus claires et plus calmes si vous cherchez \u00e0 r\u00e9soudre un probl\u00e8me.<\/p>\n<p style=\"text-align: left;\"><strong>Installez ces \u00a0actions de fa\u00e7on quotidienne et vous am\u00e9liorerez le bien-\u00eatre au travail et la motivation sources d\u2019efficacit\u00e9<\/strong>.<\/p>\n<p style=\"text-align: left;\">A mettre dans vos intentions de la nouvelle ann\u00e9e\u00a0 ! Votre contribution au bien-\u00eatre au travail.<\/p>\n<p style=\"text-align: justify;\">\n","protected":false},"excerpt":{"rendered":"<p>Tout le monde n\u2019a pas un \u00ab Chief happiness officer \u00bb au travail ! Mais on peut s\u2019auto proclamer et se donner l\u2019impulsion qui permet d\u2019aller plus loin, de faire mieux ou autrement, de travailler avec bonne humeur et bienveillance, ce qui peut cr\u00e9er une ambiance de travail plus positive et cr\u00e9ative et peut \u00eatre, [&hellip;]<\/p>\n","protected":false},"author":8,"featured_media":6258,"comment_status":"open","ping_status":"open","sticky":false,"template":"","format":"standard","meta":{"_mi_skip_tracking":false},"categories":[185],"yoast_head":"<!-- This site is optimized with the Yoast SEO plugin v16.1 - https:\/\/yoast.com\/wordpress\/plugins\/seo\/ -->\n<title>Comment (re)booster votre motivation au travail en 3 actions ?<\/title>\n<meta name=\"description\" content=\"Vous \u00eates fatigu\u00e9, vous n&#039;avez pas la p\u00eache et encore moins l&#039;envie de travailler : retrouvez votre \u00e9nergie et votre cr\u00e9ativit\u00e9 avec nos 3 astuces d\u00e9di\u00e9es !\" \/>\n<meta name=\"robots\" content=\"index, follow, max-snippet:-1, max-image-preview:large, max-video-preview:-1\" \/>\n<link rel=\"canonical\" href=\"https:\/\/www.comundi.fr\/mag-des-competences\/3-astuces-rebooster-motivation-travail\/\" \/>\n<meta property=\"og:locale\" content=\"fr_FR\" \/>\n<meta property=\"og:type\" content=\"article\" \/>\n<meta property=\"og:title\" content=\"Comment (re)booster votre motivation au travail en 3 actions ?\" \/>\n<meta property=\"og:description\" content=\"Vous \u00eates fatigu\u00e9, vous n&#039;avez pas la p\u00eache et encore moins l&#039;envie de travailler : retrouvez votre \u00e9nergie et votre cr\u00e9ativit\u00e9 avec nos 3 astuces d\u00e9di\u00e9es !\" \/>\n<meta property=\"og:url\" content=\"https:\/\/www.comundi.fr\/mag-des-competences\/3-astuces-rebooster-motivation-travail\/\" \/>\n<meta property=\"og:site_name\" content=\"Mag des comp\u00e9tences - Comundi\" \/>\n<meta property=\"article:publisher\" content=\"https:\/\/www.facebook.com\/Comundi\/?fref=ts\" \/>\n<meta property=\"article:published_time\" content=\"2020-06-11T07:00:20+00:00\" \/>\n<meta property=\"article:modified_time\" content=\"2025-11-13T09:11:33+00:00\" \/>\n<meta property=\"og:image\" content=\"https:\/\/www.comundi.fr\/mag-des-competences\/wp-content\/uploads\/2020\/05\/image-motivation-au-travail.png\" \/>\n\t<meta property=\"og:image:width\" content=\"720\" \/>\n\t<meta property=\"og:image:height\" content=\"280\" \/>\n<meta name=\"twitter:card\" content=\"summary_large_image\" \/>\n<meta name=\"twitter:creator\" content=\"@ComundiActu\" \/>\n<meta name=\"twitter:site\" content=\"@ComundiActu\" \/>\n<meta name=\"twitter:label1\" content=\"Dur\u00e9e de lecture est.\">\n\t<meta name=\"twitter:data1\" content=\"3 minutes\">\n<script type=\"application\/ld+json\" class=\"yoast-schema-graph\">{\"@context\":\"https:\/\/schema.org\",\"@graph\":[{\"@type\":\"Organization\",\"@id\":\"https:\/\/www.comundi.fr\/mag-des-competences\/#organization\",\"name\":\"Comundi\",\"url\":\"https:\/\/www.comundi.fr\/mag-des-competences\/\",\"sameAs\":[\"https:\/\/www.facebook.com\/Comundi\/?fref=ts\",\"https:\/\/www.linkedin.com\/company\/comundi\/\",\"https:\/\/www.youtube.com\/user\/ComundiFormations\",\"https:\/\/twitter.com\/ComundiActu\"],\"logo\":{\"@type\":\"ImageObject\",\"@id\":\"https:\/\/www.comundi.fr\/mag-des-competences\/#logo\",\"inLanguage\":\"fr-FR\",\"url\":\"https:\/\/www.comundi.fr\/mag-des-competences\/wp-content\/uploads\/2018\/01\/comundi.png\",\"contentUrl\":\"https:\/\/www.comundi.fr\/mag-des-competences\/wp-content\/uploads\/2018\/01\/comundi.png\",\"width\":300,\"height\":300,\"caption\":\"Comundi\"},\"image\":{\"@id\":\"https:\/\/www.comundi.fr\/mag-des-competences\/#logo\"}},{\"@type\":\"WebSite\",\"@id\":\"https:\/\/www.comundi.fr\/mag-des-competences\/#website\",\"url\":\"https:\/\/www.comundi.fr\/mag-des-competences\/\",\"name\":\"Mag des comp\\u00e9tences - Comundi\",\"description\":\"Le magazine des m\\u00e9tiers de demain\",\"publisher\":{\"@id\":\"https:\/\/www.comundi.fr\/mag-des-competences\/#organization\"},\"potentialAction\":[{\"@type\":\"SearchAction\",\"target\":\"https:\/\/www.comundi.fr\/mag-des-competences\/?s={search_term_string}\",\"query-input\":\"required name=search_term_string\"}],\"inLanguage\":\"fr-FR\"},{\"@type\":\"ImageObject\",\"@id\":\"https:\/\/www.comundi.fr\/mag-des-competences\/3-astuces-rebooster-motivation-travail\/#primaryimage\",\"inLanguage\":\"fr-FR\",\"url\":\"https:\/\/www.comundi.fr\/mag-des-competences\/wp-content\/uploads\/2020\/05\/image-motivation-au-travail.png\",\"contentUrl\":\"https:\/\/www.comundi.fr\/mag-des-competences\/wp-content\/uploads\/2020\/05\/image-motivation-au-travail.png\",\"width\":720,\"height\":280,\"caption\":\"Se (re)motiver au travail\"},{\"@type\":\"WebPage\",\"@id\":\"https:\/\/www.comundi.fr\/mag-des-competences\/3-astuces-rebooster-motivation-travail\/#webpage\",\"url\":\"https:\/\/www.comundi.fr\/mag-des-competences\/3-astuces-rebooster-motivation-travail\/\",\"name\":\"Comment (re)booster votre motivation au travail en 3 actions ?\",\"isPartOf\":{\"@id\":\"https:\/\/www.comundi.fr\/mag-des-competences\/#website\"},\"primaryImageOfPage\":{\"@id\":\"https:\/\/www.comundi.fr\/mag-des-competences\/3-astuces-rebooster-motivation-travail\/#primaryimage\"},\"datePublished\":\"2020-06-11T07:00:20+00:00\",\"dateModified\":\"2025-11-13T09:11:33+00:00\",\"description\":\"Vous \\u00eates fatigu\\u00e9, vous n'avez pas la p\\u00eache et encore moins l'envie de travailler : retrouvez votre \\u00e9nergie et votre cr\\u00e9ativit\\u00e9 avec nos 3 astuces d\\u00e9di\\u00e9es !\",\"breadcrumb\":{\"@id\":\"https:\/\/www.comundi.fr\/mag-des-competences\/3-astuces-rebooster-motivation-travail\/#breadcrumb\"},\"inLanguage\":\"fr-FR\",\"potentialAction\":[{\"@type\":\"ReadAction\",\"target\":[\"https:\/\/www.comundi.fr\/mag-des-competences\/3-astuces-rebooster-motivation-travail\/\"]}]},{\"@type\":\"BreadcrumbList\",\"@id\":\"https:\/\/www.comundi.fr\/mag-des-competences\/3-astuces-rebooster-motivation-travail\/#breadcrumb\",\"itemListElement\":[{\"@type\":\"ListItem\",\"position\":1,\"item\":{\"@type\":\"WebPage\",\"@id\":\"https:\/\/www.comundi.fr\/mag-des-competences\/\",\"url\":\"https:\/\/www.comundi.fr\/mag-des-competences\/\",\"name\":\"Accueil\"}},{\"@type\":\"ListItem\",\"position\":2,\"item\":{\"@type\":\"WebPage\",\"@id\":\"https:\/\/www.comundi.fr\/mag-des-competences\/3-astuces-rebooster-motivation-travail\/\",\"url\":\"https:\/\/www.comundi.fr\/mag-des-competences\/3-astuces-rebooster-motivation-travail\/\",\"name\":\"3 astuces pour (re)booster votre motivation au travail\"}}]},{\"@type\":\"Article\",\"@id\":\"https:\/\/www.comundi.fr\/mag-des-competences\/3-astuces-rebooster-motivation-travail\/#article\",\"isPartOf\":{\"@id\":\"https:\/\/www.comundi.fr\/mag-des-competences\/3-astuces-rebooster-motivation-travail\/#webpage\"},\"author\":{\"@id\":\"https:\/\/www.comundi.fr\/mag-des-competences\/#\/schema\/person\/d08f5c2cf9de6fcfd33c30314745578e\"},\"headline\":\"3 astuces pour (re)booster votre motivation au travail\",\"datePublished\":\"2020-06-11T07:00:20+00:00\",\"dateModified\":\"2025-11-13T09:11:33+00:00\",\"mainEntityOfPage\":{\"@id\":\"https:\/\/www.comundi.fr\/mag-des-competences\/3-astuces-rebooster-motivation-travail\/#webpage\"},\"commentCount\":1,\"publisher\":{\"@id\":\"https:\/\/www.comundi.fr\/mag-des-competences\/#organization\"},\"image\":{\"@id\":\"https:\/\/www.comundi.fr\/mag-des-competences\/3-astuces-rebooster-motivation-travail\/#primaryimage\"},\"articleSection\":\"D\\u00e9veloppement personnel\",\"inLanguage\":\"fr-FR\",\"potentialAction\":[{\"@type\":\"CommentAction\",\"name\":\"Comment\",\"target\":[\"https:\/\/www.comundi.fr\/mag-des-competences\/3-astuces-rebooster-motivation-travail\/#respond\"]}]},{\"@type\":\"Person\",\"@id\":\"https:\/\/www.comundi.fr\/mag-des-competences\/#\/schema\/person\/d08f5c2cf9de6fcfd33c30314745578e\",\"name\":\"Comundi\",\"image\":{\"@type\":\"ImageObject\",\"@id\":\"https:\/\/www.comundi.fr\/mag-des-competences\/#personlogo\",\"inLanguage\":\"fr-FR\",\"url\":\"https:\/\/secure.gravatar.com\/avatar\/da2835ae7b2c1279e8e897d242f4cda6?s=96&d=mm&r=g\",\"contentUrl\":\"https:\/\/secure.gravatar.com\/avatar\/da2835ae7b2c1279e8e897d242f4cda6?s=96&d=mm&r=g\",\"caption\":\"Comundi\"}}]}<\/script>\n<!-- \/ Yoast SEO plugin. -->","amp_enabled":true,"_links":{"self":[{"href":"https:\/\/www.comundi.fr\/mag-des-competences\/wp-json\/wp\/v2\/posts\/6150"}],"collection":[{"href":"https:\/\/www.comundi.fr\/mag-des-competences\/wp-json\/wp\/v2\/posts"}],"about":[{"href":"https:\/\/www.comundi.fr\/mag-des-competences\/wp-json\/wp\/v2\/types\/post"}],"author":[{"embeddable":true,"href":"https:\/\/www.comundi.fr\/mag-des-competences\/wp-json\/wp\/v2\/users\/8"}],"replies":[{"embeddable":true,"href":"https:\/\/www.comundi.fr\/mag-des-competences\/wp-json\/wp\/v2\/comments?post=6150"}],"version-history":[{"count":19,"href":"https:\/\/www.comundi.fr\/mag-des-competences\/wp-json\/wp\/v2\/posts\/6150\/revisions"}],"predecessor-version":[{"id":14633,"href":"https:\/\/www.comundi.fr\/mag-des-competences\/wp-json\/wp\/v2\/posts\/6150\/revisions\/14633"}],"wp:featuredmedia":[{"embeddable":true,"href":"https:\/\/www.comundi.fr\/mag-des-competences\/wp-json\/wp\/v2\/media\/6258"}],"wp:attachment":[{"href":"https:\/\/www.comundi.fr\/mag-des-competences\/wp-json\/wp\/v2\/media?parent=6150"}],"wp:term":[{"taxonomy":"category","embeddable":true,"href":"https:\/\/www.comundi.fr\/mag-des-competences\/wp-json\/wp\/v2\/categories?post=6150"}],"curies":[{"name":"wp","href":"https:\/\/api.w.org\/{rel}","templated":true}]}}