{"id":6087,"date":"2020-05-14T09:00:16","date_gmt":"2020-05-14T07:00:16","guid":{"rendered":"https:\/\/www.comundi.fr\/mag-des-competences\/?p=6087"},"modified":"2025-09-11T10:40:17","modified_gmt":"2025-09-11T08:40:17","slug":"role-devoirs-manager-prevention-risques-psychosociaux","status":"publish","type":"post","link":"https:\/\/www.comundi.fr\/mag-des-competences\/role-devoirs-manager-prevention-risques-psychosociaux\/","title":{"rendered":"R\u00f4le et devoirs du manager dans la pr\u00e9vention des risques psychosociaux"},"content":{"rendered":"<p style=\"text-align: left;\">Vous entendez de plus en plus parler de <strong>risques psychosociaux<\/strong> (RPS)\u00a0 : en tant que manager, vous avez un r\u00f4le dans la pr\u00e9vention de ces risques.\u00a0Connaissez-vous vos responsabilit\u00e9s ? Votre style de management est-il source de stress pour vos collaborateurs ? Quels sont les signaux d\u2019alerte pour reconna\u00eetre un collaborateur fragilis\u00e9 et que faire ?<\/p>\n<h2 style=\"text-align: left;\">Qu&rsquo;entend-on par \u00ab\u00a0Risques psychosociaux\u00a0(RPS) \u00bb ? Comment se traduisent-ils concr\u00e8tement en entreprise ?<\/h2>\n<p style=\"text-align: left;\">Les\u00a0<strong>Risques psychosociaux<\/strong>\u00a0sont habituellement d\u00e9crits par les manifestations suivantes :<\/p>\n<ol>\n<li style=\"text-align: left;\"><strong>Le stress<\/strong>, que l&rsquo;on d\u00e9finit usuellement par l&rsquo;\u00e9cart entre ce que l&rsquo;on pense qu&rsquo;on doit faire et les ressources dont on pense disposer pour l&rsquo;accomplir.<br \/>Le stress est aussi d\u00e9crit comme \u00ab l&rsquo;\u00e9cart entre ce que les gens pensent qu&rsquo;il faudrait faire et ce qu&rsquo;ils sont tenus d&rsquo;accomplir \u00bb.<\/li>\n<li style=\"text-align: left;\">Le \u00ab harc\u00e8lement \u00bb fait partie des <strong>risques psychosociaux<\/strong>, ainsi que les<strong> violences verbales ou physiques<\/strong>, que celles-ci aient lieu dans l&rsquo;entreprise ou lors de contacts avec l&rsquo;ext\u00e9rieur.<\/li>\n<li style=\"text-align: left;\">Le mal-\u00eatre, notion floue, est aussi parfois \u00e9voqu\u00e9 :<br \/>&#8211; Il recouvre parfois le manque d&rsquo;ad\u00e9quation entre les aspirations et\/ou les comp\u00e9tences d&rsquo;un individu et le poste qu&rsquo;il occupe.<br \/>&#8211; Ce mal-\u00eatre peut aussi recouvrir la notion d&rsquo;isolement ou de manque d&rsquo;int\u00e9gration dans un collectif,<br \/>&#8211; de m\u00eame que les interactions entre probl\u00e9matiques personnelles et professionnelles.<\/li>\n<li style=\"text-align: left;\">Les consommations de produits \u00e0 risque (alcool, drogue, m\u00e9dicaments) sont parfois associ\u00e9es \u00e0 des situations de travail et renvoient de ce fait \u00e0 la notion de <strong>risque psychosocial<\/strong>.<\/li>\n<\/ol>\n<h2>En quoi les managers sont-ils concern\u00e9s par la pr\u00e9vention de ces risques ?<\/h2>\n<p style=\"text-align: left;\">Les managers, notamment \u00ab interm\u00e9diaires \u00bb, sont tout d&rsquo;abord concern\u00e9s car leur m\u00e9tier est stressant ! Bien souvent, ils ont de plus en plus de responsabilit\u00e9s et de moins en moins de pouvoir, ce qui est quasiment la description d&rsquo;une<strong> situation de stress<\/strong>. Les <strong>managers interm\u00e9diaires<\/strong> ont d&rsquo;ailleurs peu d&rsquo;occasions de parler de leurs propres situations stressantes.<\/p>\n<p style=\"text-align: left;\">Ils sont ensuite concern\u00e9s car ils savent bien que l&rsquo;efficacit\u00e9 passe par le<strong> bien-\u00eatre des collaborateurs<\/strong>. A ce titre, ils doivent conna\u00eetre les outils permettant de viser ce bien-\u00eatre, tout en \u00e9vitant d&rsquo;endosser le r\u00f4le d&rsquo;un \u00ab psy \u00bb.<\/p>\n<p style=\"text-align: left;\">Enfin, leur responsabilit\u00e9 peut aujourd&rsquo;hui \u00eatre mise en cause, notamment sur le plan juridique : ils doivent donc conna\u00eetre leurs droits et leurs devoirs en tant que managers.<\/p>\n<h2 style=\"text-align: left;\">Plus largement, par quelles actions la pr\u00e9vention doit-elle passer ?<\/h2>\n<p>Il est important pour les entreprises de mener une r\u00e9flexion mobilisant quatre niveaux : le Travail, le Management, l&rsquo;Individu, le Collectif :<\/p>\n<ol style=\"text-align: left;\">\n<li>Le travail\u00a0: les <strong>risques psychosociaux <\/strong>sont souvent li\u00e9s \u00e0 des d\u00e9saccords sur la d\u00e9finition du \u00ab bien travailler \u00bb. Cette d\u00e9finition doit faire l&rsquo;objet d&rsquo;un d\u00e9bat entre dirigeants, <strong>management interm\u00e9diaire<\/strong> et expert. Sans cela, les collaborateurs seront toujours tiraill\u00e9s par la contradiction entre ce qu&rsquo;ils pensent qu&rsquo;il \u00ab faut faire \u00bb et ce qu&rsquo;ils sont \u00ab tenus d&rsquo;accomplir \u00bb.<\/li>\n<li><a href=\"https:\/\/www.comundi.fr\/mag-des-competences\/bien-etre-au-travail-tout-depend-des-managers\/\" target=\"_blank\" rel=\"noopener\">Le <strong>management interm\u00e9diaire<\/strong> doit \u00eatre soutenu<\/a>. Cet appui ne peut se r\u00e9duire \u00e0 des formations, mais doit aussi comporter des temps d&rsquo;\u00e9changes entre managers sur les<strong> pratiques manag\u00e9riales <\/strong>et le travail. Un soutien engag\u00e9 de la part du top management est \u00e9galement n\u00e9cessaire.<\/li>\n<li>Les individus et le collectif\u00a0:<br \/>Il s&rsquo;agit d&rsquo;identifier les <strong>facteurs de stress<\/strong> per\u00e7us par chacun, les ressources utilis\u00e9es pour faire face afin de les mutualiser et de les valoriser.<br \/>Il s&rsquo;agit aussi d&rsquo;identifier les difficult\u00e9s persistantes et de veiller \u00e0 ce que chacun connaisse les syst\u00e8mes d&rsquo;alerte : hi\u00e9rarchie, RH, d\u00e9l\u00e9gu\u00e9s du personnel, service de sant\u00e9 au travail&#8230; Comme avec les managers, les groupes d&rsquo;\u00e9changes de pratiques entre collaborateurs et les formations \u00e0 la prise de recul permettent \u00e0 la fois une distanciation individuelle, mais aussi la restauration d&rsquo;un collectif soutenant.<\/li>\n<\/ol>\n<h2 style=\"text-align: left;\">3 actions simples \u00e0 recommander aux managers pour lutter contre les RPS&#8230;<\/h2>\n<ol style=\"text-align: left;\">\n<li><strong>S&rsquo;occuper de son propre stress<br \/><\/strong>Le manager n&rsquo;est pas immunis\u00e9 contre le stress, bien au contraire ! \u00catre exemplaire, ce n&rsquo;est pas montrer que rien ne peut nous affecter, mais au contraire montrer \u00e0 ses collaborateurs que le manager aussi doit faire face \u00e0 du stress et le g\u00e9rer, \u00e0 l&rsquo;image de ses collaborateurs. Le stress ne doit pas rester un sujet tabou pour les managers.<br \/>Sur un plan pratique, il faut apprendre \u00e0 toujours faire la diff\u00e9rence entre ce qui est \u00ab incontr\u00f4lable \u00bb sur lequel il s&rsquo;agit d&rsquo;apprendre \u00e0 renoncer, et le \u00ab contr\u00f4lable \u00bb sur lequel il s&rsquo;agit de construire des plans d&rsquo;actions. Par exemple, plut\u00f4t que se poser la question des cons\u00e9quences potentielles de l&rsquo;erreur que l&rsquo;on pourrait faire (difficile \u00e0 contr\u00f4ler), il vaut mieux se poser la question des plans d&rsquo;action pour \u00e9viter cette erreur.<\/li>\n<li>Rechercher le meilleur<strong> \u00e9quilibre performance\/bien-\u00eatre<br \/><\/strong>Il s&rsquo;agit de toujours se poser la question : est-ce que notre mani\u00e8re d&rsquo;\u00eatre efficace peut fonctionner \u00e0 moyen terme, ou n&rsquo;est-elle viable qu&rsquo;\u00e0 court terme ? Il s&rsquo;agit l\u00e0 de sortir du \u00ab mode pompier \u00bb bien connu des managers, habitu\u00e9s \u00e0 \u00e9teindre des \u00ab feux \u00bb. Pour cela, il faut souvent n\u00e9gocier avec sa hi\u00e9rarchie les moyens de ce long terme.<\/li>\n<li>\u00c9changer avec des coll\u00e8gues afin de prendre du recul et de partager les bonnes pratiques<strong><br \/><\/strong>Il n&rsquo;y a pas de recette-miracle <a href=\"https:\/\/www.comundi.fr\/mag-des-competences\/destressez-faites-le-plein\/\" target=\"_blank\" rel=\"noopener\">face au stress<\/a>, mais la solitude face aux situations difficiles ne fait qu&#8217;empirer le probl\u00e8me. Bien souvent les managers doivent traiter des cas difficiles qui les d\u00e9passent car ils n&rsquo;ont pas pu en parler assez t\u00f4t.<\/li>\n<\/ol>\n<p style=\"text-align: left;\">\u00a0<\/p>\n\n\n<p><\/p>\n","protected":false},"excerpt":{"rendered":"<p>Vous entendez de plus en plus parler de risques psychosociaux (RPS)\u00a0 : en tant que manager, vous avez un r\u00f4le dans la pr\u00e9vention de ces risques.\u00a0Connaissez-vous vos responsabilit\u00e9s ? Votre style de management est-il source de stress pour vos collaborateurs ? Quels sont les signaux d\u2019alerte pour reconna\u00eetre un collaborateur fragilis\u00e9 et que faire ? [&hellip;]<\/p>\n","protected":false},"author":8,"featured_media":6132,"comment_status":"open","ping_status":"open","sticky":false,"template":"","format":"standard","meta":{"_mi_skip_tracking":false},"categories":[184],"yoast_head":"<!-- This site is optimized with the Yoast SEO plugin v16.1 - https:\/\/yoast.com\/wordpress\/plugins\/seo\/ -->\n<title>Face aux risques psychosociaux : quel r\u00f4le, quels devoirs a un manager ?<\/title>\n<meta name=\"description\" content=\"Les managers sont les premiers relais de la politique de l&#039;entreprise. De ce fait, ils ont un r\u00f4le crucial face aux risques psychosociaux.On vous dit tout !\" \/>\n<meta name=\"robots\" content=\"index, follow, max-snippet:-1, max-image-preview:large, max-video-preview:-1\" \/>\n<link rel=\"canonical\" href=\"https:\/\/www.comundi.fr\/mag-des-competences\/role-devoirs-manager-prevention-risques-psychosociaux\/\" \/>\n<meta property=\"og:locale\" content=\"fr_FR\" \/>\n<meta property=\"og:type\" content=\"article\" \/>\n<meta property=\"og:title\" content=\"Face aux risques psychosociaux : quel r\u00f4le, quels devoirs a un manager ?\" \/>\n<meta property=\"og:description\" content=\"Les managers sont les premiers relais de la politique de l&#039;entreprise. De ce fait, ils ont un r\u00f4le crucial face aux risques psychosociaux.On vous dit tout !\" \/>\n<meta property=\"og:url\" content=\"https:\/\/www.comundi.fr\/mag-des-competences\/role-devoirs-manager-prevention-risques-psychosociaux\/\" \/>\n<meta property=\"og:site_name\" content=\"Mag des comp\u00e9tences - Comundi\" \/>\n<meta property=\"article:publisher\" content=\"https:\/\/www.facebook.com\/Comundi\/?fref=ts\" \/>\n<meta property=\"article:published_time\" content=\"2020-05-14T07:00:16+00:00\" \/>\n<meta property=\"article:modified_time\" content=\"2025-09-11T08:40:17+00:00\" \/>\n<meta property=\"og:image\" content=\"https:\/\/www.comundi.fr\/mag-des-competences\/wp-content\/uploads\/2020\/04\/Image-manager-face-aux-RPS.png\" \/>\n\t<meta property=\"og:image:width\" content=\"720\" \/>\n\t<meta property=\"og:image:height\" content=\"280\" \/>\n<meta name=\"twitter:card\" content=\"summary_large_image\" \/>\n<meta name=\"twitter:creator\" content=\"@ComundiActu\" \/>\n<meta name=\"twitter:site\" content=\"@ComundiActu\" \/>\n<meta name=\"twitter:label1\" content=\"Dur\u00e9e de lecture est.\">\n\t<meta name=\"twitter:data1\" content=\"4 minutes\">\n<script type=\"application\/ld+json\" class=\"yoast-schema-graph\">{\"@context\":\"https:\/\/schema.org\",\"@graph\":[{\"@type\":\"Organization\",\"@id\":\"https:\/\/www.comundi.fr\/mag-des-competences\/#organization\",\"name\":\"Comundi\",\"url\":\"https:\/\/www.comundi.fr\/mag-des-competences\/\",\"sameAs\":[\"https:\/\/www.facebook.com\/Comundi\/?fref=ts\",\"https:\/\/www.linkedin.com\/company\/comundi\/\",\"https:\/\/www.youtube.com\/user\/ComundiFormations\",\"https:\/\/twitter.com\/ComundiActu\"],\"logo\":{\"@type\":\"ImageObject\",\"@id\":\"https:\/\/www.comundi.fr\/mag-des-competences\/#logo\",\"inLanguage\":\"fr-FR\",\"url\":\"https:\/\/www.comundi.fr\/mag-des-competences\/wp-content\/uploads\/2018\/01\/comundi.png\",\"contentUrl\":\"https:\/\/www.comundi.fr\/mag-des-competences\/wp-content\/uploads\/2018\/01\/comundi.png\",\"width\":300,\"height\":300,\"caption\":\"Comundi\"},\"image\":{\"@id\":\"https:\/\/www.comundi.fr\/mag-des-competences\/#logo\"}},{\"@type\":\"WebSite\",\"@id\":\"https:\/\/www.comundi.fr\/mag-des-competences\/#website\",\"url\":\"https:\/\/www.comundi.fr\/mag-des-competences\/\",\"name\":\"Mag des comp\\u00e9tences - Comundi\",\"description\":\"Le magazine des m\\u00e9tiers de demain\",\"publisher\":{\"@id\":\"https:\/\/www.comundi.fr\/mag-des-competences\/#organization\"},\"potentialAction\":[{\"@type\":\"SearchAction\",\"target\":\"https:\/\/www.comundi.fr\/mag-des-competences\/?s={search_term_string}\",\"query-input\":\"required name=search_term_string\"}],\"inLanguage\":\"fr-FR\"},{\"@type\":\"ImageObject\",\"@id\":\"https:\/\/www.comundi.fr\/mag-des-competences\/role-devoirs-manager-prevention-risques-psychosociaux\/#primaryimage\",\"inLanguage\":\"fr-FR\",\"url\":\"https:\/\/www.comundi.fr\/mag-des-competences\/wp-content\/uploads\/2020\/04\/Image-manager-face-aux-RPS.png\",\"contentUrl\":\"https:\/\/www.comundi.fr\/mag-des-competences\/wp-content\/uploads\/2020\/04\/Image-manager-face-aux-RPS.png\",\"width\":720,\"height\":280,\"caption\":\"Ma\\u00eetriser les obligations du manager face aux risques psychosociaux\"},{\"@type\":\"WebPage\",\"@id\":\"https:\/\/www.comundi.fr\/mag-des-competences\/role-devoirs-manager-prevention-risques-psychosociaux\/#webpage\",\"url\":\"https:\/\/www.comundi.fr\/mag-des-competences\/role-devoirs-manager-prevention-risques-psychosociaux\/\",\"name\":\"Face aux risques psychosociaux : quel r\\u00f4le, quels devoirs a un manager ?\",\"isPartOf\":{\"@id\":\"https:\/\/www.comundi.fr\/mag-des-competences\/#website\"},\"primaryImageOfPage\":{\"@id\":\"https:\/\/www.comundi.fr\/mag-des-competences\/role-devoirs-manager-prevention-risques-psychosociaux\/#primaryimage\"},\"datePublished\":\"2020-05-14T07:00:16+00:00\",\"dateModified\":\"2025-09-11T08:40:17+00:00\",\"description\":\"Les managers sont les premiers relais de la politique de l'entreprise. De ce fait, ils ont un r\\u00f4le crucial face aux risques psychosociaux.On vous dit tout !\",\"breadcrumb\":{\"@id\":\"https:\/\/www.comundi.fr\/mag-des-competences\/role-devoirs-manager-prevention-risques-psychosociaux\/#breadcrumb\"},\"inLanguage\":\"fr-FR\",\"potentialAction\":[{\"@type\":\"ReadAction\",\"target\":[\"https:\/\/www.comundi.fr\/mag-des-competences\/role-devoirs-manager-prevention-risques-psychosociaux\/\"]}]},{\"@type\":\"BreadcrumbList\",\"@id\":\"https:\/\/www.comundi.fr\/mag-des-competences\/role-devoirs-manager-prevention-risques-psychosociaux\/#breadcrumb\",\"itemListElement\":[{\"@type\":\"ListItem\",\"position\":1,\"item\":{\"@type\":\"WebPage\",\"@id\":\"https:\/\/www.comundi.fr\/mag-des-competences\/\",\"url\":\"https:\/\/www.comundi.fr\/mag-des-competences\/\",\"name\":\"Accueil\"}},{\"@type\":\"ListItem\",\"position\":2,\"item\":{\"@type\":\"WebPage\",\"@id\":\"https:\/\/www.comundi.fr\/mag-des-competences\/role-devoirs-manager-prevention-risques-psychosociaux\/\",\"url\":\"https:\/\/www.comundi.fr\/mag-des-competences\/role-devoirs-manager-prevention-risques-psychosociaux\/\",\"name\":\"R\\u00f4le et devoirs du manager dans la pr\\u00e9vention des risques psychosociaux\"}}]},{\"@type\":\"Article\",\"@id\":\"https:\/\/www.comundi.fr\/mag-des-competences\/role-devoirs-manager-prevention-risques-psychosociaux\/#article\",\"isPartOf\":{\"@id\":\"https:\/\/www.comundi.fr\/mag-des-competences\/role-devoirs-manager-prevention-risques-psychosociaux\/#webpage\"},\"author\":{\"@id\":\"https:\/\/www.comundi.fr\/mag-des-competences\/#\/schema\/person\/d08f5c2cf9de6fcfd33c30314745578e\"},\"headline\":\"R\\u00f4le et devoirs du manager dans la pr\\u00e9vention des risques psychosociaux\",\"datePublished\":\"2020-05-14T07:00:16+00:00\",\"dateModified\":\"2025-09-11T08:40:17+00:00\",\"mainEntityOfPage\":{\"@id\":\"https:\/\/www.comundi.fr\/mag-des-competences\/role-devoirs-manager-prevention-risques-psychosociaux\/#webpage\"},\"commentCount\":0,\"publisher\":{\"@id\":\"https:\/\/www.comundi.fr\/mag-des-competences\/#organization\"},\"image\":{\"@id\":\"https:\/\/www.comundi.fr\/mag-des-competences\/role-devoirs-manager-prevention-risques-psychosociaux\/#primaryimage\"},\"articleSection\":\"management\",\"inLanguage\":\"fr-FR\",\"potentialAction\":[{\"@type\":\"CommentAction\",\"name\":\"Comment\",\"target\":[\"https:\/\/www.comundi.fr\/mag-des-competences\/role-devoirs-manager-prevention-risques-psychosociaux\/#respond\"]}]},{\"@type\":\"Person\",\"@id\":\"https:\/\/www.comundi.fr\/mag-des-competences\/#\/schema\/person\/d08f5c2cf9de6fcfd33c30314745578e\",\"name\":\"Comundi\",\"image\":{\"@type\":\"ImageObject\",\"@id\":\"https:\/\/www.comundi.fr\/mag-des-competences\/#personlogo\",\"inLanguage\":\"fr-FR\",\"url\":\"https:\/\/secure.gravatar.com\/avatar\/da2835ae7b2c1279e8e897d242f4cda6?s=96&d=mm&r=g\",\"contentUrl\":\"https:\/\/secure.gravatar.com\/avatar\/da2835ae7b2c1279e8e897d242f4cda6?s=96&d=mm&r=g\",\"caption\":\"Comundi\"}}]}<\/script>\n<!-- \/ Yoast SEO plugin. -->","amp_enabled":true,"_links":{"self":[{"href":"https:\/\/www.comundi.fr\/mag-des-competences\/wp-json\/wp\/v2\/posts\/6087"}],"collection":[{"href":"https:\/\/www.comundi.fr\/mag-des-competences\/wp-json\/wp\/v2\/posts"}],"about":[{"href":"https:\/\/www.comundi.fr\/mag-des-competences\/wp-json\/wp\/v2\/types\/post"}],"author":[{"embeddable":true,"href":"https:\/\/www.comundi.fr\/mag-des-competences\/wp-json\/wp\/v2\/users\/8"}],"replies":[{"embeddable":true,"href":"https:\/\/www.comundi.fr\/mag-des-competences\/wp-json\/wp\/v2\/comments?post=6087"}],"version-history":[{"count":20,"href":"https:\/\/www.comundi.fr\/mag-des-competences\/wp-json\/wp\/v2\/posts\/6087\/revisions"}],"predecessor-version":[{"id":14389,"href":"https:\/\/www.comundi.fr\/mag-des-competences\/wp-json\/wp\/v2\/posts\/6087\/revisions\/14389"}],"wp:featuredmedia":[{"embeddable":true,"href":"https:\/\/www.comundi.fr\/mag-des-competences\/wp-json\/wp\/v2\/media\/6132"}],"wp:attachment":[{"href":"https:\/\/www.comundi.fr\/mag-des-competences\/wp-json\/wp\/v2\/media?parent=6087"}],"wp:term":[{"taxonomy":"category","embeddable":true,"href":"https:\/\/www.comundi.fr\/mag-des-competences\/wp-json\/wp\/v2\/categories?post=6087"}],"curies":[{"name":"wp","href":"https:\/\/api.w.org\/{rel}","templated":true}]}}