{"id":584,"date":"2018-03-26T09:55:16","date_gmt":"2018-03-26T07:55:16","guid":{"rendered":"https:\/\/www.comundi.fr\/mag-des-competences\/?p=584"},"modified":"2019-10-16T17:15:00","modified_gmt":"2019-10-16T15:15:00","slug":"les-cles-pour-manager-les-personnalites-difficiles","status":"publish","type":"post","link":"https:\/\/www.comundi.fr\/mag-des-competences\/les-cles-pour-manager-les-personnalites-difficiles\/","title":{"rendered":"Les cl\u00e9s pour manager les personnalit\u00e9s difficiles"},"content":{"rendered":"<p>Rep\u00e9rer et manager les comportements difficiles pour (re) cr\u00e9er la coh\u00e9sion d\u2019\u00e9quipe<\/p>\n<p>Star, manipulateur, angoiss\u00e9, timide\u2026 Dans chaque \u00e9quipe se retrouvent diff\u00e9rents types de personnalit\u00e9s, plus ou moins fortes, plus ou moins en affinit\u00e9 entre elles et avec leur manager. Comment tirer le meilleur parti des fortes personnalit\u00e9s\u00a0? Comment g\u00e9rer les personnalit\u00e9s dites difficiles ou qui vous posent probl\u00e8me\u00a0?<\/p>\n<p>D\u00e9couvrez les conseils de Catherine Obrecht, formatrice et coach en management.<\/p>\n<h2><strong>Qu\u2019est-ce qu\u2019une personnalit\u00e9 difficile\u00a0?<\/strong><\/h2>\n<p>Il faut \u00eatre tr\u00e8s prudent avant de classifier quelqu\u2019un dans la rubrique \u00ab\u00a0personnalit\u00e9 difficile\u00a0\u00bb. Il se peut tout simplement que cette personne soit confront\u00e9e \u00e0 une situation compliqu\u00e9e et que ponctuellement elle manque de souplesse dans sa r\u00e9action. Surtout si elle est confront\u00e9e \u00e0 une p\u00e9riode de changement ou d\u2019incertitude \u00e0 laquelle elle a du mal \u00e0 s\u2019adapter\u00a0!<\/p>\n<p>Pour qualifier une <strong>personnalit\u00e9 de<\/strong> <strong>difficile<\/strong>, il faut que cette rigidit\u00e9 soit r\u00e9currente et que le collaborateur ait tendance \u00e0 reproduire toujours les m\u00eames r\u00e9actions\u00a0: cris, bouderie, ironie&#8230; \u00a0Ces attitudes constituent un v\u00e9ritable handicap dans le monde de l\u2019entreprise o\u00f9 les process et \u00a0les situations \u00e9voluent sans cesse\u00a0: <strong>aujourd\u2019hui notre monde professionnel exige avant tout de la souplesse et de l\u2019adaptabilit\u00e9.<\/strong><\/p>\n<h2><strong>Comment rep\u00e9rer rapidement une personnalit\u00e9 difficile\u00a0? <\/strong><\/h2>\n<p>Les collaborateurs difficiles sont d\u2019autant plus difficiles \u00e0 rep\u00e9rer qu\u2019ils apparaissent sous de multiples formes. Employ\u00e9s trop dociles, ou \u00e0 l\u2019inverse rebelles, caract\u00e8res col\u00e9riques ou boudeurs, \u00a0divas ou bavards imp\u00e9nitents, <a href=\"https:\/\/www.comundi.fr\/mag-des-competences\/travailler-avec-toutes-les-personnalites\/\">manipulateurs<\/a>, de nombreux cas de figure existent\u2026<\/p>\n<p>Certains signes doivent alerter imm\u00e9diatement le manager, l\u00e0 encore pour qu\u2019il puisse agir rapidement\u00a0: sentiment de malaise dans l\u2019\u00e9quipe, chuchotements, isolement de certains collaborateurs, commentaires d\u00e9sagr\u00e9ables ou ironiques, ton qui monte dans les discussions\u2026<\/p>\n<p>Lorsque certains traits de caract\u00e8re sont trop fig\u00e9s ou trop marqu\u00e9s, ils emp\u00eachent l\u2019individu de s\u2019adapter aux situations rencontr\u00e9es et g\u00e9n\u00e8rent de la souffrance pour la personne ou pour son entourage.<\/p>\n<p>Il est donc important que le manager analyse vite et bien la situation pour en d\u00e9duire la conduite \u00e0 tenir car il y a des solutions. Baisser les bras devant un rebelle ou laisser un agressif piquer r\u00e9guli\u00e8rement des crises de col\u00e8re va cr\u00e9er de plus en plus de tensions dans l\u2019\u00e9quipe et\u00a0 le temps ne fera qu\u2019aggraver le probl\u00e8me<\/p>\n<h2><strong>Quelles sont les bons r\u00e9flexes \u00e0 d\u00e9velopper si on veut manager une personnalit\u00e9 difficile sans s\u2019user\u00a0?\u00a0<\/strong><\/h2>\n<p>Tout d\u2019abord, il faut comprendre qu\u2019il s\u2019agit en g\u00e9n\u00e9ral de <strong>comportements d\u00e9fensifs<\/strong>. Lorsque quelqu&rsquo;un se sent agress\u00e9, ou en situation d\u2019inf\u00e9riorit\u00e9, il va \u00eatre tent\u00e9 de r\u00e9pondre par certains automatismes.<\/p>\n<p>Il faut aussi se dire que cela nous permet de travailler sur nous, nos postures, nos limites. En apprenant \u00e0 g\u00e9rer les personnalit\u00e9s difficiles, nous allons challenger nos aptitudes de manager et renforcer notre intelligence \u00e9motionnelle.<\/p>\n<h2><strong>Quels conseils pouvez-vous apporter \u00e0 un manager face \u00e0 une ou des personnalit\u00e9s difficiles\u00a0?<\/strong><\/h2>\n<p>On peut s\u2019appuyer sur quelques \u00ab\u00a0profils types\u00a0\u00bb pour comprendre et r\u00e9agir \u00e0 un collaborateur difficile<\/p>\n<p><strong>La star<\/strong>\u00a0: ce collaborateur \/ cette collaboratrice est convaincu (e) d\u2019\u00eatre particuli\u00e8rement brillant (e) et indispensable, il le fait bien sentir autour de lui \/ d\u2019elle. Il convient de valoriser ses comp\u00e9tences tout en posant le cadre pour respecter l\u2019\u00e9quit\u00e9 attendue par l\u2019\u00e9quipe.<\/p>\n<p><strong>L\u2019anxieux<\/strong>\u00a0: craignant de mal faire, ce collaborateur vit dans la crainte de l\u2019erreur et de l\u2019\u00e9chec\u00a0;\u00a0 \u00a0Il sait g\u00e9rer la pression au quotidien, mais perd ses moyens devant un plus grand challenge. Face \u00e0 ses angoisses r\u00e9currentes, il faut le rassurer en lui donnant de la visibilit\u00e9, en positivant, en lui faisant prendre conscience de ce qu\u2019il fait de bien, en valorisant les succ\u00e8s obtenus.<\/p>\n<p><strong>L\u2019ind\u00e9cis<\/strong>\u00a0: en fait, il a peur de se tromper, de faire le mauvais choix. iI faut donc le rassurer et poser le droit \u00e0 l\u2019erreur. Le manager va l\u2019aider \u00e0 d\u00e9cider par lui-m\u00eame en lui rappelant les diff\u00e9rentes options possibles avec leurs avantages et leurs inconv\u00e9nients, puis lui poser des questions ferm\u00e9es pour lui faire prendre position<\/p>\n<p><strong>Le col\u00e9rique<\/strong>\u00a0: prompt \u00e0 s\u2019\u00e9nerver et avoir un \u00ab\u00a0coup de sang\u00a0\u00bb, le col\u00e9rique va exprimer vertement sa frustration\u00a0; inutile d\u2019entrer sans le conflit, le manager doit rester tr\u00e8s calme, l\u2019\u00e9couter puis revenir \u00e0 froid sur les raisons de son emportement et essayer de l\u2019amener progressivement \u00e0 trouver d\u2019autres fa\u00e7ons d\u2019exprimer ses \u00e9motions.<\/p>\n<p><strong>Le versatile<\/strong>\u00a0: changeant, il faut le diff\u00e9rencier de l\u2019ind\u00e9cis. Pour le versatile, c\u2019est le \u00ab\u00a0dernier qui a parl\u00e9 qui a raison\u00a0\u00bb \u00a0change d\u2019id\u00e9e selon ce qui a \u00e9t\u00e9 exprim\u00e9 par les pr\u00e9c\u00e9dents interlocuteurs. L\u2019id\u00e9al est de rep\u00e9rer en amont ses sources d\u2019influence puis de s\u2019appuyer sur des r\u00e9f\u00e9rences encore plus percutantes. Par ailleurs, on va le sensibiliser, id\u00e9alement en amont et par \u00e9crit, sur l\u2019impact de ses actes et de ses changements de position.<\/p>\n<p><strong>Le manipulateur<\/strong>\u00a0: c\u2019est un collaborateur qui agit par ruse, qui distille la d\u00e9sinformation dans son int\u00e9r\u00eat personnel. Il faut avant toute chose lui montrer qu\u2019on n\u2019est pas dupe de ses manipulations, puis le ramener dans le factuel en utilisant les techniques de questionnement.<\/p>\n<p>Quelques points de vigilance par rapport \u00e0 ces personnalit\u00e9s dites difficiles. Ainsi que nous l\u2019avons \u00e9voqu\u00e9 en introduction, il ne faut pas trop vite \u00ab\u00a0cat\u00e9goriser\u00a0\u00bb le collaborateur. Aujourd\u2019hui, par exemple, on parle beaucoup des pervers narcissiques, qui sont des manipulateurs pathologiques. Or, si on \u00e9coute notre entourage parler, le nombre de personnes qui se voient classifi\u00e9es \u00a0\u00ab\u00a0perverses narcissiques\u00a0\u00bb serait tout simplement hallucinant\u00a0!<\/p>\n","protected":false},"excerpt":{"rendered":"<p>Rep\u00e9rer et manager les comportements difficiles pour (re) cr\u00e9er la coh\u00e9sion d\u2019\u00e9quipe Star, manipulateur, angoiss\u00e9, timide\u2026 Dans chaque \u00e9quipe se retrouvent diff\u00e9rents types de personnalit\u00e9s, plus ou moins fortes, plus ou moins en affinit\u00e9 entre elles et avec leur manager. Comment tirer le meilleur parti des fortes personnalit\u00e9s\u00a0? Comment g\u00e9rer les personnalit\u00e9s dites difficiles ou [&hellip;]<\/p>\n","protected":false},"author":8,"featured_media":583,"comment_status":"open","ping_status":"open","sticky":false,"template":"","format":"standard","meta":{"_mi_skip_tracking":false},"categories":[184],"yoast_head":"<!-- This site is optimized with the Yoast SEO plugin v16.1 - https:\/\/yoast.com\/wordpress\/plugins\/seo\/ -->\n<title>Comment manager les personnalit\u00e9s difficiles ? - Mag des comp\u00e9tences - Comundi<\/title>\n<meta name=\"description\" content=\"Comment manager son personnel et adapter sa gestion des ressources humaines ? Catherine Obrecht, formatrice et coach en management, r\u00e9pond \u00e0 nos questions.\" \/>\n<meta name=\"robots\" content=\"index, follow, max-snippet:-1, max-image-preview:large, max-video-preview:-1\" \/>\n<link rel=\"canonical\" href=\"https:\/\/www.comundi.fr\/mag-des-competences\/les-cles-pour-manager-les-personnalites-difficiles\/\" \/>\n<meta property=\"og:locale\" content=\"fr_FR\" \/>\n<meta property=\"og:type\" content=\"article\" \/>\n<meta property=\"og:title\" content=\"Comment manager les personnalit\u00e9s difficiles ? - Mag des comp\u00e9tences - Comundi\" \/>\n<meta property=\"og:description\" content=\"Comment manager son personnel et adapter sa gestion des ressources humaines ? Catherine Obrecht, formatrice et coach en management, r\u00e9pond \u00e0 nos questions.\" \/>\n<meta property=\"og:url\" content=\"https:\/\/www.comundi.fr\/mag-des-competences\/les-cles-pour-manager-les-personnalites-difficiles\/\" \/>\n<meta property=\"og:site_name\" content=\"Mag des comp\u00e9tences - Comundi\" \/>\n<meta property=\"article:publisher\" content=\"https:\/\/www.facebook.com\/Comundi\/?fref=ts\" \/>\n<meta property=\"article:published_time\" content=\"2018-03-26T07:55:16+00:00\" \/>\n<meta property=\"article:modified_time\" content=\"2019-10-16T15:15:00+00:00\" \/>\n<meta property=\"og:image\" content=\"https:\/\/www.comundi.fr\/mag-des-competences\/wp-content\/uploads\/2018\/03\/manager_personnes_difficiles_comundi-e1522050540180.jpg\" \/>\n\t<meta property=\"og:image:width\" content=\"1000\" \/>\n\t<meta property=\"og:image:height\" content=\"667\" \/>\n<meta name=\"twitter:card\" content=\"summary_large_image\" \/>\n<meta name=\"twitter:creator\" content=\"@ComundiActu\" \/>\n<meta name=\"twitter:site\" content=\"@ComundiActu\" \/>\n<meta name=\"twitter:label1\" content=\"Dur\u00e9e de lecture est.\">\n\t<meta name=\"twitter:data1\" content=\"5 minutes\">\n<script type=\"application\/ld+json\" class=\"yoast-schema-graph\">{\"@context\":\"https:\/\/schema.org\",\"@graph\":[{\"@type\":\"Organization\",\"@id\":\"https:\/\/www.comundi.fr\/mag-des-competences\/#organization\",\"name\":\"Comundi\",\"url\":\"https:\/\/www.comundi.fr\/mag-des-competences\/\",\"sameAs\":[\"https:\/\/www.facebook.com\/Comundi\/?fref=ts\",\"https:\/\/www.linkedin.com\/company\/comundi\/\",\"https:\/\/www.youtube.com\/user\/ComundiFormations\",\"https:\/\/twitter.com\/ComundiActu\"],\"logo\":{\"@type\":\"ImageObject\",\"@id\":\"https:\/\/www.comundi.fr\/mag-des-competences\/#logo\",\"inLanguage\":\"fr-FR\",\"url\":\"https:\/\/www.comundi.fr\/mag-des-competences\/wp-content\/uploads\/2018\/01\/comundi.png\",\"contentUrl\":\"https:\/\/www.comundi.fr\/mag-des-competences\/wp-content\/uploads\/2018\/01\/comundi.png\",\"width\":300,\"height\":300,\"caption\":\"Comundi\"},\"image\":{\"@id\":\"https:\/\/www.comundi.fr\/mag-des-competences\/#logo\"}},{\"@type\":\"WebSite\",\"@id\":\"https:\/\/www.comundi.fr\/mag-des-competences\/#website\",\"url\":\"https:\/\/www.comundi.fr\/mag-des-competences\/\",\"name\":\"Mag des comp\\u00e9tences - Comundi\",\"description\":\"Le magazine des m\\u00e9tiers de demain\",\"publisher\":{\"@id\":\"https:\/\/www.comundi.fr\/mag-des-competences\/#organization\"},\"potentialAction\":[{\"@type\":\"SearchAction\",\"target\":\"https:\/\/www.comundi.fr\/mag-des-competences\/?s={search_term_string}\",\"query-input\":\"required name=search_term_string\"}],\"inLanguage\":\"fr-FR\"},{\"@type\":\"ImageObject\",\"@id\":\"https:\/\/www.comundi.fr\/mag-des-competences\/les-cles-pour-manager-les-personnalites-difficiles\/#primaryimage\",\"inLanguage\":\"fr-FR\",\"url\":\"https:\/\/www.comundi.fr\/mag-des-competences\/wp-content\/uploads\/2018\/03\/manager_personnes_difficiles_comundi-e1522050540180.jpg\",\"contentUrl\":\"https:\/\/www.comundi.fr\/mag-des-competences\/wp-content\/uploads\/2018\/03\/manager_personnes_difficiles_comundi-e1522050540180.jpg\",\"width\":1000,\"height\":667,\"caption\":\"Manager son personnel\"},{\"@type\":\"WebPage\",\"@id\":\"https:\/\/www.comundi.fr\/mag-des-competences\/les-cles-pour-manager-les-personnalites-difficiles\/#webpage\",\"url\":\"https:\/\/www.comundi.fr\/mag-des-competences\/les-cles-pour-manager-les-personnalites-difficiles\/\",\"name\":\"Comment manager les personnalit\\u00e9s difficiles ? - Mag des comp\\u00e9tences - Comundi\",\"isPartOf\":{\"@id\":\"https:\/\/www.comundi.fr\/mag-des-competences\/#website\"},\"primaryImageOfPage\":{\"@id\":\"https:\/\/www.comundi.fr\/mag-des-competences\/les-cles-pour-manager-les-personnalites-difficiles\/#primaryimage\"},\"datePublished\":\"2018-03-26T07:55:16+00:00\",\"dateModified\":\"2019-10-16T15:15:00+00:00\",\"description\":\"Comment manager son personnel et adapter sa gestion des ressources humaines ? Catherine Obrecht, formatrice et coach en management, r\\u00e9pond \\u00e0 nos questions.\",\"breadcrumb\":{\"@id\":\"https:\/\/www.comundi.fr\/mag-des-competences\/les-cles-pour-manager-les-personnalites-difficiles\/#breadcrumb\"},\"inLanguage\":\"fr-FR\",\"potentialAction\":[{\"@type\":\"ReadAction\",\"target\":[\"https:\/\/www.comundi.fr\/mag-des-competences\/les-cles-pour-manager-les-personnalites-difficiles\/\"]}]},{\"@type\":\"BreadcrumbList\",\"@id\":\"https:\/\/www.comundi.fr\/mag-des-competences\/les-cles-pour-manager-les-personnalites-difficiles\/#breadcrumb\",\"itemListElement\":[{\"@type\":\"ListItem\",\"position\":1,\"item\":{\"@type\":\"WebPage\",\"@id\":\"https:\/\/www.comundi.fr\/mag-des-competences\/\",\"url\":\"https:\/\/www.comundi.fr\/mag-des-competences\/\",\"name\":\"Accueil\"}},{\"@type\":\"ListItem\",\"position\":2,\"item\":{\"@type\":\"WebPage\",\"@id\":\"https:\/\/www.comundi.fr\/mag-des-competences\/les-cles-pour-manager-les-personnalites-difficiles\/\",\"url\":\"https:\/\/www.comundi.fr\/mag-des-competences\/les-cles-pour-manager-les-personnalites-difficiles\/\",\"name\":\"Les cl\\u00e9s pour manager les personnalit\\u00e9s difficiles\"}}]},{\"@type\":\"Article\",\"@id\":\"https:\/\/www.comundi.fr\/mag-des-competences\/les-cles-pour-manager-les-personnalites-difficiles\/#article\",\"isPartOf\":{\"@id\":\"https:\/\/www.comundi.fr\/mag-des-competences\/les-cles-pour-manager-les-personnalites-difficiles\/#webpage\"},\"author\":{\"@id\":\"https:\/\/www.comundi.fr\/mag-des-competences\/#\/schema\/person\/d08f5c2cf9de6fcfd33c30314745578e\"},\"headline\":\"Les cl\\u00e9s pour manager les personnalit\\u00e9s difficiles\",\"datePublished\":\"2018-03-26T07:55:16+00:00\",\"dateModified\":\"2019-10-16T15:15:00+00:00\",\"mainEntityOfPage\":{\"@id\":\"https:\/\/www.comundi.fr\/mag-des-competences\/les-cles-pour-manager-les-personnalites-difficiles\/#webpage\"},\"commentCount\":0,\"publisher\":{\"@id\":\"https:\/\/www.comundi.fr\/mag-des-competences\/#organization\"},\"image\":{\"@id\":\"https:\/\/www.comundi.fr\/mag-des-competences\/les-cles-pour-manager-les-personnalites-difficiles\/#primaryimage\"},\"articleSection\":\"management\",\"inLanguage\":\"fr-FR\",\"potentialAction\":[{\"@type\":\"CommentAction\",\"name\":\"Comment\",\"target\":[\"https:\/\/www.comundi.fr\/mag-des-competences\/les-cles-pour-manager-les-personnalites-difficiles\/#respond\"]}]},{\"@type\":\"Person\",\"@id\":\"https:\/\/www.comundi.fr\/mag-des-competences\/#\/schema\/person\/d08f5c2cf9de6fcfd33c30314745578e\",\"name\":\"Comundi\",\"image\":{\"@type\":\"ImageObject\",\"@id\":\"https:\/\/www.comundi.fr\/mag-des-competences\/#personlogo\",\"inLanguage\":\"fr-FR\",\"url\":\"https:\/\/secure.gravatar.com\/avatar\/da2835ae7b2c1279e8e897d242f4cda6?s=96&d=mm&r=g\",\"contentUrl\":\"https:\/\/secure.gravatar.com\/avatar\/da2835ae7b2c1279e8e897d242f4cda6?s=96&d=mm&r=g\",\"caption\":\"Comundi\"}}]}<\/script>\n<!-- \/ Yoast SEO plugin. -->","amp_enabled":true,"_links":{"self":[{"href":"https:\/\/www.comundi.fr\/mag-des-competences\/wp-json\/wp\/v2\/posts\/584"}],"collection":[{"href":"https:\/\/www.comundi.fr\/mag-des-competences\/wp-json\/wp\/v2\/posts"}],"about":[{"href":"https:\/\/www.comundi.fr\/mag-des-competences\/wp-json\/wp\/v2\/types\/post"}],"author":[{"embeddable":true,"href":"https:\/\/www.comundi.fr\/mag-des-competences\/wp-json\/wp\/v2\/users\/8"}],"replies":[{"embeddable":true,"href":"https:\/\/www.comundi.fr\/mag-des-competences\/wp-json\/wp\/v2\/comments?post=584"}],"version-history":[{"count":8,"href":"https:\/\/www.comundi.fr\/mag-des-competences\/wp-json\/wp\/v2\/posts\/584\/revisions"}],"predecessor-version":[{"id":2907,"href":"https:\/\/www.comundi.fr\/mag-des-competences\/wp-json\/wp\/v2\/posts\/584\/revisions\/2907"}],"wp:featuredmedia":[{"embeddable":true,"href":"https:\/\/www.comundi.fr\/mag-des-competences\/wp-json\/wp\/v2\/media\/583"}],"wp:attachment":[{"href":"https:\/\/www.comundi.fr\/mag-des-competences\/wp-json\/wp\/v2\/media?parent=584"}],"wp:term":[{"taxonomy":"category","embeddable":true,"href":"https:\/\/www.comundi.fr\/mag-des-competences\/wp-json\/wp\/v2\/categories?post=584"}],"curies":[{"name":"wp","href":"https:\/\/api.w.org\/{rel}","templated":true}]}}