{"id":5835,"date":"2020-05-05T09:00:56","date_gmt":"2020-05-05T07:00:56","guid":{"rendered":"https:\/\/www.comundi.fr\/mag-des-competences\/?p=5835"},"modified":"2023-04-14T18:13:57","modified_gmt":"2023-04-14T16:13:57","slug":"destressez-faites-le-plein","status":"publish","type":"post","link":"https:\/\/www.comundi.fr\/mag-des-competences\/destressez-faites-le-plein\/","title":{"rendered":"D\u00e9stressez\u2026 faites le plein !"},"content":{"rendered":"<p><em>Nous cherchons tous des moments de s\u00e9r\u00e9nit\u00e9 que \u00e7a soit au travail, dans les transports et au sein de notre famille qui peuvent-\u00eatre parfois de plus en plus stressants, pour nous. Pour faire face \u00e0 cela, vous pouvez r\u00e9aliser un simple exercice applicable en toute circonstance&nbsp; mais avant de vous en faire part, d\u00e9couvrons quelques explications sur le bonheur, la s\u00e9r\u00e9nit\u00e9 et le stress.<\/em><\/p>\n<h2 align=\"justify\">Nous aspirons tous au bonheur, mais qu&rsquo;est-ce que le bonheur ?<\/h2>\n<p align=\"justify\"><strong>Le bonheur est en quelque sorte la r\u00e9sultante du plaisir et de la s\u00e9r\u00e9nit\u00e9<\/strong> : la s\u00e9r\u00e9nit\u00e9 est la capacit\u00e9 \u00e0 garder son calme en situations difficiles, d&rsquo;\u00e9chec ou de souffrance. Cela suppose un apprentissage, qui peut \u00eatre facilit\u00e9 par<strong> des techniques et philosophies de connaissance de soi<\/strong> d\u00e9velopp\u00e9es au fil des si\u00e8cles (comme l&rsquo;approche bouddhiste) ou des derni\u00e8res d\u00e9cennies \u00e9coul\u00e9es.<\/p>\n<h2 align=\"justify\">Que se passe-t-il dans le cerveau de celui qui vit avec s\u00e9r\u00e9nit\u00e9 ?<\/h2>\n<p align=\"justify\">Pour mieux comprendre les m\u00e9canismes c\u00e9r\u00e9braux qui sous-tendent notre capacit\u00e9 \u00e0 rester serein, des chercheurs ont <strong>utilis\u00e9 l&rsquo;imagerie par r\u00e9sonance magn\u00e9tique fonctionnelle<\/strong>, qui permet de <span style=\"color: #000000;\"><strong>\u00ab voir le cerveau qui pense \u00bb et les zones les plus actives lorsque l&rsquo;on effectue une t\u00e2che<\/strong>.<br \/>\n<\/span>En effet, il est apparu qu\u2019un territoire c\u00e9r\u00e9bral est plus particuli\u00e8rement sollicit\u00e9 : <strong>c&rsquo;est le n\u00e9ocortex pr\u00e9frontal<\/strong>, partie la plus r\u00e9cente et \u00ab intelligente \u00bb de notre cerveau situ\u00e9e juste derri\u00e8re notre front, <strong>qui<\/strong> <strong>coordonne la <a href=\"https:\/\/www.comundi.fr\/mag-des-competences\/conserver-son-calme-malgre-la-pression-et-le-stress\/\" target=\"_blank\" rel=\"noopener\">prise de recul, la capacit\u00e9 d&rsquo;acceptation et de r\u00e9solution de situations difficiles ou inconnues<\/a><\/strong>. <strong>La s\u00e9r\u00e9nit\u00e9 est ainsi associ\u00e9e \u00e0 cette sollicitation du n\u00e9ocortex pr\u00e9frontal.<\/strong><\/p>\n<h2 align=\"justify\">Que faire pour retrouver sa s\u00e9r\u00e9nit\u00e9 lorsque nous sommes stress\u00e9s ?<\/h2>\n<p align=\"justify\"><strong>L\u2019approche bouddhiste<\/strong>, avec notamment la m\u00e9ditation tib\u00e9taine, et d\u2019autres approches plus r\u00e9centes ont \u00e9labor\u00e9<strong> des m\u00e9thodes et exercices pour <span style=\"color: #ff0000;\"><a style=\"color: #ff0000;\" href=\"https:\/\/www.comundi.fr\/formations\/formation-gestion-du-stress-methodes-et-outils-pour-gagner-en-serenite.html?utm_source=Mag%20des%20comp%C3%A9tences&amp;utm_medium=article&amp;utm_campaign=D%C3%A9stressez%E2%80%A6%20faites%20le%20plein\" target=\"_blank\" rel=\"noopener\">pr\u00e9venir le stress et cultiver la s\u00e9r\u00e9nit\u00e9<\/a><\/span><\/strong>.<br \/>\n<u>Prenons par exemple<\/u> : l\u2019un des exercices de l\u2019<strong>Approche NeuroCognitive et Comportementale<\/strong> (d\u00e9velopp\u00e9e par l\u2019IME), en l\u2019occurrence <strong>l\u2019exercice dit \u00ab du m\u00e9lomane \u00bb<\/strong>, que je vous propose de faire en direct.<\/p>\n<p align=\"justify\">Vous \u00eates un m\u00e9lomane, imaginez-vous dans une salle de concert, l&rsquo;orchestre va bient\u00f4t d\u00e9marr\u00e9 ! Vous fermez ou non les yeux comme vous le souhaitez. Vous pr\u00eatez attention \u00e0 tous les sons environnant en m\u00eame temps comme s&rsquo;il s&rsquo;agissait d&rsquo;une symphonie en essayant de tous les accepter comme partie int\u00e9grante d&rsquo;un orchestre des sons. Cela comprend les bruits autour de vous, les voix, m\u00eame ceux qui vous d\u00e9rangent.<\/p>\n<p align=\"justify\"><strong>Quel est votre sentiment ?<br \/>\n<\/strong>Vous ressentez un calme int\u00e9rieur ? C&rsquo;est un calme qui peut s&rsquo;intensifier avec un peu d&rsquo;entra\u00eenement ! C&rsquo;est s\u00fbrement pour cela que l&rsquo;on dit que :\u00a0\u00bbla musique adoucit les m\u0153urs\u00a0\u00bb<strong>.<\/strong> En fait, <strong>c&rsquo;est surtout l&rsquo;attitude du m\u00e9lomane qui adoucit les m\u0153urs et pas tant la musique<\/strong>. En effet, nous pouvons prendre l&rsquo;habitude d&rsquo;<strong>avoir une attitude ouverte<\/strong> <strong>vis-\u00e0-vis de tout<\/strong> : qu&rsquo;il s&rsquo;agisse des choses, des situations, des gens, de soi, de tout ce qui nous emb\u00eate ou que nous aimons.<\/p>\n<h2 align=\"justify\">Pourquoi \u00ab faire le plein \u00bb relaxe-t-il autant ou plus que \u00ab faire le vide \u00bb ?<\/h2>\n<p align=\"justify\"><strong>Parce que nous sollicitons les territoires du cerveau qui sont capables de g\u00e9rer les situations \u00ab hors de contr\u00f4le \u00bb et m\u00eame d&rsquo;en tirer parti.<\/strong><br \/>\n<u>Autre exemple<\/u>, si nous nous \u00e9nervons contre notre conjoint, notre enfant ou un coll\u00e8gue, c&rsquo;est sans doute parce que nous n&rsquo;acceptons pas \u00e0 cet instant ce qu&rsquo;il est, et\/ou que nous ne nous donnons pas les moyens d&rsquo;ouvrir un vrai d\u00e9bat. Bref, <strong>notre propre incoh\u00e9rence est la cause de <span style=\"color: #000000;\">notre stress<\/span> bien plus que l&rsquo;attitude d&rsquo;un autre<\/strong>. <strong>C&rsquo;est pourquoi nous pouvons apprendre, assez rapidement, \u00e0 agir dessus<\/strong>. Et quel <strong>meilleur moyen que d&rsquo;apprendre la <a href=\"https:\/\/www.comundi.fr\/formations\/formation-stress-emotions-reprendre-le-controle.html?utm_source=Mag%20des%20comp%C3%A9tences&amp;utm_medium=article&amp;utm_campaign=D%C3%A9stressez%E2%80%A6%20faites%20le%20plein%20!\" target=\"_blank\" rel=\"noopener\">gestion du stress et des \u00e9motions<\/a> par la formation !<\/strong><\/p>\n<h2 align=\"justify\">Le bonheur est-il alors \u00e0 la port\u00e9e de tous ?<\/h2>\n<p align=\"justify\">Des exp\u00e9riences ont \u00e9t\u00e9 r\u00e9alis\u00e9es avec des \u00e9l\u00e8ves pilotes militaires (\u00e9tudes men\u00e9es par l\u2019IME en coop\u00e9ration scientifique avec l&rsquo;Institut de Recherche Biom\u00e9dicale des Arm\u00e9es &#8211; Antenne IMASSA) confront\u00e9s en simulateur de vol \u00e0 des situations extr\u00eamement difficiles, apr\u00e8s avoir \u00e9t\u00e9 form\u00e9s \u00e0 quelques exercices tels que celui dit \u00ab du m\u00e9lomane \u00bb. Les r\u00e9sultats obtenus ont montr\u00e9 que ces exercices leur permettaient non seulement d&rsquo;<strong>\u00e9viter le stress<\/strong>, mais aussi de faire 2 fois moins d&rsquo;erreurs et d&rsquo;avoir 5 fois plus d&rsquo;initiatives positives.<br \/>\n<strong><a href=\"https:\/\/www.comundi.fr\/mag-des-competences\/4-pistes-a-explorer-pour-etre-heureux-au-travail\/\" target=\"_blank\" rel=\"noopener\">Le bonheur<\/a> n&rsquo;est donc pas r\u00e9serv\u00e9 \u00e0 ceux qui ont de la chance, il est accessible \u00e0 ceux qui n&rsquo;en ont pas. C&rsquo;est sans doute ce que l&rsquo;on appelle la sagesse.<\/strong><\/p>\n","protected":false},"excerpt":{"rendered":"<p>Nous cherchons tous des moments de s\u00e9r\u00e9nit\u00e9 que \u00e7a soit au travail, dans les transports et au sein de notre famille qui peuvent-\u00eatre parfois de plus en plus stressants, pour nous. Pour faire face \u00e0 cela, vous pouvez r\u00e9aliser un simple exercice applicable en toute circonstance&nbsp; mais avant de vous en faire part, d\u00e9couvrons quelques [&hellip;]<\/p>\n","protected":false},"author":8,"featured_media":0,"comment_status":"open","ping_status":"open","sticky":false,"template":"","format":"standard","meta":{"_mi_skip_tracking":false},"categories":[185],"yoast_head":"<!-- This site is optimized with the Yoast SEO plugin v16.1 - https:\/\/yoast.com\/wordpress\/plugins\/seo\/ -->\n<title>Comment retrouver bonheur et s\u00e9r\u00e9nit\u00e9 lorsque nous sommes stress\u00e9s ?<\/title>\n<meta name=\"description\" content=\"Le bonheur n&#039;est pas r\u00e9serv\u00e9 \u00e0 ceux qui ont de la chance, il est accessible \u00e0 ceux qui n&#039;en ont pas ! Faites preuve d&#039;ouverture d&#039;esprit : on vous dit tout.\" \/>\n<meta name=\"robots\" content=\"index, follow, max-snippet:-1, max-image-preview:large, max-video-preview:-1\" \/>\n<link rel=\"canonical\" href=\"https:\/\/www.comundi.fr\/mag-des-competences\/destressez-faites-le-plein\/\" \/>\n<meta property=\"og:locale\" content=\"fr_FR\" \/>\n<meta property=\"og:type\" content=\"article\" \/>\n<meta property=\"og:title\" content=\"Comment retrouver bonheur et s\u00e9r\u00e9nit\u00e9 lorsque nous sommes stress\u00e9s ?\" \/>\n<meta property=\"og:description\" content=\"Le bonheur n&#039;est pas r\u00e9serv\u00e9 \u00e0 ceux qui ont de la chance, il est accessible \u00e0 ceux qui n&#039;en ont pas ! Faites preuve d&#039;ouverture d&#039;esprit : on vous dit tout.\" \/>\n<meta property=\"og:url\" content=\"https:\/\/www.comundi.fr\/mag-des-competences\/destressez-faites-le-plein\/\" \/>\n<meta property=\"og:site_name\" content=\"Mag des comp\u00e9tences - Comundi\" \/>\n<meta property=\"article:publisher\" content=\"https:\/\/www.facebook.com\/Comundi\/?fref=ts\" \/>\n<meta property=\"article:published_time\" content=\"2020-05-05T07:00:56+00:00\" \/>\n<meta property=\"article:modified_time\" content=\"2023-04-14T16:13:57+00:00\" \/>\n<meta name=\"twitter:card\" content=\"summary_large_image\" \/>\n<meta name=\"twitter:creator\" content=\"@ComundiActu\" \/>\n<meta name=\"twitter:site\" content=\"@ComundiActu\" \/>\n<meta name=\"twitter:label1\" content=\"Dur\u00e9e de lecture est.\">\n\t<meta name=\"twitter:data1\" content=\"4 minutes\">\n<script type=\"application\/ld+json\" class=\"yoast-schema-graph\">{\"@context\":\"https:\/\/schema.org\",\"@graph\":[{\"@type\":\"Organization\",\"@id\":\"https:\/\/www.comundi.fr\/mag-des-competences\/#organization\",\"name\":\"Comundi\",\"url\":\"https:\/\/www.comundi.fr\/mag-des-competences\/\",\"sameAs\":[\"https:\/\/www.facebook.com\/Comundi\/?fref=ts\",\"https:\/\/www.linkedin.com\/company\/comundi\/\",\"https:\/\/www.youtube.com\/user\/ComundiFormations\",\"https:\/\/twitter.com\/ComundiActu\"],\"logo\":{\"@type\":\"ImageObject\",\"@id\":\"https:\/\/www.comundi.fr\/mag-des-competences\/#logo\",\"inLanguage\":\"fr-FR\",\"url\":\"https:\/\/www.comundi.fr\/mag-des-competences\/wp-content\/uploads\/2018\/01\/comundi.png\",\"contentUrl\":\"https:\/\/www.comundi.fr\/mag-des-competences\/wp-content\/uploads\/2018\/01\/comundi.png\",\"width\":300,\"height\":300,\"caption\":\"Comundi\"},\"image\":{\"@id\":\"https:\/\/www.comundi.fr\/mag-des-competences\/#logo\"}},{\"@type\":\"WebSite\",\"@id\":\"https:\/\/www.comundi.fr\/mag-des-competences\/#website\",\"url\":\"https:\/\/www.comundi.fr\/mag-des-competences\/\",\"name\":\"Mag des comp\\u00e9tences - Comundi\",\"description\":\"Le magazine des m\\u00e9tiers de demain\",\"publisher\":{\"@id\":\"https:\/\/www.comundi.fr\/mag-des-competences\/#organization\"},\"potentialAction\":[{\"@type\":\"SearchAction\",\"target\":\"https:\/\/www.comundi.fr\/mag-des-competences\/?s={search_term_string}\",\"query-input\":\"required name=search_term_string\"}],\"inLanguage\":\"fr-FR\"},{\"@type\":\"WebPage\",\"@id\":\"https:\/\/www.comundi.fr\/mag-des-competences\/destressez-faites-le-plein\/#webpage\",\"url\":\"https:\/\/www.comundi.fr\/mag-des-competences\/destressez-faites-le-plein\/\",\"name\":\"Comment retrouver bonheur et s\\u00e9r\\u00e9nit\\u00e9 lorsque nous sommes stress\\u00e9s ?\",\"isPartOf\":{\"@id\":\"https:\/\/www.comundi.fr\/mag-des-competences\/#website\"},\"datePublished\":\"2020-05-05T07:00:56+00:00\",\"dateModified\":\"2023-04-14T16:13:57+00:00\",\"description\":\"Le bonheur n'est pas r\\u00e9serv\\u00e9 \\u00e0 ceux qui ont de la chance, il est accessible \\u00e0 ceux qui n'en ont pas ! Faites preuve d'ouverture d'esprit : on vous dit tout.\",\"breadcrumb\":{\"@id\":\"https:\/\/www.comundi.fr\/mag-des-competences\/destressez-faites-le-plein\/#breadcrumb\"},\"inLanguage\":\"fr-FR\",\"potentialAction\":[{\"@type\":\"ReadAction\",\"target\":[\"https:\/\/www.comundi.fr\/mag-des-competences\/destressez-faites-le-plein\/\"]}]},{\"@type\":\"BreadcrumbList\",\"@id\":\"https:\/\/www.comundi.fr\/mag-des-competences\/destressez-faites-le-plein\/#breadcrumb\",\"itemListElement\":[{\"@type\":\"ListItem\",\"position\":1,\"item\":{\"@type\":\"WebPage\",\"@id\":\"https:\/\/www.comundi.fr\/mag-des-competences\/\",\"url\":\"https:\/\/www.comundi.fr\/mag-des-competences\/\",\"name\":\"Accueil\"}},{\"@type\":\"ListItem\",\"position\":2,\"item\":{\"@type\":\"WebPage\",\"@id\":\"https:\/\/www.comundi.fr\/mag-des-competences\/destressez-faites-le-plein\/\",\"url\":\"https:\/\/www.comundi.fr\/mag-des-competences\/destressez-faites-le-plein\/\",\"name\":\"D\\u00e9stressez\\u2026 faites le plein !\"}}]},{\"@type\":\"Article\",\"@id\":\"https:\/\/www.comundi.fr\/mag-des-competences\/destressez-faites-le-plein\/#article\",\"isPartOf\":{\"@id\":\"https:\/\/www.comundi.fr\/mag-des-competences\/destressez-faites-le-plein\/#webpage\"},\"author\":{\"@id\":\"https:\/\/www.comundi.fr\/mag-des-competences\/#\/schema\/person\/d08f5c2cf9de6fcfd33c30314745578e\"},\"headline\":\"D\\u00e9stressez\\u2026 faites le plein !\",\"datePublished\":\"2020-05-05T07:00:56+00:00\",\"dateModified\":\"2023-04-14T16:13:57+00:00\",\"mainEntityOfPage\":{\"@id\":\"https:\/\/www.comundi.fr\/mag-des-competences\/destressez-faites-le-plein\/#webpage\"},\"commentCount\":1,\"publisher\":{\"@id\":\"https:\/\/www.comundi.fr\/mag-des-competences\/#organization\"},\"articleSection\":\"D\\u00e9veloppement personnel\",\"inLanguage\":\"fr-FR\",\"potentialAction\":[{\"@type\":\"CommentAction\",\"name\":\"Comment\",\"target\":[\"https:\/\/www.comundi.fr\/mag-des-competences\/destressez-faites-le-plein\/#respond\"]}]},{\"@type\":\"Person\",\"@id\":\"https:\/\/www.comundi.fr\/mag-des-competences\/#\/schema\/person\/d08f5c2cf9de6fcfd33c30314745578e\",\"name\":\"Comundi\",\"image\":{\"@type\":\"ImageObject\",\"@id\":\"https:\/\/www.comundi.fr\/mag-des-competences\/#personlogo\",\"inLanguage\":\"fr-FR\",\"url\":\"https:\/\/secure.gravatar.com\/avatar\/da2835ae7b2c1279e8e897d242f4cda6?s=96&d=mm&r=g\",\"contentUrl\":\"https:\/\/secure.gravatar.com\/avatar\/da2835ae7b2c1279e8e897d242f4cda6?s=96&d=mm&r=g\",\"caption\":\"Comundi\"}}]}<\/script>\n<!-- \/ Yoast SEO plugin. -->","amp_enabled":true,"_links":{"self":[{"href":"https:\/\/www.comundi.fr\/mag-des-competences\/wp-json\/wp\/v2\/posts\/5835"}],"collection":[{"href":"https:\/\/www.comundi.fr\/mag-des-competences\/wp-json\/wp\/v2\/posts"}],"about":[{"href":"https:\/\/www.comundi.fr\/mag-des-competences\/wp-json\/wp\/v2\/types\/post"}],"author":[{"embeddable":true,"href":"https:\/\/www.comundi.fr\/mag-des-competences\/wp-json\/wp\/v2\/users\/8"}],"replies":[{"embeddable":true,"href":"https:\/\/www.comundi.fr\/mag-des-competences\/wp-json\/wp\/v2\/comments?post=5835"}],"version-history":[{"count":33,"href":"https:\/\/www.comundi.fr\/mag-des-competences\/wp-json\/wp\/v2\/posts\/5835\/revisions"}],"predecessor-version":[{"id":11757,"href":"https:\/\/www.comundi.fr\/mag-des-competences\/wp-json\/wp\/v2\/posts\/5835\/revisions\/11757"}],"wp:attachment":[{"href":"https:\/\/www.comundi.fr\/mag-des-competences\/wp-json\/wp\/v2\/media?parent=5835"}],"wp:term":[{"taxonomy":"category","embeddable":true,"href":"https:\/\/www.comundi.fr\/mag-des-competences\/wp-json\/wp\/v2\/categories?post=5835"}],"curies":[{"name":"wp","href":"https:\/\/api.w.org\/{rel}","templated":true}]}}