{"id":5321,"date":"2020-03-12T09:00:45","date_gmt":"2020-03-12T08:00:45","guid":{"rendered":"https:\/\/www.comundi.fr\/mag-des-competences\/?p=5321"},"modified":"2020-11-16T10:36:03","modified_gmt":"2020-11-16T09:36:03","slug":"cles-insuffler-audace-esprit-dentreprendre-equipe","status":"publish","type":"post","link":"https:\/\/www.comundi.fr\/mag-des-competences\/cles-insuffler-audace-esprit-dentreprendre-equipe\/","title":{"rendered":"Les cl\u00e9s pour insuffler audace et esprit d&rsquo;entreprendre \u00e0 son \u00e9quipe"},"content":{"rendered":"<p><em>L&rsquo;audace consiste \u00e0 s&rsquo;autoriser ce qui semble b\u00e9n\u00e9fique, pour soi et pour son environnement. Pour un manager, il s\u2019agit d\u2019instaurer des changements et transformations positives, pour ses \u00e9quipes, ses projets et soi-m\u00eame.\u00a0 Concr\u00e8tement, il s&rsquo;agit d&rsquo;une invitation \u00e0\u00a0sortir de la routine, prendre du recul, r\u00e9v\u00e9ler les talents de ses collaborateurs pour les mettre au service des projets et se laisser toucher par la proposition d&rsquo;un interlocuteur\u2026 via des objectifs qui ciblent la performance, mais aussi le courage d&rsquo;\u00eatre soi.<\/em><\/p>\n<h2><strong>Identifier son style de prise de risques<\/strong><\/h2>\n<p>Les prises de d\u00e9cisions sont plus rapides et plus claires en ayant conscience qu&rsquo;il y a\u00a0 diff\u00e9rents styles de prise de risques. En r\u00e9alit\u00e9<strong>, la notion de prise de risques varie selon les individus. Elle est propre \u00e0 chacun<\/strong>. Chaque individu per\u00e7oit, \u00e9value et agit de mani\u00e8re diff\u00e9rente face aux risques, d\u2019apr\u00e8s son exp\u00e9rience et sa personnalit\u00e9. Leur attitude varie selon le domaine de\u00a0 vie (professionnel ou personnel) et les probl\u00e9matiques \u00e0 r\u00e9soudre : g\u00e9rer des projets, accompagner les mutations et les mobilit\u00e9s, monter en comp\u00e9tences, n\u00e9gocier dans des contextes complexes, etc\u2026<\/p>\n<h2><strong>D\u00e9velopper son go\u00fbt pour l&rsquo;audace<\/strong><\/h2>\n<p>L&rsquo;audace ne renvoie ni aux g\u00e8nes, ni aux dipl\u00f4mes, ni au milieu d&rsquo;appartenance. <strong>Cette \u00ab capacit\u00e9 \u00bb est accessible \u00e0 tous<\/strong>. Elle peut se d\u00e9velopper lors des \u00e9tudes ou dans certains loisirs. Et surtout, \u00e0 l&rsquo;Ecole de la vie. <strong>Il n\u2019y a pas de guide pr\u00e9-\u00e9tablit pour cela\u00a0!<\/strong><\/p>\n<p>Pour un manager, il s\u2019agit d&rsquo;identifier ce qui fait sens dans sa carri\u00e8re, dans son poste actuel et de lister les objectifs \u00e0 atteindre. Puis, il lui faut envisager comment <strong>co-cr\u00e9er le changement tout en valorisant les talents de ses collaborateurs et en s&rsquo;appuyant sur la force des relations au sein de ses \u00e9quipes<\/strong>. Par cons\u00e9quent, il lui faut r\u00e9ussir \u00e0 <strong>mettre en place une relation de confiance entre collaborateurs afin de faciliter la prise d\u2019initiative sans peur de la critique<\/strong>. Il doit montrer que la parole est libre et que lui-m\u00eame est ouvert \u00e0 la critique constructive. <strong>La critique constructive<\/strong> peut-\u00eatre <strong>un puissant levier d\u2019innovation et de cr\u00e9ativit\u00e9<\/strong> si elle est bien cadr\u00e9e. On peut aussi parler de \u00ab\u00a0 <strong>suggestions d\u2019am\u00e9lioration\u00a0\u00bb<\/strong>, il serait alors dommage de ne pas en tenir compte !<\/p>\n<p><img loading=\"lazy\" class=\"alignnone wp-image-5364 size-full\" src=\"https:\/\/www.comundi.fr\/mag-des-competences\/wp-content\/uploads\/2020\/02\/Image-gout-de-laudace.png\" alt=\"D\u00e9velopper son go\u00fbt pour l'audace\" width=\"720\" height=\"280\" srcset=\"https:\/\/www.comundi.fr\/mag-des-competences\/wp-content\/uploads\/2020\/02\/Image-gout-de-laudace.png 720w, https:\/\/www.comundi.fr\/mag-des-competences\/wp-content\/uploads\/2020\/02\/Image-gout-de-laudace-300x117.png 300w\" sizes=\"(max-width: 720px) 100vw, 720px\" \/>De plus, <strong>la prise d\u2019initiative et le go\u00fbt d\u2019entreprendre<\/strong> de la part des \u00e9quipes sera <strong>une belle preuve de confiance<\/strong>. Que le collaborateur r\u00e9ussisse ou \u00e9choue, celui-ci apprendra \u00e0 avancer sans peur pour faire encore mieux par la suite mais surtout, il restera force de propositions.<strong> Les talents ne doivent pas rester endormis <\/strong>!<\/p>\n<p>Chacun \u00e0 la possibilit\u00e9 de<strong> sortir de sa zone de confort<\/strong> en vue d&rsquo;atteindre des objectifs. Il faut <strong>se saisir des opportunit\u00e9s \u00e9mergentes et prendre en marche les opportunit\u00e9s latentes<\/strong> pour passer de l\u2019inattendu au concret.<\/p>\n<p>C\u2019est au <a href=\"https:\/\/www.comundi.fr\/mag-des-competences\/le-manager-coach-du-savoir-faire-au-savoir-etre\/\" target=\"_blank\" rel=\"noopener\"><strong>manager coach<\/strong><\/a> de cr\u00e9er ces opportunit\u00e9s et d\u2019encourager son \u00e9quipe \u00e0 emprunter cette voie sans craintes\u00a0!<\/p>\n<h2><strong>Insuffler l&rsquo;audace et l&rsquo;esprit d&rsquo;entreprendre \u00e0 son \u00e9quipe<\/strong><\/h2>\n<p><strong>Pour susciter l&rsquo;intrapreneuriat<\/strong>, <strong>un fort leadership s&rsquo;impose<\/strong>. Cela signifie \u00eatre <a href=\"https:\/\/www.comundi.fr\/mag-des-competences\/10-pistes-pour-devenir-un-manager-inspirant\/\" target=\"_blank\" rel=\"noopener\"><strong>un manager inspirant<\/strong><\/a> qui sait \u00e9couter et comprendre, concevoir et incarner le changement, construire des passerelles pour que les acteurs co-cr\u00e9ent des projets, des produits, en vue de la p\u00e9rennit\u00e9 de l&rsquo;entreprise.<\/p>\n<p><strong>La force d&rsquo;un manager<\/strong> qui souhaite insuffler l&rsquo;audace peut aussi r\u00e9sider dans <strong>l&rsquo;observation bienveillante <\/strong>et impliqu\u00e9e pour identifier le v\u00e9cu individuel de chaque collaborateur, <strong>savoir quels sont les atouts des uns et des autres<\/strong> (comp\u00e9tences, qualit\u00e9s, etc.), <strong>et<\/strong> <strong>prendre en compte leurs points de vuln\u00e9rabilit\u00e9 pour pouvoir y pallier<\/strong> en <strong>envisageant des \u00e9quipes constitu\u00e9es d&rsquo;acteurs compl\u00e9mentaires<\/strong> ou en proposant \u00e0 ses collaborateurs les <strong>formations n\u00e9cessaires<\/strong>.<\/p>\n<p><strong>L&rsquo;audace est une cl\u00e9<\/strong> pour se dire que nulle situation n&rsquo;est vaine et que chaque \u00e9tape est <a href=\"https:\/\/www.comundi.fr\/formations\/formation-creativite-innovation-et-management.html?utm_source=Mag%20des%20comp%C3%A9tences&amp;utm_medium=article&amp;utm_campaign=Les%20cl%C3%A9s%20pour%20insuffler%20audace%20et%20esprit%20d'entreprendre%20%C3%A0%20son%20%C3%A9quipe\" target=\"_blank\" rel=\"noopener\"><strong>une invitation<\/strong> <strong>\u00e0 innover pour soi, ses \u00e9quipes et ses projets<\/strong><\/a>.<\/p>\n","protected":false},"excerpt":{"rendered":"<p>L&rsquo;audace consiste \u00e0 s&rsquo;autoriser ce qui semble b\u00e9n\u00e9fique, pour soi et pour son environnement. Pour un manager, il s\u2019agit d\u2019instaurer des changements et transformations positives, pour ses \u00e9quipes, ses projets et soi-m\u00eame.\u00a0 Concr\u00e8tement, il s&rsquo;agit d&rsquo;une invitation \u00e0\u00a0sortir de la routine, prendre du recul, r\u00e9v\u00e9ler les talents de ses collaborateurs pour les mettre au service [&hellip;]<\/p>\n","protected":false},"author":8,"featured_media":5354,"comment_status":"open","ping_status":"open","sticky":false,"template":"","format":"standard","meta":{"_mi_skip_tracking":false},"categories":[184],"yoast_head":"<!-- This site is optimized with the Yoast SEO plugin v16.1 - https:\/\/yoast.com\/wordpress\/plugins\/seo\/ -->\n<title>Comment insuffler audace et esprit d&#039;entreprendre \u00e0 son \u00e9quipe ?<\/title>\n<meta name=\"description\" content=\"Managers, vous \u00eates garant de la p\u00e9rennit\u00e9 de l&#039;entreprise : d\u00e9couvrez comment stimuler la cr\u00e9ativit\u00e9 et l&#039;esprit d&#039;innovation de votre \u00e9quipe avec audace !\" \/>\n<meta name=\"robots\" content=\"index, follow, max-snippet:-1, max-image-preview:large, max-video-preview:-1\" \/>\n<link rel=\"canonical\" href=\"https:\/\/www.comundi.fr\/mag-des-competences\/cles-insuffler-audace-esprit-dentreprendre-equipe\/\" \/>\n<meta property=\"og:locale\" content=\"fr_FR\" \/>\n<meta property=\"og:type\" content=\"article\" \/>\n<meta property=\"og:title\" content=\"Comment insuffler audace et esprit d&#039;entreprendre \u00e0 son \u00e9quipe ?\" \/>\n<meta property=\"og:description\" content=\"Managers, vous \u00eates garant de la p\u00e9rennit\u00e9 de l&#039;entreprise : d\u00e9couvrez comment stimuler la cr\u00e9ativit\u00e9 et l&#039;esprit d&#039;innovation de votre \u00e9quipe avec audace !\" \/>\n<meta property=\"og:url\" content=\"https:\/\/www.comundi.fr\/mag-des-competences\/cles-insuffler-audace-esprit-dentreprendre-equipe\/\" \/>\n<meta property=\"og:site_name\" content=\"Mag des comp\u00e9tences - Comundi\" \/>\n<meta property=\"article:publisher\" content=\"https:\/\/www.facebook.com\/Comundi\/?fref=ts\" \/>\n<meta property=\"article:published_time\" content=\"2020-03-12T08:00:45+00:00\" \/>\n<meta property=\"article:modified_time\" content=\"2020-11-16T09:36:03+00:00\" \/>\n<meta property=\"og:image\" content=\"https:\/\/www.comundi.fr\/mag-des-competences\/wp-content\/uploads\/2020\/02\/Image-audace-et-esprit-dentreprendre.png\" \/>\n\t<meta property=\"og:image:width\" content=\"720\" \/>\n\t<meta property=\"og:image:height\" content=\"280\" \/>\n<meta name=\"twitter:card\" content=\"summary_large_image\" \/>\n<meta name=\"twitter:creator\" content=\"@ComundiActu\" \/>\n<meta name=\"twitter:site\" content=\"@ComundiActu\" \/>\n<meta name=\"twitter:label1\" content=\"Dur\u00e9e de lecture est.\">\n\t<meta name=\"twitter:data1\" content=\"3 minutes\">\n<script type=\"application\/ld+json\" class=\"yoast-schema-graph\">{\"@context\":\"https:\/\/schema.org\",\"@graph\":[{\"@type\":\"Organization\",\"@id\":\"https:\/\/www.comundi.fr\/mag-des-competences\/#organization\",\"name\":\"Comundi\",\"url\":\"https:\/\/www.comundi.fr\/mag-des-competences\/\",\"sameAs\":[\"https:\/\/www.facebook.com\/Comundi\/?fref=ts\",\"https:\/\/www.linkedin.com\/company\/comundi\/\",\"https:\/\/www.youtube.com\/user\/ComundiFormations\",\"https:\/\/twitter.com\/ComundiActu\"],\"logo\":{\"@type\":\"ImageObject\",\"@id\":\"https:\/\/www.comundi.fr\/mag-des-competences\/#logo\",\"inLanguage\":\"fr-FR\",\"url\":\"https:\/\/www.comundi.fr\/mag-des-competences\/wp-content\/uploads\/2018\/01\/comundi.png\",\"contentUrl\":\"https:\/\/www.comundi.fr\/mag-des-competences\/wp-content\/uploads\/2018\/01\/comundi.png\",\"width\":300,\"height\":300,\"caption\":\"Comundi\"},\"image\":{\"@id\":\"https:\/\/www.comundi.fr\/mag-des-competences\/#logo\"}},{\"@type\":\"WebSite\",\"@id\":\"https:\/\/www.comundi.fr\/mag-des-competences\/#website\",\"url\":\"https:\/\/www.comundi.fr\/mag-des-competences\/\",\"name\":\"Mag des comp\\u00e9tences - Comundi\",\"description\":\"Le magazine des m\\u00e9tiers de demain\",\"publisher\":{\"@id\":\"https:\/\/www.comundi.fr\/mag-des-competences\/#organization\"},\"potentialAction\":[{\"@type\":\"SearchAction\",\"target\":\"https:\/\/www.comundi.fr\/mag-des-competences\/?s={search_term_string}\",\"query-input\":\"required name=search_term_string\"}],\"inLanguage\":\"fr-FR\"},{\"@type\":\"ImageObject\",\"@id\":\"https:\/\/www.comundi.fr\/mag-des-competences\/cles-insuffler-audace-esprit-dentreprendre-equipe\/#primaryimage\",\"inLanguage\":\"fr-FR\",\"url\":\"https:\/\/www.comundi.fr\/mag-des-competences\/wp-content\/uploads\/2020\/02\/Image-audace-et-esprit-dentreprendre.png\",\"contentUrl\":\"https:\/\/www.comundi.fr\/mag-des-competences\/wp-content\/uploads\/2020\/02\/Image-audace-et-esprit-dentreprendre.png\",\"width\":720,\"height\":280,\"caption\":\"Insuffler esprit d'innovation et cr\\u00e9ativit\\u00e9 \\u00e0 son \\u00e9quipe\"},{\"@type\":\"WebPage\",\"@id\":\"https:\/\/www.comundi.fr\/mag-des-competences\/cles-insuffler-audace-esprit-dentreprendre-equipe\/#webpage\",\"url\":\"https:\/\/www.comundi.fr\/mag-des-competences\/cles-insuffler-audace-esprit-dentreprendre-equipe\/\",\"name\":\"Comment insuffler audace et esprit d'entreprendre \\u00e0 son \\u00e9quipe ?\",\"isPartOf\":{\"@id\":\"https:\/\/www.comundi.fr\/mag-des-competences\/#website\"},\"primaryImageOfPage\":{\"@id\":\"https:\/\/www.comundi.fr\/mag-des-competences\/cles-insuffler-audace-esprit-dentreprendre-equipe\/#primaryimage\"},\"datePublished\":\"2020-03-12T08:00:45+00:00\",\"dateModified\":\"2020-11-16T09:36:03+00:00\",\"description\":\"Managers, vous \\u00eates garant de la p\\u00e9rennit\\u00e9 de l'entreprise : d\\u00e9couvrez comment stimuler la cr\\u00e9ativit\\u00e9 et l'esprit d'innovation de votre \\u00e9quipe avec audace !\",\"breadcrumb\":{\"@id\":\"https:\/\/www.comundi.fr\/mag-des-competences\/cles-insuffler-audace-esprit-dentreprendre-equipe\/#breadcrumb\"},\"inLanguage\":\"fr-FR\",\"potentialAction\":[{\"@type\":\"ReadAction\",\"target\":[\"https:\/\/www.comundi.fr\/mag-des-competences\/cles-insuffler-audace-esprit-dentreprendre-equipe\/\"]}]},{\"@type\":\"BreadcrumbList\",\"@id\":\"https:\/\/www.comundi.fr\/mag-des-competences\/cles-insuffler-audace-esprit-dentreprendre-equipe\/#breadcrumb\",\"itemListElement\":[{\"@type\":\"ListItem\",\"position\":1,\"item\":{\"@type\":\"WebPage\",\"@id\":\"https:\/\/www.comundi.fr\/mag-des-competences\/\",\"url\":\"https:\/\/www.comundi.fr\/mag-des-competences\/\",\"name\":\"Accueil\"}},{\"@type\":\"ListItem\",\"position\":2,\"item\":{\"@type\":\"WebPage\",\"@id\":\"https:\/\/www.comundi.fr\/mag-des-competences\/cles-insuffler-audace-esprit-dentreprendre-equipe\/\",\"url\":\"https:\/\/www.comundi.fr\/mag-des-competences\/cles-insuffler-audace-esprit-dentreprendre-equipe\/\",\"name\":\"Les cl\\u00e9s pour insuffler audace et esprit d&rsquo;entreprendre \\u00e0 son \\u00e9quipe\"}}]},{\"@type\":\"Article\",\"@id\":\"https:\/\/www.comundi.fr\/mag-des-competences\/cles-insuffler-audace-esprit-dentreprendre-equipe\/#article\",\"isPartOf\":{\"@id\":\"https:\/\/www.comundi.fr\/mag-des-competences\/cles-insuffler-audace-esprit-dentreprendre-equipe\/#webpage\"},\"author\":{\"@id\":\"https:\/\/www.comundi.fr\/mag-des-competences\/#\/schema\/person\/d08f5c2cf9de6fcfd33c30314745578e\"},\"headline\":\"Les cl\\u00e9s pour insuffler audace et esprit d&rsquo;entreprendre \\u00e0 son \\u00e9quipe\",\"datePublished\":\"2020-03-12T08:00:45+00:00\",\"dateModified\":\"2020-11-16T09:36:03+00:00\",\"mainEntityOfPage\":{\"@id\":\"https:\/\/www.comundi.fr\/mag-des-competences\/cles-insuffler-audace-esprit-dentreprendre-equipe\/#webpage\"},\"commentCount\":0,\"publisher\":{\"@id\":\"https:\/\/www.comundi.fr\/mag-des-competences\/#organization\"},\"image\":{\"@id\":\"https:\/\/www.comundi.fr\/mag-des-competences\/cles-insuffler-audace-esprit-dentreprendre-equipe\/#primaryimage\"},\"articleSection\":\"management\",\"inLanguage\":\"fr-FR\",\"potentialAction\":[{\"@type\":\"CommentAction\",\"name\":\"Comment\",\"target\":[\"https:\/\/www.comundi.fr\/mag-des-competences\/cles-insuffler-audace-esprit-dentreprendre-equipe\/#respond\"]}]},{\"@type\":\"Person\",\"@id\":\"https:\/\/www.comundi.fr\/mag-des-competences\/#\/schema\/person\/d08f5c2cf9de6fcfd33c30314745578e\",\"name\":\"Comundi\",\"image\":{\"@type\":\"ImageObject\",\"@id\":\"https:\/\/www.comundi.fr\/mag-des-competences\/#personlogo\",\"inLanguage\":\"fr-FR\",\"url\":\"https:\/\/secure.gravatar.com\/avatar\/da2835ae7b2c1279e8e897d242f4cda6?s=96&d=mm&r=g\",\"contentUrl\":\"https:\/\/secure.gravatar.com\/avatar\/da2835ae7b2c1279e8e897d242f4cda6?s=96&d=mm&r=g\",\"caption\":\"Comundi\"}}]}<\/script>\n<!-- \/ Yoast SEO plugin. -->","amp_enabled":true,"_links":{"self":[{"href":"https:\/\/www.comundi.fr\/mag-des-competences\/wp-json\/wp\/v2\/posts\/5321"}],"collection":[{"href":"https:\/\/www.comundi.fr\/mag-des-competences\/wp-json\/wp\/v2\/posts"}],"about":[{"href":"https:\/\/www.comundi.fr\/mag-des-competences\/wp-json\/wp\/v2\/types\/post"}],"author":[{"embeddable":true,"href":"https:\/\/www.comundi.fr\/mag-des-competences\/wp-json\/wp\/v2\/users\/8"}],"replies":[{"embeddable":true,"href":"https:\/\/www.comundi.fr\/mag-des-competences\/wp-json\/wp\/v2\/comments?post=5321"}],"version-history":[{"count":26,"href":"https:\/\/www.comundi.fr\/mag-des-competences\/wp-json\/wp\/v2\/posts\/5321\/revisions"}],"predecessor-version":[{"id":7492,"href":"https:\/\/www.comundi.fr\/mag-des-competences\/wp-json\/wp\/v2\/posts\/5321\/revisions\/7492"}],"wp:featuredmedia":[{"embeddable":true,"href":"https:\/\/www.comundi.fr\/mag-des-competences\/wp-json\/wp\/v2\/media\/5354"}],"wp:attachment":[{"href":"https:\/\/www.comundi.fr\/mag-des-competences\/wp-json\/wp\/v2\/media?parent=5321"}],"wp:term":[{"taxonomy":"category","embeddable":true,"href":"https:\/\/www.comundi.fr\/mag-des-competences\/wp-json\/wp\/v2\/categories?post=5321"}],"curies":[{"name":"wp","href":"https:\/\/api.w.org\/{rel}","templated":true}]}}