{"id":529,"date":"2018-03-20T09:41:38","date_gmt":"2018-03-20T08:41:38","guid":{"rendered":"https:\/\/www.comundi.fr\/mag-des-competences\/?p=529"},"modified":"2021-11-15T09:55:24","modified_gmt":"2021-11-15T08:55:24","slug":"gagner-en-confiance-pour-se-positionner-face-a-la-hierarchie","status":"publish","type":"post","link":"https:\/\/www.comundi.fr\/mag-des-competences\/gagner-en-confiance-pour-se-positionner-face-a-la-hierarchie\/","title":{"rendered":"Comment s\u2019affirmer et mieux communiquer avec sa hi\u00e9rarchie ?"},"content":{"rendered":"<p>Les \u00e9changes avec la hi\u00e9rarchie, qu\u2019ils soient formels ou informels, sont parfois porteurs de stress ou sources de conflits. Comment \u00eatre mieux arm\u00e9 pour communiquer avec sa hi\u00e9rarchie et convaincre du bien-fond\u00e9 de ses demandes ?<\/p>\n<p>El\u00e9ments de r\u00e9ponse avec Emmanuel Roucher, Coach et Formateur en <a href=\"https:\/\/www.comundi.fr\/mag-des-competences\/category\/management-dev-perso-efficacite-pro\/\">d\u00e9veloppement personnel et management<\/a> pour Comundi<\/p>\n<h2><strong>Quelles sont les difficult\u00e9s fr\u00e9quentes qu\u2019un collaborateur rencontre pour s\u2019adresser \u00e0 son N+1\u00a0?<\/strong><\/h2>\n<p>Il y a principalement des difficult\u00e9s culturelles li\u00e9es \u00e0 notre \u00e9ducation, un respect ou une appr\u00e9hension de tout ce qui repr\u00e9sente la \u00ab\u00a0hi\u00e9rarchie\u00a0\u00bb\u2026<\/p>\n<p>Tout ceci est pr\u00e9sent au plus profond de nous depuis notre tendre enfance. Pourtant notre hi\u00e9rarchie, notre N+1,\u00a0 attend de nous des <strong>comportements affirm\u00e9s et d\u00e9termin\u00e9s<\/strong>,\u00a0 et que nous soyons dans l\u2019action en \u00e9tant constamment <strong>force de proposition<\/strong>.<\/p>\n<h2><strong>Comment le collaborateur peut-il s\u2019adapter \u00e0 la personnalit\u00e9 de son N+1 pour mieux communiquer\u00a0?<\/strong><\/h2>\n<p>Chaque \u00eatre humain dispose de sa construction personnelle, de ses croyances, de sa sensibilit\u00e9 et de son temp\u00e9rament\u2026 et notre N+1 n\u2019y \u00e9chappe pas\u00a0!<\/p>\n<p>Notre capacit\u00e9 \u00e0 convaincre ne sera au rendez-vous qu\u2019\u00e0 la condition de <strong>s\u2019adapter au \u00ab\u00a0profil\u00a0\u00bb<\/strong> de notre hi\u00e9rarchique. Que celui-ci fonctionne de mani\u00e8re empathique et chaleureuse ou de mani\u00e8re affirm\u00e9e, concr\u00e8te et factuelle,\u00a0 sachons <strong>analyser ses attentes<\/strong> pour adopter un discours adapt\u00e9 \u00e0 sa personne et donc susceptible d\u2019\u00eatre re\u00e7u par lui.<\/p>\n<h2><strong>Quels sont vos conseils de coach pour d\u00e9passer ses craintes et faire passer ses messages efficacement\u00a0?<\/strong><\/h2>\n<p>Nous nous devons d\u2019\u00eatre sinc\u00e8re et transparent, d\u2019<strong>\u00eatre nous-m\u00eame<\/strong>, dans notre authenticit\u00e9 et notre v\u00e9rit\u00e9.<\/p>\n<p>Il nous faut <strong>oser dire les choses<\/strong>, qu\u2019elles soient positives ou n\u00e9gatives, et surtout adopter en toute circonstance une <strong>attitude constructive<\/strong> et orient\u00e9e vers le futur.<\/p>\n<p>Notre <strong>solide pr\u00e9paration<\/strong> et notre r\u00e9flexion, bas\u00e9es sur des faits concrets doivent nous rapprocher de notre succ\u00e8s\u00a0!<strong>\u00a0<\/strong><\/p>\n<p>Emmanuel Roucher<\/p>\n<p>Pour aller plus loin, d\u00e9couvrez la formation <a href=\"https:\/\/www.comundi.fr\/formations\/formation-gagner-en-confiance-pour-se-positionner-face-a-sa-hierarchie.html\">\u00ab\u00a0Gagner en confiance pour se positionner face \u00e0 la hi\u00e9rarchie\u00a0\u00bb<\/a><\/p>\n","protected":false},"excerpt":{"rendered":"<p>Les \u00e9changes avec la hi\u00e9rarchie, qu\u2019ils soient formels ou informels, sont parfois porteurs de stress ou sources de conflits. Comment \u00eatre mieux arm\u00e9 pour communiquer avec sa hi\u00e9rarchie et convaincre du bien-fond\u00e9 de ses demandes ? El\u00e9ments de r\u00e9ponse avec Emmanuel Roucher, Coach et Formateur en d\u00e9veloppement personnel et management pour Comundi Quelles sont les [&hellip;]<\/p>\n","protected":false},"author":8,"featured_media":531,"comment_status":"open","ping_status":"open","sticky":false,"template":"","format":"standard","meta":{"_mi_skip_tracking":false},"categories":[185],"yoast_head":"<!-- This site is optimized with the Yoast SEO plugin v16.1 - https:\/\/yoast.com\/wordpress\/plugins\/seo\/ -->\n<title>Comment s\u2019affirmer et mieux communiquer avec sa hi\u00e9rarchie ? - Mag des comp\u00e9tences - Comundi<\/title>\n<meta name=\"description\" content=\"Gagner en confiance et am\u00e9liorer votre communication interpersonnelle avec Emmanuel Roucher, Formateur en d\u00e9veloppement personnel et management pour Comundi\" \/>\n<meta name=\"robots\" content=\"index, follow, max-snippet:-1, max-image-preview:large, max-video-preview:-1\" \/>\n<link rel=\"canonical\" href=\"https:\/\/www.comundi.fr\/mag-des-competences\/gagner-en-confiance-pour-se-positionner-face-a-la-hierarchie\/\" \/>\n<meta property=\"og:locale\" content=\"fr_FR\" \/>\n<meta property=\"og:type\" content=\"article\" \/>\n<meta property=\"og:title\" content=\"Comment s\u2019affirmer et mieux communiquer avec sa hi\u00e9rarchie ? - Mag des comp\u00e9tences - Comundi\" \/>\n<meta property=\"og:description\" content=\"Gagner en confiance et am\u00e9liorer votre communication interpersonnelle avec Emmanuel Roucher, Formateur en d\u00e9veloppement personnel et management pour Comundi\" \/>\n<meta property=\"og:url\" content=\"https:\/\/www.comundi.fr\/mag-des-competences\/gagner-en-confiance-pour-se-positionner-face-a-la-hierarchie\/\" \/>\n<meta property=\"og:site_name\" content=\"Mag des comp\u00e9tences - Comundi\" \/>\n<meta property=\"article:publisher\" content=\"https:\/\/www.facebook.com\/Comundi\/?fref=ts\" \/>\n<meta property=\"article:published_time\" content=\"2018-03-20T08:41:38+00:00\" \/>\n<meta property=\"article:modified_time\" content=\"2021-11-15T08:55:24+00:00\" \/>\n<meta property=\"og:image\" content=\"https:\/\/www.comundi.fr\/mag-des-competences\/wp-content\/uploads\/2018\/03\/itw-gagner-confiance-hierarchie-032018.jpg\" \/>\n\t<meta property=\"og:image:width\" content=\"1000\" \/>\n\t<meta property=\"og:image:height\" content=\"667\" \/>\n<meta name=\"twitter:card\" content=\"summary_large_image\" \/>\n<meta name=\"twitter:creator\" content=\"@ComundiActu\" \/>\n<meta name=\"twitter:site\" content=\"@ComundiActu\" \/>\n<meta name=\"twitter:label1\" content=\"Dur\u00e9e de lecture est.\">\n\t<meta name=\"twitter:data1\" content=\"2 minutes\">\n<script type=\"application\/ld+json\" class=\"yoast-schema-graph\">{\"@context\":\"https:\/\/schema.org\",\"@graph\":[{\"@type\":\"Organization\",\"@id\":\"https:\/\/www.comundi.fr\/mag-des-competences\/#organization\",\"name\":\"Comundi\",\"url\":\"https:\/\/www.comundi.fr\/mag-des-competences\/\",\"sameAs\":[\"https:\/\/www.facebook.com\/Comundi\/?fref=ts\",\"https:\/\/www.linkedin.com\/company\/comundi\/\",\"https:\/\/www.youtube.com\/user\/ComundiFormations\",\"https:\/\/twitter.com\/ComundiActu\"],\"logo\":{\"@type\":\"ImageObject\",\"@id\":\"https:\/\/www.comundi.fr\/mag-des-competences\/#logo\",\"inLanguage\":\"fr-FR\",\"url\":\"https:\/\/www.comundi.fr\/mag-des-competences\/wp-content\/uploads\/2018\/01\/comundi.png\",\"contentUrl\":\"https:\/\/www.comundi.fr\/mag-des-competences\/wp-content\/uploads\/2018\/01\/comundi.png\",\"width\":300,\"height\":300,\"caption\":\"Comundi\"},\"image\":{\"@id\":\"https:\/\/www.comundi.fr\/mag-des-competences\/#logo\"}},{\"@type\":\"WebSite\",\"@id\":\"https:\/\/www.comundi.fr\/mag-des-competences\/#website\",\"url\":\"https:\/\/www.comundi.fr\/mag-des-competences\/\",\"name\":\"Mag des comp\\u00e9tences - Comundi\",\"description\":\"Le magazine des m\\u00e9tiers de demain\",\"publisher\":{\"@id\":\"https:\/\/www.comundi.fr\/mag-des-competences\/#organization\"},\"potentialAction\":[{\"@type\":\"SearchAction\",\"target\":\"https:\/\/www.comundi.fr\/mag-des-competences\/?s={search_term_string}\",\"query-input\":\"required name=search_term_string\"}],\"inLanguage\":\"fr-FR\"},{\"@type\":\"ImageObject\",\"@id\":\"https:\/\/www.comundi.fr\/mag-des-competences\/gagner-en-confiance-pour-se-positionner-face-a-la-hierarchie\/#primaryimage\",\"inLanguage\":\"fr-FR\",\"url\":\"https:\/\/www.comundi.fr\/mag-des-competences\/wp-content\/uploads\/2018\/03\/itw-gagner-confiance-hierarchie-032018.jpg\",\"contentUrl\":\"https:\/\/www.comundi.fr\/mag-des-competences\/wp-content\/uploads\/2018\/03\/itw-gagner-confiance-hierarchie-032018.jpg\",\"width\":1000,\"height\":667,\"caption\":\"La communication interpersonnelle en entreprise\"},{\"@type\":\"WebPage\",\"@id\":\"https:\/\/www.comundi.fr\/mag-des-competences\/gagner-en-confiance-pour-se-positionner-face-a-la-hierarchie\/#webpage\",\"url\":\"https:\/\/www.comundi.fr\/mag-des-competences\/gagner-en-confiance-pour-se-positionner-face-a-la-hierarchie\/\",\"name\":\"Comment s\\u2019affirmer et mieux communiquer avec sa hi\\u00e9rarchie ? - Mag des comp\\u00e9tences - Comundi\",\"isPartOf\":{\"@id\":\"https:\/\/www.comundi.fr\/mag-des-competences\/#website\"},\"primaryImageOfPage\":{\"@id\":\"https:\/\/www.comundi.fr\/mag-des-competences\/gagner-en-confiance-pour-se-positionner-face-a-la-hierarchie\/#primaryimage\"},\"datePublished\":\"2018-03-20T08:41:38+00:00\",\"dateModified\":\"2021-11-15T08:55:24+00:00\",\"description\":\"Gagner en confiance et am\\u00e9liorer votre communication interpersonnelle avec Emmanuel Roucher, Formateur en d\\u00e9veloppement personnel et management pour Comundi\",\"breadcrumb\":{\"@id\":\"https:\/\/www.comundi.fr\/mag-des-competences\/gagner-en-confiance-pour-se-positionner-face-a-la-hierarchie\/#breadcrumb\"},\"inLanguage\":\"fr-FR\",\"potentialAction\":[{\"@type\":\"ReadAction\",\"target\":[\"https:\/\/www.comundi.fr\/mag-des-competences\/gagner-en-confiance-pour-se-positionner-face-a-la-hierarchie\/\"]}]},{\"@type\":\"BreadcrumbList\",\"@id\":\"https:\/\/www.comundi.fr\/mag-des-competences\/gagner-en-confiance-pour-se-positionner-face-a-la-hierarchie\/#breadcrumb\",\"itemListElement\":[{\"@type\":\"ListItem\",\"position\":1,\"item\":{\"@type\":\"WebPage\",\"@id\":\"https:\/\/www.comundi.fr\/mag-des-competences\/\",\"url\":\"https:\/\/www.comundi.fr\/mag-des-competences\/\",\"name\":\"Accueil\"}},{\"@type\":\"ListItem\",\"position\":2,\"item\":{\"@type\":\"WebPage\",\"@id\":\"https:\/\/www.comundi.fr\/mag-des-competences\/gagner-en-confiance-pour-se-positionner-face-a-la-hierarchie\/\",\"url\":\"https:\/\/www.comundi.fr\/mag-des-competences\/gagner-en-confiance-pour-se-positionner-face-a-la-hierarchie\/\",\"name\":\"Comment s\\u2019affirmer et mieux communiquer avec sa hi\\u00e9rarchie ?\"}}]},{\"@type\":\"Article\",\"@id\":\"https:\/\/www.comundi.fr\/mag-des-competences\/gagner-en-confiance-pour-se-positionner-face-a-la-hierarchie\/#article\",\"isPartOf\":{\"@id\":\"https:\/\/www.comundi.fr\/mag-des-competences\/gagner-en-confiance-pour-se-positionner-face-a-la-hierarchie\/#webpage\"},\"author\":{\"@id\":\"https:\/\/www.comundi.fr\/mag-des-competences\/#\/schema\/person\/d08f5c2cf9de6fcfd33c30314745578e\"},\"headline\":\"Comment s\\u2019affirmer et mieux communiquer avec sa hi\\u00e9rarchie ?\",\"datePublished\":\"2018-03-20T08:41:38+00:00\",\"dateModified\":\"2021-11-15T08:55:24+00:00\",\"mainEntityOfPage\":{\"@id\":\"https:\/\/www.comundi.fr\/mag-des-competences\/gagner-en-confiance-pour-se-positionner-face-a-la-hierarchie\/#webpage\"},\"commentCount\":0,\"publisher\":{\"@id\":\"https:\/\/www.comundi.fr\/mag-des-competences\/#organization\"},\"image\":{\"@id\":\"https:\/\/www.comundi.fr\/mag-des-competences\/gagner-en-confiance-pour-se-positionner-face-a-la-hierarchie\/#primaryimage\"},\"articleSection\":\"D\\u00e9veloppement personnel\",\"inLanguage\":\"fr-FR\",\"potentialAction\":[{\"@type\":\"CommentAction\",\"name\":\"Comment\",\"target\":[\"https:\/\/www.comundi.fr\/mag-des-competences\/gagner-en-confiance-pour-se-positionner-face-a-la-hierarchie\/#respond\"]}]},{\"@type\":\"Person\",\"@id\":\"https:\/\/www.comundi.fr\/mag-des-competences\/#\/schema\/person\/d08f5c2cf9de6fcfd33c30314745578e\",\"name\":\"Comundi\",\"image\":{\"@type\":\"ImageObject\",\"@id\":\"https:\/\/www.comundi.fr\/mag-des-competences\/#personlogo\",\"inLanguage\":\"fr-FR\",\"url\":\"https:\/\/secure.gravatar.com\/avatar\/da2835ae7b2c1279e8e897d242f4cda6?s=96&d=mm&r=g\",\"contentUrl\":\"https:\/\/secure.gravatar.com\/avatar\/da2835ae7b2c1279e8e897d242f4cda6?s=96&d=mm&r=g\",\"caption\":\"Comundi\"}}]}<\/script>\n<!-- \/ Yoast SEO plugin. -->","amp_enabled":true,"_links":{"self":[{"href":"https:\/\/www.comundi.fr\/mag-des-competences\/wp-json\/wp\/v2\/posts\/529"}],"collection":[{"href":"https:\/\/www.comundi.fr\/mag-des-competences\/wp-json\/wp\/v2\/posts"}],"about":[{"href":"https:\/\/www.comundi.fr\/mag-des-competences\/wp-json\/wp\/v2\/types\/post"}],"author":[{"embeddable":true,"href":"https:\/\/www.comundi.fr\/mag-des-competences\/wp-json\/wp\/v2\/users\/8"}],"replies":[{"embeddable":true,"href":"https:\/\/www.comundi.fr\/mag-des-competences\/wp-json\/wp\/v2\/comments?post=529"}],"version-history":[{"count":6,"href":"https:\/\/www.comundi.fr\/mag-des-competences\/wp-json\/wp\/v2\/posts\/529\/revisions"}],"predecessor-version":[{"id":9845,"href":"https:\/\/www.comundi.fr\/mag-des-competences\/wp-json\/wp\/v2\/posts\/529\/revisions\/9845"}],"wp:featuredmedia":[{"embeddable":true,"href":"https:\/\/www.comundi.fr\/mag-des-competences\/wp-json\/wp\/v2\/media\/531"}],"wp:attachment":[{"href":"https:\/\/www.comundi.fr\/mag-des-competences\/wp-json\/wp\/v2\/media?parent=529"}],"wp:term":[{"taxonomy":"category","embeddable":true,"href":"https:\/\/www.comundi.fr\/mag-des-competences\/wp-json\/wp\/v2\/categories?post=529"}],"curies":[{"name":"wp","href":"https:\/\/api.w.org\/{rel}","templated":true}]}}