{"id":4598,"date":"2019-11-26T09:00:35","date_gmt":"2019-11-26T08:00:35","guid":{"rendered":"https:\/\/www.comundi.fr\/mag-des-competences\/?p=4598"},"modified":"2021-09-08T14:44:01","modified_gmt":"2021-09-08T12:44:01","slug":"prudhommes-le-bareme-macron-conforte","status":"publish","type":"post","link":"https:\/\/www.comundi.fr\/mag-des-competences\/prudhommes-le-bareme-macron-conforte\/","title":{"rendered":"Prud&rsquo;hommes : le bar\u00e8me Macron confort\u00e9"},"content":{"rendered":"<p style=\"text-align: justify;\"><strong>La Cour d&rsquo;appel de Paris, la plus importante par le nombre de contentieux en droit social, a valid\u00e9 l&rsquo;encadrement des indemnit\u00e9s en cas de licenciement abusif. Son jugement est conforme \u00e0 l&rsquo;avis de la cour de cassation. <\/strong><\/p>\n<p style=\"text-align: justify;\"><strong>La saga judiciaire du bar\u00e8me des prud&rsquo;hommes<\/strong> est loin d&rsquo;\u00eatre achev\u00e9e, mais elle <strong>vient de prendre une tournure significative qui conforte l&rsquo;un des marqueurs macroniens les plus pol\u00e9miques<\/strong>. Statuant\u00a0 sur le cas d&rsquo;un ex-cadre de la banque Natixis, la cour d&rsquo;appel de Paris a valid\u00e9 le plafonnement des indemnit\u00e9s vers\u00e9es en cas de licenciement abusif, en dehors des cas de harc\u00e8lement ou de discrimination, <strong>une des mesures phares des ordonnances de 2017 r\u00e9formant le Code du Travail<\/strong>.<\/p>\n<p style=\"text-align: justify;\"><em>\u00ab La cour a estim\u00e9<\/em> [\u2026] <em>que ces dispositions laissent subsister un pouvoir d&rsquo;appr\u00e9ciation au juge<\/em> [\u2026] <em>de telle sorte que l&rsquo;indemnisation puisse r\u00e9pondre \u00e0 la situation particuli\u00e8re du salari\u00e9 par la prise en compte de crit\u00e8res autres que l&rsquo;anciennet\u00e9 \u00bb<\/em>, a-t-elle indiqu\u00e9 dans un communiqu\u00e9, pr\u00e9cisant avoir attribu\u00e9 13 mois de salaire brut au plaignant, quasiment le maximum de ce qu&rsquo;il \u00e9tait en droit de d&rsquo;obtenir (entre 3 et 13,5 mois pour 16 ans d&rsquo;anciennet\u00e9).<\/p>\n<h2 style=\"text-align: justify;\"><strong>Freins aux l&#8217;embauches<\/strong><\/h2>\n<p style=\"text-align: justify;\"><strong>Le gouvernement a toujours d\u00e9fendu l&rsquo;encadrement des indemnit\u00e9s en arguant qu&rsquo;il s\u00e9curise l&#8217;employeur et donc les embauches<\/strong>. Cet encadrement porte au plus haut point le sceau d&rsquo;Emmanuel Macron, qui avait tent\u00e9 de l&rsquo;imposer alors qu&rsquo;il \u00e9tait \u00e0 Bercy sous Fran\u00e7ois Hollande. <strong>Les fourchettes d&rsquo;indemnisation vont de 0,5 \u00e0 2 mois de salaires pour une ann\u00e9e d&rsquo;anciennet\u00e9, \u00e0 3 \u00e0 20 mois au-del\u00e0 de trente ans<\/strong> (1 mois max pour moins d&rsquo;un an).<\/p>\n<p style=\"text-align: justify;\">Apr\u00e8s celle de Chamb\u00e9ry, qui avait remis en cause le bar\u00e8me, et celle de Reims qui l&rsquo;avait confort\u00e9 tout en laissant la possibilit\u00e9 de s&rsquo;en affranchir, la cour d&rsquo;appel de Paris est la troisi\u00e8me \u00e0 se prononcer sur le sujet. <em>\u00ab En hi\u00e9rarchie judiciaire, elle n&rsquo;est sup\u00e9rieure \u00e0 aucune autre<\/em>, rappelle St\u00e9phane B\u00e9al, avocat associ\u00e9 du cabinet Fidal, <em>mais c&rsquo;est celle qui traite le plus grand nombre de contentieux en droit social. \u00bb<\/em> Son arr\u00eat n&rsquo;est donc pas neutre. Il l&rsquo;est d&rsquo;autant moins <em>\u00ab que le jugement reprend de mani\u00e8re rigoureuse les termes de l&rsquo;avis de la cour de cassation \u00bb<\/em>, abonde David Jonin, associ\u00e9 du cabinet Gide Loyrette Nouel.<\/p>\n<h2 style=\"text-align: justify;\"><strong>Vent de l&rsquo;histoire<\/strong><\/h2>\n<p style=\"text-align: justify;\">Pour rappel, l&rsquo;assembl\u00e9e pl\u00e9ni\u00e8re de la cour de cassation a statu\u00e9, dans un avis rendu mi-juillet, que <strong>le bar\u00e8me n&rsquo;enfreignait pas les trait\u00e9s internationaux ratifi\u00e9s par la France : ni l&rsquo;article 24 de la charte europ\u00e9enne des droits de l&rsquo;homme, qui n&rsquo;a pas d&rsquo;effet direct sur un litige dans une juridiction nationale, ni la convention 158 de l&rsquo;Organisation internationale du travail (OIT)<\/strong>. Ce risque de \u00ab non conventionnalit\u00e9 \u00bb constitue le principal argument des d\u00e9tracteurs du bar\u00e8me, le syndicat des avocats de France et ceux des salari\u00e9s en t\u00eate. C&rsquo;est celui qui \u00e9tait mis en avant par l&rsquo;ex-cadre de Natixis.<\/p>\n<p style=\"text-align: justify;\">Avis ne vaut pas arr\u00eat, et la d\u00e9cision de la cour d&rsquo;appel de Paris ne pr\u00e9juge pas de la d\u00e9cision de la plus haute juridiction quand sa chambre sociale aura \u00e0 traiter de son premier dossier, dans deux ou trois ans. A ceci pr\u00e8s, souligne David Jonin, qu&rsquo;elle marque <strong>un <em>\u00ab infl\u00e9chissement \u00bb<\/em> par rapport \u00e0 la d\u00e9cision de la cour d&rsquo;appel de Reims : celle-ci avait laiss\u00e9 la possibilit\u00e9 de s&rsquo;affranchir du plafonnement des indemnit\u00e9s pour prendre en compte d&rsquo;autres crit\u00e8res que l&rsquo;anciennet\u00e9, \u00e0 charge pour le plaignant de convaincre le juge.<\/strong> <em>\u00ab Le vent de l&rsquo;histoire va plut\u00f4t dans le m\u00eame sens \u00bb<\/em>, estime St\u00e9phane B\u00e9al, <strong>en clair vers une validation d\u00e9finitive du bar\u00e8me<\/strong>.<\/p>\n<p style=\"text-align: justify;\">Prudent, le minist\u00e8re du Travail a simplement d\u00e9clar\u00e9 qu&rsquo;il \u00ab prenait acte \u00bb de la d\u00e9cision de la cour d&rsquo;appel de Paris.<\/p>\n<p style=\"text-align: justify;\">Alain Ruello<\/p>\n","protected":false},"excerpt":{"rendered":"<p>La Cour d&rsquo;appel de Paris, la plus importante par le nombre de contentieux en droit social, a valid\u00e9 l&rsquo;encadrement des indemnit\u00e9s en cas de licenciement abusif. Son jugement est conforme \u00e0 l&rsquo;avis de la cour de cassation. La saga judiciaire du bar\u00e8me des prud&rsquo;hommes est loin d&rsquo;\u00eatre achev\u00e9e, mais elle vient de prendre une tournure [&hellip;]<\/p>\n","protected":false},"author":6,"featured_media":4826,"comment_status":"open","ping_status":"open","sticky":false,"template":"","format":"standard","meta":{"_mi_skip_tracking":false},"categories":[197],"yoast_head":"<!-- This site is optimized with the Yoast SEO plugin v16.1 - https:\/\/yoast.com\/wordpress\/plugins\/seo\/ -->\n<title>Prud&#039;hommes : le bar\u00e8me Macron confort\u00e9 - Mag des comp\u00e9tences - Comundi<\/title>\n<meta name=\"robots\" content=\"noindex, nofollow\" \/>\n<meta property=\"og:locale\" content=\"fr_FR\" \/>\n<meta property=\"og:type\" content=\"article\" \/>\n<meta property=\"og:title\" content=\"Prud&#039;hommes : le bar\u00e8me Macron confort\u00e9 - Mag des comp\u00e9tences - Comundi\" \/>\n<meta property=\"og:description\" content=\"La Cour d&rsquo;appel de Paris, la plus importante par le nombre de contentieux en droit social, a valid\u00e9 l&rsquo;encadrement des indemnit\u00e9s en cas de licenciement abusif. Son jugement est conforme \u00e0 l&rsquo;avis de la cour de cassation. La saga judiciaire du bar\u00e8me des prud&rsquo;hommes est loin d&rsquo;\u00eatre achev\u00e9e, mais elle vient de prendre une tournure [&hellip;]\" \/>\n<meta property=\"og:url\" content=\"https:\/\/www.comundi.fr\/mag-des-competences\/prudhommes-le-bareme-macron-conforte\/\" \/>\n<meta property=\"og:site_name\" content=\"Mag des comp\u00e9tences - Comundi\" \/>\n<meta property=\"article:publisher\" content=\"https:\/\/www.facebook.com\/Comundi\/?fref=ts\" \/>\n<meta property=\"article:published_time\" content=\"2019-11-26T08:00:35+00:00\" \/>\n<meta property=\"article:modified_time\" content=\"2021-09-08T12:44:01+00:00\" \/>\n<meta property=\"og:image\" content=\"https:\/\/www.comundi.fr\/mag-des-competences\/wp-content\/uploads\/2019\/11\/Image-Prudhommes-bareme-Macron.jpg\" \/>\n\t<meta property=\"og:image:width\" content=\"720\" \/>\n\t<meta property=\"og:image:height\" content=\"280\" \/>\n<meta name=\"twitter:card\" content=\"summary_large_image\" \/>\n<meta name=\"twitter:creator\" content=\"@ComundiActu\" \/>\n<meta name=\"twitter:site\" content=\"@ComundiActu\" \/>\n<meta name=\"twitter:label1\" content=\"Dur\u00e9e de lecture est.\">\n\t<meta name=\"twitter:data1\" content=\"3 minutes\">\n<script type=\"application\/ld+json\" class=\"yoast-schema-graph\">{\"@context\":\"https:\/\/schema.org\",\"@graph\":[{\"@type\":\"Organization\",\"@id\":\"https:\/\/www.comundi.fr\/mag-des-competences\/#organization\",\"name\":\"Comundi\",\"url\":\"https:\/\/www.comundi.fr\/mag-des-competences\/\",\"sameAs\":[\"https:\/\/www.facebook.com\/Comundi\/?fref=ts\",\"https:\/\/www.linkedin.com\/company\/comundi\/\",\"https:\/\/www.youtube.com\/user\/ComundiFormations\",\"https:\/\/twitter.com\/ComundiActu\"],\"logo\":{\"@type\":\"ImageObject\",\"@id\":\"https:\/\/www.comundi.fr\/mag-des-competences\/#logo\",\"inLanguage\":\"fr-FR\",\"url\":\"https:\/\/www.comundi.fr\/mag-des-competences\/wp-content\/uploads\/2018\/01\/comundi.png\",\"contentUrl\":\"https:\/\/www.comundi.fr\/mag-des-competences\/wp-content\/uploads\/2018\/01\/comundi.png\",\"width\":300,\"height\":300,\"caption\":\"Comundi\"},\"image\":{\"@id\":\"https:\/\/www.comundi.fr\/mag-des-competences\/#logo\"}},{\"@type\":\"WebSite\",\"@id\":\"https:\/\/www.comundi.fr\/mag-des-competences\/#website\",\"url\":\"https:\/\/www.comundi.fr\/mag-des-competences\/\",\"name\":\"Mag des comp\\u00e9tences - Comundi\",\"description\":\"Le magazine des m\\u00e9tiers de demain\",\"publisher\":{\"@id\":\"https:\/\/www.comundi.fr\/mag-des-competences\/#organization\"},\"potentialAction\":[{\"@type\":\"SearchAction\",\"target\":\"https:\/\/www.comundi.fr\/mag-des-competences\/?s={search_term_string}\",\"query-input\":\"required name=search_term_string\"}],\"inLanguage\":\"fr-FR\"},{\"@type\":\"ImageObject\",\"@id\":\"https:\/\/www.comundi.fr\/mag-des-competences\/prudhommes-le-bareme-macron-conforte\/#primaryimage\",\"inLanguage\":\"fr-FR\",\"url\":\"https:\/\/www.comundi.fr\/mag-des-competences\/wp-content\/uploads\/2019\/11\/Image-Prudhommes-bareme-Macron.jpg\",\"contentUrl\":\"https:\/\/www.comundi.fr\/mag-des-competences\/wp-content\/uploads\/2019\/11\/Image-Prudhommes-bareme-Macron.jpg\",\"width\":720,\"height\":280,\"caption\":\"Adoption du bar\\u00e8me indemnitaire Macron\"},{\"@type\":\"WebPage\",\"@id\":\"https:\/\/www.comundi.fr\/mag-des-competences\/prudhommes-le-bareme-macron-conforte\/#webpage\",\"url\":\"https:\/\/www.comundi.fr\/mag-des-competences\/prudhommes-le-bareme-macron-conforte\/\",\"name\":\"Prud'hommes : le bar\\u00e8me Macron confort\\u00e9 - Mag des comp\\u00e9tences - Comundi\",\"isPartOf\":{\"@id\":\"https:\/\/www.comundi.fr\/mag-des-competences\/#website\"},\"primaryImageOfPage\":{\"@id\":\"https:\/\/www.comundi.fr\/mag-des-competences\/prudhommes-le-bareme-macron-conforte\/#primaryimage\"},\"datePublished\":\"2019-11-26T08:00:35+00:00\",\"dateModified\":\"2021-09-08T12:44:01+00:00\",\"breadcrumb\":{\"@id\":\"https:\/\/www.comundi.fr\/mag-des-competences\/prudhommes-le-bareme-macron-conforte\/#breadcrumb\"},\"inLanguage\":\"fr-FR\",\"potentialAction\":[{\"@type\":\"ReadAction\",\"target\":[\"https:\/\/www.comundi.fr\/mag-des-competences\/prudhommes-le-bareme-macron-conforte\/\"]}]},{\"@type\":\"BreadcrumbList\",\"@id\":\"https:\/\/www.comundi.fr\/mag-des-competences\/prudhommes-le-bareme-macron-conforte\/#breadcrumb\",\"itemListElement\":[{\"@type\":\"ListItem\",\"position\":1,\"item\":{\"@type\":\"WebPage\",\"@id\":\"https:\/\/www.comundi.fr\/mag-des-competences\/\",\"url\":\"https:\/\/www.comundi.fr\/mag-des-competences\/\",\"name\":\"Accueil\"}},{\"@type\":\"ListItem\",\"position\":2,\"item\":{\"@type\":\"WebPage\",\"@id\":\"https:\/\/www.comundi.fr\/mag-des-competences\/prudhommes-le-bareme-macron-conforte\/\",\"url\":\"https:\/\/www.comundi.fr\/mag-des-competences\/prudhommes-le-bareme-macron-conforte\/\",\"name\":\"Prud&rsquo;hommes : le bar\\u00e8me Macron confort\\u00e9\"}}]},{\"@type\":\"Article\",\"@id\":\"https:\/\/www.comundi.fr\/mag-des-competences\/prudhommes-le-bareme-macron-conforte\/#article\",\"isPartOf\":{\"@id\":\"https:\/\/www.comundi.fr\/mag-des-competences\/prudhommes-le-bareme-macron-conforte\/#webpage\"},\"author\":{\"@id\":\"https:\/\/www.comundi.fr\/mag-des-competences\/#\/schema\/person\/96b8f219e4cddee126473c6fbcc0e089\"},\"headline\":\"Prud&rsquo;hommes : le bar\\u00e8me Macron confort\\u00e9\",\"datePublished\":\"2019-11-26T08:00:35+00:00\",\"dateModified\":\"2021-09-08T12:44:01+00:00\",\"mainEntityOfPage\":{\"@id\":\"https:\/\/www.comundi.fr\/mag-des-competences\/prudhommes-le-bareme-macron-conforte\/#webpage\"},\"commentCount\":0,\"publisher\":{\"@id\":\"https:\/\/www.comundi.fr\/mag-des-competences\/#organization\"},\"image\":{\"@id\":\"https:\/\/www.comundi.fr\/mag-des-competences\/prudhommes-le-bareme-macron-conforte\/#primaryimage\"},\"articleSection\":\"Droit du travail et dialogue social\",\"inLanguage\":\"fr-FR\",\"potentialAction\":[{\"@type\":\"CommentAction\",\"name\":\"Comment\",\"target\":[\"https:\/\/www.comundi.fr\/mag-des-competences\/prudhommes-le-bareme-macron-conforte\/#respond\"]}]},{\"@type\":\"Person\",\"@id\":\"https:\/\/www.comundi.fr\/mag-des-competences\/#\/schema\/person\/96b8f219e4cddee126473c6fbcc0e089\",\"name\":\"Les Echos\",\"image\":{\"@type\":\"ImageObject\",\"@id\":\"https:\/\/www.comundi.fr\/mag-des-competences\/#personlogo\",\"inLanguage\":\"fr-FR\",\"url\":\"https:\/\/secure.gravatar.com\/avatar\/041d1b3114ce5dce17eaefa721d4ed06?s=96&d=mm&r=g\",\"contentUrl\":\"https:\/\/secure.gravatar.com\/avatar\/041d1b3114ce5dce17eaefa721d4ed06?s=96&d=mm&r=g\",\"caption\":\"Les Echos\"}}]}<\/script>\n<!-- \/ Yoast SEO plugin. -->","amp_enabled":true,"_links":{"self":[{"href":"https:\/\/www.comundi.fr\/mag-des-competences\/wp-json\/wp\/v2\/posts\/4598"}],"collection":[{"href":"https:\/\/www.comundi.fr\/mag-des-competences\/wp-json\/wp\/v2\/posts"}],"about":[{"href":"https:\/\/www.comundi.fr\/mag-des-competences\/wp-json\/wp\/v2\/types\/post"}],"author":[{"embeddable":true,"href":"https:\/\/www.comundi.fr\/mag-des-competences\/wp-json\/wp\/v2\/users\/6"}],"replies":[{"embeddable":true,"href":"https:\/\/www.comundi.fr\/mag-des-competences\/wp-json\/wp\/v2\/comments?post=4598"}],"version-history":[{"count":6,"href":"https:\/\/www.comundi.fr\/mag-des-competences\/wp-json\/wp\/v2\/posts\/4598\/revisions"}],"predecessor-version":[{"id":4829,"href":"https:\/\/www.comundi.fr\/mag-des-competences\/wp-json\/wp\/v2\/posts\/4598\/revisions\/4829"}],"wp:featuredmedia":[{"embeddable":true,"href":"https:\/\/www.comundi.fr\/mag-des-competences\/wp-json\/wp\/v2\/media\/4826"}],"wp:attachment":[{"href":"https:\/\/www.comundi.fr\/mag-des-competences\/wp-json\/wp\/v2\/media?parent=4598"}],"wp:term":[{"taxonomy":"category","embeddable":true,"href":"https:\/\/www.comundi.fr\/mag-des-competences\/wp-json\/wp\/v2\/categories?post=4598"}],"curies":[{"name":"wp","href":"https:\/\/api.w.org\/{rel}","templated":true}]}}