{"id":335,"date":"2018-02-19T11:23:41","date_gmt":"2018-02-19T10:23:41","guid":{"rendered":"https:\/\/www.comundi.fr\/mag-des-competences\/?p=335"},"modified":"2023-02-15T15:04:44","modified_gmt":"2023-02-15T14:04:44","slug":"demarrage-timide-ia-entreprise","status":"publish","type":"post","link":"https:\/\/www.comundi.fr\/mag-des-competences\/demarrage-timide-ia-entreprise\/","title":{"rendered":"D\u00e9marrage encore timide pour l&rsquo;IA en entreprise"},"content":{"rendered":"<p>Selon Gartner, \u00e0 peine 4 % des entreprises se sont d\u00e9j\u00e0 lanc\u00e9es dans des projets li\u00e9s \u00e0 l&rsquo;intelligence artificielle. Mais pr\u00e8s d&rsquo;une sur deux s&rsquo;appr\u00eaterait \u00e0 le faire.<\/p>\n<p>L&rsquo;intelligence artificielle fait de plus en plus la une de l&rsquo;actualit\u00e9, mais elle s&rsquo;invite aussi dans le monde de&nbsp;l&rsquo;entreprise, avec des offres B to B s en provenance de grands acteurs de l&rsquo;informatique (IBM, Google&#8230;), de&nbsp;start-up&nbsp;ou de cabinets de conseil (BCG, Accenture,&nbsp;etc.).<\/p>\n<p>Le ph\u00e9nom\u00e8ne reste cependant tr\u00e8s timide&nbsp;: \u00e0 peine 4&nbsp;% des grandes entreprises dans le monde ont d\u00e9j\u00e0 financ\u00e9 et d\u00e9ploy\u00e9 un projet li\u00e9 \u00e0 l&rsquo;intelligence artificielle, estime le cabinet Gartner dans une \u00e9tude sur ces pionniers (&nbsp;\u00ab Lessons from early AI projects \u00bb&nbsp;) d\u00e9voil\u00e9e ce mardi.<\/p>\n<p>A partir d&rsquo;un sondage men\u00e9 \u00e0 la mi-2017 aupr\u00e8s de 3.000 responsables d&rsquo;entreprise et d&rsquo;entretiens avec des responsables d&rsquo;une douzaine d&rsquo;organisations ayant men\u00e9 des projets d&rsquo;IA, le cabinet am\u00e9ricain anticipe n\u00e9anmoins une acc\u00e9l\u00e9ration rapide.<\/p>\n<p>Gartner estime \u00e0 46&nbsp;% le nombre d&rsquo;entreprises pr\u00e9voyant de se lancer \u00e0 court terme dans des programmes int\u00e9grant de l&rsquo;intelligence artificielle. Selon le cabinet, d&rsquo;ici \u00e0 2020, une grande entreprise sur cinq aura m\u00eame des salari\u00e9s sp\u00e9cifiquement charg\u00e9s de mettre au point et d&rsquo;entra\u00eener des&nbsp;r\u00e9seaux de neurones&nbsp;&#8211; un m\u00e9tier qui n&rsquo;existe pratiquement pas aujourd&rsquo;hui.<\/p>\n<h2><strong>&nbsp;<\/strong><strong>Augmenter, pas remplacer<\/strong><\/h2>\n<p>Mais le principal conseil que Gartner donne aux chefs d&rsquo;entreprises est&#8230; de ne pas trop s&#8217;emballer. En effet, les retours financiers des investissements en IA sont encore difficiles \u00e0 \u00e9valuer, note l&rsquo;\u00e9tude. Faute de bien conna\u00eetre le sujet, trop de dirigeants pensent que l&rsquo;IA permettra de remplacer des travailleurs en automatisant purement et simplement leurs t\u00e2ches &#8211; une approche que les auteurs qualifient de&nbsp;\u00ab&nbsp;pi\u00e8ge&nbsp;\u00bb.<\/p>\n<p>En r\u00e9alit\u00e9,<a href=\"https:\/\/www.comundi.fr\/mag-des-competences\/des-salaries-tres-en-attente-de-formations-au-numerique\/\"> l&rsquo;IA permet surtout de les aider \u00e0 travailler plus efficacement<\/a> &#8211; ce que l&rsquo;\u00e9tude appelle&nbsp;\u00ab&nbsp;l&rsquo;augmentation des travailleurs&nbsp;\u00bb&nbsp;plut\u00f4t que leur&nbsp;\u00ab&nbsp;remplacement&nbsp;\u00bb.<\/p>\n<p>Bien s\u00fbr, cela rend les gains plus difficiles \u00e0 mesurer, mais cela ne veut pas dire qu&rsquo;ils sont n\u00e9gligeables. Et cela permet d&rsquo;obtenir de l&rsquo;adh\u00e9sion en interne, par exemple en fournissant \u00e0 des employ\u00e9s au contact des clients des outils pour les renseigner de fa\u00e7on plus efficace.<\/p>\n<h2><strong>Internaliser les comp\u00e9tences<\/strong><\/h2>\n<p>L&rsquo;\u00e9tude conseille aussi aux entreprises de chercher \u00e0 internaliser le plus rapidement possible les comp\u00e9tences en intelligence artificielle au lieu de se reposer sur des prestataires ext\u00e9rieurs &#8211; un transfert de comp\u00e9tences qui se heurte cependant \u00e0 la p\u00e9nurie de talents, les entreprises disposant rarement de sp\u00e9cialistes de l&rsquo;apprentissage automatique.<\/p>\n<p>\u00ab&nbsp;Il est clair que nous devrons faire face \u00e0 une p\u00e9nurie de talents, estime Whit Andrews, coauteur du rapport.&nbsp;Cependant, entra\u00eener des r\u00e9seaux de neurones ne n\u00e9cessite pas forc\u00e9ment une formation de tr\u00e8s haut niveau &#8211; c&rsquo;est ce que font des internautes, par exemple, quand il clique sur certaines publicit\u00e9s.&nbsp;\u00bb<\/p>\n<p>Malgr\u00e9 cela, la mont\u00e9e en puissance de l&rsquo;intelligence artificielle <a href=\"https:\/\/www.comundi.fr\/mag-des-competences\/bien-etre-au-travail-tout-depend-des-managers\/\">dans le monde du travail<\/a> peut repr\u00e9senter un risque pour les entreprises petites ou moyennes. \u00ab&nbsp;En r\u00e8gle g\u00e9n\u00e9rale, les entreprises qui ne pourront pas tirer parti de l&rsquo;IA souffriront, affirme Whit Andrews.<\/p>\n<p>C&rsquo;est d\u00e9j\u00e0 le cas des petits commer\u00e7ants face \u00e0 des g\u00e9ants mondiaux. Cependant, m\u00eame les PME et les ETI vont d\u00e9couvrir que les soci\u00e9t\u00e9s d&rsquo;informatique avec lesquelles ils travaillent proposent des outils d&rsquo;IA, et pourront donc en b\u00e9n\u00e9ficier.&nbsp;\u00bb<\/p>\n","protected":false},"excerpt":{"rendered":"<p>Selon Gartner, \u00e0 peine 4 % des entreprises se sont d\u00e9j\u00e0 lanc\u00e9es dans des projets li\u00e9s \u00e0 l&rsquo;intelligence artificielle. Mais pr\u00e8s d&rsquo;une sur deux s&rsquo;appr\u00eaterait \u00e0 le faire. L&rsquo;intelligence artificielle fait de plus en plus la une de l&rsquo;actualit\u00e9, mais elle s&rsquo;invite aussi dans le monde de&nbsp;l&rsquo;entreprise, avec des offres B to B s en [&hellip;]<\/p>\n","protected":false},"author":6,"featured_media":11204,"comment_status":"open","ping_status":"open","sticky":false,"template":"","format":"standard","meta":{"_mi_skip_tracking":false},"categories":[190,180],"yoast_head":"<!-- This site is optimized with the Yoast SEO plugin v16.1 - https:\/\/yoast.com\/wordpress\/plugins\/seo\/ -->\n<title>D\u00e9marrage encore timide pour l&#039;IA en entreprise - Mag des comp\u00e9tences - Comundi<\/title>\n<meta name=\"description\" content=\"L&#039;intelligence artificielle fait de plus en plus la une de l&#039;actualit\u00e9. Quels sont ses apports ? Comment l&#039;int\u00e9grer \u00e0 l&#039;entreprise ?\" \/>\n<meta name=\"robots\" content=\"noindex, nofollow\" \/>\n<meta property=\"og:locale\" content=\"fr_FR\" \/>\n<meta property=\"og:type\" content=\"article\" \/>\n<meta property=\"og:title\" content=\"D\u00e9marrage encore timide pour l&#039;IA en entreprise - Mag des comp\u00e9tences - Comundi\" \/>\n<meta property=\"og:description\" content=\"L&#039;intelligence artificielle fait de plus en plus la une de l&#039;actualit\u00e9. Quels sont ses apports ? Comment l&#039;int\u00e9grer \u00e0 l&#039;entreprise ?\" \/>\n<meta property=\"og:url\" content=\"https:\/\/www.comundi.fr\/mag-des-competences\/demarrage-timide-ia-entreprise\/\" \/>\n<meta property=\"og:site_name\" content=\"Mag des comp\u00e9tences - Comundi\" \/>\n<meta property=\"article:publisher\" content=\"https:\/\/www.facebook.com\/Comundi\/?fref=ts\" \/>\n<meta property=\"article:published_time\" content=\"2018-02-19T10:23:41+00:00\" \/>\n<meta property=\"article:modified_time\" content=\"2023-02-15T14:04:44+00:00\" \/>\n<meta property=\"og:image\" content=\"https:\/\/www.comundi.fr\/mag-des-competences\/wp-content\/uploads\/2018\/02\/Lintelligence-artificielle-en-entreprise.jpg\" \/>\n\t<meta property=\"og:image:width\" content=\"1200\" \/>\n\t<meta property=\"og:image:height\" content=\"675\" \/>\n<meta name=\"twitter:card\" content=\"summary_large_image\" \/>\n<meta name=\"twitter:creator\" content=\"@ComundiActu\" \/>\n<meta name=\"twitter:site\" content=\"@ComundiActu\" \/>\n<meta name=\"twitter:label1\" content=\"Dur\u00e9e de lecture est.\">\n\t<meta name=\"twitter:data1\" content=\"3 minutes\">\n<script type=\"application\/ld+json\" class=\"yoast-schema-graph\">{\"@context\":\"https:\/\/schema.org\",\"@graph\":[{\"@type\":\"Organization\",\"@id\":\"https:\/\/www.comundi.fr\/mag-des-competences\/#organization\",\"name\":\"Comundi\",\"url\":\"https:\/\/www.comundi.fr\/mag-des-competences\/\",\"sameAs\":[\"https:\/\/www.facebook.com\/Comundi\/?fref=ts\",\"https:\/\/www.linkedin.com\/company\/comundi\/\",\"https:\/\/www.youtube.com\/user\/ComundiFormations\",\"https:\/\/twitter.com\/ComundiActu\"],\"logo\":{\"@type\":\"ImageObject\",\"@id\":\"https:\/\/www.comundi.fr\/mag-des-competences\/#logo\",\"inLanguage\":\"fr-FR\",\"url\":\"https:\/\/www.comundi.fr\/mag-des-competences\/wp-content\/uploads\/2018\/01\/comundi.png\",\"contentUrl\":\"https:\/\/www.comundi.fr\/mag-des-competences\/wp-content\/uploads\/2018\/01\/comundi.png\",\"width\":300,\"height\":300,\"caption\":\"Comundi\"},\"image\":{\"@id\":\"https:\/\/www.comundi.fr\/mag-des-competences\/#logo\"}},{\"@type\":\"WebSite\",\"@id\":\"https:\/\/www.comundi.fr\/mag-des-competences\/#website\",\"url\":\"https:\/\/www.comundi.fr\/mag-des-competences\/\",\"name\":\"Mag des comp\\u00e9tences - Comundi\",\"description\":\"Le magazine des m\\u00e9tiers de demain\",\"publisher\":{\"@id\":\"https:\/\/www.comundi.fr\/mag-des-competences\/#organization\"},\"potentialAction\":[{\"@type\":\"SearchAction\",\"target\":\"https:\/\/www.comundi.fr\/mag-des-competences\/?s={search_term_string}\",\"query-input\":\"required name=search_term_string\"}],\"inLanguage\":\"fr-FR\"},{\"@type\":\"ImageObject\",\"@id\":\"https:\/\/www.comundi.fr\/mag-des-competences\/demarrage-timide-ia-entreprise\/#primaryimage\",\"inLanguage\":\"fr-FR\",\"url\":\"https:\/\/www.comundi.fr\/mag-des-competences\/wp-content\/uploads\/2018\/02\/Lintelligence-artificielle-en-entreprise.jpg\",\"contentUrl\":\"https:\/\/www.comundi.fr\/mag-des-competences\/wp-content\/uploads\/2018\/02\/Lintelligence-artificielle-en-entreprise.jpg\",\"width\":1200,\"height\":675,\"caption\":\"L'intelligence artificielle en entreprise\"},{\"@type\":\"WebPage\",\"@id\":\"https:\/\/www.comundi.fr\/mag-des-competences\/demarrage-timide-ia-entreprise\/#webpage\",\"url\":\"https:\/\/www.comundi.fr\/mag-des-competences\/demarrage-timide-ia-entreprise\/\",\"name\":\"D\\u00e9marrage encore timide pour l'IA en entreprise - Mag des comp\\u00e9tences - Comundi\",\"isPartOf\":{\"@id\":\"https:\/\/www.comundi.fr\/mag-des-competences\/#website\"},\"primaryImageOfPage\":{\"@id\":\"https:\/\/www.comundi.fr\/mag-des-competences\/demarrage-timide-ia-entreprise\/#primaryimage\"},\"datePublished\":\"2018-02-19T10:23:41+00:00\",\"dateModified\":\"2023-02-15T14:04:44+00:00\",\"description\":\"L'intelligence artificielle fait de plus en plus la une de l'actualit\\u00e9. Quels sont ses apports ? Comment l'int\\u00e9grer \\u00e0 l'entreprise ?\",\"breadcrumb\":{\"@id\":\"https:\/\/www.comundi.fr\/mag-des-competences\/demarrage-timide-ia-entreprise\/#breadcrumb\"},\"inLanguage\":\"fr-FR\",\"potentialAction\":[{\"@type\":\"ReadAction\",\"target\":[\"https:\/\/www.comundi.fr\/mag-des-competences\/demarrage-timide-ia-entreprise\/\"]}]},{\"@type\":\"BreadcrumbList\",\"@id\":\"https:\/\/www.comundi.fr\/mag-des-competences\/demarrage-timide-ia-entreprise\/#breadcrumb\",\"itemListElement\":[{\"@type\":\"ListItem\",\"position\":1,\"item\":{\"@type\":\"WebPage\",\"@id\":\"https:\/\/www.comundi.fr\/mag-des-competences\/\",\"url\":\"https:\/\/www.comundi.fr\/mag-des-competences\/\",\"name\":\"Accueil\"}},{\"@type\":\"ListItem\",\"position\":2,\"item\":{\"@type\":\"WebPage\",\"@id\":\"https:\/\/www.comundi.fr\/mag-des-competences\/demarrage-timide-ia-entreprise\/\",\"url\":\"https:\/\/www.comundi.fr\/mag-des-competences\/demarrage-timide-ia-entreprise\/\",\"name\":\"D\\u00e9marrage encore timide pour l&rsquo;IA en entreprise\"}}]},{\"@type\":\"Article\",\"@id\":\"https:\/\/www.comundi.fr\/mag-des-competences\/demarrage-timide-ia-entreprise\/#article\",\"isPartOf\":{\"@id\":\"https:\/\/www.comundi.fr\/mag-des-competences\/demarrage-timide-ia-entreprise\/#webpage\"},\"author\":{\"@id\":\"https:\/\/www.comundi.fr\/mag-des-competences\/#\/schema\/person\/96b8f219e4cddee126473c6fbcc0e089\"},\"headline\":\"D\\u00e9marrage encore timide pour l&rsquo;IA en entreprise\",\"datePublished\":\"2018-02-19T10:23:41+00:00\",\"dateModified\":\"2023-02-15T14:04:44+00:00\",\"mainEntityOfPage\":{\"@id\":\"https:\/\/www.comundi.fr\/mag-des-competences\/demarrage-timide-ia-entreprise\/#webpage\"},\"commentCount\":0,\"publisher\":{\"@id\":\"https:\/\/www.comundi.fr\/mag-des-competences\/#organization\"},\"image\":{\"@id\":\"https:\/\/www.comundi.fr\/mag-des-competences\/demarrage-timide-ia-entreprise\/#primaryimage\"},\"articleSection\":\"Digital,Industrie - Risques chimiques - Energie - Construction\",\"inLanguage\":\"fr-FR\",\"potentialAction\":[{\"@type\":\"CommentAction\",\"name\":\"Comment\",\"target\":[\"https:\/\/www.comundi.fr\/mag-des-competences\/demarrage-timide-ia-entreprise\/#respond\"]}]},{\"@type\":\"Person\",\"@id\":\"https:\/\/www.comundi.fr\/mag-des-competences\/#\/schema\/person\/96b8f219e4cddee126473c6fbcc0e089\",\"name\":\"Les Echos\",\"image\":{\"@type\":\"ImageObject\",\"@id\":\"https:\/\/www.comundi.fr\/mag-des-competences\/#personlogo\",\"inLanguage\":\"fr-FR\",\"url\":\"https:\/\/secure.gravatar.com\/avatar\/041d1b3114ce5dce17eaefa721d4ed06?s=96&d=mm&r=g\",\"contentUrl\":\"https:\/\/secure.gravatar.com\/avatar\/041d1b3114ce5dce17eaefa721d4ed06?s=96&d=mm&r=g\",\"caption\":\"Les Echos\"}}]}<\/script>\n<!-- \/ Yoast SEO plugin. -->","amp_enabled":true,"_links":{"self":[{"href":"https:\/\/www.comundi.fr\/mag-des-competences\/wp-json\/wp\/v2\/posts\/335"}],"collection":[{"href":"https:\/\/www.comundi.fr\/mag-des-competences\/wp-json\/wp\/v2\/posts"}],"about":[{"href":"https:\/\/www.comundi.fr\/mag-des-competences\/wp-json\/wp\/v2\/types\/post"}],"author":[{"embeddable":true,"href":"https:\/\/www.comundi.fr\/mag-des-competences\/wp-json\/wp\/v2\/users\/6"}],"replies":[{"embeddable":true,"href":"https:\/\/www.comundi.fr\/mag-des-competences\/wp-json\/wp\/v2\/comments?post=335"}],"version-history":[{"count":5,"href":"https:\/\/www.comundi.fr\/mag-des-competences\/wp-json\/wp\/v2\/posts\/335\/revisions"}],"predecessor-version":[{"id":11205,"href":"https:\/\/www.comundi.fr\/mag-des-competences\/wp-json\/wp\/v2\/posts\/335\/revisions\/11205"}],"wp:featuredmedia":[{"embeddable":true,"href":"https:\/\/www.comundi.fr\/mag-des-competences\/wp-json\/wp\/v2\/media\/11204"}],"wp:attachment":[{"href":"https:\/\/www.comundi.fr\/mag-des-competences\/wp-json\/wp\/v2\/media?parent=335"}],"wp:term":[{"taxonomy":"category","embeddable":true,"href":"https:\/\/www.comundi.fr\/mag-des-competences\/wp-json\/wp\/v2\/categories?post=335"}],"curies":[{"name":"wp","href":"https:\/\/api.w.org\/{rel}","templated":true}]}}