{"id":297,"date":"2018-02-12T09:13:59","date_gmt":"2018-02-12T08:13:59","guid":{"rendered":"https:\/\/www.comundi.fr\/mag-des-competences\/?p=297"},"modified":"2019-11-18T15:29:47","modified_gmt":"2019-11-18T14:29:47","slug":"changements-suite-a-reforme-instances-representatives-personnel","status":"publish","type":"post","link":"https:\/\/www.comundi.fr\/mag-des-competences\/changements-suite-a-reforme-instances-representatives-personnel\/","title":{"rendered":"Quels changements suite \u00e0 la r\u00e9forme des Instances Repr\u00e9sentatives du Personnel ?"},"content":{"rendered":"<p><em>Exit les CHSCT, les DP (d\u00e9l\u00e9gu\u00e9s du personnel), et les CE (comit\u00e9s d\u2019entreprise) dans les entreprises de plus de 50 salari\u00e9s ! <\/em><\/p>\n<p>Les trois instances vont \u00eatre remplac\u00e9es par une nouvelle institution, le Comit\u00e9 Social et Economique. Celui-ci sera \u00e9galement pr\u00e9sent dans les entreprises de plus de 10 salari\u00e9s, en remplacement des d\u00e9l\u00e9gu\u00e9s du personnel.<\/p>\n<h2>Fusion des instances repr\u00e9sentatives du personnel<\/h2>\n<h3>Avant<\/h3>\n<p><strong>4 entit\u00e9s :<\/strong><\/p>\n<ul>\n<li>CE<\/li>\n<li>CHSCT<\/li>\n<li>DP<\/li>\n<li>DS<\/li>\n<\/ul>\n<hr \/>\n<p>D\u00e9l\u00e9gu\u00e9 syndical<br \/>\n<img loading=\"lazy\" class=\"aligncenter size-full wp-image-299\" src=\"https:\/\/www.comundi.fr\/mag-des-competences\/wp-content\/uploads\/2018\/02\/Infographie-Instance-Repr\u00e9sentative-du-Personnel-IRP.jpg\" alt=\"Infographie Instance Repr\u00e9sentative du Personnel (IRP)\" width=\"706\" height=\"697\" srcset=\"https:\/\/www.comundi.fr\/mag-des-competences\/wp-content\/uploads\/2018\/02\/Infographie-Instance-Repr\u00e9sentative-du-Personnel-IRP.jpg 706w, https:\/\/www.comundi.fr\/mag-des-competences\/wp-content\/uploads\/2018\/02\/Infographie-Instance-Repr\u00e9sentative-du-Personnel-IRP-300x296.jpg 300w\" sizes=\"(max-width: 706px) 100vw, 706px\" \/><\/p>\n<h3>Apr\u00e8s<\/h3>\n<p>2 entit\u00e9s :<\/p>\n<ul>\n<li>DS<\/li>\n<li>CSE : dispose du pouvoir de n\u00e9gociation et du droit de veto.<br \/>\n<hr \/>\n<\/li>\n<\/ul>\n<p>Comit\u00e9 Social &amp; Economique : il regroupe CE et CHSCT. Dans les entreprises de plus de 300 salari\u00e9s, Commission d&rsquo;hygi\u00e8ne et de s\u00e9curit\u00e9 obligatoire.<\/p>\n<p>Source : Your-Comics.com<\/p>\n<p>D\u00e9couvrez nos formations Repr\u00e9sentants du personnel CE -CHSCT -DP &#8211; DUP.<\/p>\n","protected":false},"excerpt":{"rendered":"<p>Exit les CHSCT, les DP (d\u00e9l\u00e9gu\u00e9s du personnel), et les CE (comit\u00e9s d\u2019entreprise) dans les entreprises de plus de 50 salari\u00e9s ! Les trois instances vont \u00eatre remplac\u00e9es par une nouvelle institution, le Comit\u00e9 Social et Economique. Celui-ci sera \u00e9galement pr\u00e9sent dans les entreprises de plus de 10 salari\u00e9s, en remplacement des d\u00e9l\u00e9gu\u00e9s du personnel. [&hellip;]<\/p>\n","protected":false},"author":6,"featured_media":4785,"comment_status":"open","ping_status":"open","sticky":false,"template":"","format":"standard","meta":{"_mi_skip_tracking":false},"categories":[197],"yoast_head":"<!-- This site is optimized with the Yoast SEO plugin v16.1 - https:\/\/yoast.com\/wordpress\/plugins\/seo\/ -->\n<title>R\u00e9forme des Instances Repr\u00e9sentatives du Personnel : Quels changements ? - Mag des comp\u00e9tences - Comundi<\/title>\n<meta name=\"description\" content=\"CHSCT, DP et CE vont \u00eatre remplac\u00e9es par le CSE (Comit\u00e9 Social et Economique) dans les entreprises de plus de 50 salari\u00e9s.\" \/>\n<meta name=\"robots\" content=\"index, follow, max-snippet:-1, max-image-preview:large, max-video-preview:-1\" \/>\n<link rel=\"canonical\" href=\"https:\/\/www.comundi.fr\/mag-des-competences\/changements-suite-a-reforme-instances-representatives-personnel\/\" \/>\n<meta property=\"og:locale\" content=\"fr_FR\" \/>\n<meta property=\"og:type\" content=\"article\" \/>\n<meta property=\"og:title\" content=\"R\u00e9forme des Instances Repr\u00e9sentatives du Personnel : Quels changements ? - Mag des comp\u00e9tences - Comundi\" \/>\n<meta property=\"og:description\" content=\"CHSCT, DP et CE vont \u00eatre remplac\u00e9es par le CSE (Comit\u00e9 Social et Economique) dans les entreprises de plus de 50 salari\u00e9s.\" \/>\n<meta property=\"og:url\" content=\"https:\/\/www.comundi.fr\/mag-des-competences\/changements-suite-a-reforme-instances-representatives-personnel\/\" \/>\n<meta property=\"og:site_name\" content=\"Mag des comp\u00e9tences - Comundi\" \/>\n<meta property=\"article:publisher\" content=\"https:\/\/www.facebook.com\/Comundi\/?fref=ts\" \/>\n<meta property=\"article:published_time\" content=\"2018-02-12T08:13:59+00:00\" \/>\n<meta property=\"article:modified_time\" content=\"2019-11-18T14:29:47+00:00\" \/>\n<meta property=\"og:image\" content=\"https:\/\/www.comundi.fr\/mag-des-competences\/wp-content\/uploads\/2019\/11\/Image-reforme-des-instances-representatives-du-personnel.png\" \/>\n\t<meta property=\"og:image:width\" content=\"720\" \/>\n\t<meta property=\"og:image:height\" content=\"281\" \/>\n<meta name=\"twitter:card\" content=\"summary_large_image\" \/>\n<meta name=\"twitter:creator\" content=\"@ComundiActu\" \/>\n<meta name=\"twitter:site\" content=\"@ComundiActu\" \/>\n<meta name=\"twitter:label1\" content=\"Dur\u00e9e de lecture est.\">\n\t<meta name=\"twitter:data1\" content=\"1 minute\">\n<script type=\"application\/ld+json\" class=\"yoast-schema-graph\">{\"@context\":\"https:\/\/schema.org\",\"@graph\":[{\"@type\":\"Organization\",\"@id\":\"https:\/\/www.comundi.fr\/mag-des-competences\/#organization\",\"name\":\"Comundi\",\"url\":\"https:\/\/www.comundi.fr\/mag-des-competences\/\",\"sameAs\":[\"https:\/\/www.facebook.com\/Comundi\/?fref=ts\",\"https:\/\/www.linkedin.com\/company\/comundi\/\",\"https:\/\/www.youtube.com\/user\/ComundiFormations\",\"https:\/\/twitter.com\/ComundiActu\"],\"logo\":{\"@type\":\"ImageObject\",\"@id\":\"https:\/\/www.comundi.fr\/mag-des-competences\/#logo\",\"inLanguage\":\"fr-FR\",\"url\":\"https:\/\/www.comundi.fr\/mag-des-competences\/wp-content\/uploads\/2018\/01\/comundi.png\",\"contentUrl\":\"https:\/\/www.comundi.fr\/mag-des-competences\/wp-content\/uploads\/2018\/01\/comundi.png\",\"width\":300,\"height\":300,\"caption\":\"Comundi\"},\"image\":{\"@id\":\"https:\/\/www.comundi.fr\/mag-des-competences\/#logo\"}},{\"@type\":\"WebSite\",\"@id\":\"https:\/\/www.comundi.fr\/mag-des-competences\/#website\",\"url\":\"https:\/\/www.comundi.fr\/mag-des-competences\/\",\"name\":\"Mag des comp\\u00e9tences - Comundi\",\"description\":\"Le magazine des m\\u00e9tiers de demain\",\"publisher\":{\"@id\":\"https:\/\/www.comundi.fr\/mag-des-competences\/#organization\"},\"potentialAction\":[{\"@type\":\"SearchAction\",\"target\":\"https:\/\/www.comundi.fr\/mag-des-competences\/?s={search_term_string}\",\"query-input\":\"required name=search_term_string\"}],\"inLanguage\":\"fr-FR\"},{\"@type\":\"ImageObject\",\"@id\":\"https:\/\/www.comundi.fr\/mag-des-competences\/changements-suite-a-reforme-instances-representatives-personnel\/#primaryimage\",\"inLanguage\":\"fr-FR\",\"url\":\"https:\/\/www.comundi.fr\/mag-des-competences\/wp-content\/uploads\/2019\/11\/Image-reforme-des-instances-representatives-du-personnel.png\",\"contentUrl\":\"https:\/\/www.comundi.fr\/mag-des-competences\/wp-content\/uploads\/2019\/11\/Image-reforme-des-instances-representatives-du-personnel.png\",\"width\":720,\"height\":281,\"caption\":\"Ma\\u00eetriser les changements de la r\\u00e9forme repr\\u00e9sentative du personnel\"},{\"@type\":\"WebPage\",\"@id\":\"https:\/\/www.comundi.fr\/mag-des-competences\/changements-suite-a-reforme-instances-representatives-personnel\/#webpage\",\"url\":\"https:\/\/www.comundi.fr\/mag-des-competences\/changements-suite-a-reforme-instances-representatives-personnel\/\",\"name\":\"R\\u00e9forme des Instances Repr\\u00e9sentatives du Personnel : Quels changements ? - Mag des comp\\u00e9tences - Comundi\",\"isPartOf\":{\"@id\":\"https:\/\/www.comundi.fr\/mag-des-competences\/#website\"},\"primaryImageOfPage\":{\"@id\":\"https:\/\/www.comundi.fr\/mag-des-competences\/changements-suite-a-reforme-instances-representatives-personnel\/#primaryimage\"},\"datePublished\":\"2018-02-12T08:13:59+00:00\",\"dateModified\":\"2019-11-18T14:29:47+00:00\",\"description\":\"CHSCT, DP et CE vont \\u00eatre remplac\\u00e9es par le CSE (Comit\\u00e9 Social et Economique) dans les entreprises de plus de 50 salari\\u00e9s.\",\"breadcrumb\":{\"@id\":\"https:\/\/www.comundi.fr\/mag-des-competences\/changements-suite-a-reforme-instances-representatives-personnel\/#breadcrumb\"},\"inLanguage\":\"fr-FR\",\"potentialAction\":[{\"@type\":\"ReadAction\",\"target\":[\"https:\/\/www.comundi.fr\/mag-des-competences\/changements-suite-a-reforme-instances-representatives-personnel\/\"]}]},{\"@type\":\"BreadcrumbList\",\"@id\":\"https:\/\/www.comundi.fr\/mag-des-competences\/changements-suite-a-reforme-instances-representatives-personnel\/#breadcrumb\",\"itemListElement\":[{\"@type\":\"ListItem\",\"position\":1,\"item\":{\"@type\":\"WebPage\",\"@id\":\"https:\/\/www.comundi.fr\/mag-des-competences\/\",\"url\":\"https:\/\/www.comundi.fr\/mag-des-competences\/\",\"name\":\"Accueil\"}},{\"@type\":\"ListItem\",\"position\":2,\"item\":{\"@type\":\"WebPage\",\"@id\":\"https:\/\/www.comundi.fr\/mag-des-competences\/changements-suite-a-reforme-instances-representatives-personnel\/\",\"url\":\"https:\/\/www.comundi.fr\/mag-des-competences\/changements-suite-a-reforme-instances-representatives-personnel\/\",\"name\":\"Quels changements suite \\u00e0 la r\\u00e9forme des Instances Repr\\u00e9sentatives du Personnel ?\"}}]},{\"@type\":\"Article\",\"@id\":\"https:\/\/www.comundi.fr\/mag-des-competences\/changements-suite-a-reforme-instances-representatives-personnel\/#article\",\"isPartOf\":{\"@id\":\"https:\/\/www.comundi.fr\/mag-des-competences\/changements-suite-a-reforme-instances-representatives-personnel\/#webpage\"},\"author\":{\"@id\":\"https:\/\/www.comundi.fr\/mag-des-competences\/#\/schema\/person\/96b8f219e4cddee126473c6fbcc0e089\"},\"headline\":\"Quels changements suite \\u00e0 la r\\u00e9forme des Instances Repr\\u00e9sentatives du Personnel ?\",\"datePublished\":\"2018-02-12T08:13:59+00:00\",\"dateModified\":\"2019-11-18T14:29:47+00:00\",\"mainEntityOfPage\":{\"@id\":\"https:\/\/www.comundi.fr\/mag-des-competences\/changements-suite-a-reforme-instances-representatives-personnel\/#webpage\"},\"commentCount\":0,\"publisher\":{\"@id\":\"https:\/\/www.comundi.fr\/mag-des-competences\/#organization\"},\"image\":{\"@id\":\"https:\/\/www.comundi.fr\/mag-des-competences\/changements-suite-a-reforme-instances-representatives-personnel\/#primaryimage\"},\"articleSection\":\"Droit du travail et dialogue social\",\"inLanguage\":\"fr-FR\",\"potentialAction\":[{\"@type\":\"CommentAction\",\"name\":\"Comment\",\"target\":[\"https:\/\/www.comundi.fr\/mag-des-competences\/changements-suite-a-reforme-instances-representatives-personnel\/#respond\"]}]},{\"@type\":\"Person\",\"@id\":\"https:\/\/www.comundi.fr\/mag-des-competences\/#\/schema\/person\/96b8f219e4cddee126473c6fbcc0e089\",\"name\":\"Les Echos\",\"image\":{\"@type\":\"ImageObject\",\"@id\":\"https:\/\/www.comundi.fr\/mag-des-competences\/#personlogo\",\"inLanguage\":\"fr-FR\",\"url\":\"https:\/\/secure.gravatar.com\/avatar\/041d1b3114ce5dce17eaefa721d4ed06?s=96&d=mm&r=g\",\"contentUrl\":\"https:\/\/secure.gravatar.com\/avatar\/041d1b3114ce5dce17eaefa721d4ed06?s=96&d=mm&r=g\",\"caption\":\"Les Echos\"}}]}<\/script>\n<!-- \/ Yoast SEO plugin. -->","amp_enabled":true,"_links":{"self":[{"href":"https:\/\/www.comundi.fr\/mag-des-competences\/wp-json\/wp\/v2\/posts\/297"}],"collection":[{"href":"https:\/\/www.comundi.fr\/mag-des-competences\/wp-json\/wp\/v2\/posts"}],"about":[{"href":"https:\/\/www.comundi.fr\/mag-des-competences\/wp-json\/wp\/v2\/types\/post"}],"author":[{"embeddable":true,"href":"https:\/\/www.comundi.fr\/mag-des-competences\/wp-json\/wp\/v2\/users\/6"}],"replies":[{"embeddable":true,"href":"https:\/\/www.comundi.fr\/mag-des-competences\/wp-json\/wp\/v2\/comments?post=297"}],"version-history":[{"count":11,"href":"https:\/\/www.comundi.fr\/mag-des-competences\/wp-json\/wp\/v2\/posts\/297\/revisions"}],"predecessor-version":[{"id":4786,"href":"https:\/\/www.comundi.fr\/mag-des-competences\/wp-json\/wp\/v2\/posts\/297\/revisions\/4786"}],"wp:featuredmedia":[{"embeddable":true,"href":"https:\/\/www.comundi.fr\/mag-des-competences\/wp-json\/wp\/v2\/media\/4785"}],"wp:attachment":[{"href":"https:\/\/www.comundi.fr\/mag-des-competences\/wp-json\/wp\/v2\/media?parent=297"}],"wp:term":[{"taxonomy":"category","embeddable":true,"href":"https:\/\/www.comundi.fr\/mag-des-competences\/wp-json\/wp\/v2\/categories?post=297"}],"curies":[{"name":"wp","href":"https:\/\/api.w.org\/{rel}","templated":true}]}}