{"id":2960,"date":"2019-10-17T09:00:27","date_gmt":"2019-10-17T07:00:27","guid":{"rendered":"https:\/\/www.comundi.fr\/mag-des-competences\/?p=2960"},"modified":"2021-10-21T16:25:05","modified_gmt":"2021-10-21T14:25:05","slug":"gerontologie-secteur-croissance","status":"publish","type":"post","link":"https:\/\/www.comundi.fr\/mag-des-competences\/gerontologie-secteur-croissance\/","title":{"rendered":"La g\u00e9rontologie : un secteur en pleine croissance"},"content":{"rendered":"<p style=\"text-align: justify;\"><em>Avec un vieillissement constant de la population et un accroissement de l&rsquo;esp\u00e9rance de vie, <strong>les m\u00e9tiers de la g\u00e9rontologie pr\u00e9sentent plus que jamais de belles opportunit\u00e9s de carri\u00e8re<\/strong>. D\u00e9couvrez ici une \u00e9tude sur ces m\u00e9tiers traditionnellement peu valoris\u00e9s !<\/em><\/p>\n<h2 style=\"text-align: justify;\">Une population de plus en plus \u00e2g\u00e9e<\/h2>\n<p style=\"text-align: justify;\">Nous observons aujourd\u2019hui <strong>17.5 millions de personnes \u00e2g\u00e9es<\/strong>, c\u2019est-\u00e0-dire les personnes de plus de 60 ans. Hors les pr\u00e9visions <strong>pour 2030<\/strong> s\u2019\u00e9l\u00e8vent \u00e0 20 millions de personnes \u00e2g\u00e9es, soit <strong>une hausse de 14.3%<\/strong>.<\/p>\n<h2 style=\"text-align: justify;\">Les diff\u00e9rents secteurs professionnels du domaine g\u00e9rontologique<\/h2>\n<p style=\"text-align: justify;\">Parmi les nombreux m\u00e9tiers du domaine g\u00e9rontologique, nous observons des postes tr\u00e8s diff\u00e9rents. Nous les avons divis\u00e9s en cinq grandes cat\u00e9gories bien distinctes :<a href=\"https:\/\/www.comundi.fr\/mag-des-competences\/category\/secteur-public-action-sociale\/etablissements-de-sante\/\"><strong> le secteur m\u00e9dical<\/strong><\/a>, param\u00e9dical et soins, <strong>le secteur de l\u2019accompagnement<\/strong>, celui de <strong>l\u2019animation<\/strong>, <strong>le secteur de l\u2019hospitalit\u00e9 et de l\u2019h\u00e9bergement\/restauration<\/strong>, et enfin celui regroupant <strong>la direction, l\u2019administration, la logistique et la technique<\/strong>.<\/p>\n<p style=\"text-align: justify;\">Dans les \u00e9tablissements g\u00e9rontologiques, la part de la branche m\u00e9dicale, param\u00e9dicale et soins ainsi que celle de l\u2019h\u00e9bergement\/restauration repr\u00e9sente pr\u00e8s de 95% du personnel. Cela repr\u00e9senterait donc approximativement plus de 282 000 emplois parmi les 300 000 nouveaux postes pr\u00e9vus pour 2030.<\/p>\n<h2 style=\"text-align: justify;\">Quel type d\u2019\u00e9tablissement pour quels patients ?<\/h2>\n<p style=\"text-align: justify;\">Plusieurs types d\u2019\u00e9tablissements sont mis \u00e0 disposition pour prendre soin des personnes \u00e2g\u00e9es selon leur \u00e9tat de sant\u00e9. Tout d\u2019abord, pour les personnes ind\u00e9pendantes et autonomes, il y a <strong>les foyers-logements<\/strong> ainsi que <strong>les r\u00e9sidences services<\/strong>.<\/p>\n<p style=\"text-align: justify;\">Pour les personnes en perte d\u2019autonomie, il y a <strong>les EHPAD<\/strong> (Etablissement d\u2019H\u00e9bergement pour Personnes \u00e2g\u00e9es D\u00e9pendantes), <strong>les maisons de retraites<\/strong>, ainsi que <strong>le soin \u00e0 domicile<\/strong>. Pour finir, pour les personnes d\u00e9pendantes, soit en perte d\u2019autonomie totale, les \u00e9tablissements appropri\u00e9s sont <strong>les USLD<\/strong> (Unit\u00e9 de Soins Longue Dur\u00e9e).<\/p>\n<figure id=\"attachment_2984\" aria-describedby=\"caption-attachment-2984\" style=\"width: 400px\" class=\"wp-caption alignnone\"><img loading=\"lazy\" class=\"wp-image-2984 size-full\" src=\"https:\/\/www.comundi.fr\/mag-des-competences\/wp-content\/uploads\/2019\/10\/Infographie_Gerontologie.jpg\" alt=\"Recherche de personnel dans le secteur de la g\u00e9rontologie\" width=\"400\" height=\"1651\" srcset=\"https:\/\/www.comundi.fr\/mag-des-competences\/wp-content\/uploads\/2019\/10\/Infographie_Gerontologie.jpg 400w, https:\/\/www.comundi.fr\/mag-des-competences\/wp-content\/uploads\/2019\/10\/Infographie_Gerontologie-73x300.jpg 73w, https:\/\/www.comundi.fr\/mag-des-competences\/wp-content\/uploads\/2019\/10\/Infographie_Gerontologie-248x1024.jpg 248w\" sizes=\"(max-width: 400px) 100vw, 400px\" \/><figcaption id=\"caption-attachment-2984\" class=\"wp-caption-text\">infographie sur les m\u00e9tiers de la g\u00e9rontologie<\/figcaption><\/figure>\n<h6><\/h6>\n<h2 style=\"text-align: justify;\">Les id\u00e9es re\u00e7ues sur les m\u00e9tiers de la g\u00e9rontologie<\/h2>\n<p style=\"text-align: justify;\">Le travail dans le secteur de la g\u00e9rontologie est tr\u00e8s souvent d\u00e9valoris\u00e9, nous r\u00e9pondons ici \u00e0 ces id\u00e9es faites sur ce secteur.<br \/>\n<strong><em>Id\u00e9e re\u00e7u n\u00b01<\/em> :<\/strong> Les services \u00e0 la personne ne requi\u00e8rent aucune certification.<\/p>\n<ul style=\"text-align: justify;\">\n<li>Ce secteur a besoin de personnel qualifi\u00e9 et comp\u00e9tent, d\u2019o\u00f9 le besoin de se former.<\/li>\n<\/ul>\n<p style=\"text-align: justify;\"><strong><em>Id\u00e9e re\u00e7u n\u00b02<\/em> :<\/strong> Ces m\u00e9tiers sont mal r\u00e9mun\u00e9r\u00e9s<\/p>\n<ul style=\"text-align: justify;\">\n<li>De nombreuses perspectives d\u2019\u00e9volution disponibles via la formation professionnelle permettent de faire \u00e9voluer les salaires tout au long de la carri\u00e8re.<\/li>\n<\/ul>\n<p style=\"text-align: justify;\"><strong><em> Id\u00e9e re\u00e7u n\u00b03<\/em> :<\/strong> Ce secteur d\u2019activit\u00e9 n\u2019offre que des temps partiels.<\/p>\n<ul style=\"text-align: justify;\">\n<li>Avec une demande croissante de personnel en g\u00e9rontologie, les contrats \u00e0 temps plein deviennent de plus en plus la norme.<\/li>\n<\/ul>\n<h3 style=\"text-align: justify;\">Voici ici <strong>5 raisons de venir travailler avec les personnes \u00e2g\u00e9es<\/strong>.<\/h3>\n<ol>\n<li style=\"text-align: justify;\">&#8211; <strong>\u00catre au service des autres est une exp\u00e9rience valorisante<\/strong><\/li>\n<li style=\"text-align: justify;\">&#8211; <strong>Le contact humain et la reconnaissance des personnes \u00e2g\u00e9es, le relationnel<\/strong><\/li>\n<li style=\"text-align: justify;\">&#8211; <strong>Les responsabilit\u00e9s et l\u2019autonomie dans ces m\u00e9tiers<\/strong><\/li>\n<li style=\"text-align: justify;\">&#8211; <strong>La s\u00e9curit\u00e9 de l\u2019emploi, de plus en plus de personnes \u00e2g\u00e9es donc moins de risque de perte d\u2019emploi<\/strong><\/li>\n<li style=\"text-align: justify;\">&#8211; <strong>De nombreuses possibilit\u00e9s d\u2019\u00e9volution de carri\u00e8re<\/strong><\/li>\n<\/ol>\n","protected":false},"excerpt":{"rendered":"<p>Avec un vieillissement constant de la population et un accroissement de l&rsquo;esp\u00e9rance de vie, les m\u00e9tiers de la g\u00e9rontologie pr\u00e9sentent plus que jamais de belles opportunit\u00e9s de carri\u00e8re. D\u00e9couvrez ici une \u00e9tude sur ces m\u00e9tiers traditionnellement peu valoris\u00e9s ! Une population de plus en plus \u00e2g\u00e9e Nous observons aujourd\u2019hui 17.5 millions de personnes \u00e2g\u00e9es, c\u2019est-\u00e0-dire [&hellip;]<\/p>\n","protected":false},"author":8,"featured_media":2977,"comment_status":"open","ping_status":"open","sticky":false,"template":"","format":"standard","meta":{"_mi_skip_tracking":false},"categories":[194],"yoast_head":"<!-- This site is optimized with the Yoast SEO plugin v16.1 - https:\/\/yoast.com\/wordpress\/plugins\/seo\/ -->\n<title>Quelles sont les opportunit\u00e9s de carri\u00e8re du secteur de la g\u00e9rontologie ?<\/title>\n<meta name=\"description\" content=\"L&#039; \u00e9tude de Top formation d\u00e9montre la croissance du secteur de la g\u00e9rontologie et vous donne les 5 bonnes raisons de travailler avec les personnes \u00e2g\u00e9es.\" \/>\n<meta name=\"robots\" content=\"index, follow, max-snippet:-1, max-image-preview:large, max-video-preview:-1\" \/>\n<link rel=\"canonical\" href=\"https:\/\/www.comundi.fr\/mag-des-competences\/gerontologie-secteur-croissance\/\" \/>\n<meta property=\"og:locale\" content=\"fr_FR\" \/>\n<meta property=\"og:type\" content=\"article\" \/>\n<meta property=\"og:title\" content=\"Quelles sont les opportunit\u00e9s de carri\u00e8re du secteur de la g\u00e9rontologie ?\" \/>\n<meta property=\"og:description\" content=\"L&#039; \u00e9tude de Top formation d\u00e9montre la croissance du secteur de la g\u00e9rontologie et vous donne les 5 bonnes raisons de travailler avec les personnes \u00e2g\u00e9es.\" \/>\n<meta property=\"og:url\" content=\"https:\/\/www.comundi.fr\/mag-des-competences\/gerontologie-secteur-croissance\/\" \/>\n<meta property=\"og:site_name\" content=\"Mag des comp\u00e9tences - Comundi\" \/>\n<meta property=\"article:publisher\" content=\"https:\/\/www.facebook.com\/Comundi\/?fref=ts\" \/>\n<meta property=\"article:published_time\" content=\"2019-10-17T07:00:27+00:00\" \/>\n<meta property=\"article:modified_time\" content=\"2021-10-21T14:25:05+00:00\" \/>\n<meta property=\"og:image\" content=\"https:\/\/www.comundi.fr\/mag-des-competences\/wp-content\/uploads\/2019\/10\/Image-les-metiers-de-la-gerontologie.png\" \/>\n\t<meta property=\"og:image:width\" content=\"720\" \/>\n\t<meta property=\"og:image:height\" content=\"280\" \/>\n<meta name=\"twitter:card\" content=\"summary_large_image\" \/>\n<meta name=\"twitter:creator\" content=\"@ComundiActu\" \/>\n<meta name=\"twitter:site\" content=\"@ComundiActu\" \/>\n<meta name=\"twitter:label1\" content=\"Dur\u00e9e de lecture est.\">\n\t<meta name=\"twitter:data1\" content=\"3 minutes\">\n<script type=\"application\/ld+json\" class=\"yoast-schema-graph\">{\"@context\":\"https:\/\/schema.org\",\"@graph\":[{\"@type\":\"Organization\",\"@id\":\"https:\/\/www.comundi.fr\/mag-des-competences\/#organization\",\"name\":\"Comundi\",\"url\":\"https:\/\/www.comundi.fr\/mag-des-competences\/\",\"sameAs\":[\"https:\/\/www.facebook.com\/Comundi\/?fref=ts\",\"https:\/\/www.linkedin.com\/company\/comundi\/\",\"https:\/\/www.youtube.com\/user\/ComundiFormations\",\"https:\/\/twitter.com\/ComundiActu\"],\"logo\":{\"@type\":\"ImageObject\",\"@id\":\"https:\/\/www.comundi.fr\/mag-des-competences\/#logo\",\"inLanguage\":\"fr-FR\",\"url\":\"https:\/\/www.comundi.fr\/mag-des-competences\/wp-content\/uploads\/2018\/01\/comundi.png\",\"contentUrl\":\"https:\/\/www.comundi.fr\/mag-des-competences\/wp-content\/uploads\/2018\/01\/comundi.png\",\"width\":300,\"height\":300,\"caption\":\"Comundi\"},\"image\":{\"@id\":\"https:\/\/www.comundi.fr\/mag-des-competences\/#logo\"}},{\"@type\":\"WebSite\",\"@id\":\"https:\/\/www.comundi.fr\/mag-des-competences\/#website\",\"url\":\"https:\/\/www.comundi.fr\/mag-des-competences\/\",\"name\":\"Mag des comp\\u00e9tences - Comundi\",\"description\":\"Le magazine des m\\u00e9tiers de demain\",\"publisher\":{\"@id\":\"https:\/\/www.comundi.fr\/mag-des-competences\/#organization\"},\"potentialAction\":[{\"@type\":\"SearchAction\",\"target\":\"https:\/\/www.comundi.fr\/mag-des-competences\/?s={search_term_string}\",\"query-input\":\"required name=search_term_string\"}],\"inLanguage\":\"fr-FR\"},{\"@type\":\"ImageObject\",\"@id\":\"https:\/\/www.comundi.fr\/mag-des-competences\/gerontologie-secteur-croissance\/#primaryimage\",\"inLanguage\":\"fr-FR\",\"url\":\"https:\/\/www.comundi.fr\/mag-des-competences\/wp-content\/uploads\/2019\/10\/Image-les-metiers-de-la-gerontologie.png\",\"contentUrl\":\"https:\/\/www.comundi.fr\/mag-des-competences\/wp-content\/uploads\/2019\/10\/Image-les-metiers-de-la-gerontologie.png\",\"width\":720,\"height\":280,\"caption\":\"D\\u00e9couvrez les m\\u00e9tiers de la g\\u00e9rontologie en infographie\"},{\"@type\":\"WebPage\",\"@id\":\"https:\/\/www.comundi.fr\/mag-des-competences\/gerontologie-secteur-croissance\/#webpage\",\"url\":\"https:\/\/www.comundi.fr\/mag-des-competences\/gerontologie-secteur-croissance\/\",\"name\":\"Quelles sont les opportunit\\u00e9s de carri\\u00e8re du secteur de la g\\u00e9rontologie ?\",\"isPartOf\":{\"@id\":\"https:\/\/www.comundi.fr\/mag-des-competences\/#website\"},\"primaryImageOfPage\":{\"@id\":\"https:\/\/www.comundi.fr\/mag-des-competences\/gerontologie-secteur-croissance\/#primaryimage\"},\"datePublished\":\"2019-10-17T07:00:27+00:00\",\"dateModified\":\"2021-10-21T14:25:05+00:00\",\"description\":\"L' \\u00e9tude de Top formation d\\u00e9montre la croissance du secteur de la g\\u00e9rontologie et vous donne les 5 bonnes raisons de travailler avec les personnes \\u00e2g\\u00e9es.\",\"breadcrumb\":{\"@id\":\"https:\/\/www.comundi.fr\/mag-des-competences\/gerontologie-secteur-croissance\/#breadcrumb\"},\"inLanguage\":\"fr-FR\",\"potentialAction\":[{\"@type\":\"ReadAction\",\"target\":[\"https:\/\/www.comundi.fr\/mag-des-competences\/gerontologie-secteur-croissance\/\"]}]},{\"@type\":\"BreadcrumbList\",\"@id\":\"https:\/\/www.comundi.fr\/mag-des-competences\/gerontologie-secteur-croissance\/#breadcrumb\",\"itemListElement\":[{\"@type\":\"ListItem\",\"position\":1,\"item\":{\"@type\":\"WebPage\",\"@id\":\"https:\/\/www.comundi.fr\/mag-des-competences\/\",\"url\":\"https:\/\/www.comundi.fr\/mag-des-competences\/\",\"name\":\"Accueil\"}},{\"@type\":\"ListItem\",\"position\":2,\"item\":{\"@type\":\"WebPage\",\"@id\":\"https:\/\/www.comundi.fr\/mag-des-competences\/gerontologie-secteur-croissance\/\",\"url\":\"https:\/\/www.comundi.fr\/mag-des-competences\/gerontologie-secteur-croissance\/\",\"name\":\"La g\\u00e9rontologie : un secteur en pleine croissance\"}}]},{\"@type\":\"Article\",\"@id\":\"https:\/\/www.comundi.fr\/mag-des-competences\/gerontologie-secteur-croissance\/#article\",\"isPartOf\":{\"@id\":\"https:\/\/www.comundi.fr\/mag-des-competences\/gerontologie-secteur-croissance\/#webpage\"},\"author\":{\"@id\":\"https:\/\/www.comundi.fr\/mag-des-competences\/#\/schema\/person\/d08f5c2cf9de6fcfd33c30314745578e\"},\"headline\":\"La g\\u00e9rontologie : un secteur en pleine croissance\",\"datePublished\":\"2019-10-17T07:00:27+00:00\",\"dateModified\":\"2021-10-21T14:25:05+00:00\",\"mainEntityOfPage\":{\"@id\":\"https:\/\/www.comundi.fr\/mag-des-competences\/gerontologie-secteur-croissance\/#webpage\"},\"commentCount\":0,\"publisher\":{\"@id\":\"https:\/\/www.comundi.fr\/mag-des-competences\/#organization\"},\"image\":{\"@id\":\"https:\/\/www.comundi.fr\/mag-des-competences\/gerontologie-secteur-croissance\/#primaryimage\"},\"articleSection\":\"Action sociale\",\"inLanguage\":\"fr-FR\",\"potentialAction\":[{\"@type\":\"CommentAction\",\"name\":\"Comment\",\"target\":[\"https:\/\/www.comundi.fr\/mag-des-competences\/gerontologie-secteur-croissance\/#respond\"]}]},{\"@type\":\"Person\",\"@id\":\"https:\/\/www.comundi.fr\/mag-des-competences\/#\/schema\/person\/d08f5c2cf9de6fcfd33c30314745578e\",\"name\":\"Comundi\",\"image\":{\"@type\":\"ImageObject\",\"@id\":\"https:\/\/www.comundi.fr\/mag-des-competences\/#personlogo\",\"inLanguage\":\"fr-FR\",\"url\":\"https:\/\/secure.gravatar.com\/avatar\/da2835ae7b2c1279e8e897d242f4cda6?s=96&d=mm&r=g\",\"contentUrl\":\"https:\/\/secure.gravatar.com\/avatar\/da2835ae7b2c1279e8e897d242f4cda6?s=96&d=mm&r=g\",\"caption\":\"Comundi\"}}]}<\/script>\n<!-- \/ Yoast SEO plugin. -->","amp_enabled":true,"_links":{"self":[{"href":"https:\/\/www.comundi.fr\/mag-des-competences\/wp-json\/wp\/v2\/posts\/2960"}],"collection":[{"href":"https:\/\/www.comundi.fr\/mag-des-competences\/wp-json\/wp\/v2\/posts"}],"about":[{"href":"https:\/\/www.comundi.fr\/mag-des-competences\/wp-json\/wp\/v2\/types\/post"}],"author":[{"embeddable":true,"href":"https:\/\/www.comundi.fr\/mag-des-competences\/wp-json\/wp\/v2\/users\/8"}],"replies":[{"embeddable":true,"href":"https:\/\/www.comundi.fr\/mag-des-competences\/wp-json\/wp\/v2\/comments?post=2960"}],"version-history":[{"count":29,"href":"https:\/\/www.comundi.fr\/mag-des-competences\/wp-json\/wp\/v2\/posts\/2960\/revisions"}],"predecessor-version":[{"id":9712,"href":"https:\/\/www.comundi.fr\/mag-des-competences\/wp-json\/wp\/v2\/posts\/2960\/revisions\/9712"}],"wp:featuredmedia":[{"embeddable":true,"href":"https:\/\/www.comundi.fr\/mag-des-competences\/wp-json\/wp\/v2\/media\/2977"}],"wp:attachment":[{"href":"https:\/\/www.comundi.fr\/mag-des-competences\/wp-json\/wp\/v2\/media?parent=2960"}],"wp:term":[{"taxonomy":"category","embeddable":true,"href":"https:\/\/www.comundi.fr\/mag-des-competences\/wp-json\/wp\/v2\/categories?post=2960"}],"curies":[{"name":"wp","href":"https:\/\/api.w.org\/{rel}","templated":true}]}}