{"id":289,"date":"2018-02-12T08:58:21","date_gmt":"2018-02-12T07:58:21","guid":{"rendered":"https:\/\/www.comundi.fr\/mag-des-competences\/?p=289"},"modified":"2021-11-23T16:22:13","modified_gmt":"2021-11-23T15:22:13","slug":"chasse-aux-talents-digitaux-ouverte","status":"publish","type":"post","link":"https:\/\/www.comundi.fr\/mag-des-competences\/chasse-aux-talents-digitaux-ouverte\/","title":{"rendered":"La chasse aux talents digitaux est ouverte"},"content":{"rendered":"<p>Les grands groupes font souvent r\u00e9f\u00e9rence \u00e0 une p\u00e9nurie de talents digitaux. Il n&rsquo;y aurait pas assez de d\u00e9veloppeurs, pas assez de \u00ab coachs agiles \u00bb, pas assez de sp\u00e9cialistes data, etc. Dans les faits, qu&rsquo;en est-il ?<\/p>\n<p>Les profils digitaux existent. Le num\u00e9rique ne repr\u00e9sente plus la nouveaut\u00e9 d&rsquo;il y a 10 ans et les comp\u00e9tences attendues sont bel et bien pr\u00e9sentes sur le march\u00e9. Ce qui change, c&rsquo;est l&rsquo;existence d&rsquo;une comp\u00e9tition, accentu\u00e9e par la demande de grands groupes qui, dans le pass\u00e9, n&rsquo;\u00e9taient pas les clients \u00ab&nbsp;naturels&nbsp;\u00bb du digital.<\/p>\n<p>Tout le monde recrute&nbsp;: les start-up, les scale-up, les g\u00e9ants du Web, les pouvoirs publics et surtout les entreprises traditionnelles en retard sur leur transformation num\u00e9rique. A cette tension r\u00e9elle s&rsquo;ajoute celle entretenue par l&rsquo;imaginaire. Pour s\u00e9duire et recruter les jeunes talents, il faut se battre et savoir convaincre et, de part et d&rsquo;autre, plus que jamais d\u00e9passer les pr\u00e9jug\u00e9s.<\/p>\n<p>Les Millennials ne souhaitent plus travailler en SSII, ni exercer dans un environnement qui leur d\u00e9pla\u00eet. Tous affichent leur besoin d&rsquo;autonomie, leur souhait d&rsquo;un management bienveillant, d&rsquo;horaires flexibles et de missions motivantes. Selon une \u00e9tude r\u00e9cente d&rsquo;Accenture, seuls 25&nbsp;% des jeunes dipl\u00f4m\u00e9s de 2017 souhaiteraient int\u00e9grer un grand groupe.<\/p>\n<p>Ce dernier est, \u00e0 leurs yeux, synonyme de normes \u00e0 respecter, de standards susceptibles de ralentir les projets et de&nbsp;&nbsp;manque de souplesse dans leurs r\u00e9f\u00e9rentiels de leur politique salariale&nbsp;. En bref, les grands groupes font, dans l&rsquo;imaginaire, figure de perdants.<\/p>\n<h2><strong>Des st\u00e9r\u00e9otypes qui entravent les rencontres<\/strong><\/h2>\n<p>Nous sommes en 2018, et le num\u00e9rique a chang\u00e9. Impossible d\u00e9sormais de rester sur des conceptions anciennes et des oppositions marqu\u00e9es entre grosse bo\u00eete d&rsquo;un c\u00f4t\u00e9, et start-up de l&rsquo;autre&nbsp;!<\/p>\n<p>La grande entreprise peut comprendre une constellation de plus petites entreprises, de d\u00e9partements, d&rsquo;\u00e9quipes qui toutes jouissent &#8211;&nbsp;sous une m\u00eame marque \u00ab&nbsp;ombrelle&nbsp;\u00bb &#8211; d&rsquo;un grand degr\u00e9 d&rsquo;autonomie. De m\u00eame, la start-up n&rsquo;est parfois qu&rsquo;une TPE qui n&rsquo;a pas grandi&nbsp;!<\/p>\n<p>On compte ainsi une multitude de petites entreprises du Web, sites marchands sp\u00e9cialis\u00e9s,&nbsp;etc., qui ne sont ni innovants ni promis \u00e0 la croissance. <a href=\"https:\/\/www.comundi.fr\/mag-des-competences\/posture-savoir-etre-manager\/\">Leurs managers<\/a> peuvent avoir install\u00e9 un baby-foot dans les locaux, et \u00ab&nbsp;claquer la bise&nbsp;\u00bb \u00e0 leur \u00e9quipe chaque matin, leurs m\u00e9thodes ne sont pas forc\u00e9ment innovantes.<\/p>\n<p>Aujourd&rsquo;hui, tous les types d&rsquo;entreprises se disputent les m\u00eames talents&nbsp;. Les candidats sont noy\u00e9s sous une offre pl\u00e9thorique \u00e9manant d&rsquo;une start-up dynamique ou bien d&rsquo;un grand groupe \u00e0 forte notori\u00e9t\u00e9 et encourageant une vision st\u00e9r\u00e9otyp\u00e9e des carri\u00e8res possibles.<\/p>\n<p>Sortir de cette situation est possible si l&rsquo;on choisit de s&rsquo;adonner \u00e0 une \u00e9coute attentive afin de s&rsquo;ouvrir \u00e0 l&rsquo;autre. Les candidats doivent d\u00e9sormais \u00eatre capables d&rsquo;exprimer leurs besoins r\u00e9els et oser se pr\u00e9senter\u2026 tels qu&rsquo;ils sont.<\/p>\n<h4>Emmanuel Stanislas<\/h4>\n","protected":false},"excerpt":{"rendered":"<p>Les grands groupes font souvent r\u00e9f\u00e9rence \u00e0 une p\u00e9nurie de talents digitaux. Il n&rsquo;y aurait pas assez de d\u00e9veloppeurs, pas assez de \u00ab coachs agiles \u00bb, pas assez de sp\u00e9cialistes data, etc. Dans les faits, qu&rsquo;en est-il ? Les profils digitaux existent. Le num\u00e9rique ne repr\u00e9sente plus la nouveaut\u00e9 d&rsquo;il y a 10 ans et [&hellip;]<\/p>\n","protected":false},"author":6,"featured_media":290,"comment_status":"open","ping_status":"open","sticky":false,"template":"","format":"standard","meta":{"_mi_skip_tracking":false},"categories":[190],"yoast_head":"<!-- This site is optimized with the Yoast SEO plugin v16.1 - https:\/\/yoast.com\/wordpress\/plugins\/seo\/ -->\n<title>La chasse aux talents digitaux est ouverte - Mag des comp\u00e9tences - Comundi<\/title>\n<meta name=\"description\" content=\"Existe-t-il une p\u00e9nurie de talents digitaux ? Comment les entreprises veulent s\u00e9duire ces profils pour r\u00e9pondre aux enjeux de la transformation num\u00e9rique ?\" \/>\n<meta name=\"robots\" content=\"noindex, nofollow\" \/>\n<meta property=\"og:locale\" content=\"fr_FR\" \/>\n<meta property=\"og:type\" content=\"article\" \/>\n<meta property=\"og:title\" content=\"La chasse aux talents digitaux est ouverte - Mag des comp\u00e9tences - Comundi\" \/>\n<meta property=\"og:description\" content=\"Existe-t-il une p\u00e9nurie de talents digitaux ? Comment les entreprises veulent s\u00e9duire ces profils pour r\u00e9pondre aux enjeux de la transformation num\u00e9rique ?\" \/>\n<meta property=\"og:url\" content=\"https:\/\/www.comundi.fr\/mag-des-competences\/chasse-aux-talents-digitaux-ouverte\/\" \/>\n<meta property=\"og:site_name\" content=\"Mag des comp\u00e9tences - Comundi\" \/>\n<meta property=\"article:publisher\" content=\"https:\/\/www.facebook.com\/Comundi\/?fref=ts\" \/>\n<meta property=\"article:published_time\" content=\"2018-02-12T07:58:21+00:00\" \/>\n<meta property=\"article:modified_time\" content=\"2021-11-23T15:22:13+00:00\" \/>\n<meta property=\"og:image\" content=\"https:\/\/www.comundi.fr\/mag-des-competences\/wp-content\/uploads\/2018\/02\/La-chasse-aux-talents-digitaux-est-ouverte.jpg\" \/>\n\t<meta property=\"og:image:width\" content=\"1000\" \/>\n\t<meta property=\"og:image:height\" content=\"533\" \/>\n<meta name=\"twitter:card\" content=\"summary_large_image\" \/>\n<meta name=\"twitter:creator\" content=\"@ComundiActu\" \/>\n<meta name=\"twitter:site\" content=\"@ComundiActu\" \/>\n<meta name=\"twitter:label1\" content=\"Dur\u00e9e de lecture est.\">\n\t<meta name=\"twitter:data1\" content=\"2 minutes\">\n<script type=\"application\/ld+json\" class=\"yoast-schema-graph\">{\"@context\":\"https:\/\/schema.org\",\"@graph\":[{\"@type\":\"Organization\",\"@id\":\"https:\/\/www.comundi.fr\/mag-des-competences\/#organization\",\"name\":\"Comundi\",\"url\":\"https:\/\/www.comundi.fr\/mag-des-competences\/\",\"sameAs\":[\"https:\/\/www.facebook.com\/Comundi\/?fref=ts\",\"https:\/\/www.linkedin.com\/company\/comundi\/\",\"https:\/\/www.youtube.com\/user\/ComundiFormations\",\"https:\/\/twitter.com\/ComundiActu\"],\"logo\":{\"@type\":\"ImageObject\",\"@id\":\"https:\/\/www.comundi.fr\/mag-des-competences\/#logo\",\"inLanguage\":\"fr-FR\",\"url\":\"https:\/\/www.comundi.fr\/mag-des-competences\/wp-content\/uploads\/2018\/01\/comundi.png\",\"contentUrl\":\"https:\/\/www.comundi.fr\/mag-des-competences\/wp-content\/uploads\/2018\/01\/comundi.png\",\"width\":300,\"height\":300,\"caption\":\"Comundi\"},\"image\":{\"@id\":\"https:\/\/www.comundi.fr\/mag-des-competences\/#logo\"}},{\"@type\":\"WebSite\",\"@id\":\"https:\/\/www.comundi.fr\/mag-des-competences\/#website\",\"url\":\"https:\/\/www.comundi.fr\/mag-des-competences\/\",\"name\":\"Mag des comp\\u00e9tences - Comundi\",\"description\":\"Le magazine des m\\u00e9tiers de demain\",\"publisher\":{\"@id\":\"https:\/\/www.comundi.fr\/mag-des-competences\/#organization\"},\"potentialAction\":[{\"@type\":\"SearchAction\",\"target\":\"https:\/\/www.comundi.fr\/mag-des-competences\/?s={search_term_string}\",\"query-input\":\"required name=search_term_string\"}],\"inLanguage\":\"fr-FR\"},{\"@type\":\"ImageObject\",\"@id\":\"https:\/\/www.comundi.fr\/mag-des-competences\/chasse-aux-talents-digitaux-ouverte\/#primaryimage\",\"inLanguage\":\"fr-FR\",\"url\":\"https:\/\/www.comundi.fr\/mag-des-competences\/wp-content\/uploads\/2018\/02\/La-chasse-aux-talents-digitaux-est-ouverte.jpg\",\"contentUrl\":\"https:\/\/www.comundi.fr\/mag-des-competences\/wp-content\/uploads\/2018\/02\/La-chasse-aux-talents-digitaux-est-ouverte.jpg\",\"width\":1000,\"height\":533,\"caption\":\"Comment les entreprises tentent de s\\u00e9duire les talents digitaux.\"},{\"@type\":\"WebPage\",\"@id\":\"https:\/\/www.comundi.fr\/mag-des-competences\/chasse-aux-talents-digitaux-ouverte\/#webpage\",\"url\":\"https:\/\/www.comundi.fr\/mag-des-competences\/chasse-aux-talents-digitaux-ouverte\/\",\"name\":\"La chasse aux talents digitaux est ouverte - Mag des comp\\u00e9tences - Comundi\",\"isPartOf\":{\"@id\":\"https:\/\/www.comundi.fr\/mag-des-competences\/#website\"},\"primaryImageOfPage\":{\"@id\":\"https:\/\/www.comundi.fr\/mag-des-competences\/chasse-aux-talents-digitaux-ouverte\/#primaryimage\"},\"datePublished\":\"2018-02-12T07:58:21+00:00\",\"dateModified\":\"2021-11-23T15:22:13+00:00\",\"description\":\"Existe-t-il une p\\u00e9nurie de talents digitaux ? Comment les entreprises veulent s\\u00e9duire ces profils pour r\\u00e9pondre aux enjeux de la transformation num\\u00e9rique ?\",\"breadcrumb\":{\"@id\":\"https:\/\/www.comundi.fr\/mag-des-competences\/chasse-aux-talents-digitaux-ouverte\/#breadcrumb\"},\"inLanguage\":\"fr-FR\",\"potentialAction\":[{\"@type\":\"ReadAction\",\"target\":[\"https:\/\/www.comundi.fr\/mag-des-competences\/chasse-aux-talents-digitaux-ouverte\/\"]}]},{\"@type\":\"BreadcrumbList\",\"@id\":\"https:\/\/www.comundi.fr\/mag-des-competences\/chasse-aux-talents-digitaux-ouverte\/#breadcrumb\",\"itemListElement\":[{\"@type\":\"ListItem\",\"position\":1,\"item\":{\"@type\":\"WebPage\",\"@id\":\"https:\/\/www.comundi.fr\/mag-des-competences\/\",\"url\":\"https:\/\/www.comundi.fr\/mag-des-competences\/\",\"name\":\"Accueil\"}},{\"@type\":\"ListItem\",\"position\":2,\"item\":{\"@type\":\"WebPage\",\"@id\":\"https:\/\/www.comundi.fr\/mag-des-competences\/chasse-aux-talents-digitaux-ouverte\/\",\"url\":\"https:\/\/www.comundi.fr\/mag-des-competences\/chasse-aux-talents-digitaux-ouverte\/\",\"name\":\"La chasse aux talents digitaux est ouverte\"}}]},{\"@type\":\"Article\",\"@id\":\"https:\/\/www.comundi.fr\/mag-des-competences\/chasse-aux-talents-digitaux-ouverte\/#article\",\"isPartOf\":{\"@id\":\"https:\/\/www.comundi.fr\/mag-des-competences\/chasse-aux-talents-digitaux-ouverte\/#webpage\"},\"author\":{\"@id\":\"https:\/\/www.comundi.fr\/mag-des-competences\/#\/schema\/person\/96b8f219e4cddee126473c6fbcc0e089\"},\"headline\":\"La chasse aux talents digitaux est ouverte\",\"datePublished\":\"2018-02-12T07:58:21+00:00\",\"dateModified\":\"2021-11-23T15:22:13+00:00\",\"mainEntityOfPage\":{\"@id\":\"https:\/\/www.comundi.fr\/mag-des-competences\/chasse-aux-talents-digitaux-ouverte\/#webpage\"},\"commentCount\":0,\"publisher\":{\"@id\":\"https:\/\/www.comundi.fr\/mag-des-competences\/#organization\"},\"image\":{\"@id\":\"https:\/\/www.comundi.fr\/mag-des-competences\/chasse-aux-talents-digitaux-ouverte\/#primaryimage\"},\"articleSection\":\"Digital\",\"inLanguage\":\"fr-FR\",\"potentialAction\":[{\"@type\":\"CommentAction\",\"name\":\"Comment\",\"target\":[\"https:\/\/www.comundi.fr\/mag-des-competences\/chasse-aux-talents-digitaux-ouverte\/#respond\"]}]},{\"@type\":\"Person\",\"@id\":\"https:\/\/www.comundi.fr\/mag-des-competences\/#\/schema\/person\/96b8f219e4cddee126473c6fbcc0e089\",\"name\":\"Les Echos\",\"image\":{\"@type\":\"ImageObject\",\"@id\":\"https:\/\/www.comundi.fr\/mag-des-competences\/#personlogo\",\"inLanguage\":\"fr-FR\",\"url\":\"https:\/\/secure.gravatar.com\/avatar\/041d1b3114ce5dce17eaefa721d4ed06?s=96&d=mm&r=g\",\"contentUrl\":\"https:\/\/secure.gravatar.com\/avatar\/041d1b3114ce5dce17eaefa721d4ed06?s=96&d=mm&r=g\",\"caption\":\"Les Echos\"}}]}<\/script>\n<!-- \/ Yoast SEO plugin. -->","amp_enabled":true,"_links":{"self":[{"href":"https:\/\/www.comundi.fr\/mag-des-competences\/wp-json\/wp\/v2\/posts\/289"}],"collection":[{"href":"https:\/\/www.comundi.fr\/mag-des-competences\/wp-json\/wp\/v2\/posts"}],"about":[{"href":"https:\/\/www.comundi.fr\/mag-des-competences\/wp-json\/wp\/v2\/types\/post"}],"author":[{"embeddable":true,"href":"https:\/\/www.comundi.fr\/mag-des-competences\/wp-json\/wp\/v2\/users\/6"}],"replies":[{"embeddable":true,"href":"https:\/\/www.comundi.fr\/mag-des-competences\/wp-json\/wp\/v2\/comments?post=289"}],"version-history":[{"count":3,"href":"https:\/\/www.comundi.fr\/mag-des-competences\/wp-json\/wp\/v2\/posts\/289\/revisions"}],"predecessor-version":[{"id":9877,"href":"https:\/\/www.comundi.fr\/mag-des-competences\/wp-json\/wp\/v2\/posts\/289\/revisions\/9877"}],"wp:featuredmedia":[{"embeddable":true,"href":"https:\/\/www.comundi.fr\/mag-des-competences\/wp-json\/wp\/v2\/media\/290"}],"wp:attachment":[{"href":"https:\/\/www.comundi.fr\/mag-des-competences\/wp-json\/wp\/v2\/media?parent=289"}],"wp:term":[{"taxonomy":"category","embeddable":true,"href":"https:\/\/www.comundi.fr\/mag-des-competences\/wp-json\/wp\/v2\/categories?post=289"}],"curies":[{"name":"wp","href":"https:\/\/api.w.org\/{rel}","templated":true}]}}