{"id":272,"date":"2018-02-12T08:24:57","date_gmt":"2018-02-12T07:24:57","guid":{"rendered":"https:\/\/www.comundi.fr\/mag-des-competences\/?p=272"},"modified":"2021-09-08T14:57:33","modified_gmt":"2021-09-08T12:57:33","slug":"compte-de-formation-travailleurs-non-salaries","status":"publish","type":"post","link":"https:\/\/www.comundi.fr\/mag-des-competences\/compte-de-formation-travailleurs-non-salaries\/","title":{"rendered":"Un compte de formation pour les travailleurs non salari\u00e9s"},"content":{"rendered":"<p>Chaque travailleur non salari\u00e9 dispose, \u00e0 compter du 1er janvier 2018, d\u2019un compte personnel de formation (CPF). Il permet \u00e0 son titulaire d\u2019acqu\u00e9rir des heures de formation \u00e0 mobiliser pendant sa vie professionnelle.<\/p>\n<h2><strong>Qui en b\u00e9n\u00e9ficie ?<\/strong><\/h2>\n<p>Le CPF est ouvert \u00e0 tous les travailleurs non salari\u00e9s, c\u2019est-\u00e0-dire aux artisans, commer\u00e7ants, industriels, aux professionnels lib\u00e9raux et aux exploitants agricoles, ainsi qu\u2019\u00e0 leur conjoint collaborateur.<\/p>\n<p>Le travailleur non salari\u00e9 conserve son compte tout au long de sa vie, y compris s\u2019il change de statut (par exemple, s\u2019il devient salari\u00e9 ou subit des p\u00e9riodes de ch\u00f4mage).<\/p>\n<p>Le CPF fait partie du compte personnel d\u2019activit\u00e9 qui comprend aussi le compte d\u2019engagement citoyen. Ce dernier permet au travailleur non salari\u00e9 d\u2019acqu\u00e9rir des heures de formation lorsque, notamment, il est ma\u00eetre d\u2019apprentissage ou qu\u2019il exerce b\u00e9n\u00e9volement des fonctions de direction dans une association. Ainsi, par exemple, \u00eatre ma\u00eetre d\u2019apprentissage pendant une dur\u00e9e de 6 mois permet au travailleur non salari\u00e9 de cr\u00e9diter 20 heures de <a href=\"https:\/\/www.comundi.fr\/mag-des-competences\/formation-en-2019-comment-sy-retrouver-avec-le-cpf\/\">formation sur son CPF<\/a>.<\/p>\n<p>En pratique, pour consulter ses droits \u00e0 formation, le travailleur ind\u00e9pendant doit cr\u00e9er un compte sur le site du compte personnel d\u2019activit\u00e9 www.moncompteactivite.gouv.fr.<\/p>\n<h2><strong>Comment est-t-il aliment\u00e9 ?<\/strong><\/h2>\n<p>Le CPF est cr\u00e9dit\u00e9 de 24 heures de formation par ann\u00e9e d\u2019activit\u00e9 dans la limite de 120 heures, puis de 12 heures par an pour atteindre, au maximum, 150 heures.<\/p>\n<p>Toutefois, pour que son CPF soit cr\u00e9dit\u00e9, le travailleur non salari\u00e9 doit s\u2019acquitter chaque ann\u00e9e de sa contribution au financement de la formation professionnelle. Si cette contribution n\u2019est pas pay\u00e9e pour l\u2019ann\u00e9e enti\u00e8re, le nombre d\u2019heures de formation est calcul\u00e9 au prorata de la somme vers\u00e9e.<\/p>\n<p>Ainsi, le travailleur non salari\u00e9 qui paie, tous les ans, une contribution au financement de la formation professionnelle pour l\u2019ann\u00e9e enti\u00e8re obtient 150 heures de formation au bout de 7,5 ann\u00e9es d\u2019activit\u00e9.<\/p>\n<h3><\/h3>\n<h2><strong>Pour quelles formations ?<\/strong><\/h2>\n<p>Les heures inscrites sur le CPF peuvent \u00eatre utilis\u00e9es pour, notamment, r\u00e9aliser un bilan de comp\u00e9tences, b\u00e9n\u00e9ficier de l\u2019accompagnement \u00e0 la validation des acquis de l\u2019exp\u00e9rience ou suivre les formations dispens\u00e9es aux cr\u00e9ateurs ou repreneurs d\u2019entreprises.<\/p>\n<p>Les non-salari\u00e9s ont aussi acc\u00e8s aux formations d\u00e9finies par le fonds d\u2019assurance-formation dont ils d\u00e9pendent ou par les chambres de m\u00e9tiers et de l\u2019artisanat. Il appartient donc \u00e0 ces organismes de publier et d\u2019actualiser r\u00e9guli\u00e8rement les listes de ces formations.<\/p>\n<p>Les frais p\u00e9dagogiques et les frais annexes, que sont les frais de transport, de repas et d\u2019h\u00e9bergement, engendr\u00e9s par la formation sont pris en charge par le fonds d\u2019assurance-formation ou les chambres de m\u00e9tiers et de l\u2019artisanat.<\/p>\n<p><strong><em>Pr\u00e9cision :<\/em><\/strong><em> ces organismes peuvent aussi rembourser les frais de garde d\u2019enfant ou de parent \u00e0 charge occasionn\u00e9s par la formation et octroyer une indemnit\u00e9 afin de compenser la perte d\u2019exploitation subie par le travailleur non salari\u00e9 qui suit une formation.<\/em><\/p>\n<p><em>D\u00e9cret n\u00b0\u202f2016-1999 du 30\u202fd\u00e9cembre 2016, JO du 31<\/em><\/p>\n<h4>Sandrine Thomas<\/h4>\n","protected":false},"excerpt":{"rendered":"<p>Chaque travailleur non salari\u00e9 dispose, \u00e0 compter du 1er janvier 2018, d\u2019un compte personnel de formation (CPF). Il permet \u00e0 son titulaire d\u2019acqu\u00e9rir des heures de formation \u00e0 mobiliser pendant sa vie professionnelle. Qui en b\u00e9n\u00e9ficie ? Le CPF est ouvert \u00e0 tous les travailleurs non salari\u00e9s, c\u2019est-\u00e0-dire aux artisans, commer\u00e7ants, industriels, aux professionnels lib\u00e9raux [&hellip;]<\/p>\n","protected":false},"author":6,"featured_media":273,"comment_status":"open","ping_status":"open","sticky":false,"template":"","format":"standard","meta":{"_mi_skip_tracking":false},"categories":[201],"yoast_head":"<!-- This site is optimized with the Yoast SEO plugin v16.1 - https:\/\/yoast.com\/wordpress\/plugins\/seo\/ -->\n<title>Un CPF pour les travailleurs non salari\u00e9s - Mag des comp\u00e9tences - Comundi<\/title>\n<meta name=\"description\" content=\"Chaque travailleur non salari\u00e9 dispose, \u00e0 compter du 1er janvier 2018, d\u2019un compte personnel de formation et peut acqu\u00e9rir des heures de formation durant sa vie professionnelle.\" \/>\n<meta name=\"robots\" content=\"noindex, nofollow\" \/>\n<meta property=\"og:locale\" content=\"fr_FR\" \/>\n<meta property=\"og:type\" content=\"article\" \/>\n<meta property=\"og:title\" content=\"Un CPF pour les travailleurs non salari\u00e9s - Mag des comp\u00e9tences - Comundi\" \/>\n<meta property=\"og:description\" content=\"Chaque travailleur non salari\u00e9 dispose, \u00e0 compter du 1er janvier 2018, d\u2019un compte personnel de formation et peut acqu\u00e9rir des heures de formation durant sa vie professionnelle.\" \/>\n<meta property=\"og:url\" content=\"https:\/\/www.comundi.fr\/mag-des-competences\/compte-de-formation-travailleurs-non-salaries\/\" \/>\n<meta property=\"og:site_name\" content=\"Mag des comp\u00e9tences - Comundi\" \/>\n<meta property=\"article:publisher\" content=\"https:\/\/www.facebook.com\/Comundi\/?fref=ts\" \/>\n<meta property=\"article:published_time\" content=\"2018-02-12T07:24:57+00:00\" \/>\n<meta property=\"article:modified_time\" content=\"2021-09-08T12:57:33+00:00\" \/>\n<meta property=\"og:image\" content=\"https:\/\/www.comundi.fr\/mag-des-competences\/wp-content\/uploads\/2018\/02\/Un-compte-de-formation-pour-les-travailleurs-non-salari\u00e9s.jpeg\" \/>\n\t<meta property=\"og:image:width\" content=\"1000\" \/>\n\t<meta property=\"og:image:height\" content=\"533\" \/>\n<meta name=\"twitter:card\" content=\"summary_large_image\" \/>\n<meta name=\"twitter:creator\" content=\"@ComundiActu\" \/>\n<meta name=\"twitter:site\" content=\"@ComundiActu\" \/>\n<meta name=\"twitter:label1\" content=\"Dur\u00e9e de lecture est.\">\n\t<meta name=\"twitter:data1\" content=\"3 minutes\">\n<script type=\"application\/ld+json\" class=\"yoast-schema-graph\">{\"@context\":\"https:\/\/schema.org\",\"@graph\":[{\"@type\":\"Organization\",\"@id\":\"https:\/\/www.comundi.fr\/mag-des-competences\/#organization\",\"name\":\"Comundi\",\"url\":\"https:\/\/www.comundi.fr\/mag-des-competences\/\",\"sameAs\":[\"https:\/\/www.facebook.com\/Comundi\/?fref=ts\",\"https:\/\/www.linkedin.com\/company\/comundi\/\",\"https:\/\/www.youtube.com\/user\/ComundiFormations\",\"https:\/\/twitter.com\/ComundiActu\"],\"logo\":{\"@type\":\"ImageObject\",\"@id\":\"https:\/\/www.comundi.fr\/mag-des-competences\/#logo\",\"inLanguage\":\"fr-FR\",\"url\":\"https:\/\/www.comundi.fr\/mag-des-competences\/wp-content\/uploads\/2018\/01\/comundi.png\",\"contentUrl\":\"https:\/\/www.comundi.fr\/mag-des-competences\/wp-content\/uploads\/2018\/01\/comundi.png\",\"width\":300,\"height\":300,\"caption\":\"Comundi\"},\"image\":{\"@id\":\"https:\/\/www.comundi.fr\/mag-des-competences\/#logo\"}},{\"@type\":\"WebSite\",\"@id\":\"https:\/\/www.comundi.fr\/mag-des-competences\/#website\",\"url\":\"https:\/\/www.comundi.fr\/mag-des-competences\/\",\"name\":\"Mag des comp\\u00e9tences - Comundi\",\"description\":\"Le magazine des m\\u00e9tiers de demain\",\"publisher\":{\"@id\":\"https:\/\/www.comundi.fr\/mag-des-competences\/#organization\"},\"potentialAction\":[{\"@type\":\"SearchAction\",\"target\":\"https:\/\/www.comundi.fr\/mag-des-competences\/?s={search_term_string}\",\"query-input\":\"required name=search_term_string\"}],\"inLanguage\":\"fr-FR\"},{\"@type\":\"ImageObject\",\"@id\":\"https:\/\/www.comundi.fr\/mag-des-competences\/compte-de-formation-travailleurs-non-salaries\/#primaryimage\",\"inLanguage\":\"fr-FR\",\"url\":\"https:\/\/www.comundi.fr\/mag-des-competences\/wp-content\/uploads\/2018\/02\/Un-compte-de-formation-pour-les-travailleurs-non-salari\\u00e9s.jpeg\",\"contentUrl\":\"https:\/\/www.comundi.fr\/mag-des-competences\/wp-content\/uploads\/2018\/02\/Un-compte-de-formation-pour-les-travailleurs-non-salari\\u00e9s.jpeg\",\"width\":1000,\"height\":533,\"caption\":\"Mise en place d'un compte personnel de formation pour les travailleurs non salari\\u00e9s\"},{\"@type\":\"WebPage\",\"@id\":\"https:\/\/www.comundi.fr\/mag-des-competences\/compte-de-formation-travailleurs-non-salaries\/#webpage\",\"url\":\"https:\/\/www.comundi.fr\/mag-des-competences\/compte-de-formation-travailleurs-non-salaries\/\",\"name\":\"Un CPF pour les travailleurs non salari\\u00e9s - Mag des comp\\u00e9tences - Comundi\",\"isPartOf\":{\"@id\":\"https:\/\/www.comundi.fr\/mag-des-competences\/#website\"},\"primaryImageOfPage\":{\"@id\":\"https:\/\/www.comundi.fr\/mag-des-competences\/compte-de-formation-travailleurs-non-salaries\/#primaryimage\"},\"datePublished\":\"2018-02-12T07:24:57+00:00\",\"dateModified\":\"2021-09-08T12:57:33+00:00\",\"description\":\"Chaque travailleur non salari\\u00e9 dispose, \\u00e0 compter du 1er janvier 2018, d\\u2019un compte personnel de formation et peut acqu\\u00e9rir des heures de formation durant sa vie professionnelle.\",\"breadcrumb\":{\"@id\":\"https:\/\/www.comundi.fr\/mag-des-competences\/compte-de-formation-travailleurs-non-salaries\/#breadcrumb\"},\"inLanguage\":\"fr-FR\",\"potentialAction\":[{\"@type\":\"ReadAction\",\"target\":[\"https:\/\/www.comundi.fr\/mag-des-competences\/compte-de-formation-travailleurs-non-salaries\/\"]}]},{\"@type\":\"BreadcrumbList\",\"@id\":\"https:\/\/www.comundi.fr\/mag-des-competences\/compte-de-formation-travailleurs-non-salaries\/#breadcrumb\",\"itemListElement\":[{\"@type\":\"ListItem\",\"position\":1,\"item\":{\"@type\":\"WebPage\",\"@id\":\"https:\/\/www.comundi.fr\/mag-des-competences\/\",\"url\":\"https:\/\/www.comundi.fr\/mag-des-competences\/\",\"name\":\"Accueil\"}},{\"@type\":\"ListItem\",\"position\":2,\"item\":{\"@type\":\"WebPage\",\"@id\":\"https:\/\/www.comundi.fr\/mag-des-competences\/compte-de-formation-travailleurs-non-salaries\/\",\"url\":\"https:\/\/www.comundi.fr\/mag-des-competences\/compte-de-formation-travailleurs-non-salaries\/\",\"name\":\"Un compte de formation pour les travailleurs non salari\\u00e9s\"}}]},{\"@type\":\"Article\",\"@id\":\"https:\/\/www.comundi.fr\/mag-des-competences\/compte-de-formation-travailleurs-non-salaries\/#article\",\"isPartOf\":{\"@id\":\"https:\/\/www.comundi.fr\/mag-des-competences\/compte-de-formation-travailleurs-non-salaries\/#webpage\"},\"author\":{\"@id\":\"https:\/\/www.comundi.fr\/mag-des-competences\/#\/schema\/person\/96b8f219e4cddee126473c6fbcc0e089\"},\"headline\":\"Un compte de formation pour les travailleurs non salari\\u00e9s\",\"datePublished\":\"2018-02-12T07:24:57+00:00\",\"dateModified\":\"2021-09-08T12:57:33+00:00\",\"mainEntityOfPage\":{\"@id\":\"https:\/\/www.comundi.fr\/mag-des-competences\/compte-de-formation-travailleurs-non-salaries\/#webpage\"},\"commentCount\":0,\"publisher\":{\"@id\":\"https:\/\/www.comundi.fr\/mag-des-competences\/#organization\"},\"image\":{\"@id\":\"https:\/\/www.comundi.fr\/mag-des-competences\/compte-de-formation-travailleurs-non-salaries\/#primaryimage\"},\"articleSection\":\"Formation professionnelle\",\"inLanguage\":\"fr-FR\",\"potentialAction\":[{\"@type\":\"CommentAction\",\"name\":\"Comment\",\"target\":[\"https:\/\/www.comundi.fr\/mag-des-competences\/compte-de-formation-travailleurs-non-salaries\/#respond\"]}]},{\"@type\":\"Person\",\"@id\":\"https:\/\/www.comundi.fr\/mag-des-competences\/#\/schema\/person\/96b8f219e4cddee126473c6fbcc0e089\",\"name\":\"Les Echos\",\"image\":{\"@type\":\"ImageObject\",\"@id\":\"https:\/\/www.comundi.fr\/mag-des-competences\/#personlogo\",\"inLanguage\":\"fr-FR\",\"url\":\"https:\/\/secure.gravatar.com\/avatar\/041d1b3114ce5dce17eaefa721d4ed06?s=96&d=mm&r=g\",\"contentUrl\":\"https:\/\/secure.gravatar.com\/avatar\/041d1b3114ce5dce17eaefa721d4ed06?s=96&d=mm&r=g\",\"caption\":\"Les Echos\"}}]}<\/script>\n<!-- \/ Yoast SEO plugin. -->","amp_enabled":true,"_links":{"self":[{"href":"https:\/\/www.comundi.fr\/mag-des-competences\/wp-json\/wp\/v2\/posts\/272"}],"collection":[{"href":"https:\/\/www.comundi.fr\/mag-des-competences\/wp-json\/wp\/v2\/posts"}],"about":[{"href":"https:\/\/www.comundi.fr\/mag-des-competences\/wp-json\/wp\/v2\/types\/post"}],"author":[{"embeddable":true,"href":"https:\/\/www.comundi.fr\/mag-des-competences\/wp-json\/wp\/v2\/users\/6"}],"replies":[{"embeddable":true,"href":"https:\/\/www.comundi.fr\/mag-des-competences\/wp-json\/wp\/v2\/comments?post=272"}],"version-history":[{"count":7,"href":"https:\/\/www.comundi.fr\/mag-des-competences\/wp-json\/wp\/v2\/posts\/272\/revisions"}],"predecessor-version":[{"id":2842,"href":"https:\/\/www.comundi.fr\/mag-des-competences\/wp-json\/wp\/v2\/posts\/272\/revisions\/2842"}],"wp:featuredmedia":[{"embeddable":true,"href":"https:\/\/www.comundi.fr\/mag-des-competences\/wp-json\/wp\/v2\/media\/273"}],"wp:attachment":[{"href":"https:\/\/www.comundi.fr\/mag-des-competences\/wp-json\/wp\/v2\/media?parent=272"}],"wp:term":[{"taxonomy":"category","embeddable":true,"href":"https:\/\/www.comundi.fr\/mag-des-competences\/wp-json\/wp\/v2\/categories?post=272"}],"curies":[{"name":"wp","href":"https:\/\/api.w.org\/{rel}","templated":true}]}}