{"id":2052,"date":"2019-04-25T09:00:17","date_gmt":"2019-04-25T07:00:17","guid":{"rendered":"https:\/\/www.comundi.fr\/mag-des-competences\/?p=2052"},"modified":"2019-11-15T13:28:36","modified_gmt":"2019-11-15T12:28:36","slug":"gestion-de-linformation-efficacite-professionnelle-communication-2","status":"publish","type":"post","link":"https:\/\/www.comundi.fr\/mag-des-competences\/gestion-de-linformation-efficacite-professionnelle-communication-2\/","title":{"rendered":"R\u00e9soudre un probl\u00e8me : de la m\u00e9thode, des outils\u2026 et de la cr\u00e9ativit\u00e9"},"content":{"rendered":"<p><em>Interview de\u00a0<strong>Isabelle VIGLA<\/strong>, consultante-formatrice bilingue en efficacit\u00e9 professionnelle et management.<\/em><\/p>\n<p style=\"text-align: justify;\">On entend souvent les expressions : \u00ab faire probl\u00e8me, poser probl\u00e8me, aller au-devant d&rsquo;un probl\u00e8me \u00bb.<\/p>\n<p style=\"text-align: justify;\">Comment analyser un probl\u00e8me simple ou complexe ? Quelles sont les m\u00e9thodes pour r\u00e9soudre un probl\u00e8me ? Comment stimuler la cr\u00e9ativit\u00e9 de son \u00e9quipe ? Comment bien\u00a0d\u00e9cider et s&rsquo;engager dans la mise en \u0153uvre de la solution ?<\/p>\n<h2 style=\"text-align: justify;\"><strong>Qu&rsquo;est-ce qu&rsquo;un probl\u00e8me ?\u00a0<\/strong><\/h2>\n<p style=\"text-align: justify;\">Selon le \u00a0Larousse, un probl\u00e8me est <strong>\u00ab un point sur lequel on s&rsquo;interroge, une question qui pr\u00eate \u00e0 discussion et qui fait l&rsquo;objet d&rsquo;argumentations, de th\u00e9ories diverses. C&rsquo;est encore une difficult\u00e9 mettant dans une situation p\u00e9nible, contraignante, contrariante. \u00bb<\/strong> Il y a une sp\u00e9cificit\u00e9 du probl\u00e8me au monde de l&rsquo;entreprise.<\/p>\n<p style=\"text-align: justify;\"><strong>Les types de probl\u00e8mes<\/strong> g\u00e9n\u00e9ralement rencontr\u00e9s en entreprise s&rsquo;appliquent \u00e0 tous les niveaux : aux questions <strong>li\u00e9es \u00e0 la vente<\/strong> (les co\u00fbts, le chiffre d&rsquo;affaires), <strong>\u00e0 la production<\/strong> (la qualit\u00e9, les stocks, la localisation de la production), <strong>au financement<\/strong> (le prix de revient, les marges) <strong>et naturellement \u00e0 l&rsquo;humain<\/strong> (relations collectives et individuelles du travail, formation du personnel, motivation) <strong>et \u00e0 la conjoncture \u00e9conomique,<\/strong> <strong>nationale et internationale, aux concurrents, aux consommateurs, \u00e0 la politique des diff\u00e9rents gouvernements<\/strong>&#8230;<\/p>\n<p style=\"text-align: justify;\"><strong>L&rsquo;entreprise doit avoir une vision d&rsquo;anticipation et d&rsquo;adaptation.<\/strong><\/p>\n<h2 style=\"text-align: justify;\"><strong>Qu&rsquo;est-ce qu&rsquo;une \u00ab\u00a0bonne solution\u00a0\u00bb ?\u00a0<\/strong><\/h2>\n<p style=\"text-align: justify;\">Avant de parler solution, il faut d&rsquo;abord reconna\u00eetre le fait qu&rsquo;un probl\u00e8me existe ! je citerai Albert Einstein : \u00ab\u00a0<strong>Un probl\u00e8me sans solution est un probl\u00e8me mal pos\u00e9\u00a0<\/strong>\u00bb.<\/p>\n<p style=\"text-align: justify;\">Ce que l&rsquo;on qualifierait de <strong>bonne solution<\/strong> serait <strong>celle<\/strong> non pas subie, mais <strong>d\u00e9cid\u00e9e pour le bien de l&rsquo;entreprise et dans le respect des hommes et de l&rsquo;environnement.<\/strong><\/p>\n<p style=\"text-align: justify;\">Une bonne solution est celle sur laquelle on communique, qui est comprise et\/ou accept\u00e9e et qui donne envie d&rsquo;\u00eatre appliqu\u00e9e par tous. Celle encore pour laquelle il y a consensus et qui est la mieux adapt\u00e9e aux objectifs d\u00e9finis.<\/p>\n<h2 style=\"text-align: justify;\"><strong>Peut-on parler de management de probl\u00e8me ?<\/strong><\/h2>\n<p style=\"text-align: justify;\">Effectivement, si l&rsquo;on se r\u00e9f\u00e8re au sens premier du verbe anglais \u00ab<a href=\"https:\/\/www.comundi.fr\/mag-des-competences\/manager-equipes-internationales-multiculturelles-virtuelles\/\"> to manage<\/a> \u00bb, qui veut dire : g\u00e9rer. G\u00e9rer un probl\u00e8me, g\u00e9rer une situation difficile ou probl\u00e9matique. La gestion d&rsquo;un projet peut poser probl\u00e8me.<\/p>\n<h2 style=\"text-align: justify;\"><strong>Comment trouver des solutions ? existe -t-il des m\u00e9thodes ?<\/strong><\/h2>\n<p style=\"text-align: justify;\">Je parlerais plut\u00f4t d&rsquo;<strong>outils, que l&rsquo;on choisit et adapte en fonction des \u00e9tapes.<\/strong> Ces outils permettent de <strong>projeter une vision des possibles<\/strong> et offre l&rsquo;occasion de r\u00e9fl\u00e9chir en prenant en compte toutes les facettes du probl\u00e8me.<\/p>\n<p style=\"text-align: justify;\">Voici quelques exemples d&rsquo;outils :<\/p>\n<ul>\n<li style=\"text-align: justify;\">Pour identifier le probl\u00e8me \u00e0 traiter, on pourra utiliser le brainstorming, pour d\u00e9crire le probl\u00e8me on fera appel \u00e0 un questionnement : <strong>le QQOCQP,<\/strong><\/li>\n<li style=\"text-align: justify;\">Pour rechercher et \u00e9valuer les causes, on compl\u00e9tera <strong>une carte heuristique<\/strong>,<\/li>\n<li style=\"text-align: justify;\">Pour choisir des solutions, on appliquera <strong>une matrice de d\u00e9cision,<\/strong><\/li>\n<li style=\"text-align: justify;\">Pour la mise en \u0153uvre, on \u00e9tablira un plan d&rsquo;action que l&rsquo;on pourra croiser avec <strong>la m\u00e9thode PERT et un planning de GANTT<\/strong>, etc.<\/li>\n<\/ul>\n<h2 style=\"text-align: justify;\"><strong>R\u00e9soudre, c&rsquo;est faire un choix <\/strong><\/h2>\n<p style=\"text-align: justify;\">R\u00e9soudre, c&rsquo;est avoir le courage de tirer parti des argumentations et des solutions propos\u00e9es pour \u00ab\u00a0<strong>trancher\u00a0<\/strong>\u00bb. Une fois la d\u00e9cision prise, c&rsquo;est avoir la volont\u00e9 de la faire appliquer et de faire en sorte qu&rsquo;elle donne les r\u00e9sultats escompt\u00e9s. Il s&rsquo;agit bien d&rsquo;un choix.<\/p>\n<h2 style=\"text-align: justify;\"><strong>R\u00e9soudre<\/strong><strong>\u00a0c&rsquo;est aussi \u00eatre cr\u00e9atif ?<\/strong><\/h2>\n<p style=\"text-align: justify;\">Pour un manager, et seulement dans certaines situations, il sera possible de\u00a0<strong>solliciter toutes les intelligences de l&rsquo;\u00e9quipe<\/strong>. On parle alors en formation de techniques cr\u00e9atives, comme celles de Guy Aznar.<\/p>\n<p style=\"text-align: justify;\">Faire participer une \u00e9quipe est une option. <strong>L&rsquo;effet est tr\u00e8s positif, car collaboratif et sera la garantie d&rsquo;une bonne mise en \u0153uvre et d&rsquo;un bon suivi.<\/strong><\/p>\n<h2 style=\"text-align: justify;\"><strong>Quelles sont les sp\u00e9cificit\u00e9s des probl\u00e8mes relationnels ?<\/strong><\/h2>\n<p style=\"text-align: justify;\"><strong>Les probl\u00e8mes relationnels sont souvent les plus difficiles \u00e0 r\u00e9soudre<\/strong>, car ils touchent \u00e0 l&rsquo;humain, \u00e0 l&rsquo;\u00e9motion, \u00e0 la subjectivit\u00e9.<\/p>\n<p style=\"text-align: justify;\">En entreprise, les convoitises, les jalousies, la \u00a0comp\u00e9tition, un management \u00ab inexistant \u00bb ou trop conciliant, un manque d&rsquo;organisation g\u00e9n\u00e9rant stress et d\u00e9motivation exacerbent les frustrations et alimentent les col\u00e8res, parfois refoul\u00e9es. \u00a0<strong>Conflits d&rsquo;individus, d&rsquo;egos, d&rsquo;\u00e9quipe &#8230; les managers se sentent parfois impuissants devant une situation d&rsquo;\u00e9nervement, voire conflictuelle.<\/strong><\/p>\n<p style=\"text-align: justify;\"><strong>De nombreuses<\/strong> <strong>techniques existent pour les r\u00e9soudre<\/strong>, cependant un individu qui ne veut pas \u00ab jouer le jeu \u00bb, qui reste camp\u00e9 sur ses positions, de mauvaise foi, fera tout pour que la situation reste bloqu\u00e9e. Pour un manager la question essentielle sera : dois-je privil\u00e9gier la relation, l&rsquo;humain, ou la production et les r\u00e9sultats ? <strong>Le doigt\u00e9, la diplomatie et l&rsquo;assertivit\u00e9 sont essentiels<\/strong>.<\/p>\n<p style=\"text-align: justify;\">\n","protected":false},"excerpt":{"rendered":"<p>Interview de\u00a0Isabelle VIGLA, consultante-formatrice bilingue en efficacit\u00e9 professionnelle et management. On entend souvent les expressions : \u00ab faire probl\u00e8me, poser probl\u00e8me, aller au-devant d&rsquo;un probl\u00e8me \u00bb. Comment analyser un probl\u00e8me simple ou complexe ? Quelles sont les m\u00e9thodes pour r\u00e9soudre un probl\u00e8me ? Comment stimuler la cr\u00e9ativit\u00e9 de son \u00e9quipe ? Comment bien\u00a0d\u00e9cider et s&rsquo;engager [&hellip;]<\/p>\n","protected":false},"author":8,"featured_media":4615,"comment_status":"open","ping_status":"open","sticky":false,"template":"","format":"standard","meta":{"_mi_skip_tracking":false},"categories":[184],"yoast_head":"<!-- This site is optimized with the Yoast SEO plugin v16.1 - https:\/\/yoast.com\/wordpress\/plugins\/seo\/ -->\n<title>Comment r\u00e9soudre les probl\u00e8mes en entreprise ? Outils, solutions...<\/title>\n<meta name=\"description\" content=\"Comment r\u00e9soudre un probl\u00e8me ? D\u00e9couvrez des outils et m\u00e9thodes de r\u00e9solution de probl\u00e8me efficace \u00e0 travers les conseils de notre consultante.\" \/>\n<meta name=\"robots\" content=\"index, follow, max-snippet:-1, max-image-preview:large, max-video-preview:-1\" \/>\n<link rel=\"canonical\" href=\"https:\/\/www.comundi.fr\/mag-des-competences\/gestion-de-linformation-efficacite-professionnelle-communication-2\/\" \/>\n<meta property=\"og:locale\" content=\"fr_FR\" \/>\n<meta property=\"og:type\" content=\"article\" \/>\n<meta property=\"og:title\" content=\"Comment r\u00e9soudre les probl\u00e8mes en entreprise ? Outils, solutions...\" \/>\n<meta property=\"og:description\" content=\"Comment r\u00e9soudre un probl\u00e8me ? D\u00e9couvrez des outils et m\u00e9thodes de r\u00e9solution de probl\u00e8me efficace \u00e0 travers les conseils de notre consultante.\" \/>\n<meta property=\"og:url\" content=\"https:\/\/www.comundi.fr\/mag-des-competences\/gestion-de-linformation-efficacite-professionnelle-communication-2\/\" \/>\n<meta property=\"og:site_name\" content=\"Mag des comp\u00e9tences - Comundi\" \/>\n<meta property=\"article:publisher\" content=\"https:\/\/www.facebook.com\/Comundi\/?fref=ts\" \/>\n<meta property=\"article:published_time\" content=\"2019-04-25T07:00:17+00:00\" \/>\n<meta property=\"article:modified_time\" content=\"2019-11-15T12:28:36+00:00\" \/>\n<meta property=\"og:image\" content=\"https:\/\/www.comundi.fr\/mag-des-competences\/wp-content\/uploads\/2019\/11\/Image-resoudre-un-probleme-en-entreprise.png\" \/>\n\t<meta property=\"og:image:width\" content=\"720\" \/>\n\t<meta property=\"og:image:height\" content=\"281\" \/>\n<meta name=\"twitter:card\" content=\"summary_large_image\" \/>\n<meta name=\"twitter:creator\" content=\"@ComundiActu\" \/>\n<meta name=\"twitter:site\" content=\"@ComundiActu\" \/>\n<meta name=\"twitter:label1\" content=\"Dur\u00e9e de lecture est.\">\n\t<meta name=\"twitter:data1\" content=\"4 minutes\">\n<script type=\"application\/ld+json\" class=\"yoast-schema-graph\">{\"@context\":\"https:\/\/schema.org\",\"@graph\":[{\"@type\":\"Organization\",\"@id\":\"https:\/\/www.comundi.fr\/mag-des-competences\/#organization\",\"name\":\"Comundi\",\"url\":\"https:\/\/www.comundi.fr\/mag-des-competences\/\",\"sameAs\":[\"https:\/\/www.facebook.com\/Comundi\/?fref=ts\",\"https:\/\/www.linkedin.com\/company\/comundi\/\",\"https:\/\/www.youtube.com\/user\/ComundiFormations\",\"https:\/\/twitter.com\/ComundiActu\"],\"logo\":{\"@type\":\"ImageObject\",\"@id\":\"https:\/\/www.comundi.fr\/mag-des-competences\/#logo\",\"inLanguage\":\"fr-FR\",\"url\":\"https:\/\/www.comundi.fr\/mag-des-competences\/wp-content\/uploads\/2018\/01\/comundi.png\",\"contentUrl\":\"https:\/\/www.comundi.fr\/mag-des-competences\/wp-content\/uploads\/2018\/01\/comundi.png\",\"width\":300,\"height\":300,\"caption\":\"Comundi\"},\"image\":{\"@id\":\"https:\/\/www.comundi.fr\/mag-des-competences\/#logo\"}},{\"@type\":\"WebSite\",\"@id\":\"https:\/\/www.comundi.fr\/mag-des-competences\/#website\",\"url\":\"https:\/\/www.comundi.fr\/mag-des-competences\/\",\"name\":\"Mag des comp\\u00e9tences - Comundi\",\"description\":\"Le magazine des m\\u00e9tiers de demain\",\"publisher\":{\"@id\":\"https:\/\/www.comundi.fr\/mag-des-competences\/#organization\"},\"potentialAction\":[{\"@type\":\"SearchAction\",\"target\":\"https:\/\/www.comundi.fr\/mag-des-competences\/?s={search_term_string}\",\"query-input\":\"required name=search_term_string\"}],\"inLanguage\":\"fr-FR\"},{\"@type\":\"ImageObject\",\"@id\":\"https:\/\/www.comundi.fr\/mag-des-competences\/gestion-de-linformation-efficacite-professionnelle-communication-2\/#primaryimage\",\"inLanguage\":\"fr-FR\",\"url\":\"https:\/\/www.comundi.fr\/mag-des-competences\/wp-content\/uploads\/2019\/11\/Image-resoudre-un-probleme-en-entreprise.png\",\"contentUrl\":\"https:\/\/www.comundi.fr\/mag-des-competences\/wp-content\/uploads\/2019\/11\/Image-resoudre-un-probleme-en-entreprise.png\",\"width\":720,\"height\":281,\"caption\":\"R\\u00e9soudre un probl\\u00e8me en entreprise\"},{\"@type\":\"WebPage\",\"@id\":\"https:\/\/www.comundi.fr\/mag-des-competences\/gestion-de-linformation-efficacite-professionnelle-communication-2\/#webpage\",\"url\":\"https:\/\/www.comundi.fr\/mag-des-competences\/gestion-de-linformation-efficacite-professionnelle-communication-2\/\",\"name\":\"Comment r\\u00e9soudre les probl\\u00e8mes en entreprise ? Outils, solutions...\",\"isPartOf\":{\"@id\":\"https:\/\/www.comundi.fr\/mag-des-competences\/#website\"},\"primaryImageOfPage\":{\"@id\":\"https:\/\/www.comundi.fr\/mag-des-competences\/gestion-de-linformation-efficacite-professionnelle-communication-2\/#primaryimage\"},\"datePublished\":\"2019-04-25T07:00:17+00:00\",\"dateModified\":\"2019-11-15T12:28:36+00:00\",\"description\":\"Comment r\\u00e9soudre un probl\\u00e8me ? D\\u00e9couvrez des outils et m\\u00e9thodes de r\\u00e9solution de probl\\u00e8me efficace \\u00e0 travers les conseils de notre consultante.\",\"breadcrumb\":{\"@id\":\"https:\/\/www.comundi.fr\/mag-des-competences\/gestion-de-linformation-efficacite-professionnelle-communication-2\/#breadcrumb\"},\"inLanguage\":\"fr-FR\",\"potentialAction\":[{\"@type\":\"ReadAction\",\"target\":[\"https:\/\/www.comundi.fr\/mag-des-competences\/gestion-de-linformation-efficacite-professionnelle-communication-2\/\"]}]},{\"@type\":\"BreadcrumbList\",\"@id\":\"https:\/\/www.comundi.fr\/mag-des-competences\/gestion-de-linformation-efficacite-professionnelle-communication-2\/#breadcrumb\",\"itemListElement\":[{\"@type\":\"ListItem\",\"position\":1,\"item\":{\"@type\":\"WebPage\",\"@id\":\"https:\/\/www.comundi.fr\/mag-des-competences\/\",\"url\":\"https:\/\/www.comundi.fr\/mag-des-competences\/\",\"name\":\"Accueil\"}},{\"@type\":\"ListItem\",\"position\":2,\"item\":{\"@type\":\"WebPage\",\"@id\":\"https:\/\/www.comundi.fr\/mag-des-competences\/gestion-de-linformation-efficacite-professionnelle-communication-2\/\",\"url\":\"https:\/\/www.comundi.fr\/mag-des-competences\/gestion-de-linformation-efficacite-professionnelle-communication-2\/\",\"name\":\"R\\u00e9soudre un probl\\u00e8me : de la m\\u00e9thode, des outils\\u2026 et de la cr\\u00e9ativit\\u00e9\"}}]},{\"@type\":\"Article\",\"@id\":\"https:\/\/www.comundi.fr\/mag-des-competences\/gestion-de-linformation-efficacite-professionnelle-communication-2\/#article\",\"isPartOf\":{\"@id\":\"https:\/\/www.comundi.fr\/mag-des-competences\/gestion-de-linformation-efficacite-professionnelle-communication-2\/#webpage\"},\"author\":{\"@id\":\"https:\/\/www.comundi.fr\/mag-des-competences\/#\/schema\/person\/d08f5c2cf9de6fcfd33c30314745578e\"},\"headline\":\"R\\u00e9soudre un probl\\u00e8me : de la m\\u00e9thode, des outils\\u2026 et de la cr\\u00e9ativit\\u00e9\",\"datePublished\":\"2019-04-25T07:00:17+00:00\",\"dateModified\":\"2019-11-15T12:28:36+00:00\",\"mainEntityOfPage\":{\"@id\":\"https:\/\/www.comundi.fr\/mag-des-competences\/gestion-de-linformation-efficacite-professionnelle-communication-2\/#webpage\"},\"commentCount\":0,\"publisher\":{\"@id\":\"https:\/\/www.comundi.fr\/mag-des-competences\/#organization\"},\"image\":{\"@id\":\"https:\/\/www.comundi.fr\/mag-des-competences\/gestion-de-linformation-efficacite-professionnelle-communication-2\/#primaryimage\"},\"articleSection\":\"management\",\"inLanguage\":\"fr-FR\",\"potentialAction\":[{\"@type\":\"CommentAction\",\"name\":\"Comment\",\"target\":[\"https:\/\/www.comundi.fr\/mag-des-competences\/gestion-de-linformation-efficacite-professionnelle-communication-2\/#respond\"]}]},{\"@type\":\"Person\",\"@id\":\"https:\/\/www.comundi.fr\/mag-des-competences\/#\/schema\/person\/d08f5c2cf9de6fcfd33c30314745578e\",\"name\":\"Comundi\",\"image\":{\"@type\":\"ImageObject\",\"@id\":\"https:\/\/www.comundi.fr\/mag-des-competences\/#personlogo\",\"inLanguage\":\"fr-FR\",\"url\":\"https:\/\/secure.gravatar.com\/avatar\/da2835ae7b2c1279e8e897d242f4cda6?s=96&d=mm&r=g\",\"contentUrl\":\"https:\/\/secure.gravatar.com\/avatar\/da2835ae7b2c1279e8e897d242f4cda6?s=96&d=mm&r=g\",\"caption\":\"Comundi\"}}]}<\/script>\n<!-- \/ Yoast SEO plugin. -->","amp_enabled":true,"_links":{"self":[{"href":"https:\/\/www.comundi.fr\/mag-des-competences\/wp-json\/wp\/v2\/posts\/2052"}],"collection":[{"href":"https:\/\/www.comundi.fr\/mag-des-competences\/wp-json\/wp\/v2\/posts"}],"about":[{"href":"https:\/\/www.comundi.fr\/mag-des-competences\/wp-json\/wp\/v2\/types\/post"}],"author":[{"embeddable":true,"href":"https:\/\/www.comundi.fr\/mag-des-competences\/wp-json\/wp\/v2\/users\/8"}],"replies":[{"embeddable":true,"href":"https:\/\/www.comundi.fr\/mag-des-competences\/wp-json\/wp\/v2\/comments?post=2052"}],"version-history":[{"count":7,"href":"https:\/\/www.comundi.fr\/mag-des-competences\/wp-json\/wp\/v2\/posts\/2052\/revisions"}],"predecessor-version":[{"id":4614,"href":"https:\/\/www.comundi.fr\/mag-des-competences\/wp-json\/wp\/v2\/posts\/2052\/revisions\/4614"}],"wp:featuredmedia":[{"embeddable":true,"href":"https:\/\/www.comundi.fr\/mag-des-competences\/wp-json\/wp\/v2\/media\/4615"}],"wp:attachment":[{"href":"https:\/\/www.comundi.fr\/mag-des-competences\/wp-json\/wp\/v2\/media?parent=2052"}],"wp:term":[{"taxonomy":"category","embeddable":true,"href":"https:\/\/www.comundi.fr\/mag-des-competences\/wp-json\/wp\/v2\/categories?post=2052"}],"curies":[{"name":"wp","href":"https:\/\/api.w.org\/{rel}","templated":true}]}}