{"id":2038,"date":"2019-04-23T09:00:36","date_gmt":"2019-04-23T07:00:36","guid":{"rendered":"https:\/\/www.comundi.fr\/mag-des-competences\/?p=2038"},"modified":"2019-11-13T14:12:34","modified_gmt":"2019-11-13T13:12:34","slug":"plaidoyer-pour-la-rigueur-5-regles-a-adopter-pour-etre-pro-au-quotidien","status":"publish","type":"post","link":"https:\/\/www.comundi.fr\/mag-des-competences\/plaidoyer-pour-la-rigueur-5-regles-a-adopter-pour-etre-pro-au-quotidien\/","title":{"rendered":"Plaidoyer pour la rigueur : 5 r\u00e8gles \u00e0 adopter pour \u00eatre pro au quotidien"},"content":{"rendered":"<p style=\"text-align: justify;\"><em>Principe cl\u00e9 de l\u2019activit\u00e9 professionnelle, la rigueur impose un travail sur soi, pers\u00e9v\u00e9rant et constant. Plut\u00f4t individuelle, elle contribue \u00e0 la qualit\u00e9 des produits et des services propos\u00e9s collectivement par les entreprises et les institutions publiques. Rigueur de l\u2019apprentissage et apprentissage de la rigueur, elle valait bien une formation.<\/em><\/p>\n<p style=\"text-align: justify;\"><em>Le point de vue de <strong>Martine Bigot<\/strong><\/em><\/p>\n<h2 style=\"text-align: justify;\"><strong>La rigueur, une qualit\u00e9 pl\u00e9biscit\u00e9e<\/strong><\/h2>\n<p style=\"text-align: justify;\">R\u00e9aliser un objectif, tenir ses engagements, respecter les d\u00e9lais et les proc\u00e9dures, agir de mani\u00e8re structur\u00e9e et limpide, autant de comportements valoris\u00e9s dans les entreprises. D\u2019ailleurs, la rigueur fait partie des qualit\u00e9s le plus souvent exig\u00e9es dans les offres d\u2019emploi en 2017*.<\/p>\n<p style=\"text-align: justify;\">Elle arrive en premi\u00e8re place, loin devant le sens du service, le go\u00fbt du challenge et la polyvalence. Si elle s\u00e9duit les recruteurs, c\u2019est sans doute qu\u2019ils sont plus attentifs aux savoir-\u00eatre indispensables dans l\u2019univers professionnel, \u00e0 ceux qui font la diff\u00e9rence. Dans certains secteurs, les qualit\u00e9s professionnelles sont m\u00eame plus recherch\u00e9es encore que <a href=\"https:\/\/www.comundi.fr\/mag-des-competences\/les-competences-cles-dun-acheteur-aujourdhui\/\">les comp\u00e9tences techniques<\/a>.<\/p>\n<p style=\"text-align: justify;\">En effet, d\u00e9velopper la rigueur professionnelle ne pr\u00e9sente que des avantages pour l\u2019entreprise\u00a0: gain de temps et d\u2019argent, efficacit\u00e9, performance et confiance des clients. Malheureusement, on ne prend conscience de la n\u00e9cessit\u00e9 de renforcer la rigueur que lorsque celle-ci fait d\u00e9faut. Et pourtant les clients internes et externes, eux, jugent, sur des preuves\u00a0!<\/p>\n<h2 style=\"text-align: justify;\"><strong>Ne pas opposer rigueur et agilit\u00e9<\/strong><\/h2>\n<p style=\"text-align: justify;\">L\u2019entreprise dite lib\u00e9r\u00e9e conna\u00eet aussi un syst\u00e8me de fonctionnement rigoureux, mais limpide. <em>\u00ab\u00a0C\u2019est la rigueur qui permet de lib\u00e9rer l\u2019autonomie et la cr\u00e9ativit\u00e9 des personnes\u00a0\u00bb, <\/em><em>souligne une sp\u00e9cialiste<\/em><em>.<\/em> A l\u2019inverse, l\u2019exc\u00e8s de rigueur conduirait \u00e0 la rigidit\u00e9, toxique pour des organisations qui se veulent de plus en plus agiles.<\/p>\n<p style=\"text-align: justify;\">Mais alors que mettre derri\u00e8re le mot qui renvoie aussi aux notions de s\u00e9v\u00e9rit\u00e9, de duret\u00e9, d&rsquo;aust\u00e9rit\u00e9\u00a0? Dans la formation, nous d\u00e9veloppons l\u2019<strong>apprentissage<\/strong> de <strong>5 r\u00e8gles \u00e0 adopter pour \u00eatre pro au quotidien<\/strong>\u00a0: r\u00e9pondre aux objectifs fix\u00e9s, respecter les d\u00e9lais, soigner les d\u00e9tails, aller jusqu\u2019au bout de ses engagements, pratiquer la communication positive. Renforcer sa rigueur ne se r\u00e9sume pas \u00e0 une s\u00e9rie de recettes.<\/p>\n<p style=\"text-align: justify;\">En revanche, y consacrer deux jours permet d\u2019analyser et de prendre du recul par rapport \u00e0 ses propres pratiques, d\u2019\u00e9tablir des priorit\u00e9s et de s\u2019y r\u00e9f\u00e9rer pour garder le cap. <em>La rigueur vient toujours \u00e0 bout de l\u2019obstacle<\/em>, selon L\u00e9onard de Vinci.<\/p>\n<p style=\"text-align: justify;\">*Etude Adzuna\/Les Echos Start, 2017<\/p>\n<p style=\"text-align: justify;\">Pour aller plus loin, d\u00e9couvrez la formation\u00a0: <a href=\"https:\/\/www.comundi.fr\/formation-collaborer-et-travailler-en-equipe\/formation-etre-rigoureux-dans-son-travail.html\">Etre rigoureux dans son travail<\/a><\/p>\n","protected":false},"excerpt":{"rendered":"<p>Principe cl\u00e9 de l\u2019activit\u00e9 professionnelle, la rigueur impose un travail sur soi, pers\u00e9v\u00e9rant et constant. Plut\u00f4t individuelle, elle contribue \u00e0 la qualit\u00e9 des produits et des services propos\u00e9s collectivement par les entreprises et les institutions publiques. Rigueur de l\u2019apprentissage et apprentissage de la rigueur, elle valait bien une formation. Le point de vue de Martine [&hellip;]<\/p>\n","protected":false},"author":8,"featured_media":2037,"comment_status":"open","ping_status":"open","sticky":false,"template":"","format":"standard","meta":{"_mi_skip_tracking":false},"categories":[183],"yoast_head":"<!-- This site is optimized with the Yoast SEO plugin v16.1 - https:\/\/yoast.com\/wordpress\/plugins\/seo\/ -->\n<title>Plaidoyer pour la rigueur : 5 r\u00e8gles \u00e0 adopter pour \u00eatre pro au quotidien - Mag des comp\u00e9tences - Comundi<\/title>\n<meta name=\"description\" content=\"Plaidoyer pour la rigueur : 5 r\u00e8gles \u00e0 adopter pour \u00eatre pro au quotidien, d\u00e9couvrez le point de vue de notre formatrice Martine Bigot,\" \/>\n<meta name=\"robots\" content=\"noindex, nofollow\" \/>\n<meta property=\"og:locale\" content=\"fr_FR\" \/>\n<meta property=\"og:type\" content=\"article\" \/>\n<meta property=\"og:title\" content=\"Plaidoyer pour la rigueur : 5 r\u00e8gles \u00e0 adopter pour \u00eatre pro au quotidien - Mag des comp\u00e9tences - Comundi\" \/>\n<meta property=\"og:description\" content=\"Plaidoyer pour la rigueur : 5 r\u00e8gles \u00e0 adopter pour \u00eatre pro au quotidien, d\u00e9couvrez le point de vue de notre formatrice Martine Bigot,\" \/>\n<meta property=\"og:url\" content=\"https:\/\/www.comundi.fr\/mag-des-competences\/plaidoyer-pour-la-rigueur-5-regles-a-adopter-pour-etre-pro-au-quotidien\/\" \/>\n<meta property=\"og:site_name\" content=\"Mag des comp\u00e9tences - Comundi\" \/>\n<meta property=\"article:publisher\" content=\"https:\/\/www.facebook.com\/Comundi\/?fref=ts\" \/>\n<meta property=\"article:published_time\" content=\"2019-04-23T07:00:36+00:00\" \/>\n<meta property=\"article:modified_time\" content=\"2019-11-13T13:12:34+00:00\" \/>\n<meta property=\"og:image\" content=\"https:\/\/www.comundi.fr\/mag-des-competences\/wp-content\/uploads\/2019\/04\/shutterstock_343438538-e1555419896274.jpg\" \/>\n\t<meta property=\"og:image:width\" content=\"1000\" \/>\n\t<meta property=\"og:image:height\" content=\"667\" \/>\n<meta name=\"twitter:card\" content=\"summary_large_image\" \/>\n<meta name=\"twitter:creator\" content=\"@ComundiActu\" \/>\n<meta name=\"twitter:site\" content=\"@ComundiActu\" \/>\n<meta name=\"twitter:label1\" content=\"Dur\u00e9e de lecture est.\">\n\t<meta name=\"twitter:data1\" content=\"2 minutes\">\n<script type=\"application\/ld+json\" class=\"yoast-schema-graph\">{\"@context\":\"https:\/\/schema.org\",\"@graph\":[{\"@type\":\"Organization\",\"@id\":\"https:\/\/www.comundi.fr\/mag-des-competences\/#organization\",\"name\":\"Comundi\",\"url\":\"https:\/\/www.comundi.fr\/mag-des-competences\/\",\"sameAs\":[\"https:\/\/www.facebook.com\/Comundi\/?fref=ts\",\"https:\/\/www.linkedin.com\/company\/comundi\/\",\"https:\/\/www.youtube.com\/user\/ComundiFormations\",\"https:\/\/twitter.com\/ComundiActu\"],\"logo\":{\"@type\":\"ImageObject\",\"@id\":\"https:\/\/www.comundi.fr\/mag-des-competences\/#logo\",\"inLanguage\":\"fr-FR\",\"url\":\"https:\/\/www.comundi.fr\/mag-des-competences\/wp-content\/uploads\/2018\/01\/comundi.png\",\"contentUrl\":\"https:\/\/www.comundi.fr\/mag-des-competences\/wp-content\/uploads\/2018\/01\/comundi.png\",\"width\":300,\"height\":300,\"caption\":\"Comundi\"},\"image\":{\"@id\":\"https:\/\/www.comundi.fr\/mag-des-competences\/#logo\"}},{\"@type\":\"WebSite\",\"@id\":\"https:\/\/www.comundi.fr\/mag-des-competences\/#website\",\"url\":\"https:\/\/www.comundi.fr\/mag-des-competences\/\",\"name\":\"Mag des comp\\u00e9tences - Comundi\",\"description\":\"Le magazine des m\\u00e9tiers de demain\",\"publisher\":{\"@id\":\"https:\/\/www.comundi.fr\/mag-des-competences\/#organization\"},\"potentialAction\":[{\"@type\":\"SearchAction\",\"target\":\"https:\/\/www.comundi.fr\/mag-des-competences\/?s={search_term_string}\",\"query-input\":\"required name=search_term_string\"}],\"inLanguage\":\"fr-FR\"},{\"@type\":\"ImageObject\",\"@id\":\"https:\/\/www.comundi.fr\/mag-des-competences\/plaidoyer-pour-la-rigueur-5-regles-a-adopter-pour-etre-pro-au-quotidien\/#primaryimage\",\"inLanguage\":\"fr-FR\",\"url\":\"https:\/\/www.comundi.fr\/mag-des-competences\/wp-content\/uploads\/2019\/04\/shutterstock_343438538-e1555419896274.jpg\",\"contentUrl\":\"https:\/\/www.comundi.fr\/mag-des-competences\/wp-content\/uploads\/2019\/04\/shutterstock_343438538-e1555419896274.jpg\",\"width\":1000,\"height\":667,\"caption\":\"La rigueur, une qualit\\u00e9 pl\\u00e9biscit\\u00e9e\"},{\"@type\":\"WebPage\",\"@id\":\"https:\/\/www.comundi.fr\/mag-des-competences\/plaidoyer-pour-la-rigueur-5-regles-a-adopter-pour-etre-pro-au-quotidien\/#webpage\",\"url\":\"https:\/\/www.comundi.fr\/mag-des-competences\/plaidoyer-pour-la-rigueur-5-regles-a-adopter-pour-etre-pro-au-quotidien\/\",\"name\":\"Plaidoyer pour la rigueur : 5 r\\u00e8gles \\u00e0 adopter pour \\u00eatre pro au quotidien - Mag des comp\\u00e9tences - Comundi\",\"isPartOf\":{\"@id\":\"https:\/\/www.comundi.fr\/mag-des-competences\/#website\"},\"primaryImageOfPage\":{\"@id\":\"https:\/\/www.comundi.fr\/mag-des-competences\/plaidoyer-pour-la-rigueur-5-regles-a-adopter-pour-etre-pro-au-quotidien\/#primaryimage\"},\"datePublished\":\"2019-04-23T07:00:36+00:00\",\"dateModified\":\"2019-11-13T13:12:34+00:00\",\"description\":\"Plaidoyer pour la rigueur : 5 r\\u00e8gles \\u00e0 adopter pour \\u00eatre pro au quotidien, d\\u00e9couvrez le point de vue de notre formatrice Martine Bigot,\",\"breadcrumb\":{\"@id\":\"https:\/\/www.comundi.fr\/mag-des-competences\/plaidoyer-pour-la-rigueur-5-regles-a-adopter-pour-etre-pro-au-quotidien\/#breadcrumb\"},\"inLanguage\":\"fr-FR\",\"potentialAction\":[{\"@type\":\"ReadAction\",\"target\":[\"https:\/\/www.comundi.fr\/mag-des-competences\/plaidoyer-pour-la-rigueur-5-regles-a-adopter-pour-etre-pro-au-quotidien\/\"]}]},{\"@type\":\"BreadcrumbList\",\"@id\":\"https:\/\/www.comundi.fr\/mag-des-competences\/plaidoyer-pour-la-rigueur-5-regles-a-adopter-pour-etre-pro-au-quotidien\/#breadcrumb\",\"itemListElement\":[{\"@type\":\"ListItem\",\"position\":1,\"item\":{\"@type\":\"WebPage\",\"@id\":\"https:\/\/www.comundi.fr\/mag-des-competences\/\",\"url\":\"https:\/\/www.comundi.fr\/mag-des-competences\/\",\"name\":\"Accueil\"}},{\"@type\":\"ListItem\",\"position\":2,\"item\":{\"@type\":\"WebPage\",\"@id\":\"https:\/\/www.comundi.fr\/mag-des-competences\/plaidoyer-pour-la-rigueur-5-regles-a-adopter-pour-etre-pro-au-quotidien\/\",\"url\":\"https:\/\/www.comundi.fr\/mag-des-competences\/plaidoyer-pour-la-rigueur-5-regles-a-adopter-pour-etre-pro-au-quotidien\/\",\"name\":\"Plaidoyer pour la rigueur : 5 r\\u00e8gles \\u00e0 adopter pour \\u00eatre pro au quotidien\"}}]},{\"@type\":\"Article\",\"@id\":\"https:\/\/www.comundi.fr\/mag-des-competences\/plaidoyer-pour-la-rigueur-5-regles-a-adopter-pour-etre-pro-au-quotidien\/#article\",\"isPartOf\":{\"@id\":\"https:\/\/www.comundi.fr\/mag-des-competences\/plaidoyer-pour-la-rigueur-5-regles-a-adopter-pour-etre-pro-au-quotidien\/#webpage\"},\"author\":{\"@id\":\"https:\/\/www.comundi.fr\/mag-des-competences\/#\/schema\/person\/d08f5c2cf9de6fcfd33c30314745578e\"},\"headline\":\"Plaidoyer pour la rigueur : 5 r\\u00e8gles \\u00e0 adopter pour \\u00eatre pro au quotidien\",\"datePublished\":\"2019-04-23T07:00:36+00:00\",\"dateModified\":\"2019-11-13T13:12:34+00:00\",\"mainEntityOfPage\":{\"@id\":\"https:\/\/www.comundi.fr\/mag-des-competences\/plaidoyer-pour-la-rigueur-5-regles-a-adopter-pour-etre-pro-au-quotidien\/#webpage\"},\"commentCount\":0,\"publisher\":{\"@id\":\"https:\/\/www.comundi.fr\/mag-des-competences\/#organization\"},\"image\":{\"@id\":\"https:\/\/www.comundi.fr\/mag-des-competences\/plaidoyer-pour-la-rigueur-5-regles-a-adopter-pour-etre-pro-au-quotidien\/#primaryimage\"},\"articleSection\":\"Efficacit\\u00e9 professionnelle\",\"inLanguage\":\"fr-FR\",\"potentialAction\":[{\"@type\":\"CommentAction\",\"name\":\"Comment\",\"target\":[\"https:\/\/www.comundi.fr\/mag-des-competences\/plaidoyer-pour-la-rigueur-5-regles-a-adopter-pour-etre-pro-au-quotidien\/#respond\"]}]},{\"@type\":\"Person\",\"@id\":\"https:\/\/www.comundi.fr\/mag-des-competences\/#\/schema\/person\/d08f5c2cf9de6fcfd33c30314745578e\",\"name\":\"Comundi\",\"image\":{\"@type\":\"ImageObject\",\"@id\":\"https:\/\/www.comundi.fr\/mag-des-competences\/#personlogo\",\"inLanguage\":\"fr-FR\",\"url\":\"https:\/\/secure.gravatar.com\/avatar\/da2835ae7b2c1279e8e897d242f4cda6?s=96&d=mm&r=g\",\"contentUrl\":\"https:\/\/secure.gravatar.com\/avatar\/da2835ae7b2c1279e8e897d242f4cda6?s=96&d=mm&r=g\",\"caption\":\"Comundi\"}}]}<\/script>\n<!-- \/ Yoast SEO plugin. -->","amp_enabled":true,"_links":{"self":[{"href":"https:\/\/www.comundi.fr\/mag-des-competences\/wp-json\/wp\/v2\/posts\/2038"}],"collection":[{"href":"https:\/\/www.comundi.fr\/mag-des-competences\/wp-json\/wp\/v2\/posts"}],"about":[{"href":"https:\/\/www.comundi.fr\/mag-des-competences\/wp-json\/wp\/v2\/types\/post"}],"author":[{"embeddable":true,"href":"https:\/\/www.comundi.fr\/mag-des-competences\/wp-json\/wp\/v2\/users\/8"}],"replies":[{"embeddable":true,"href":"https:\/\/www.comundi.fr\/mag-des-competences\/wp-json\/wp\/v2\/comments?post=2038"}],"version-history":[{"count":5,"href":"https:\/\/www.comundi.fr\/mag-des-competences\/wp-json\/wp\/v2\/posts\/2038\/revisions"}],"predecessor-version":[{"id":4582,"href":"https:\/\/www.comundi.fr\/mag-des-competences\/wp-json\/wp\/v2\/posts\/2038\/revisions\/4582"}],"wp:featuredmedia":[{"embeddable":true,"href":"https:\/\/www.comundi.fr\/mag-des-competences\/wp-json\/wp\/v2\/media\/2037"}],"wp:attachment":[{"href":"https:\/\/www.comundi.fr\/mag-des-competences\/wp-json\/wp\/v2\/media?parent=2038"}],"wp:term":[{"taxonomy":"category","embeddable":true,"href":"https:\/\/www.comundi.fr\/mag-des-competences\/wp-json\/wp\/v2\/categories?post=2038"}],"curies":[{"name":"wp","href":"https:\/\/api.w.org\/{rel}","templated":true}]}}