{"id":1629,"date":"2018-11-19T11:01:56","date_gmt":"2018-11-19T10:01:56","guid":{"rendered":"https:\/\/www.comundi.fr\/mag-des-competences\/?p=1629"},"modified":"2021-11-09T11:27:36","modified_gmt":"2021-11-09T10:27:36","slug":"digital-learning-trip-decouvrez-le-retour-dexperience-du-credit-foncier","status":"publish","type":"post","link":"https:\/\/www.comundi.fr\/mag-des-competences\/digital-learning-trip-decouvrez-le-retour-dexperience-du-credit-foncier\/","title":{"rendered":"Digital Learning Trip : d\u00e9couvrez le retour d\u2019exp\u00e9rience du Cr\u00e9dit Foncier"},"content":{"rendered":"<p>Qu\u2019est-ce que le Digital Learning Trip ?<\/p>\n<p>D\u00e9couvrez les retours de nos participants \u00e0 travers le t\u00e9moignage du Cr\u00e9dit Foncier.<\/p>\n<p><strong>Pour aller plus loin, d\u00e9couvrez la formation :\u00a0<\/strong><a href=\"https:\/\/www.comundi.fr\/formations\/formation-digital-learning-trip.html\">\u00ab\u00a0Digital Learning Trip\u00a0\u00bb<\/a><\/p>\n","protected":false},"excerpt":{"rendered":"<p>Qu\u2019est-ce que le Digital Learning Trip ? D\u00e9couvrez les retours de nos participants \u00e0 travers le t\u00e9moignage du Cr\u00e9dit Foncier. Pour aller plus loin, d\u00e9couvrez la formation :\u00a0\u00ab\u00a0Digital Learning Trip\u00a0\u00bb<\/p>\n","protected":false},"author":8,"featured_media":1631,"comment_status":"open","ping_status":"open","sticky":false,"template":"","format":"video","meta":{"_mi_skip_tracking":false},"categories":[185,190,201],"yoast_head":"<!-- This site is optimized with the Yoast SEO plugin v16.1 - https:\/\/yoast.com\/wordpress\/plugins\/seo\/ -->\n<title>Digital Learning Trip : d\u00e9couvrez le retour d\u2019exp\u00e9rience du Cr\u00e9dit Foncier - Mag des comp\u00e9tences - Comundi<\/title>\n<meta name=\"description\" content=\"D\u00e9couvrez le Digital learning Trip et enrichissez vos connaissances dans le digital. Nos participants du Cr\u00e9dit Foncier vous en parlent.\" \/>\n<meta name=\"robots\" content=\"index, follow, max-snippet:-1, max-image-preview:large, max-video-preview:-1\" \/>\n<link rel=\"canonical\" href=\"https:\/\/www.comundi.fr\/mag-des-competences\/digital-learning-trip-decouvrez-le-retour-dexperience-du-credit-foncier\/\" \/>\n<meta property=\"og:locale\" content=\"fr_FR\" \/>\n<meta property=\"og:type\" content=\"article\" \/>\n<meta property=\"og:title\" content=\"Digital Learning Trip : d\u00e9couvrez le retour d\u2019exp\u00e9rience du Cr\u00e9dit Foncier - Mag des comp\u00e9tences - Comundi\" \/>\n<meta property=\"og:description\" content=\"D\u00e9couvrez le Digital learning Trip et enrichissez vos connaissances dans le digital. Nos participants du Cr\u00e9dit Foncier vous en parlent.\" \/>\n<meta property=\"og:url\" content=\"https:\/\/www.comundi.fr\/mag-des-competences\/digital-learning-trip-decouvrez-le-retour-dexperience-du-credit-foncier\/\" \/>\n<meta property=\"og:site_name\" content=\"Mag des comp\u00e9tences - Comundi\" \/>\n<meta property=\"article:publisher\" content=\"https:\/\/www.facebook.com\/Comundi\/?fref=ts\" \/>\n<meta property=\"article:published_time\" content=\"2018-11-19T10:01:56+00:00\" \/>\n<meta property=\"article:modified_time\" content=\"2021-11-09T10:27:36+00:00\" \/>\n<meta property=\"og:image\" content=\"https:\/\/www.comundi.fr\/mag-des-competences\/wp-content\/uploads\/2018\/11\/maxresdefault-6.jpg\" \/>\n\t<meta property=\"og:image:width\" content=\"1280\" \/>\n\t<meta property=\"og:image:height\" content=\"720\" \/>\n<meta name=\"twitter:card\" content=\"summary_large_image\" \/>\n<meta name=\"twitter:creator\" content=\"@ComundiActu\" \/>\n<meta name=\"twitter:site\" content=\"@ComundiActu\" \/>\n<meta name=\"twitter:label1\" content=\"Dur\u00e9e de lecture est.\">\n\t<meta name=\"twitter:data1\" content=\"1 minute\">\n<script type=\"application\/ld+json\" class=\"yoast-schema-graph\">{\"@context\":\"https:\/\/schema.org\",\"@graph\":[{\"@type\":\"Organization\",\"@id\":\"https:\/\/www.comundi.fr\/mag-des-competences\/#organization\",\"name\":\"Comundi\",\"url\":\"https:\/\/www.comundi.fr\/mag-des-competences\/\",\"sameAs\":[\"https:\/\/www.facebook.com\/Comundi\/?fref=ts\",\"https:\/\/www.linkedin.com\/company\/comundi\/\",\"https:\/\/www.youtube.com\/user\/ComundiFormations\",\"https:\/\/twitter.com\/ComundiActu\"],\"logo\":{\"@type\":\"ImageObject\",\"@id\":\"https:\/\/www.comundi.fr\/mag-des-competences\/#logo\",\"inLanguage\":\"fr-FR\",\"url\":\"https:\/\/www.comundi.fr\/mag-des-competences\/wp-content\/uploads\/2018\/01\/comundi.png\",\"contentUrl\":\"https:\/\/www.comundi.fr\/mag-des-competences\/wp-content\/uploads\/2018\/01\/comundi.png\",\"width\":300,\"height\":300,\"caption\":\"Comundi\"},\"image\":{\"@id\":\"https:\/\/www.comundi.fr\/mag-des-competences\/#logo\"}},{\"@type\":\"WebSite\",\"@id\":\"https:\/\/www.comundi.fr\/mag-des-competences\/#website\",\"url\":\"https:\/\/www.comundi.fr\/mag-des-competences\/\",\"name\":\"Mag des comp\\u00e9tences - Comundi\",\"description\":\"Le magazine des m\\u00e9tiers de demain\",\"publisher\":{\"@id\":\"https:\/\/www.comundi.fr\/mag-des-competences\/#organization\"},\"potentialAction\":[{\"@type\":\"SearchAction\",\"target\":\"https:\/\/www.comundi.fr\/mag-des-competences\/?s={search_term_string}\",\"query-input\":\"required name=search_term_string\"}],\"inLanguage\":\"fr-FR\"},{\"@type\":\"ImageObject\",\"@id\":\"https:\/\/www.comundi.fr\/mag-des-competences\/digital-learning-trip-decouvrez-le-retour-dexperience-du-credit-foncier\/#primaryimage\",\"inLanguage\":\"fr-FR\",\"url\":\"https:\/\/www.comundi.fr\/mag-des-competences\/wp-content\/uploads\/2018\/11\/maxresdefault-6.jpg\",\"contentUrl\":\"https:\/\/www.comundi.fr\/mag-des-competences\/wp-content\/uploads\/2018\/11\/maxresdefault-6.jpg\",\"width\":1280,\"height\":720,\"caption\":\"Val\\u00e9rie Dreux et J\\u00e9r\\u00f4me Lamiot, communicants chez Cr\\u00e9dit Foncier\"},{\"@type\":\"WebPage\",\"@id\":\"https:\/\/www.comundi.fr\/mag-des-competences\/digital-learning-trip-decouvrez-le-retour-dexperience-du-credit-foncier\/#webpage\",\"url\":\"https:\/\/www.comundi.fr\/mag-des-competences\/digital-learning-trip-decouvrez-le-retour-dexperience-du-credit-foncier\/\",\"name\":\"Digital Learning Trip : d\\u00e9couvrez le retour d\\u2019exp\\u00e9rience du Cr\\u00e9dit Foncier - Mag des comp\\u00e9tences - Comundi\",\"isPartOf\":{\"@id\":\"https:\/\/www.comundi.fr\/mag-des-competences\/#website\"},\"primaryImageOfPage\":{\"@id\":\"https:\/\/www.comundi.fr\/mag-des-competences\/digital-learning-trip-decouvrez-le-retour-dexperience-du-credit-foncier\/#primaryimage\"},\"datePublished\":\"2018-11-19T10:01:56+00:00\",\"dateModified\":\"2021-11-09T10:27:36+00:00\",\"description\":\"D\\u00e9couvrez le Digital learning Trip et enrichissez vos connaissances dans le digital. Nos participants du Cr\\u00e9dit Foncier vous en parlent.\",\"breadcrumb\":{\"@id\":\"https:\/\/www.comundi.fr\/mag-des-competences\/digital-learning-trip-decouvrez-le-retour-dexperience-du-credit-foncier\/#breadcrumb\"},\"inLanguage\":\"fr-FR\",\"potentialAction\":[{\"@type\":\"ReadAction\",\"target\":[\"https:\/\/www.comundi.fr\/mag-des-competences\/digital-learning-trip-decouvrez-le-retour-dexperience-du-credit-foncier\/\"]}]},{\"@type\":\"BreadcrumbList\",\"@id\":\"https:\/\/www.comundi.fr\/mag-des-competences\/digital-learning-trip-decouvrez-le-retour-dexperience-du-credit-foncier\/#breadcrumb\",\"itemListElement\":[{\"@type\":\"ListItem\",\"position\":1,\"item\":{\"@type\":\"WebPage\",\"@id\":\"https:\/\/www.comundi.fr\/mag-des-competences\/\",\"url\":\"https:\/\/www.comundi.fr\/mag-des-competences\/\",\"name\":\"Accueil\"}},{\"@type\":\"ListItem\",\"position\":2,\"item\":{\"@type\":\"WebPage\",\"@id\":\"https:\/\/www.comundi.fr\/mag-des-competences\/digital-learning-trip-decouvrez-le-retour-dexperience-du-credit-foncier\/\",\"url\":\"https:\/\/www.comundi.fr\/mag-des-competences\/digital-learning-trip-decouvrez-le-retour-dexperience-du-credit-foncier\/\",\"name\":\"Digital Learning Trip : d\\u00e9couvrez le retour d\\u2019exp\\u00e9rience du Cr\\u00e9dit Foncier\"}}]},{\"@type\":\"Article\",\"@id\":\"https:\/\/www.comundi.fr\/mag-des-competences\/digital-learning-trip-decouvrez-le-retour-dexperience-du-credit-foncier\/#article\",\"isPartOf\":{\"@id\":\"https:\/\/www.comundi.fr\/mag-des-competences\/digital-learning-trip-decouvrez-le-retour-dexperience-du-credit-foncier\/#webpage\"},\"author\":{\"@id\":\"https:\/\/www.comundi.fr\/mag-des-competences\/#\/schema\/person\/d08f5c2cf9de6fcfd33c30314745578e\"},\"headline\":\"Digital Learning Trip : d\\u00e9couvrez le retour d\\u2019exp\\u00e9rience du Cr\\u00e9dit Foncier\",\"datePublished\":\"2018-11-19T10:01:56+00:00\",\"dateModified\":\"2021-11-09T10:27:36+00:00\",\"mainEntityOfPage\":{\"@id\":\"https:\/\/www.comundi.fr\/mag-des-competences\/digital-learning-trip-decouvrez-le-retour-dexperience-du-credit-foncier\/#webpage\"},\"commentCount\":0,\"publisher\":{\"@id\":\"https:\/\/www.comundi.fr\/mag-des-competences\/#organization\"},\"image\":{\"@id\":\"https:\/\/www.comundi.fr\/mag-des-competences\/digital-learning-trip-decouvrez-le-retour-dexperience-du-credit-foncier\/#primaryimage\"},\"articleSection\":\"D\\u00e9veloppement personnel,Digital,Formation professionnelle\",\"inLanguage\":\"fr-FR\",\"potentialAction\":[{\"@type\":\"CommentAction\",\"name\":\"Comment\",\"target\":[\"https:\/\/www.comundi.fr\/mag-des-competences\/digital-learning-trip-decouvrez-le-retour-dexperience-du-credit-foncier\/#respond\"]}]},{\"@type\":\"Person\",\"@id\":\"https:\/\/www.comundi.fr\/mag-des-competences\/#\/schema\/person\/d08f5c2cf9de6fcfd33c30314745578e\",\"name\":\"Comundi\",\"image\":{\"@type\":\"ImageObject\",\"@id\":\"https:\/\/www.comundi.fr\/mag-des-competences\/#personlogo\",\"inLanguage\":\"fr-FR\",\"url\":\"https:\/\/secure.gravatar.com\/avatar\/da2835ae7b2c1279e8e897d242f4cda6?s=96&d=mm&r=g\",\"contentUrl\":\"https:\/\/secure.gravatar.com\/avatar\/da2835ae7b2c1279e8e897d242f4cda6?s=96&d=mm&r=g\",\"caption\":\"Comundi\"}}]}<\/script>\n<!-- \/ Yoast SEO plugin. -->","amp_enabled":true,"_links":{"self":[{"href":"https:\/\/www.comundi.fr\/mag-des-competences\/wp-json\/wp\/v2\/posts\/1629"}],"collection":[{"href":"https:\/\/www.comundi.fr\/mag-des-competences\/wp-json\/wp\/v2\/posts"}],"about":[{"href":"https:\/\/www.comundi.fr\/mag-des-competences\/wp-json\/wp\/v2\/types\/post"}],"author":[{"embeddable":true,"href":"https:\/\/www.comundi.fr\/mag-des-competences\/wp-json\/wp\/v2\/users\/8"}],"replies":[{"embeddable":true,"href":"https:\/\/www.comundi.fr\/mag-des-competences\/wp-json\/wp\/v2\/comments?post=1629"}],"version-history":[{"count":2,"href":"https:\/\/www.comundi.fr\/mag-des-competences\/wp-json\/wp\/v2\/posts\/1629\/revisions"}],"predecessor-version":[{"id":9804,"href":"https:\/\/www.comundi.fr\/mag-des-competences\/wp-json\/wp\/v2\/posts\/1629\/revisions\/9804"}],"wp:featuredmedia":[{"embeddable":true,"href":"https:\/\/www.comundi.fr\/mag-des-competences\/wp-json\/wp\/v2\/media\/1631"}],"wp:attachment":[{"href":"https:\/\/www.comundi.fr\/mag-des-competences\/wp-json\/wp\/v2\/media?parent=1629"}],"wp:term":[{"taxonomy":"category","embeddable":true,"href":"https:\/\/www.comundi.fr\/mag-des-competences\/wp-json\/wp\/v2\/categories?post=1629"}],"curies":[{"name":"wp","href":"https:\/\/api.w.org\/{rel}","templated":true}]}}