{"id":1580,"date":"2018-11-15T09:00:21","date_gmt":"2018-11-15T08:00:21","guid":{"rendered":"https:\/\/www.comundi.fr\/mag-des-competences\/?p=1580"},"modified":"2019-10-18T16:25:49","modified_gmt":"2019-10-18T14:25:49","slug":"un-cto-pour-developper-lexperience-collaborateur","status":"publish","type":"post","link":"https:\/\/www.comundi.fr\/mag-des-competences\/un-cto-pour-developper-lexperience-collaborateur\/","title":{"rendered":"Un CTO pour d\u00e9velopper l&rsquo;exp\u00e9rience collaborateur"},"content":{"rendered":"<p>Apr\u00e8s le Chief Technology Officer, un autre CTO, le Chief Talent Officer, tend \u00e0 devenir le poste en vue dans les entreprises. Responsable de tous les aspects RH, sa visibilit\u00e9 nouvelle place la notion d&rsquo;exp\u00e9rience collaborateur au c\u0153ur de la transformation des organisations.<\/p>\n<p><a href=\"https:\/\/www.comundi.fr\/mag-des-competences\/le-drh-dans-la-fonction-publique-1-quels-defis-devra-t-il-relever\/\">DRH<\/a> ou CTO\u00a0? Au vu de la description de ses missions,\u00a0le r\u00f4le du \u00ab chief talent officer \u00bb\u00a0peut faire figure d&rsquo;un \u00ab rebranding \u00bb de la fonction du DRH. Pourtant, loin d&rsquo;\u00eatre anecdotique, cette tendance souligne utilement un fait\u00a0: la ressource la plus importante des organisations &#8211; m\u00eame lorsqu&rsquo;elles ont achev\u00e9 leur transformation digitale &#8211; reste leur capital humain, et il r\u00e9clame aujourd&rsquo;hui de nouvelles formes d&rsquo;attention, plus appropri\u00e9es \u00e0 la transformation des entreprises.<\/p>\n<p>Dans ce contexte, pourquoi ne pas s&rsquo;inspirer des efforts men\u00e9s pour optimiser le \u00ab\u00a0parcours client\u00a0\u00bb &#8211; tracking, analyse, optimisation &#8211; et d\u00e9velopper, cette fois,\u00a0la notion d&rsquo;exp\u00e9rience collaborateur\u00a0? Pourquoi ne pas observer et mettre en perspective le parcours d&rsquo;un collaborateur dans l&rsquo;entreprise, et ce depuis son entr\u00e9e, voire d\u00e8s son premier contact pris en tant que candidat\u00a0? En suivant attentivement son \u00e9volution, en enqu\u00eatant sur ses motivations, ses besoins &#8211; lesquels peuvent, en partie, \u00eatre anticip\u00e9s &#8211; il devient possible de fluidifier son parcours au sein de l&rsquo;organisation. L&rsquo;enjeu est particuli\u00e8rement crucial pour les jeunes recrues, soucieuses de \u00ab\u00a0vivre une exp\u00e9rience\u00a0\u00bb et non plus seulement d&rsquo;\u00ab\u00a0avoir un job\u00a0\u00bb. Il en va de m\u00eame pour les cadres digitaux en poste, dont on attend qu&rsquo;ils \u00e9voluent avec l&rsquo;entreprise, tout en s&rsquo;assurant de leur fid\u00e9lit\u00e9.<\/p>\n<h2><strong>D\u00e9siloter l&rsquo;entreprise<\/strong><\/h2>\n<p>Donner \u00e0 la RH une plus grande visibilit\u00e9 est devenu un enjeu strat\u00e9gique. Les technologies se sont banalis\u00e9es et le paysage des organisations a chang\u00e9\u00a0: des \u00e9quipes \u00e9clat\u00e9es, le recours au t\u00e9l\u00e9travail, ainsi que de nouvelles m\u00e9thodes de management ont fait exploser les approches traditionnelles de la gestion des talents et du d\u00e9roulement de carri\u00e8re. Privil\u00e9gier l&rsquo;exp\u00e9rience collaborateur s&rsquo;impose.<\/p>\n<p>L&rsquo;av\u00e8nement du CTO va de pair avec cette dynamique qui vise, in fine, \u00e0 favoriser le partage et l&rsquo;innovation dans l&rsquo;entreprise, c&rsquo;est-\u00e0-dire \u00e0 faire en sorte que les projets puissent \u00eatre appr\u00e9hend\u00e9s de mani\u00e8re volontaire, et non plus de fa\u00e7on descendante dans une organisation fig\u00e9e en silos. Puisqu&rsquo;on leur demande d&rsquo;\u00eatre dans une d\u00e9marche d&rsquo;apprentissage permanent, les collaborateurs doivent pouvoir s&rsquo;attendre \u00e0 une forme d&rsquo;attention et un accompagnement qui soient adapt\u00e9s \u00e0 leur besoin d&rsquo;\u00e9volution.<\/p>\n<p>Toutes les entreprises sont donc aujourd&rsquo;hui mises au d\u00e9fi de devenir \u00ab\u00a0apprenantes\u00a0\u00bb. Pour cela, elles ont compris qu&rsquo;il \u00e9tait n\u00e9cessaire, certes, d&rsquo;attirer les jeunes talents, mais aussi urgent de ne plus laisser leurs cadres seniors sans formation, ni contact avec les nouvelles recrues.<\/p>\n<p>Car celles-ci, d\u00e9tentrices des comp\u00e9tences digitales, les emportent avec elles lorsqu&rsquo;elles quittent l&rsquo;entreprise, le plus souvent sans les avoir transmises. Dans ce contexte, il incombe au CTO de cr\u00e9er un climat de confiance qui mette fin aux r\u00e9ticences, notamment en faisant accepter aux managers que leurs N-1 puissent \u00eatre \u00ab\u00a0plus sachants\u00a0\u00bb qu&rsquo;eux.<\/p>\n<h2><strong>Une revalorisation des RH\u00a0?<\/strong><\/h2>\n<p>Encore peu de DRH figurent au comit\u00e9 de direction, aussi trop de d\u00e9cisions essentielles sont-elles prises en son absence. Faut-il recruter un bataillon de CDI pour renforcer ses comp\u00e9tences data\u00a0? Ou bien faire appel \u00e0 quelques experts au profil hybride et \u00e0 la personnalit\u00e9 magn\u00e9tique &#8211;\u00a0on parle de profils \u00ab aimants \u00bb &#8211; qui soutiendront la curiosit\u00e9 et la motivation des \u00e9quipes et sauront attirer d&rsquo;autres talents\u00a0?<\/p>\n<p>Rappelons que la fonction de DRH est historiquement peu valoris\u00e9e en France. Dans un pays o\u00f9 les PME l&#8217;emportent en nombre &#8211; 139.500 PME recens\u00e9es par l&rsquo;Insee en 2017 -, son image est trop souvent associ\u00e9e \u00e0 celle d&rsquo;un responsable de la paie mont\u00e9 en grade. Or, une \u00e9tude de l&rsquo;Apec, men\u00e9e sur dix ans d&rsquo;offres d&#8217;emploi, montre que sa fonction a consid\u00e9rablement \u00e9volu\u00e9, port\u00e9e par la transformation num\u00e9rique des entreprises et de nouveaux outils collaboratifs.<\/p>\n<p>Si l&rsquo;on rapproche cette \u00e9volution de l&rsquo;apparition du CTO, on est en droit d&rsquo;esp\u00e9rer une prise de conscience\u00a0: il est temps de revaloriser la fonction RH et de lui donner la visibilit\u00e9 qu&rsquo;elle m\u00e9rite.<\/p>\n<p>Emmanuel Stanislas<\/p>\n","protected":false},"excerpt":{"rendered":"<p>Apr\u00e8s le Chief Technology Officer, un autre CTO, le Chief Talent Officer, tend \u00e0 devenir le poste en vue dans les entreprises. Responsable de tous les aspects RH, sa visibilit\u00e9 nouvelle place la notion d&rsquo;exp\u00e9rience collaborateur au c\u0153ur de la transformation des organisations. DRH ou CTO\u00a0? Au vu de la description de ses missions,\u00a0le r\u00f4le [&hellip;]<\/p>\n","protected":false},"author":6,"featured_media":1582,"comment_status":"open","ping_status":"open","sticky":false,"template":"","format":"standard","meta":{"_mi_skip_tracking":false},"categories":[190,200],"yoast_head":"<!-- This site is optimized with the Yoast SEO plugin v16.1 - https:\/\/yoast.com\/wordpress\/plugins\/seo\/ -->\n<title>Un CTO pour d\u00e9velopper l&#039;exp\u00e9rience collaborateur - Mag des comp\u00e9tences - Comundi<\/title>\n<meta name=\"robots\" content=\"noindex, nofollow\" \/>\n<meta property=\"og:locale\" content=\"fr_FR\" \/>\n<meta property=\"og:type\" content=\"article\" \/>\n<meta property=\"og:title\" content=\"Un CTO pour d\u00e9velopper l&#039;exp\u00e9rience collaborateur - Mag des comp\u00e9tences - Comundi\" \/>\n<meta property=\"og:description\" content=\"Apr\u00e8s le Chief Technology Officer, un autre CTO, le Chief Talent Officer, tend \u00e0 devenir le poste en vue dans les entreprises. Responsable de tous les aspects RH, sa visibilit\u00e9 nouvelle place la notion d&rsquo;exp\u00e9rience collaborateur au c\u0153ur de la transformation des organisations. DRH ou CTO\u00a0? Au vu de la description de ses missions,\u00a0le r\u00f4le [&hellip;]\" \/>\n<meta property=\"og:url\" content=\"https:\/\/www.comundi.fr\/mag-des-competences\/un-cto-pour-developper-lexperience-collaborateur\/\" \/>\n<meta property=\"og:site_name\" content=\"Mag des comp\u00e9tences - Comundi\" \/>\n<meta property=\"article:publisher\" content=\"https:\/\/www.facebook.com\/Comundi\/?fref=ts\" \/>\n<meta property=\"article:published_time\" content=\"2018-11-15T08:00:21+00:00\" \/>\n<meta property=\"article:modified_time\" content=\"2019-10-18T14:25:49+00:00\" \/>\n<meta property=\"og:image\" content=\"https:\/\/www.comundi.fr\/mag-des-competences\/wp-content\/uploads\/2018\/11\/CTO-e1541582995888.jpeg\" \/>\n\t<meta property=\"og:image:width\" content=\"1000\" \/>\n\t<meta property=\"og:image:height\" content=\"662\" \/>\n<meta name=\"twitter:card\" content=\"summary_large_image\" \/>\n<meta name=\"twitter:creator\" content=\"@ComundiActu\" \/>\n<meta name=\"twitter:site\" content=\"@ComundiActu\" \/>\n<meta name=\"twitter:label1\" content=\"Dur\u00e9e de lecture est.\">\n\t<meta name=\"twitter:data1\" content=\"4 minutes\">\n<script type=\"application\/ld+json\" class=\"yoast-schema-graph\">{\"@context\":\"https:\/\/schema.org\",\"@graph\":[{\"@type\":\"Organization\",\"@id\":\"https:\/\/www.comundi.fr\/mag-des-competences\/#organization\",\"name\":\"Comundi\",\"url\":\"https:\/\/www.comundi.fr\/mag-des-competences\/\",\"sameAs\":[\"https:\/\/www.facebook.com\/Comundi\/?fref=ts\",\"https:\/\/www.linkedin.com\/company\/comundi\/\",\"https:\/\/www.youtube.com\/user\/ComundiFormations\",\"https:\/\/twitter.com\/ComundiActu\"],\"logo\":{\"@type\":\"ImageObject\",\"@id\":\"https:\/\/www.comundi.fr\/mag-des-competences\/#logo\",\"inLanguage\":\"fr-FR\",\"url\":\"https:\/\/www.comundi.fr\/mag-des-competences\/wp-content\/uploads\/2018\/01\/comundi.png\",\"contentUrl\":\"https:\/\/www.comundi.fr\/mag-des-competences\/wp-content\/uploads\/2018\/01\/comundi.png\",\"width\":300,\"height\":300,\"caption\":\"Comundi\"},\"image\":{\"@id\":\"https:\/\/www.comundi.fr\/mag-des-competences\/#logo\"}},{\"@type\":\"WebSite\",\"@id\":\"https:\/\/www.comundi.fr\/mag-des-competences\/#website\",\"url\":\"https:\/\/www.comundi.fr\/mag-des-competences\/\",\"name\":\"Mag des comp\\u00e9tences - Comundi\",\"description\":\"Le magazine des m\\u00e9tiers de demain\",\"publisher\":{\"@id\":\"https:\/\/www.comundi.fr\/mag-des-competences\/#organization\"},\"potentialAction\":[{\"@type\":\"SearchAction\",\"target\":\"https:\/\/www.comundi.fr\/mag-des-competences\/?s={search_term_string}\",\"query-input\":\"required name=search_term_string\"}],\"inLanguage\":\"fr-FR\"},{\"@type\":\"ImageObject\",\"@id\":\"https:\/\/www.comundi.fr\/mag-des-competences\/un-cto-pour-developper-lexperience-collaborateur\/#primaryimage\",\"inLanguage\":\"fr-FR\",\"url\":\"https:\/\/www.comundi.fr\/mag-des-competences\/wp-content\/uploads\/2018\/11\/CTO-e1541582995888.jpeg\",\"contentUrl\":\"https:\/\/www.comundi.fr\/mag-des-competences\/wp-content\/uploads\/2018\/11\/CTO-e1541582995888.jpeg\",\"width\":1000,\"height\":662,\"caption\":\"CTO_Chief_Talent_Officer\"},{\"@type\":\"WebPage\",\"@id\":\"https:\/\/www.comundi.fr\/mag-des-competences\/un-cto-pour-developper-lexperience-collaborateur\/#webpage\",\"url\":\"https:\/\/www.comundi.fr\/mag-des-competences\/un-cto-pour-developper-lexperience-collaborateur\/\",\"name\":\"Un CTO pour d\\u00e9velopper l'exp\\u00e9rience collaborateur - Mag des comp\\u00e9tences - Comundi\",\"isPartOf\":{\"@id\":\"https:\/\/www.comundi.fr\/mag-des-competences\/#website\"},\"primaryImageOfPage\":{\"@id\":\"https:\/\/www.comundi.fr\/mag-des-competences\/un-cto-pour-developper-lexperience-collaborateur\/#primaryimage\"},\"datePublished\":\"2018-11-15T08:00:21+00:00\",\"dateModified\":\"2019-10-18T14:25:49+00:00\",\"breadcrumb\":{\"@id\":\"https:\/\/www.comundi.fr\/mag-des-competences\/un-cto-pour-developper-lexperience-collaborateur\/#breadcrumb\"},\"inLanguage\":\"fr-FR\",\"potentialAction\":[{\"@type\":\"ReadAction\",\"target\":[\"https:\/\/www.comundi.fr\/mag-des-competences\/un-cto-pour-developper-lexperience-collaborateur\/\"]}]},{\"@type\":\"BreadcrumbList\",\"@id\":\"https:\/\/www.comundi.fr\/mag-des-competences\/un-cto-pour-developper-lexperience-collaborateur\/#breadcrumb\",\"itemListElement\":[{\"@type\":\"ListItem\",\"position\":1,\"item\":{\"@type\":\"WebPage\",\"@id\":\"https:\/\/www.comundi.fr\/mag-des-competences\/\",\"url\":\"https:\/\/www.comundi.fr\/mag-des-competences\/\",\"name\":\"Accueil\"}},{\"@type\":\"ListItem\",\"position\":2,\"item\":{\"@type\":\"WebPage\",\"@id\":\"https:\/\/www.comundi.fr\/mag-des-competences\/un-cto-pour-developper-lexperience-collaborateur\/\",\"url\":\"https:\/\/www.comundi.fr\/mag-des-competences\/un-cto-pour-developper-lexperience-collaborateur\/\",\"name\":\"Un CTO pour d\\u00e9velopper l&rsquo;exp\\u00e9rience collaborateur\"}}]},{\"@type\":\"Article\",\"@id\":\"https:\/\/www.comundi.fr\/mag-des-competences\/un-cto-pour-developper-lexperience-collaborateur\/#article\",\"isPartOf\":{\"@id\":\"https:\/\/www.comundi.fr\/mag-des-competences\/un-cto-pour-developper-lexperience-collaborateur\/#webpage\"},\"author\":{\"@id\":\"https:\/\/www.comundi.fr\/mag-des-competences\/#\/schema\/person\/96b8f219e4cddee126473c6fbcc0e089\"},\"headline\":\"Un CTO pour d\\u00e9velopper l&rsquo;exp\\u00e9rience collaborateur\",\"datePublished\":\"2018-11-15T08:00:21+00:00\",\"dateModified\":\"2019-10-18T14:25:49+00:00\",\"mainEntityOfPage\":{\"@id\":\"https:\/\/www.comundi.fr\/mag-des-competences\/un-cto-pour-developper-lexperience-collaborateur\/#webpage\"},\"commentCount\":0,\"publisher\":{\"@id\":\"https:\/\/www.comundi.fr\/mag-des-competences\/#organization\"},\"image\":{\"@id\":\"https:\/\/www.comundi.fr\/mag-des-competences\/un-cto-pour-developper-lexperience-collaborateur\/#primaryimage\"},\"articleSection\":\"Digital,Ressources humaines\",\"inLanguage\":\"fr-FR\",\"potentialAction\":[{\"@type\":\"CommentAction\",\"name\":\"Comment\",\"target\":[\"https:\/\/www.comundi.fr\/mag-des-competences\/un-cto-pour-developper-lexperience-collaborateur\/#respond\"]}]},{\"@type\":\"Person\",\"@id\":\"https:\/\/www.comundi.fr\/mag-des-competences\/#\/schema\/person\/96b8f219e4cddee126473c6fbcc0e089\",\"name\":\"Les Echos\",\"image\":{\"@type\":\"ImageObject\",\"@id\":\"https:\/\/www.comundi.fr\/mag-des-competences\/#personlogo\",\"inLanguage\":\"fr-FR\",\"url\":\"https:\/\/secure.gravatar.com\/avatar\/041d1b3114ce5dce17eaefa721d4ed06?s=96&d=mm&r=g\",\"contentUrl\":\"https:\/\/secure.gravatar.com\/avatar\/041d1b3114ce5dce17eaefa721d4ed06?s=96&d=mm&r=g\",\"caption\":\"Les Echos\"}}]}<\/script>\n<!-- \/ Yoast SEO plugin. -->","amp_enabled":true,"_links":{"self":[{"href":"https:\/\/www.comundi.fr\/mag-des-competences\/wp-json\/wp\/v2\/posts\/1580"}],"collection":[{"href":"https:\/\/www.comundi.fr\/mag-des-competences\/wp-json\/wp\/v2\/posts"}],"about":[{"href":"https:\/\/www.comundi.fr\/mag-des-competences\/wp-json\/wp\/v2\/types\/post"}],"author":[{"embeddable":true,"href":"https:\/\/www.comundi.fr\/mag-des-competences\/wp-json\/wp\/v2\/users\/6"}],"replies":[{"embeddable":true,"href":"https:\/\/www.comundi.fr\/mag-des-competences\/wp-json\/wp\/v2\/comments?post=1580"}],"version-history":[{"count":3,"href":"https:\/\/www.comundi.fr\/mag-des-competences\/wp-json\/wp\/v2\/posts\/1580\/revisions"}],"predecessor-version":[{"id":3531,"href":"https:\/\/www.comundi.fr\/mag-des-competences\/wp-json\/wp\/v2\/posts\/1580\/revisions\/3531"}],"wp:featuredmedia":[{"embeddable":true,"href":"https:\/\/www.comundi.fr\/mag-des-competences\/wp-json\/wp\/v2\/media\/1582"}],"wp:attachment":[{"href":"https:\/\/www.comundi.fr\/mag-des-competences\/wp-json\/wp\/v2\/media?parent=1580"}],"wp:term":[{"taxonomy":"category","embeddable":true,"href":"https:\/\/www.comundi.fr\/mag-des-competences\/wp-json\/wp\/v2\/categories?post=1580"}],"curies":[{"name":"wp","href":"https:\/\/api.w.org\/{rel}","templated":true}]}}