{"id":15557,"date":"2026-09-01T08:50:00","date_gmt":"2026-09-01T06:50:00","guid":{"rendered":"https:\/\/www.comundi.fr\/mag-des-competences\/?p=15557"},"modified":"2026-08-10T13:04:30","modified_gmt":"2026-08-10T11:04:30","slug":"pourquoi-il-faut-miser-sur-le-savoir-etre-selon-le-dg-de-fnac-darty","status":"publish","type":"post","link":"https:\/\/www.comundi.fr\/mag-des-competences\/pourquoi-il-faut-miser-sur-le-savoir-etre-selon-le-dg-de-fnac-darty\/","title":{"rendered":"\u00ab On se fait embaucher pour ses comp\u00e9tences, mais on peut \u00e9chouer par son comportement \u00bb : pourquoi il faut miser sur le savoir-\u00eatre selon le DG de FNAC Darty"},"content":{"rendered":"\n<p>A l&rsquo;heure o\u00f9 l&rsquo;IA transforme le monde du travail, quels sont les meilleurs conseils de carri\u00e8re pour les jeunes&nbsp;? <strong>Enrique Martinez, directeur g\u00e9n\u00e9ral de FNAC Darty, explique pourquoi il faut accepter de faire ses propres erreurs et d\u00e9velopper autant son savoir-\u00eatre que ses comp\u00e9tences techniques<\/strong>.<\/p>\n\n\n\n<p>Apr\u00e8s plus de vingt-cinq ans pass\u00e9s dans le commerce et la distribution en Espagne, au Portugal puis en France, Enrique Martinez dirige aujourd&rsquo;hui&nbsp;FNAC Darty,&nbsp;un groupe de 30.000 collaborateurs qu&rsquo;il a contribu\u00e9 \u00e0 transformer en leader europ\u00e9en de la distribution sp\u00e9cialis\u00e9e.<\/p>\n\n\n\n<p>Convaincu qu&rsquo;il n&rsquo;existe pas de parcours id\u00e9al, il partage les le\u00e7ons qu&rsquo;il tire de sa carri\u00e8re et les conseils qu&rsquo;il donnerait aux jeunes qui entrent aujourd&rsquo;hui dans la vie professionnelle.<\/p>\n\n\n\n<h2><strong>S&rsquo;inspirer sans copier<\/strong><\/h2>\n\n\n\n<p>\u00ab&nbsp;Je ne crois pas aux parcours tout trac\u00e9s. Quand je regarde ma propre carri\u00e8re, je me rends compte qu&rsquo;il aurait \u00e9t\u00e9 impossible de l&rsquo;\u00e9crire \u00e0 l&rsquo;avance. J&rsquo;ai fait des \u00e9tudes de commerce en Espagne et, au d\u00e9part, je m&rsquo;imaginais plut\u00f4t vivre dans le monde du sport. Puis le commerce et le <a href=\"https:\/\/www.comundi.fr\/formations\/formation-les-fondamentaux-du-management.html\">management <\/a>se sont impos\u00e9s \u00e0 moi. J&rsquo;ai chang\u00e9 six fois de pays, occup\u00e9 des fonctions tr\u00e8s diff\u00e9rentes avant de devenir directeur g\u00e9n\u00e9ral. C&rsquo;est un parcours tr\u00e8s personnel, et c&rsquo;est justement ce qui me fait dire qu&rsquo;il ne faut jamais chercher \u00e0 reproduire celui de quelqu&rsquo;un d&rsquo;autre.<\/p>\n\n\n\n<p><strong>Je pense qu&rsquo;il est important d&rsquo;avoir des rep\u00e8res, des personnes qui nous inspirent dans notre famille, nos \u00e9tudes ou notre environnement professionnel<\/strong>. Elles peuvent nous aider \u00e0 r\u00e9fl\u00e9chir, nous faire grandir et nous ouvrir des perspectives. Mais elles ne doivent jamais d\u00e9cider \u00e0 notre place. Leur r\u00f4le est de nous donner des cl\u00e9s pour construire notre propre chemin, pas de nous enfermer dans un mod\u00e8le.<\/p>\n\n\n\n<h2><strong>Apprendre de ses erreurs<\/strong><\/h2>\n\n\n\n<p><strong>Je suis \u00e9galement convaincu qu&rsquo;il faut accepter de faire ses propres erreurs<\/strong>. C&rsquo;est souvent dans les moments difficiles que l&rsquo;on apprend le plus. Ce sont eux qui nous obligent \u00e0 rebondir et qui r\u00e9v\u00e8lent notre caract\u00e8re.<\/p>\n\n\n\n<p>J&rsquo;aime utiliser une image tr\u00e8s simple&nbsp;: quand la mer est calme, tous les capitaines paraissent excellents. Mais ce n&rsquo;est que lorsque arrive la temp\u00eate que l&rsquo;on d\u00e9couvre les vrais capitaines. C&rsquo;est exactement la m\u00eame chose dans une carri\u00e8re.<\/p>\n\n\n\n<p>Les difficult\u00e9s permettent de savoir si l&rsquo;on aime vraiment ce que l&rsquo;on fait et si l&rsquo;on est capable de continuer malgr\u00e9 les obstacles. Avec le temps, on se rend compte que les r\u00e9ussites sont importantes, mais qu&rsquo;elles nous apprennent finalement moins que les \u00e9preuves.<\/p>\n\n\n\n<h2><strong>L&rsquo;impact de l&rsquo;IA g\u00e9n\u00e9rative<\/strong><\/h2>\n\n\n\n<p>Je pense que les jeunes qui arrivent aujourd&rsquo;hui sur le march\u00e9 du travail vivent un moment particulier. Nous sommes en train d&rsquo;entrer dans une nouvelle r\u00e9volution avec<a href=\"https:\/\/www.comundi.fr\/intelligence-artificielle.html\">&nbsp;l&rsquo;intelligence artificielle g\u00e9n\u00e9rative<\/a>.&nbsp;Cette technologie va profond\u00e9ment transformer le monde du travail pendant les vingt prochaines ann\u00e9es.<\/p>\n\n\n\n<p>Mon conseil est simple&nbsp;: il faut en faire partie. Il<strong> faut \u00eatre curieux, tester ces outils dans sa vie personnelle, puis les utiliser autant que possible dans sa vie professionnelle<\/strong>. L&rsquo;objectif est de comprendre cette r\u00e9volution plut\u00f4t que de la subir.<\/p>\n\n\n\n<p><strong>Il faut \u00eatre suffisamment flexible pour que cette vague nous porte au lieu de nous \u00e9craser<\/strong>. Les jeunes ne pourront pas dire qu&rsquo;ils n&rsquo;\u00e9taient pas pr\u00e9venus&nbsp;: cette transformation est d\u00e9j\u00e0 en cours.<\/p>\n\n\n\n<p>A l&rsquo;heure o\u00f9 l&rsquo;intelligence artificielle prend une place croissante, je reste notamment convaincu que la lecture est l&rsquo;un des meilleurs investissements qu&rsquo;un jeune puisse faire. Lire d\u00e9veloppe l&rsquo;<a href=\"https:\/\/www.comundi.fr\/formations\/formation-developper-sa-pensee-critique-a-l-ere-de-l-ia.html\">esprit critique<\/a>, nourrit la r\u00e9flexion et aide \u00e0 construire cette capacit\u00e9 d&rsquo;analyse qui fera la diff\u00e9rence demain.<\/p>\n\n\n\n<h2><strong>L&rsquo;importance du savoir-\u00eatre<\/strong><\/h2>\n\n\n\n<p>On parle beaucoup&nbsp;des comp\u00e9tences techniques, des dipl\u00f4mes&nbsp;ou des parcours acad\u00e9miques. Bien s\u00fbr, tout cela est important. Mais avec les ann\u00e9es, j&rsquo;ai acquis une conviction&nbsp;: <strong>on se fait embaucher pour ses comp\u00e9tences, mais tr\u00e8s souvent on peut \u00e9chouer par son comportement.<\/strong><\/p>\n\n\n\n<p><strong>Le <a href=\"https:\/\/www.comundi.fr\/mag-des-competences\/les-9-soft-skills-indispensables-en-entreprise\/\">savoir-\u00eatre fait <\/a>souvent toute la diff\u00e9rence<\/strong>. Derri\u00e8re ce mot, je mets beaucoup de choses&nbsp;: le respect des autres, l&rsquo;\u00e9thique, les valeurs, le sens de l&rsquo;engagement, la mani\u00e8re de travailler avec les autres. Ce n&rsquo;est pas seulement ce que l&rsquo;on sait faire qui compte, c&rsquo;est aussi la fa\u00e7on dont on le fait.<\/p>\n\n\n\n<p>Dans un groupe international, j&rsquo;ajouterais enfin deux \u00e9l\u00e9ments qui me semblent devenus indispensables&nbsp;: la ma\u00eetrise des langues et&nbsp;l&rsquo;ouverture aux autres cultures.&nbsp;Il ne s&rsquo;agit pas simplement de savoir commander un repas ou demander son chemin \u00e0 l&rsquo;\u00e9tranger. <a href=\"https:\/\/www.comundi.fr\/mag-des-competences\/10-astuces-pour-maitriser-lart-de-la-negociation-et-conclure\/\">Il faut \u00eatre capable de n\u00e9gocier, <\/a>de convaincre et de travailler avec des \u00e9quipes de nationalit\u00e9s diff\u00e9rentes. Comprendre le monde dans lequel on \u00e9volue est devenu une comp\u00e9tence \u00e0 part enti\u00e8re.&nbsp;\u00bb<\/p>\n\n\n\n<p><strong>Propos recueillis par Ne\u00eflaBeyler<\/strong><\/p>\n","protected":false},"excerpt":{"rendered":"<p>A l&rsquo;heure o\u00f9 l&rsquo;IA transforme le monde du travail, quels sont les meilleurs conseils de carri\u00e8re pour les jeunes&nbsp;? Enrique Martinez, directeur g\u00e9n\u00e9ral de FNAC Darty, explique pourquoi il faut accepter de faire ses propres erreurs et d\u00e9velopper autant son savoir-\u00eatre que ses comp\u00e9tences techniques. Apr\u00e8s plus de vingt-cinq ans pass\u00e9s dans le commerce et [&hellip;]<\/p>\n","protected":false},"author":6,"featured_media":15563,"comment_status":"open","ping_status":"open","sticky":false,"template":"","format":"standard","meta":{"_exactmetrics_skip_tracking":false},"categories":[186,185],"yoast_head":"<!-- This site is optimized with the Yoast SEO plugin v16.1 - https:\/\/yoast.com\/wordpress\/plugins\/seo\/ -->\n<title>\u00ab On se fait embaucher pour ses comp\u00e9tences, mais on peut \u00e9chouer par son comportement \u00bb : pourquoi il faut miser sur le savoir-\u00eatre selon le DG de FNAC Darty - Mag des comp\u00e9tences - Comundi<\/title>\n<meta name=\"description\" content=\"D\u00e9couvrez les conseils d&#039;Enrique Martinez, directeur g\u00e9n\u00e9ral de FNAC Darty, qui explique l&#039;importance du savoir-\u00eatre.\" \/>\n<meta name=\"robots\" content=\"noindex, follow\" \/>\n<meta property=\"og:locale\" content=\"fr_FR\" \/>\n<meta property=\"og:type\" content=\"article\" \/>\n<meta property=\"og:title\" content=\"\u00ab On se fait embaucher pour ses comp\u00e9tences, mais on peut \u00e9chouer par son comportement \u00bb : pourquoi il faut miser sur le savoir-\u00eatre selon le DG de FNAC Darty - Mag des comp\u00e9tences - Comundi\" \/>\n<meta property=\"og:description\" content=\"D\u00e9couvrez les conseils d&#039;Enrique Martinez, directeur g\u00e9n\u00e9ral de FNAC Darty, qui explique l&#039;importance du savoir-\u00eatre.\" \/>\n<meta property=\"og:url\" content=\"https:\/\/www.comundi.fr\/mag-des-competences\/pourquoi-il-faut-miser-sur-le-savoir-etre-selon-le-dg-de-fnac-darty\/\" \/>\n<meta property=\"og:site_name\" content=\"Mag des comp\u00e9tences - Comundi\" \/>\n<meta property=\"article:publisher\" content=\"https:\/\/www.facebook.com\/Comundi\/?fref=ts\" \/>\n<meta property=\"article:published_time\" content=\"2026-09-01T06:50:00+00:00\" \/>\n<meta property=\"article:modified_time\" content=\"2026-08-10T11:04:30+00:00\" \/>\n<meta property=\"og:image\" content=\"https:\/\/www.comundi.fr\/mag-des-competences\/wp-content\/uploads\/2026\/09\/Miser-sur-le-savoir-etre.jpg\" \/>\n\t<meta property=\"og:image:width\" content=\"1200\" \/>\n\t<meta property=\"og:image:height\" content=\"675\" \/>\n<meta name=\"twitter:card\" content=\"summary_large_image\" \/>\n<meta name=\"twitter:creator\" content=\"@ComundiActu\" \/>\n<meta name=\"twitter:site\" content=\"@ComundiActu\" \/>\n<meta name=\"twitter:label1\" content=\"Dur\u00e9e de lecture est.\">\n\t<meta name=\"twitter:data1\" content=\"4 minutes\">\n<script type=\"application\/ld+json\" class=\"yoast-schema-graph\">{\"@context\":\"https:\/\/schema.org\",\"@graph\":[{\"@type\":\"Organization\",\"@id\":\"https:\/\/www.comundi.fr\/mag-des-competences\/#organization\",\"name\":\"Comundi\",\"url\":\"https:\/\/www.comundi.fr\/mag-des-competences\/\",\"sameAs\":[\"https:\/\/www.facebook.com\/Comundi\/?fref=ts\",\"https:\/\/www.linkedin.com\/company\/comundi\/\",\"https:\/\/www.youtube.com\/user\/ComundiFormations\",\"https:\/\/twitter.com\/ComundiActu\"],\"logo\":{\"@type\":\"ImageObject\",\"@id\":\"https:\/\/www.comundi.fr\/mag-des-competences\/#logo\",\"inLanguage\":\"fr-FR\",\"url\":\"https:\/\/www.comundi.fr\/mag-des-competences\/wp-content\/uploads\/2018\/01\/comundi.png\",\"contentUrl\":\"https:\/\/www.comundi.fr\/mag-des-competences\/wp-content\/uploads\/2018\/01\/comundi.png\",\"width\":300,\"height\":300,\"caption\":\"Comundi\"},\"image\":{\"@id\":\"https:\/\/www.comundi.fr\/mag-des-competences\/#logo\"}},{\"@type\":\"WebSite\",\"@id\":\"https:\/\/www.comundi.fr\/mag-des-competences\/#website\",\"url\":\"https:\/\/www.comundi.fr\/mag-des-competences\/\",\"name\":\"Mag des comp\\u00e9tences - Comundi\",\"description\":\"Le magazine des m\\u00e9tiers de demain\",\"publisher\":{\"@id\":\"https:\/\/www.comundi.fr\/mag-des-competences\/#organization\"},\"potentialAction\":[{\"@type\":\"SearchAction\",\"target\":\"https:\/\/www.comundi.fr\/mag-des-competences\/?s={search_term_string}\",\"query-input\":\"required name=search_term_string\"}],\"inLanguage\":\"fr-FR\"},{\"@type\":\"ImageObject\",\"@id\":\"https:\/\/www.comundi.fr\/mag-des-competences\/pourquoi-il-faut-miser-sur-le-savoir-etre-selon-le-dg-de-fnac-darty\/#primaryimage\",\"inLanguage\":\"fr-FR\",\"url\":\"https:\/\/www.comundi.fr\/mag-des-competences\/wp-content\/uploads\/2026\/09\/Miser-sur-le-savoir-etre.jpg\",\"contentUrl\":\"https:\/\/www.comundi.fr\/mag-des-competences\/wp-content\/uploads\/2026\/09\/Miser-sur-le-savoir-etre.jpg\",\"width\":1200,\"height\":675,\"caption\":\"Miser sur le savoir-\\u00eatre\"},{\"@type\":\"WebPage\",\"@id\":\"https:\/\/www.comundi.fr\/mag-des-competences\/pourquoi-il-faut-miser-sur-le-savoir-etre-selon-le-dg-de-fnac-darty\/#webpage\",\"url\":\"https:\/\/www.comundi.fr\/mag-des-competences\/pourquoi-il-faut-miser-sur-le-savoir-etre-selon-le-dg-de-fnac-darty\/\",\"name\":\"\\u00ab On se fait embaucher pour ses comp\\u00e9tences, mais on peut \\u00e9chouer par son comportement \\u00bb : pourquoi il faut miser sur le savoir-\\u00eatre selon le DG de FNAC Darty - Mag des comp\\u00e9tences - Comundi\",\"isPartOf\":{\"@id\":\"https:\/\/www.comundi.fr\/mag-des-competences\/#website\"},\"primaryImageOfPage\":{\"@id\":\"https:\/\/www.comundi.fr\/mag-des-competences\/pourquoi-il-faut-miser-sur-le-savoir-etre-selon-le-dg-de-fnac-darty\/#primaryimage\"},\"datePublished\":\"2026-09-01T06:50:00+00:00\",\"dateModified\":\"2026-08-10T11:04:30+00:00\",\"description\":\"D\\u00e9couvrez les conseils d'Enrique Martinez, directeur g\\u00e9n\\u00e9ral de FNAC Darty, qui explique l'importance du savoir-\\u00eatre.\",\"breadcrumb\":{\"@id\":\"https:\/\/www.comundi.fr\/mag-des-competences\/pourquoi-il-faut-miser-sur-le-savoir-etre-selon-le-dg-de-fnac-darty\/#breadcrumb\"},\"inLanguage\":\"fr-FR\",\"potentialAction\":[{\"@type\":\"ReadAction\",\"target\":[\"https:\/\/www.comundi.fr\/mag-des-competences\/pourquoi-il-faut-miser-sur-le-savoir-etre-selon-le-dg-de-fnac-darty\/\"]}]},{\"@type\":\"BreadcrumbList\",\"@id\":\"https:\/\/www.comundi.fr\/mag-des-competences\/pourquoi-il-faut-miser-sur-le-savoir-etre-selon-le-dg-de-fnac-darty\/#breadcrumb\",\"itemListElement\":[{\"@type\":\"ListItem\",\"position\":1,\"item\":{\"@type\":\"WebPage\",\"@id\":\"https:\/\/www.comundi.fr\/mag-des-competences\/\",\"url\":\"https:\/\/www.comundi.fr\/mag-des-competences\/\",\"name\":\"Accueil\"}},{\"@type\":\"ListItem\",\"position\":2,\"item\":{\"@type\":\"WebPage\",\"@id\":\"https:\/\/www.comundi.fr\/mag-des-competences\/pourquoi-il-faut-miser-sur-le-savoir-etre-selon-le-dg-de-fnac-darty\/\",\"url\":\"https:\/\/www.comundi.fr\/mag-des-competences\/pourquoi-il-faut-miser-sur-le-savoir-etre-selon-le-dg-de-fnac-darty\/\",\"name\":\"\\u00ab On se fait embaucher pour ses comp\\u00e9tences, mais on peut \\u00e9chouer par son comportement \\u00bb : pourquoi il faut miser sur le savoir-\\u00eatre selon le DG de FNAC Darty\"}}]},{\"@type\":\"Article\",\"@id\":\"https:\/\/www.comundi.fr\/mag-des-competences\/pourquoi-il-faut-miser-sur-le-savoir-etre-selon-le-dg-de-fnac-darty\/#article\",\"isPartOf\":{\"@id\":\"https:\/\/www.comundi.fr\/mag-des-competences\/pourquoi-il-faut-miser-sur-le-savoir-etre-selon-le-dg-de-fnac-darty\/#webpage\"},\"author\":{\"@id\":\"https:\/\/www.comundi.fr\/mag-des-competences\/#\/schema\/person\/96b8f219e4cddee126473c6fbcc0e089\"},\"headline\":\"\\u00ab On se fait embaucher pour ses comp\\u00e9tences, mais on peut \\u00e9chouer par son comportement \\u00bb : pourquoi il faut miser sur le savoir-\\u00eatre selon le DG de FNAC Darty\",\"datePublished\":\"2026-09-01T06:50:00+00:00\",\"dateModified\":\"2026-08-10T11:04:30+00:00\",\"mainEntityOfPage\":{\"@id\":\"https:\/\/www.comundi.fr\/mag-des-competences\/pourquoi-il-faut-miser-sur-le-savoir-etre-selon-le-dg-de-fnac-darty\/#webpage\"},\"commentCount\":0,\"publisher\":{\"@id\":\"https:\/\/www.comundi.fr\/mag-des-competences\/#organization\"},\"image\":{\"@id\":\"https:\/\/www.comundi.fr\/mag-des-competences\/pourquoi-il-faut-miser-sur-le-savoir-etre-selon-le-dg-de-fnac-darty\/#primaryimage\"},\"articleSection\":\"Carri\\u00e8re &amp; reconversion,D\\u00e9veloppement personnel\",\"inLanguage\":\"fr-FR\",\"potentialAction\":[{\"@type\":\"CommentAction\",\"name\":\"Comment\",\"target\":[\"https:\/\/www.comundi.fr\/mag-des-competences\/pourquoi-il-faut-miser-sur-le-savoir-etre-selon-le-dg-de-fnac-darty\/#respond\"]}]},{\"@type\":\"Person\",\"@id\":\"https:\/\/www.comundi.fr\/mag-des-competences\/#\/schema\/person\/96b8f219e4cddee126473c6fbcc0e089\",\"name\":\"Les Echos\",\"image\":{\"@type\":\"ImageObject\",\"@id\":\"https:\/\/www.comundi.fr\/mag-des-competences\/#personlogo\",\"inLanguage\":\"fr-FR\",\"url\":\"https:\/\/secure.gravatar.com\/avatar\/041d1b3114ce5dce17eaefa721d4ed06?s=96&d=mm&r=g\",\"contentUrl\":\"https:\/\/secure.gravatar.com\/avatar\/041d1b3114ce5dce17eaefa721d4ed06?s=96&d=mm&r=g\",\"caption\":\"Les Echos\"}}]}<\/script>\n<!-- \/ Yoast SEO plugin. -->","amp_enabled":true,"_links":{"self":[{"href":"https:\/\/www.comundi.fr\/mag-des-competences\/wp-json\/wp\/v2\/posts\/15557"}],"collection":[{"href":"https:\/\/www.comundi.fr\/mag-des-competences\/wp-json\/wp\/v2\/posts"}],"about":[{"href":"https:\/\/www.comundi.fr\/mag-des-competences\/wp-json\/wp\/v2\/types\/post"}],"author":[{"embeddable":true,"href":"https:\/\/www.comundi.fr\/mag-des-competences\/wp-json\/wp\/v2\/users\/6"}],"replies":[{"embeddable":true,"href":"https:\/\/www.comundi.fr\/mag-des-competences\/wp-json\/wp\/v2\/comments?post=15557"}],"version-history":[{"count":4,"href":"https:\/\/www.comundi.fr\/mag-des-competences\/wp-json\/wp\/v2\/posts\/15557\/revisions"}],"predecessor-version":[{"id":15568,"href":"https:\/\/www.comundi.fr\/mag-des-competences\/wp-json\/wp\/v2\/posts\/15557\/revisions\/15568"}],"wp:featuredmedia":[{"embeddable":true,"href":"https:\/\/www.comundi.fr\/mag-des-competences\/wp-json\/wp\/v2\/media\/15563"}],"wp:attachment":[{"href":"https:\/\/www.comundi.fr\/mag-des-competences\/wp-json\/wp\/v2\/media?parent=15557"}],"wp:term":[{"taxonomy":"category","embeddable":true,"href":"https:\/\/www.comundi.fr\/mag-des-competences\/wp-json\/wp\/v2\/categories?post=15557"}],"curies":[{"name":"wp","href":"https:\/\/api.w.org\/{rel}","templated":true}]}}