{"id":1533,"date":"2018-10-31T09:00:03","date_gmt":"2018-10-31T08:00:03","guid":{"rendered":"https:\/\/www.comundi.fr\/mag-des-competences\/?p=1533"},"modified":"2020-10-02T13:51:35","modified_gmt":"2020-10-02T11:51:35","slug":"combien-gagne-t-on-dans-le-juridique-et-fiscal","status":"publish","type":"post","link":"https:\/\/www.comundi.fr\/mag-des-competences\/combien-gagne-t-on-dans-le-juridique-et-fiscal\/","title":{"rendered":"Combien gagne-t-on dans\u2026 le juridique et fiscal\u00a0?"},"content":{"rendered":"<p><strong>L&rsquo;ann\u00e9e 2018 confirme la croissance r\u00e9guli\u00e8re des salaires du secteur juridique et fiscal qui deviennent de plus en plus attractifs.<\/strong><\/p>\n<h2><strong>Le march\u00e9 juridique et fiscal est en croissance continue depuis quelques ann\u00e9es<\/strong><\/h2>\n<p>Les salaires y sont \u00e9lev\u00e9s et, pour beaucoup de fonctions, sont \u00e0 la hausse. Les entreprises, qui doivent faire face \u00e0 de nombreuses contraintes l\u00e9gales, sont en effet de plus en plus amen\u00e9es \u00e0 d\u00e9velopper des strat\u00e9gies de compliance et RGPD.<\/p>\n<p>Elles font donc appel \u00e0 des juristes pour veiller \u00e0 leur conformit\u00e9 aux imp\u00e9ratifs l\u00e9gaux impos\u00e9s. Il est donc ais\u00e9 pour les juristes de trouver un travail\u00a0:\u00a0\u00ab\u00a0plus de 90\u00a0% des candidats en process ont deux ou trois pistes s\u00e9rieuses en parall\u00e8le\u00a0\u00bb, affirme l&rsquo;\u00e9tude PageGroup 2018.<\/p>\n<p>Ainsi, de par leur r\u00f4le central de chef d&rsquo;orchestre des affaires juridiques et fiscales de l&rsquo;entreprise et leur position hi\u00e9rarchique,\u00a0les fonctions de direction juridiques\u00a0peuvent pr\u00e9tendre \u00e0 des salaires allant jusqu&rsquo;\u00e0 400.000\u00a0euros par an pour le\u00a0secr\u00e9taire g\u00e9n\u00e9ral\u00a0d&rsquo;une grande entreprise. De leur c\u00f4t\u00e9,\u00a0les responsables\/directeurs juridique, fiscal et compliance\u00a0touchent un minimum de 50.000\u00a0euros par an en PME et de 90.000\u00a0euros par an en grande entreprise.<\/p>\n<p>Tr\u00e8s r\u00e9glement\u00e9s, les milieux bancaire, financier, de l&rsquo;assurances, de la sant\u00e9 et pharmaceutique\u00a0sont les plus concern\u00e9s par la croissance du march\u00e9 juridique et fiscal. Les salaires des juristes de ces secteurs s&rsquo;inscrivent dans une fourchette entre 85.000\u00a0euros et 95.000\u00a0euros par an, \u00e0 partir de 15 ans d&rsquo;exp\u00e9rience.\u00a0Plus particuli\u00e8rement, le salaire d&rsquo;un juriste bancaire se situe entre 80.000\u00a0euros et 90.000\u00a0euros par an, \u00e0 partir de 15 ann\u00e9es d&rsquo;exercice.<\/p>\n<p>Moins \u00e9lev\u00e9s que ceux du juridique, les salaires du\u00a0paral\u00e9gal\u00a0s&rsquo;\u00e9chelonnent entre 60.000\u00a0euros et 70.000\u00a0euros par an \u00e0 partir de 5 ans d&rsquo;exp\u00e9rience. Cela s&rsquo;explique par la capacit\u00e9 des fonctions juridiques \u00e0 coupler les travaux touchant purement aux dossiers juridiques des entreprises \u00e0 des t\u00e2ches administratives (les entreprises \u00e9tant de plus en plus en enclines \u00e0 d\u00e9l\u00e9guer leurs t\u00e2ches administratives \u00e0 des sp\u00e9cialistes).<\/p>\n<p>Les salaires des juristes sp\u00e9cialis\u00e9es \u00e9voluent donc \u00e0 la hausse. Sans surprise, la r\u00e9mun\u00e9ration du\u00a0juriste compliance\u00a0figure parmi les plus \u00e9lev\u00e9es\u00a0: entre 100.000\u00a0euros et 120.000\u00a0euros par an avec 15 ann\u00e9es d&rsquo;exp\u00e9rience ou plus, et sa tendance est\u00a0exponentielle.<\/p>\n<p>Il faut reconna\u00eetre que son r\u00f4le est essentiel puisque le juriste compliance identifie et analyse le risque de non-conformit\u00e9 de l&rsquo;entreprise aux r\u00e9glementations juridiques et fiscales. Et joue un r\u00f4le d&rsquo;information et de formation vis-\u00e0-vis de ses clients internes.<\/p>\n<h2><strong>Les\u00a0juristes NTIC\u00a0voient, eux aussi, leurs salaires augmenter en raison des nouvelles pr\u00e9occupations g\u00e9n\u00e9r\u00e9es par l&rsquo;essor du num\u00e9rique :<\/strong><\/h2>\n<p>Ils peuvent gagner jusqu&rsquo;\u00e0 100.000\u00a0euros par an \u00e0 partir de 15 ans d&rsquo;exp\u00e9rience. Ce sont eux qui veillent \u00e0 la conformit\u00e9 de l&rsquo;entreprise \u00e0 la l\u00e9gislation des technologies de l&rsquo;information et \u00e0 la d\u00e9fense de ses droits dans ce domaine.<\/p>\n<p>Autre profil \u00e0 avoir le vent en poupe : le\u00a0juriste sp\u00e9cialiste des M&amp;A. en raison de la reprise des op\u00e9rations de fusions et acquisitions. Son salaire augmente pour se situer entre 90.000 et 110.000\u00a0euros par an d\u00e8s 5 ann\u00e9es d&rsquo;exercice.<\/p>\n<p>Enfin, le recrutement temporaire ou management de transition devient de plus en plus courant sur le march\u00e9 juridique et fiscal. Comme l&rsquo;explique l&rsquo;\u00e9tude de r\u00e9mun\u00e9rations PageGroup 2018,\u00a0\u00ab\u00a0cette hausse des besoins temporaires\u00a0est notamment, mais pas exclusivement, due \u00e0 l&rsquo;arriv\u00e9e de nouvelles contraintes juridiques tr\u00e8s encadr\u00e9es type compliance\u00a0\u00bb.<\/p>\n<p>Cl\u00e9mentine Babin-Heynard<\/p>\n","protected":false},"excerpt":{"rendered":"<p>L&rsquo;ann\u00e9e 2018 confirme la croissance r\u00e9guli\u00e8re des salaires du secteur juridique et fiscal qui deviennent de plus en plus attractifs. Le march\u00e9 juridique et fiscal est en croissance continue depuis quelques ann\u00e9es Les salaires y sont \u00e9lev\u00e9s et, pour beaucoup de fonctions, sont \u00e0 la hausse. Les entreprises, qui doivent faire face \u00e0 de nombreuses [&hellip;]<\/p>\n","protected":false},"author":6,"featured_media":1534,"comment_status":"open","ping_status":"open","sticky":false,"template":"","format":"standard","meta":{"_mi_skip_tracking":false},"categories":[207,196],"yoast_head":"<!-- This site is optimized with the Yoast SEO plugin v16.1 - https:\/\/yoast.com\/wordpress\/plugins\/seo\/ -->\n<title>Combien gagne-t-on dans\u2026 le juridique et fiscal\u00a0? - Mag des comp\u00e9tences - Comundi<\/title>\n<meta name=\"robots\" content=\"noindex, nofollow\" \/>\n<meta property=\"og:locale\" content=\"fr_FR\" \/>\n<meta property=\"og:type\" content=\"article\" \/>\n<meta property=\"og:title\" content=\"Combien gagne-t-on dans\u2026 le juridique et fiscal\u00a0? - Mag des comp\u00e9tences - Comundi\" \/>\n<meta property=\"og:description\" content=\"L&rsquo;ann\u00e9e 2018 confirme la croissance r\u00e9guli\u00e8re des salaires du secteur juridique et fiscal qui deviennent de plus en plus attractifs. Le march\u00e9 juridique et fiscal est en croissance continue depuis quelques ann\u00e9es Les salaires y sont \u00e9lev\u00e9s et, pour beaucoup de fonctions, sont \u00e0 la hausse. Les entreprises, qui doivent faire face \u00e0 de nombreuses [&hellip;]\" \/>\n<meta property=\"og:url\" content=\"https:\/\/www.comundi.fr\/mag-des-competences\/combien-gagne-t-on-dans-le-juridique-et-fiscal\/\" \/>\n<meta property=\"og:site_name\" content=\"Mag des comp\u00e9tences - Comundi\" \/>\n<meta property=\"article:publisher\" content=\"https:\/\/www.facebook.com\/Comundi\/?fref=ts\" \/>\n<meta property=\"article:published_time\" content=\"2018-10-31T08:00:03+00:00\" \/>\n<meta property=\"article:modified_time\" content=\"2020-10-02T11:51:35+00:00\" \/>\n<meta property=\"og:image\" content=\"https:\/\/www.comundi.fr\/mag-des-competences\/wp-content\/uploads\/2018\/10\/M\u00e9tiers-droit-e1540460334724.jpeg\" \/>\n\t<meta property=\"og:image:width\" content=\"1000\" \/>\n\t<meta property=\"og:image:height\" content=\"667\" \/>\n<meta name=\"twitter:card\" content=\"summary_large_image\" \/>\n<meta name=\"twitter:creator\" content=\"@ComundiActu\" \/>\n<meta name=\"twitter:site\" content=\"@ComundiActu\" \/>\n<meta name=\"twitter:label1\" content=\"Dur\u00e9e de lecture est.\">\n\t<meta name=\"twitter:data1\" content=\"3 minutes\">\n<script type=\"application\/ld+json\" class=\"yoast-schema-graph\">{\"@context\":\"https:\/\/schema.org\",\"@graph\":[{\"@type\":\"Organization\",\"@id\":\"https:\/\/www.comundi.fr\/mag-des-competences\/#organization\",\"name\":\"Comundi\",\"url\":\"https:\/\/www.comundi.fr\/mag-des-competences\/\",\"sameAs\":[\"https:\/\/www.facebook.com\/Comundi\/?fref=ts\",\"https:\/\/www.linkedin.com\/company\/comundi\/\",\"https:\/\/www.youtube.com\/user\/ComundiFormations\",\"https:\/\/twitter.com\/ComundiActu\"],\"logo\":{\"@type\":\"ImageObject\",\"@id\":\"https:\/\/www.comundi.fr\/mag-des-competences\/#logo\",\"inLanguage\":\"fr-FR\",\"url\":\"https:\/\/www.comundi.fr\/mag-des-competences\/wp-content\/uploads\/2018\/01\/comundi.png\",\"contentUrl\":\"https:\/\/www.comundi.fr\/mag-des-competences\/wp-content\/uploads\/2018\/01\/comundi.png\",\"width\":300,\"height\":300,\"caption\":\"Comundi\"},\"image\":{\"@id\":\"https:\/\/www.comundi.fr\/mag-des-competences\/#logo\"}},{\"@type\":\"WebSite\",\"@id\":\"https:\/\/www.comundi.fr\/mag-des-competences\/#website\",\"url\":\"https:\/\/www.comundi.fr\/mag-des-competences\/\",\"name\":\"Mag des comp\\u00e9tences - Comundi\",\"description\":\"Le magazine des m\\u00e9tiers de demain\",\"publisher\":{\"@id\":\"https:\/\/www.comundi.fr\/mag-des-competences\/#organization\"},\"potentialAction\":[{\"@type\":\"SearchAction\",\"target\":\"https:\/\/www.comundi.fr\/mag-des-competences\/?s={search_term_string}\",\"query-input\":\"required name=search_term_string\"}],\"inLanguage\":\"fr-FR\"},{\"@type\":\"ImageObject\",\"@id\":\"https:\/\/www.comundi.fr\/mag-des-competences\/combien-gagne-t-on-dans-le-juridique-et-fiscal\/#primaryimage\",\"inLanguage\":\"fr-FR\",\"url\":\"https:\/\/www.comundi.fr\/mag-des-competences\/wp-content\/uploads\/2018\/10\/M\\u00e9tiers-droit-e1540460334724.jpeg\",\"contentUrl\":\"https:\/\/www.comundi.fr\/mag-des-competences\/wp-content\/uploads\/2018\/10\/M\\u00e9tiers-droit-e1540460334724.jpeg\",\"width\":1000,\"height\":667,\"caption\":\"M\\u00e9tiers_droit\"},{\"@type\":\"WebPage\",\"@id\":\"https:\/\/www.comundi.fr\/mag-des-competences\/combien-gagne-t-on-dans-le-juridique-et-fiscal\/#webpage\",\"url\":\"https:\/\/www.comundi.fr\/mag-des-competences\/combien-gagne-t-on-dans-le-juridique-et-fiscal\/\",\"name\":\"Combien gagne-t-on dans\\u2026 le juridique et fiscal\\u00a0? - Mag des comp\\u00e9tences - Comundi\",\"isPartOf\":{\"@id\":\"https:\/\/www.comundi.fr\/mag-des-competences\/#website\"},\"primaryImageOfPage\":{\"@id\":\"https:\/\/www.comundi.fr\/mag-des-competences\/combien-gagne-t-on-dans-le-juridique-et-fiscal\/#primaryimage\"},\"datePublished\":\"2018-10-31T08:00:03+00:00\",\"dateModified\":\"2020-10-02T11:51:35+00:00\",\"breadcrumb\":{\"@id\":\"https:\/\/www.comundi.fr\/mag-des-competences\/combien-gagne-t-on-dans-le-juridique-et-fiscal\/#breadcrumb\"},\"inLanguage\":\"fr-FR\",\"potentialAction\":[{\"@type\":\"ReadAction\",\"target\":[\"https:\/\/www.comundi.fr\/mag-des-competences\/combien-gagne-t-on-dans-le-juridique-et-fiscal\/\"]}]},{\"@type\":\"BreadcrumbList\",\"@id\":\"https:\/\/www.comundi.fr\/mag-des-competences\/combien-gagne-t-on-dans-le-juridique-et-fiscal\/#breadcrumb\",\"itemListElement\":[{\"@type\":\"ListItem\",\"position\":1,\"item\":{\"@type\":\"WebPage\",\"@id\":\"https:\/\/www.comundi.fr\/mag-des-competences\/\",\"url\":\"https:\/\/www.comundi.fr\/mag-des-competences\/\",\"name\":\"Accueil\"}},{\"@type\":\"ListItem\",\"position\":2,\"item\":{\"@type\":\"WebPage\",\"@id\":\"https:\/\/www.comundi.fr\/mag-des-competences\/combien-gagne-t-on-dans-le-juridique-et-fiscal\/\",\"url\":\"https:\/\/www.comundi.fr\/mag-des-competences\/combien-gagne-t-on-dans-le-juridique-et-fiscal\/\",\"name\":\"Combien gagne-t-on dans\\u2026 le juridique et fiscal\\u00a0?\"}}]},{\"@type\":\"Article\",\"@id\":\"https:\/\/www.comundi.fr\/mag-des-competences\/combien-gagne-t-on-dans-le-juridique-et-fiscal\/#article\",\"isPartOf\":{\"@id\":\"https:\/\/www.comundi.fr\/mag-des-competences\/combien-gagne-t-on-dans-le-juridique-et-fiscal\/#webpage\"},\"author\":{\"@id\":\"https:\/\/www.comundi.fr\/mag-des-competences\/#\/schema\/person\/96b8f219e4cddee126473c6fbcc0e089\"},\"headline\":\"Combien gagne-t-on dans\\u2026 le juridique et fiscal\\u00a0?\",\"datePublished\":\"2018-10-31T08:00:03+00:00\",\"dateModified\":\"2020-10-02T11:51:35+00:00\",\"mainEntityOfPage\":{\"@id\":\"https:\/\/www.comundi.fr\/mag-des-competences\/combien-gagne-t-on-dans-le-juridique-et-fiscal\/#webpage\"},\"commentCount\":0,\"publisher\":{\"@id\":\"https:\/\/www.comundi.fr\/mag-des-competences\/#organization\"},\"image\":{\"@id\":\"https:\/\/www.comundi.fr\/mag-des-competences\/combien-gagne-t-on-dans-le-juridique-et-fiscal\/#primaryimage\"},\"articleSection\":\"Finance,Fondamentaux des m\\u00e9tiers du droit\",\"inLanguage\":\"fr-FR\",\"potentialAction\":[{\"@type\":\"CommentAction\",\"name\":\"Comment\",\"target\":[\"https:\/\/www.comundi.fr\/mag-des-competences\/combien-gagne-t-on-dans-le-juridique-et-fiscal\/#respond\"]}]},{\"@type\":\"Person\",\"@id\":\"https:\/\/www.comundi.fr\/mag-des-competences\/#\/schema\/person\/96b8f219e4cddee126473c6fbcc0e089\",\"name\":\"Les Echos\",\"image\":{\"@type\":\"ImageObject\",\"@id\":\"https:\/\/www.comundi.fr\/mag-des-competences\/#personlogo\",\"inLanguage\":\"fr-FR\",\"url\":\"https:\/\/secure.gravatar.com\/avatar\/041d1b3114ce5dce17eaefa721d4ed06?s=96&d=mm&r=g\",\"contentUrl\":\"https:\/\/secure.gravatar.com\/avatar\/041d1b3114ce5dce17eaefa721d4ed06?s=96&d=mm&r=g\",\"caption\":\"Les Echos\"}}]}<\/script>\n<!-- \/ Yoast SEO plugin. -->","amp_enabled":true,"_links":{"self":[{"href":"https:\/\/www.comundi.fr\/mag-des-competences\/wp-json\/wp\/v2\/posts\/1533"}],"collection":[{"href":"https:\/\/www.comundi.fr\/mag-des-competences\/wp-json\/wp\/v2\/posts"}],"about":[{"href":"https:\/\/www.comundi.fr\/mag-des-competences\/wp-json\/wp\/v2\/types\/post"}],"author":[{"embeddable":true,"href":"https:\/\/www.comundi.fr\/mag-des-competences\/wp-json\/wp\/v2\/users\/6"}],"replies":[{"embeddable":true,"href":"https:\/\/www.comundi.fr\/mag-des-competences\/wp-json\/wp\/v2\/comments?post=1533"}],"version-history":[{"count":4,"href":"https:\/\/www.comundi.fr\/mag-des-competences\/wp-json\/wp\/v2\/posts\/1533\/revisions"}],"predecessor-version":[{"id":7043,"href":"https:\/\/www.comundi.fr\/mag-des-competences\/wp-json\/wp\/v2\/posts\/1533\/revisions\/7043"}],"wp:featuredmedia":[{"embeddable":true,"href":"https:\/\/www.comundi.fr\/mag-des-competences\/wp-json\/wp\/v2\/media\/1534"}],"wp:attachment":[{"href":"https:\/\/www.comundi.fr\/mag-des-competences\/wp-json\/wp\/v2\/media?parent=1533"}],"wp:term":[{"taxonomy":"category","embeddable":true,"href":"https:\/\/www.comundi.fr\/mag-des-competences\/wp-json\/wp\/v2\/categories?post=1533"}],"curies":[{"name":"wp","href":"https:\/\/api.w.org\/{rel}","templated":true}]}}