{"id":15076,"date":"2026-04-30T08:50:00","date_gmt":"2026-04-30T06:50:00","guid":{"rendered":"https:\/\/www.comundi.fr\/mag-des-competences\/?p=15076"},"modified":"2026-04-29T15:44:08","modified_gmt":"2026-04-29T13:44:08","slug":"manager-de-demain-un-role-plutot-decisionnel-ou-collaboratif","status":"publish","type":"post","link":"https:\/\/www.comundi.fr\/mag-des-competences\/manager-de-demain-un-role-plutot-decisionnel-ou-collaboratif\/","title":{"rendered":"Manager de demain : un r\u00f4le plut\u00f4t d\u00e9cisionnel ou collaboratif ?"},"content":{"rendered":"\n<p>Alors qu\u2019il doit \u00eatre en mesure de<a href=\"https:\/\/www.comundi.fr\/formations\/developper-la-collaboration-au-sein-de-vos-equipes-avec-la-facilitation.html\"> collaborer efficacement avec ses \u00e9quipes<\/a>, le manager doit aussi \u00eatre capable d\u2019agir sous pression, de diriger ses \u00e9quipes et de prendre des d\u00e9cisions qui peuvent parfois soulever des m\u00e9contentements. D\u2019un c\u00f4t\u00e9, il doit entretenir l\u2019intelligence collective, et de l\u2019autre, assumer pleinement la responsabilit\u00e9 de ses choix et son r\u00f4le d\u00e9cisionnaire. Ainsi, il peut \u00eatre difficile pour les managers\u00a0 de trouver un \u00e9quilibre dans leur position. <strong>Quel sera le profil du<\/strong> <strong>manager de demain<\/strong> ?<\/p>\n\n\n\n<h2>Pourquoi le mod\u00e8le du manager-chef ne fonctionne plus ?<\/h2>\n\n\n\n<p>Longtemps pl\u00e9biscit\u00e9, le mod\u00e8le de manager-chef est aujourd\u2019hui de moins en moins adapt\u00e9 en milieu professionnel. Il a pu produire des r\u00e9sultats encore observables dans certaines organisations, sur la base de facteurs objectifs et fonctionnels. Toutefois, ce syst\u00e8me de gestion pr\u00e9sente de nombreuses limites dans les environnements complexes et incertains, car il limite le taux d\u2019engagement et favorise plut\u00f4t l\u2019ob\u00e9issance.<\/p>\n\n\n\n<p>D\u2019apr\u00e8s un sondage d\u2019OpinionWay pour Talentsoft, 72 % des dirigeants estiment que <strong>le r\u00f4le du manager s\u2019est d\u00e9sormais recentr\u00e9 sur l\u2019accompagnement<\/strong>. Il ne s\u2019agit plus pour les manager de contr\u00f4ler leurs \u00e9quipes mais de les accompagner dans la mise en \u0153uvre de leurs actions et de <a href=\"https:\/\/www.comundi.fr\/formations\/formation-manager-booster-l-intelligence-collective-dans-votre-equipe.html\"><strong>valoriser l\u2019intelligence collective<\/strong><\/a>. Il reste cependant un d\u00e9cisionnaire.<\/p>\n\n\n\n<p>Par ailleurs, les nouvelles g\u00e9n\u00e9rations affirment \u00e9galement que l\u2019autorit\u00e9 doit se m\u00e9riter par la comp\u00e9tence et la posture, et non par le titre. Pour \u00eatre suivi et respecter, <strong>le manager doit donc d\u00e9montrer qu\u2019il d\u00e9tient les comp\u00e9tences n\u00e9cessaires pour occuper son poste<\/strong>.<\/p>\n\n\n\n<h2>La collaboration sans d\u00e9cision : un autre pi\u00e8ge<\/h2>\n\n\n\n<p>S\u2019il est int\u00e9ressant sur le papier, le management participatif peut, dans la pratique, g\u00e9n\u00e9rer ses propres dysfonctionnements. Pourquoi les managers devraient-ils surveiller ces \u00e9cueils ?<\/p>\n\n\n\n<h3>Contourner les d\u00e9rives d\u2019une collaboration sans fin<\/h3>\n\n\n\n<p>\u00c0 force de vouloir <a href=\"https:\/\/www.comundi.fr\/mag-des-competences\/comment-maintenir-l-engagement-de-vos-equipes\/\">impliquer chaque collaborateur dans le processus de d\u00e9cision<\/a>, les entreprises peuvent glisser dans un exc\u00e8s contre-productif. Cela se traduit, par exemple, par des r\u00e9unions \u00e0 r\u00e9p\u00e9tition, des arbitrages repouss\u00e9s ou un consensus au contenu ambigu. Pour les \u00e9quipes, le manque de cap devient alors source d\u2019incompr\u00e9hension et de frustration, puisque la dynamique collective s\u2019essouffle. <strong>Pour le manager de demain, il est important de savoir impliquer les collaborateurs<\/strong> sans pour autant renoncer \u00e0 prendre des d\u00e9cisions claires.<\/p>\n\n\n\n<h3>Assumer sa responsabilit\u00e9 d\u00e9cisionnelle<\/h3>\n\n\n\n<p>La contribution des \u00e9quipes est pr\u00e9cieuse, mais ne saurait se substituer au pouvoir de d\u00e9cision. En effet, il faut noter que les collaborateurs attendent de la clart\u00e9 sur qui d\u00e9cide et \u00e0 quel moment. Sans ce cadre, l\u2019engagement peut rapidement s\u2019\u00e9roder et l\u2019incertitude s\u2019installer.<\/p>\n\n\n\n<p><a href=\"https:\/\/www.comundi.fr\/mag-des-competences\/management-5-signes-que-votre-equipe-attend-un-leader-communicant\/\"><strong>Le v\u00e9ritable enjeu pour le manager est de savoir diriger ses \u00e9quipes avec discernement<\/strong><\/a>, en s\u2019appuyant sur l\u2019intelligence collective et les comp\u00e9tences de ses \u00e9quipes qui viennent \u00e9clairer son r\u00e9sonnement. Certaines comp\u00e9tences facilitent ce processus : la <a href=\"https:\/\/www.comundi.fr\/formations\/formation-gerer-son-temps-et-ses-priorites-sans-stress.html\">gestion du temps<\/a>, la qualit\u00e9 du feedback, <a href=\"https:\/\/www.comundi.fr\/mag-des-competences\/developper-sa-capacite-relationnelle-au-travail-strategies-et-outils-pour-une-communication-efficace\/\">l\u2019intelligence relationnelle<\/a> et la capacit\u00e9 d\u00e9cisionnelle. Il s\u2019agit l\u00e0 de comp\u00e9tences qui sont essentielles au manager.<\/p>\n\n\n\n<h2>Le manager de demain : un architecte de la d\u00e9cision<\/h2>\n\n\n\n<p>Le <strong>manager de demain est celui qui sait construire les conditions dans lesquelles les <a href=\"https:\/\/www.comundi.fr\/mag-des-competences\/nos-5-conseils-pour-prendre-des-decisions-optimales-en-periode-de-stress\/\">bonnes d\u00e9cisions peuvent \u00e9merger<\/a><\/strong> de fa\u00e7on collective ou individuelle. Sans renoncer \u00e0 son pouvoir d\u00e9cisionnel, il sait quand d\u00e9cider seul, quand consulter, d\u00e9l\u00e9guer ou co-construire. Cette d\u00e9marche se justifie par le fait que<a href=\"https:\/\/www.comundi.fr\/mag-des-competences\/comment-gerer-la-charge-mentale-des-managers\/\"> toutes les d\u00e9cisions ne se valent pas et n\u2019appellent pas le m\u00eame mode de traitement<\/a>. En ce sens, le manager peut envisager :<\/p>\n\n\n\n<ul><li>une d\u00e9cision rapide et solitaire pour les urgences, les choix \u00e0 faible r\u00e9versibilit\u00e9 ou les situations de crise qui impliquent de trancher dans les plus brefs d\u00e9lais ;<\/li><li>une consultation cibl\u00e9e pour les d\u00e9cisions strat\u00e9giques qui font appel \u00e0 une expertise ou qui n\u00e9cessitent l\u2019adh\u00e9sion des \u00e9quipes ;<\/li><li>une co-construction lorsque les sujets touchent aux modes de travail, \u00e0 l\u2019organisation collective ou \u00e0 la culture d\u2019\u00e9quipe ;<\/li><li>une d\u00e9l\u00e9gation totale lorsque certains collaborateurs disposent d\u2019une expertise sup\u00e9rieure sur un sujet donn\u00e9.<\/li><\/ul>\n\n\n\n<p>Par ailleurs, cette dynamique s\u2019inscrit aussi dans<strong> le concept de \u00ab\u00a0manager capacitant\u00a0\u00bb<\/strong>, issu des travaux de B\u00e9n\u00e9dicte Gendron, vice-pr\u00e9sidente de l\u2019universit\u00e9 Montpellier 3. Cette notion se fonde sur l\u2019id\u00e9e que les managers doivent \u00eatre capables de mobiliser les aptitudes de leurs \u00e9quipes pour pouvoir leur offrir un espace et un environnement de travail capacitant, c\u2019est \u00e0 dire favorable \u00e0 la cr\u00e9ation ou au d\u00e9veloppement de capacit\u00e9s. Moins centr\u00e9 sur l\u2019autorit\u00e9 que sur la coordination, le manager capacitant agit comme un facilitateur qui aligne les \u00e9nergies et d\u00e9veloppe l\u2019intelligence collective.<\/p>\n\n\n\n<h2>Quelles sont les comp\u00e9tences cl\u00e9s qui feront la diff\u00e9rence ?<\/h2>\n\n\n\n<p>Le r\u00f4le du manager \u00e9volue rapidement sous l\u2019effet des transformations du travail, des attentes des \u00e9quipes et de la complexit\u00e9 croissante des organisations. D\u00e9sormais, <strong>ce sont les comp\u00e9tences transversales et comportementales qui feront la diff\u00e9rence<\/strong>. Par exemple, les meilleurs managers devront faire appel \u00e0 l\u2019intelligence situationnelle pour savoir d\u00e9crypter rapidement un contexte et ajuster leur posture (directif, participatif ou d\u00e9l\u00e9gatif). Ils devront \u00e9galement cultiver le feedback comme une pratique quotidienne reposant sur des \u00e9changes r\u00e9guliers et sinc\u00e8res.<\/p>\n\n\n\n<p>Par ailleurs, les <strong>managers de demain<\/strong> <strong>doivent apprendre \u00e0 <a href=\"https:\/\/www.comundi.fr\/mag-des-competences\/comment-gerer-le-stress-au-travail-face-a-l-incertitude\/\">g\u00e9rer l\u2019incertitude<\/a> <\/strong>et \u00e0 r\u00e9agir avec des informations qui peuvent \u00eatre incompl\u00e8tes. Qu\u2019il s\u2019agisse du contexte \u00e9conomique, politique ou de l\u2019\u00e9volution des outils de travail avec l\u2019IA, le monde \u00e9volue rapidement. Les managers doivent donc faire preuve d\u2019agilit\u00e9 pour s\u2019adapter et r\u00e9pondre aux nouveaux enjeux de l\u2019entreprise.<\/p>\n\n\n\n<p>En outre,<strong> il est n\u00e9cessaire de<a href=\"https:\/\/www.comundi.fr\/formations\/formation-pratiquer-l-ecoute-active-pour-enrichir-ses-relations-professionnelles.html\"> rester \u00e0 l\u2019\u00e9coute de ses coll\u00e8gues<\/a><\/strong>. Miser sur l\u2019empathie op\u00e9rationnelle permet de comprendre les r\u00e9alit\u00e9s v\u00e9cues par les collaborateurs tout en maintenant la juste distance. Cette compr\u00e9hension aide \u00e0 <strong>mieux organiser le travail<\/strong>. Elle contribue aussi \u00e0 d\u00e9velopper un sens de la coalition qui consiste \u00e0 cr\u00e9er de l\u2019alignement plut\u00f4t qu\u2019un consensus de fa\u00e7ade. L\u2019enjeu n\u2019est pas que chacun soit d\u2019accord, mais que tous comprennent la direction prise et s\u2019y engagent clairement.<\/p>\n\n\n\n<h2>Nouvelles m\u00e9thodes de management : comment \u00eatre accompagn\u00e9 pour adapter son management aux nouveaux enjeux ?<\/h2>\n\n\n\n<p>Face aux transformations des entreprises et aux nouvelles attentes des salari\u00e9s, les managers doivent en permanence s\u2019adapter et se former pour rester performant. Dans ce contexte, les DRH peuvent leur apporter une aide pr\u00e9cieuse pour :<\/p>\n\n\n\n<ul><li><strong>acc\u00e9der \u00e0 des formations<\/strong> pour d\u00e9velopper des comp\u00e9tences techniques mais aussi des soft skills (la posture, l\u2019intelligence situationnelle et la qualit\u00e9 des interactions) ;<\/li><li><strong>identifier les besoins concrets<\/strong> en fonction de leur profil. Tous les managers ne rencontrent pas les m\u00eames difficult\u00e9s : lorsque certains doivent apprendre \u00e0 d\u00e9l\u00e9guer, d\u2019autres ont besoin de renforcer leur autorit\u00e9 ou la clart\u00e9 de leur cadre d\u2019action ;<\/li><li><strong>cr\u00e9er les conditions organisationnelles <\/strong>en vue d\u2019une transformation manag\u00e9riale progressive : temps d\u00e9di\u00e9s \u00e0 la formation, espaces de r\u00e9flexion, feedback \u00e0 360\u00b0 ou communaut\u00e9s de pairs.<\/li><\/ul>\n\n\n\n<p><br>Le management de demain ne repose plus sur un mod\u00e8le unique, mais sur la capacit\u00e9 \u00e0 naviguer entre diff\u00e9rentes postures avec discernement. L\u2019enjeu n\u2019est plus seulement d\u2019\u00eatre un manager comp\u00e9tent, mais de devenir un <strong>professionnel capable de s\u2019adapter <\/strong>et de faire grandir son \u00e9quipe dans un environnement en constante \u00e9volution.<\/p>\n\n\n\n<div class=\"wp-block-media-text alignwide is-stacked-on-mobile is-vertically-aligned-top has-black-color has-text-color has-background\" style=\"background-color:#fcd4df;grid-template-columns:30% auto\"><figure class=\"wp-block-media-text__media\"><img loading=\"lazy\" width=\"354\" height=\"289\" src=\"https:\/\/www.comundi.fr\/mag-des-competences\/wp-content\/uploads\/2025\/03\/icone-management-2.jpg\" alt=\"icone-management-2\" class=\"wp-image-13647 size-medium\" srcset=\"https:\/\/www.comundi.fr\/mag-des-competences\/wp-content\/uploads\/2025\/03\/icone-management-2.jpg 354w, https:\/\/www.comundi.fr\/mag-des-competences\/wp-content\/uploads\/2025\/03\/icone-management-2-300x245.jpg 300w\" sizes=\"(max-width: 354px) 100vw, 354px\" \/><\/figure><div class=\"wp-block-media-text__content\">\n<p><\/p>\n\n\n\n<p class=\"has-normal-font-size\">Am\u00e9liorez votre management gr\u00e2ce \u00e0 nos formations. <\/p>\n\n\n\n<div class=\"wp-block-buttons aligncenter\">\n<div class=\"wp-block-button\"><a class=\"wp-block-button__link has-background\" href=\"https:\/\/www.comundi.fr\/recherche?q=management\" style=\"background-color:#e20040\">Je d\u00e9couvre<\/a><\/div>\n<\/div>\n<\/div><\/div>\n","protected":false},"excerpt":{"rendered":"<p>Alors qu\u2019il doit \u00eatre en mesure de collaborer efficacement avec ses \u00e9quipes, le manager doit aussi \u00eatre capable d\u2019agir sous pression, de diriger ses \u00e9quipes et de prendre des d\u00e9cisions qui peuvent parfois soulever des m\u00e9contentements. D\u2019un c\u00f4t\u00e9, il doit entretenir l\u2019intelligence collective, et de l\u2019autre, assumer pleinement la responsabilit\u00e9 de ses choix et son [&hellip;]<\/p>\n","protected":false},"author":8,"featured_media":15080,"comment_status":"open","ping_status":"open","sticky":false,"template":"","format":"standard","meta":{"_mi_skip_tracking":false},"categories":[184],"yoast_head":"<!-- This site is optimized with the Yoast SEO plugin v16.1 - https:\/\/yoast.com\/wordpress\/plugins\/seo\/ -->\n<title>Manager de demain : un r\u00f4le plut\u00f4t d\u00e9cisionnel ou collaboratif ? - Mag des comp\u00e9tences - Comundi<\/title>\n<meta name=\"description\" content=\"Le manager de demain n&#039;est ni un chef autoritaire ni un animateur de r\u00e9unions. D\u00e9cryptage de la posture manag\u00e9riale dans cet article.\" \/>\n<meta name=\"robots\" content=\"index, follow, max-snippet:-1, max-image-preview:large, max-video-preview:-1\" \/>\n<link rel=\"canonical\" href=\"https:\/\/www.comundi.fr\/mag-des-competences\/manager-de-demain-un-role-plutot-decisionnel-ou-collaboratif\/\" \/>\n<meta property=\"og:locale\" content=\"fr_FR\" \/>\n<meta property=\"og:type\" content=\"article\" \/>\n<meta property=\"og:title\" content=\"Manager de demain : un r\u00f4le plut\u00f4t d\u00e9cisionnel ou collaboratif ? - Mag des comp\u00e9tences - Comundi\" \/>\n<meta property=\"og:description\" content=\"Le manager de demain n&#039;est ni un chef autoritaire ni un animateur de r\u00e9unions. D\u00e9cryptage de la posture manag\u00e9riale dans cet article.\" \/>\n<meta property=\"og:url\" content=\"https:\/\/www.comundi.fr\/mag-des-competences\/manager-de-demain-un-role-plutot-decisionnel-ou-collaboratif\/\" \/>\n<meta property=\"og:site_name\" content=\"Mag des comp\u00e9tences - Comundi\" \/>\n<meta property=\"article:publisher\" content=\"https:\/\/www.facebook.com\/Comundi\/?fref=ts\" \/>\n<meta property=\"article:published_time\" content=\"2026-04-30T06:50:00+00:00\" \/>\n<meta property=\"article:modified_time\" content=\"2026-04-29T13:44:08+00:00\" \/>\n<meta property=\"og:image\" content=\"https:\/\/www.comundi.fr\/mag-des-competences\/wp-content\/uploads\/2026\/04\/Manager-de-demain.jpg\" \/>\n\t<meta property=\"og:image:width\" content=\"1200\" \/>\n\t<meta property=\"og:image:height\" content=\"675\" \/>\n<meta name=\"twitter:card\" content=\"summary_large_image\" \/>\n<meta name=\"twitter:creator\" content=\"@ComundiActu\" \/>\n<meta name=\"twitter:site\" content=\"@ComundiActu\" \/>\n<meta name=\"twitter:label1\" content=\"Dur\u00e9e de lecture est.\">\n\t<meta name=\"twitter:data1\" content=\"6 minutes\">\n<script type=\"application\/ld+json\" class=\"yoast-schema-graph\">{\"@context\":\"https:\/\/schema.org\",\"@graph\":[{\"@type\":\"Organization\",\"@id\":\"https:\/\/www.comundi.fr\/mag-des-competences\/#organization\",\"name\":\"Comundi\",\"url\":\"https:\/\/www.comundi.fr\/mag-des-competences\/\",\"sameAs\":[\"https:\/\/www.facebook.com\/Comundi\/?fref=ts\",\"https:\/\/www.linkedin.com\/company\/comundi\/\",\"https:\/\/www.youtube.com\/user\/ComundiFormations\",\"https:\/\/twitter.com\/ComundiActu\"],\"logo\":{\"@type\":\"ImageObject\",\"@id\":\"https:\/\/www.comundi.fr\/mag-des-competences\/#logo\",\"inLanguage\":\"fr-FR\",\"url\":\"https:\/\/www.comundi.fr\/mag-des-competences\/wp-content\/uploads\/2018\/01\/comundi.png\",\"contentUrl\":\"https:\/\/www.comundi.fr\/mag-des-competences\/wp-content\/uploads\/2018\/01\/comundi.png\",\"width\":300,\"height\":300,\"caption\":\"Comundi\"},\"image\":{\"@id\":\"https:\/\/www.comundi.fr\/mag-des-competences\/#logo\"}},{\"@type\":\"WebSite\",\"@id\":\"https:\/\/www.comundi.fr\/mag-des-competences\/#website\",\"url\":\"https:\/\/www.comundi.fr\/mag-des-competences\/\",\"name\":\"Mag des comp\\u00e9tences - Comundi\",\"description\":\"Le magazine des m\\u00e9tiers de demain\",\"publisher\":{\"@id\":\"https:\/\/www.comundi.fr\/mag-des-competences\/#organization\"},\"potentialAction\":[{\"@type\":\"SearchAction\",\"target\":\"https:\/\/www.comundi.fr\/mag-des-competences\/?s={search_term_string}\",\"query-input\":\"required name=search_term_string\"}],\"inLanguage\":\"fr-FR\"},{\"@type\":\"ImageObject\",\"@id\":\"https:\/\/www.comundi.fr\/mag-des-competences\/manager-de-demain-un-role-plutot-decisionnel-ou-collaboratif\/#primaryimage\",\"inLanguage\":\"fr-FR\",\"url\":\"https:\/\/www.comundi.fr\/mag-des-competences\/wp-content\/uploads\/2026\/04\/Manager-de-demain.jpg\",\"contentUrl\":\"https:\/\/www.comundi.fr\/mag-des-competences\/wp-content\/uploads\/2026\/04\/Manager-de-demain.jpg\",\"width\":1200,\"height\":675,\"caption\":\"Manager de demain\"},{\"@type\":\"WebPage\",\"@id\":\"https:\/\/www.comundi.fr\/mag-des-competences\/manager-de-demain-un-role-plutot-decisionnel-ou-collaboratif\/#webpage\",\"url\":\"https:\/\/www.comundi.fr\/mag-des-competences\/manager-de-demain-un-role-plutot-decisionnel-ou-collaboratif\/\",\"name\":\"Manager de demain : un r\\u00f4le plut\\u00f4t d\\u00e9cisionnel ou collaboratif ? - Mag des comp\\u00e9tences - Comundi\",\"isPartOf\":{\"@id\":\"https:\/\/www.comundi.fr\/mag-des-competences\/#website\"},\"primaryImageOfPage\":{\"@id\":\"https:\/\/www.comundi.fr\/mag-des-competences\/manager-de-demain-un-role-plutot-decisionnel-ou-collaboratif\/#primaryimage\"},\"datePublished\":\"2026-04-30T06:50:00+00:00\",\"dateModified\":\"2026-04-29T13:44:08+00:00\",\"description\":\"Le manager de demain n'est ni un chef autoritaire ni un animateur de r\\u00e9unions. D\\u00e9cryptage de la posture manag\\u00e9riale dans cet article.\",\"breadcrumb\":{\"@id\":\"https:\/\/www.comundi.fr\/mag-des-competences\/manager-de-demain-un-role-plutot-decisionnel-ou-collaboratif\/#breadcrumb\"},\"inLanguage\":\"fr-FR\",\"potentialAction\":[{\"@type\":\"ReadAction\",\"target\":[\"https:\/\/www.comundi.fr\/mag-des-competences\/manager-de-demain-un-role-plutot-decisionnel-ou-collaboratif\/\"]}]},{\"@type\":\"BreadcrumbList\",\"@id\":\"https:\/\/www.comundi.fr\/mag-des-competences\/manager-de-demain-un-role-plutot-decisionnel-ou-collaboratif\/#breadcrumb\",\"itemListElement\":[{\"@type\":\"ListItem\",\"position\":1,\"item\":{\"@type\":\"WebPage\",\"@id\":\"https:\/\/www.comundi.fr\/mag-des-competences\/\",\"url\":\"https:\/\/www.comundi.fr\/mag-des-competences\/\",\"name\":\"Accueil\"}},{\"@type\":\"ListItem\",\"position\":2,\"item\":{\"@type\":\"WebPage\",\"@id\":\"https:\/\/www.comundi.fr\/mag-des-competences\/manager-de-demain-un-role-plutot-decisionnel-ou-collaboratif\/\",\"url\":\"https:\/\/www.comundi.fr\/mag-des-competences\/manager-de-demain-un-role-plutot-decisionnel-ou-collaboratif\/\",\"name\":\"Manager de demain : un r\\u00f4le plut\\u00f4t d\\u00e9cisionnel ou collaboratif ?\"}}]},{\"@type\":\"Article\",\"@id\":\"https:\/\/www.comundi.fr\/mag-des-competences\/manager-de-demain-un-role-plutot-decisionnel-ou-collaboratif\/#article\",\"isPartOf\":{\"@id\":\"https:\/\/www.comundi.fr\/mag-des-competences\/manager-de-demain-un-role-plutot-decisionnel-ou-collaboratif\/#webpage\"},\"author\":{\"@id\":\"https:\/\/www.comundi.fr\/mag-des-competences\/#\/schema\/person\/d08f5c2cf9de6fcfd33c30314745578e\"},\"headline\":\"Manager de demain : un r\\u00f4le plut\\u00f4t d\\u00e9cisionnel ou collaboratif ?\",\"datePublished\":\"2026-04-30T06:50:00+00:00\",\"dateModified\":\"2026-04-29T13:44:08+00:00\",\"mainEntityOfPage\":{\"@id\":\"https:\/\/www.comundi.fr\/mag-des-competences\/manager-de-demain-un-role-plutot-decisionnel-ou-collaboratif\/#webpage\"},\"commentCount\":0,\"publisher\":{\"@id\":\"https:\/\/www.comundi.fr\/mag-des-competences\/#organization\"},\"image\":{\"@id\":\"https:\/\/www.comundi.fr\/mag-des-competences\/manager-de-demain-un-role-plutot-decisionnel-ou-collaboratif\/#primaryimage\"},\"articleSection\":\"management\",\"inLanguage\":\"fr-FR\",\"potentialAction\":[{\"@type\":\"CommentAction\",\"name\":\"Comment\",\"target\":[\"https:\/\/www.comundi.fr\/mag-des-competences\/manager-de-demain-un-role-plutot-decisionnel-ou-collaboratif\/#respond\"]}]},{\"@type\":\"Person\",\"@id\":\"https:\/\/www.comundi.fr\/mag-des-competences\/#\/schema\/person\/d08f5c2cf9de6fcfd33c30314745578e\",\"name\":\"Comundi\",\"image\":{\"@type\":\"ImageObject\",\"@id\":\"https:\/\/www.comundi.fr\/mag-des-competences\/#personlogo\",\"inLanguage\":\"fr-FR\",\"url\":\"https:\/\/secure.gravatar.com\/avatar\/da2835ae7b2c1279e8e897d242f4cda6?s=96&d=mm&r=g\",\"contentUrl\":\"https:\/\/secure.gravatar.com\/avatar\/da2835ae7b2c1279e8e897d242f4cda6?s=96&d=mm&r=g\",\"caption\":\"Comundi\"}}]}<\/script>\n<!-- \/ Yoast SEO plugin. -->","amp_enabled":true,"_links":{"self":[{"href":"https:\/\/www.comundi.fr\/mag-des-competences\/wp-json\/wp\/v2\/posts\/15076"}],"collection":[{"href":"https:\/\/www.comundi.fr\/mag-des-competences\/wp-json\/wp\/v2\/posts"}],"about":[{"href":"https:\/\/www.comundi.fr\/mag-des-competences\/wp-json\/wp\/v2\/types\/post"}],"author":[{"embeddable":true,"href":"https:\/\/www.comundi.fr\/mag-des-competences\/wp-json\/wp\/v2\/users\/8"}],"replies":[{"embeddable":true,"href":"https:\/\/www.comundi.fr\/mag-des-competences\/wp-json\/wp\/v2\/comments?post=15076"}],"version-history":[{"count":4,"href":"https:\/\/www.comundi.fr\/mag-des-competences\/wp-json\/wp\/v2\/posts\/15076\/revisions"}],"predecessor-version":[{"id":15092,"href":"https:\/\/www.comundi.fr\/mag-des-competences\/wp-json\/wp\/v2\/posts\/15076\/revisions\/15092"}],"wp:featuredmedia":[{"embeddable":true,"href":"https:\/\/www.comundi.fr\/mag-des-competences\/wp-json\/wp\/v2\/media\/15080"}],"wp:attachment":[{"href":"https:\/\/www.comundi.fr\/mag-des-competences\/wp-json\/wp\/v2\/media?parent=15076"}],"wp:term":[{"taxonomy":"category","embeddable":true,"href":"https:\/\/www.comundi.fr\/mag-des-competences\/wp-json\/wp\/v2\/categories?post=15076"}],"curies":[{"name":"wp","href":"https:\/\/api.w.org\/{rel}","templated":true}]}}