{"id":14850,"date":"2026-01-27T08:50:00","date_gmt":"2026-01-27T07:50:00","guid":{"rendered":"https:\/\/www.comundi.fr\/mag-des-competences\/?p=14850"},"modified":"2026-01-27T15:56:06","modified_gmt":"2026-01-27T14:56:06","slug":"le-doute-peut-etre-une-bonne-chose-a-condition-de-ne-pas-etre-paralysant-comment-se-sortir-du-syndrome-de-l-imposteur","status":"publish","type":"post","link":"https:\/\/www.comundi.fr\/mag-des-competences\/le-doute-peut-etre-une-bonne-chose-a-condition-de-ne-pas-etre-paralysant-comment-se-sortir-du-syndrome-de-l-imposteur\/","title":{"rendered":"\u00ab Le doute peut \u00eatre une bonne chose, \u00e0 condition de ne pas \u00eatre paralysant \u00bb : comment se sortir du syndrome de l&rsquo;imposteur"},"content":{"rendered":"\n<p><a href=\"https:\/\/www.comundi.fr\/formations\/formation-apprendre-a-se-faire-confiance.html\">Manque de confiance,<\/a> d\u00e9valorisation, doute permanent, et m\u00eame peur d&rsquo;\u00eatre d\u00e9masqu\u00e9\u2026 Le tout alors qu&rsquo;objectivement, le professionnel fait bien son travail. C&rsquo;est toute la difficult\u00e9 &#8211; et le paradoxe &#8211; du syndrome de l&rsquo;imposteur.<\/p>\n\n\n\n<p>Que ceux qui n&rsquo;ont jamais connu ce&nbsp;syndrome&nbsp;jettent la premi\u00e8re pierre. Selon les diff\u00e9rentes \u00e9tudes sur le syndrome de l&rsquo;imposteur, entre un quart et deux tiers des managers fran\u00e7ais ont \u00e9prouv\u00e9 \u00e0 un moment ou \u00e0 un autre de leur carri\u00e8re l&rsquo;impression de ne pas m\u00e9riter sa place, de ne pas \u00eatre au bon niveau et capable d&rsquo;assurer sa mission.<\/p>\n\n\n\n<p>\u00ab&nbsp;La mesure est extraordinairement variable&nbsp;! La mani\u00e8re dont est pos\u00e9e la question est ici tr\u00e8s importante, car il existe une vaste gamme de nuances entre une personne vivant une saine inqui\u00e9tude face \u00e0 un nouveau d\u00e9fi, et une autre plong\u00e9e dans la peur permanente d&rsquo;\u00eatre &lsquo;d\u00e9masqu\u00e9e&rsquo;, alors qu&rsquo;elle fait tr\u00e8s bien son job depuis des ann\u00e9es&nbsp;\u00bb, rel\u00e8ve Olivier Sibony, enseignant en d\u00e9cision strat\u00e9gique \u00e0 HEC.<\/p>\n\n\n\n<p>L&rsquo;origine de cette expression, largement utilis\u00e9e aujourd&rsquo;hui, vient des travaux publi\u00e9s en&nbsp;1978 de deux psychologues am\u00e9ricaines, Pauline Clance et Suzanne Imes. Celles-ci s&rsquo;int\u00e9ressent alors au \u00ab&nbsp;ph\u00e9nom\u00e8ne d&rsquo;imposture&nbsp;\u00bb chez les femmes \u00e0 la carri\u00e8re brillante. \u00ab&nbsp;Il ne s&rsquo;agit pas de quelque chose de m\u00e9dical. C&rsquo;est plut\u00f4t un ressenti&nbsp;: l&rsquo;id\u00e9e que l&rsquo;on occupe un r\u00f4le, <a href=\"https:\/\/www.comundi.fr\/mag-des-competences\/comment-valoriser-vos-atouts-invisibles-pour-briller-au-travail\/\">un poste ou une position que l&rsquo;on ne m\u00e9rite pas<\/a>, que l&rsquo;on est arriv\u00e9 sur un coup de chance. Et qu&rsquo;\u00e0 tout moment, les autres risquent de s&rsquo;en rendre compte&nbsp;\u00bb, d\u00e9taille Amandine Ruas, coach professionnelle et th\u00e9rapeute.<\/p>\n\n\n\n<h2><strong>Des exercices pour en sortir<\/strong><\/h2>\n\n\n\n<p>Comment savoir si l&rsquo;on est concern\u00e9&nbsp;? \u00ab&nbsp;Ce sont souvent des personnes qui manquent de confiance, <a href=\"https:\/\/www.comundi.fr\/formations\/formation-developper-son-estime-de-soi-pour-se-realiser-au-travail.html\">avec une faible estime d&rsquo;elles-m\u00eames<\/a>, et ce alors que tous les signaux ext\u00e9rieurs sont positifs, quel que soit leur \u00e2ge ou leur exp\u00e9rience. Je pense par exemple \u00e0 une personne que j&rsquo;ai accompagn\u00e9e, avec une vingtaine d&rsquo;ann\u00e9es de carri\u00e8re, des preuves r\u00e9guli\u00e8res de l&rsquo;estime de son entourage professionnel. Malgr\u00e9 cela, elle continuait de douter de ses capacit\u00e9s&nbsp;\u00bb, explique Estelle Divet, coach professionnelle et fondatrice du cabinet Tafoga. Et d&rsquo;ajouter&nbsp;: \u00ab&nbsp;Y compris chez des professionnels pouvant sembler s\u00fbrs d&rsquo;eux, capables de prendre la parole, de trancher\u2026&nbsp;<a href=\"https:\/\/www.lesechos.fr\/travailler-mieux\/vie-au-travail\/faut-il-oublier-la-modestie-pour-reussir-sa-carriere-2201775\">Une forte affirmation de soi<\/a>&nbsp;peut \u00eatre une carapace pour cacher un manque d&rsquo;estime de soi&nbsp;!&nbsp;\u00bb<\/p>\n\n\n\n<p>S&rsquo;il n&rsquo;existe pas de solution miracle, les experts proposent quelques pistes pour tenter d&rsquo;en sortir. \u00ab&nbsp;Le syndrome de l&rsquo;imposteur nous laisse penser que ce que l&rsquo;on fait n&rsquo;est jamais assez bien. D&rsquo;o\u00f9 l&rsquo;importance de se d\u00e9focaliser du n\u00e9gatif, de regarder aussi&nbsp;<a href=\"https:\/\/www.lesechos.fr\/idees-debats\/leadership-management\/super-engages-neutres-ou-demotives-quel-type-de-salaries-avez-vous-2196683\">les choses positives de son quotidien,<\/a>&nbsp;les petits accomplissements, les situations complexes que l&rsquo;on a su r\u00e9soudre&nbsp;\u00bb, sugg\u00e8re Amandine Ruas.<\/p>\n\n\n\n<p>La coach propose d&rsquo;ailleurs un exercice pratique&nbsp;: noter dans un carnet, chaque soir, trois fiert\u00e9s ou r\u00e9ussites du jour. Par exemple, <a href=\"https:\/\/www.comundi.fr\/formations\/formation-prise-de-parole-en-public.html\">une bonne prise de parole en r\u00e9union<\/a>, un dossier boucl\u00e9 dans les temps, un service rendu \u00e0 un coll\u00e8gue\u2026 \u00ab&nbsp;C&rsquo;est simple, cela ne demande aucune organisation, ni aucun moyen. J&rsquo;invite mes coach\u00e9s \u00e0 le faire, puis \u00e0 se relire parfois, pour <a href=\"https:\/\/www.comundi.fr\/mag-des-competences\/prendre-du-recul-apprendre-a-lacher-prise\/\">prendre du recul<\/a>. Petit \u00e0 petit, cela pousse l&rsquo;esprit \u00e0 voir le positif, \u00e0 se r\u00e9\u00e9duquer en retirant ce filtre d&rsquo;exigence envers soi-m\u00eame.&nbsp;\u00bb<\/p>\n\n\n\n<h2><strong>Prendre confiance<\/strong><\/h2>\n\n\n\n<p>L&rsquo;entourage professionnel, voire personnel, peut aussi se r\u00e9v\u00e9ler d&rsquo;une aide pr\u00e9cieuse, souligne Estelle Divet&nbsp;: \u00ab&nbsp;En France,&nbsp;<a href=\"https:\/\/www.lesechos.fr\/idees-debats\/leadership-management\/feedback-inverse-etes-vous-vraiment-pret-a-evaluer-votre-manager-2198537\">la culture du feedback<\/a>&nbsp;est peu d\u00e9velopp\u00e9e, et c&rsquo;est dommage&nbsp;! Justement, je conseille d&rsquo;oser demander \u00e0 ses coll\u00e8gues des retours sur ses comp\u00e9tences et ses comportements. Quand je propose cela en coaching, les gens reviennent hallucin\u00e9s en voyant tout le bien que les autres pensent d&rsquo;eux&nbsp;! C&rsquo;est l&rsquo;occasion de comprendre le d\u00e9calage entre sa propre perception et celle des autres.&nbsp;\u00bb Cet exercice permet d&rsquo;ailleurs de se rendre compte que les retours ont tendance \u00e0 se recouper, y compris s&rsquo;ils viennent de cercles diff\u00e9rents.<\/p>\n\n\n\n<p>S&rsquo;interroger sur sa capacit\u00e9 \u00e0 r\u00e9ussir n&rsquo;est pas forc\u00e9ment une mauvaise chose. Le doute peut \u00eatre positif, tant qu&rsquo;il est bien dos\u00e9. \u00ab&nbsp;Oui, \u00e0 condition qu&rsquo;il ne devienne pas paralysant&nbsp;! En petite quantit\u00e9, il peut permettre une meilleure performance au travail, et m\u00eame davantage de cr\u00e9ativit\u00e9&nbsp;\u00bb, souligne Sarah Hudson, professeure de management \u00e0 Rennes School of Business, qui s&rsquo;int\u00e9resse notamment aux \u00e9motions et <a href=\"https:\/\/www.comundi.fr\/mag-des-competences\/favoriser-la-productivite-sans-sacrifier-le-bien-etre\/\">au bien-\u00eatre des salari\u00e9s<\/a>. \u00ab&nbsp;Les personnes avec ce syndrome ont tendance \u00e0 \u00eatre de bons citoyens dans l&rsquo;entreprise, comme si elles compensaient leur crainte de ne pas \u00eatre \u00e0 la hauteur professionnellement. Ce qui est \u00e9videmment b\u00e9n\u00e9fique pour l&rsquo;organisation\u2026&nbsp;\u00bb<\/p>\n\n\n\n<p>En revanche, si le poids de ce syndrome&nbsp;et de cette suppos\u00e9e imposture se fait trop lourd, il peut \u00eatre pertinent&nbsp;<a href=\"https:\/\/www.lesechos.fr\/idees-debats\/leadership-management\/jaurais-aime-connaitre-un-tel-lieu-jadorais-mon-travail-ces-initiatives-inedites-qui-accompagnent-les-victimes-de-burn-out-2199775\">d&rsquo;aller chercher de l&rsquo;aide,<\/a>&nbsp;que ce soit aupr\u00e8s d&rsquo;un coach, d&rsquo;un psychologue ou de tout autre professionnel de sant\u00e9. \u00ab&nbsp;En effet, \u00e0 partir du moment o\u00f9 l&rsquo;on en \u00e9prouve subjectivement le besoin, o\u00f9 l&rsquo;on ressent que l&rsquo;on n&rsquo;est pas <a href=\"https:\/\/www.comundi.fr\/mag-des-competences\/4-pistes-a-explorer-pour-etre-heureux-au-travail\/\">heureux dans son travail<\/a>, o\u00f9 ce sentiment d&rsquo;imposture devient trop pr\u00e9sent dans son quotidien, il faut agir&nbsp;\u00bb, acquiesce Olivier Sibony.<\/p>\n\n\n\n<p>La bonne nouvelle&nbsp;: les personnes touch\u00e9es par le syndrome de l&rsquo;imposteur peuvent r\u00e9ussir \u00e0 en sortir, \u00e0 prendre confiance et \u00e0 s&rsquo;\u00e9panouir au travail, confirme la coach Amandine Ruas&nbsp;: \u00ab&nbsp;J&rsquo;ai vu de nombreuses personnes r\u00e9ussir et se reconstruire. C&rsquo;est un travail de fond, mais c&rsquo;est possible&nbsp;!&nbsp;\u00bb<\/p>\n\n\n\n<p>Laura Makary<\/p>\n","protected":false},"excerpt":{"rendered":"<p>Manque de confiance, d\u00e9valorisation, doute permanent, et m\u00eame peur d&rsquo;\u00eatre d\u00e9masqu\u00e9\u2026 Le tout alors qu&rsquo;objectivement, le professionnel fait bien son travail. C&rsquo;est toute la difficult\u00e9 &#8211; et le paradoxe &#8211; du syndrome de l&rsquo;imposteur. Que ceux qui n&rsquo;ont jamais connu ce&nbsp;syndrome&nbsp;jettent la premi\u00e8re pierre. Selon les diff\u00e9rentes \u00e9tudes sur le syndrome de l&rsquo;imposteur, entre un [&hellip;]<\/p>\n","protected":false},"author":6,"featured_media":14851,"comment_status":"open","ping_status":"open","sticky":false,"template":"","format":"standard","meta":{"_mi_skip_tracking":false},"categories":[185],"yoast_head":"<!-- This site is optimized with the Yoast SEO plugin v16.1 - https:\/\/yoast.com\/wordpress\/plugins\/seo\/ -->\n<title>\u00ab Le doute peut \u00eatre une bonne chose, \u00e0 condition de ne pas \u00eatre paralysant \u00bb : comment se sortir du syndrome de l&#039;imposteur - Mag des comp\u00e9tences - Comundi<\/title>\n<meta name=\"description\" content=\"D\u00e9couvrez les effets du syndrome de l\u2019imposteur sur la confiance en soi et les m\u00e9thodes pour retrouver assurance au travail.\" \/>\n<meta name=\"robots\" content=\"noindex, follow\" \/>\n<meta property=\"og:locale\" content=\"fr_FR\" \/>\n<meta property=\"og:type\" content=\"article\" \/>\n<meta property=\"og:title\" content=\"\u00ab Le doute peut \u00eatre une bonne chose, \u00e0 condition de ne pas \u00eatre paralysant \u00bb : comment se sortir du syndrome de l&#039;imposteur - Mag des comp\u00e9tences - Comundi\" \/>\n<meta property=\"og:description\" content=\"D\u00e9couvrez les effets du syndrome de l\u2019imposteur sur la confiance en soi et les m\u00e9thodes pour retrouver assurance au travail.\" \/>\n<meta property=\"og:url\" content=\"https:\/\/www.comundi.fr\/mag-des-competences\/le-doute-peut-etre-une-bonne-chose-a-condition-de-ne-pas-etre-paralysant-comment-se-sortir-du-syndrome-de-l-imposteur\/\" \/>\n<meta property=\"og:site_name\" content=\"Mag des comp\u00e9tences - Comundi\" \/>\n<meta property=\"article:publisher\" content=\"https:\/\/www.facebook.com\/Comundi\/?fref=ts\" \/>\n<meta property=\"article:published_time\" content=\"2026-01-27T07:50:00+00:00\" \/>\n<meta property=\"article:modified_time\" content=\"2026-01-27T14:56:06+00:00\" \/>\n<meta property=\"og:image\" content=\"https:\/\/www.comundi.fr\/mag-des-competences\/wp-content\/uploads\/2026\/01\/Design-sans-titre-8-1.jpg\" \/>\n\t<meta property=\"og:image:width\" content=\"1200\" \/>\n\t<meta property=\"og:image:height\" content=\"676\" \/>\n<meta name=\"twitter:card\" content=\"summary_large_image\" \/>\n<meta name=\"twitter:creator\" content=\"@ComundiActu\" \/>\n<meta name=\"twitter:site\" content=\"@ComundiActu\" \/>\n<meta name=\"twitter:label1\" content=\"Dur\u00e9e de lecture est.\">\n\t<meta name=\"twitter:data1\" content=\"4 minutes\">\n<script type=\"application\/ld+json\" class=\"yoast-schema-graph\">{\"@context\":\"https:\/\/schema.org\",\"@graph\":[{\"@type\":\"Organization\",\"@id\":\"https:\/\/www.comundi.fr\/mag-des-competences\/#organization\",\"name\":\"Comundi\",\"url\":\"https:\/\/www.comundi.fr\/mag-des-competences\/\",\"sameAs\":[\"https:\/\/www.facebook.com\/Comundi\/?fref=ts\",\"https:\/\/www.linkedin.com\/company\/comundi\/\",\"https:\/\/www.youtube.com\/user\/ComundiFormations\",\"https:\/\/twitter.com\/ComundiActu\"],\"logo\":{\"@type\":\"ImageObject\",\"@id\":\"https:\/\/www.comundi.fr\/mag-des-competences\/#logo\",\"inLanguage\":\"fr-FR\",\"url\":\"https:\/\/www.comundi.fr\/mag-des-competences\/wp-content\/uploads\/2018\/01\/comundi.png\",\"contentUrl\":\"https:\/\/www.comundi.fr\/mag-des-competences\/wp-content\/uploads\/2018\/01\/comundi.png\",\"width\":300,\"height\":300,\"caption\":\"Comundi\"},\"image\":{\"@id\":\"https:\/\/www.comundi.fr\/mag-des-competences\/#logo\"}},{\"@type\":\"WebSite\",\"@id\":\"https:\/\/www.comundi.fr\/mag-des-competences\/#website\",\"url\":\"https:\/\/www.comundi.fr\/mag-des-competences\/\",\"name\":\"Mag des comp\\u00e9tences - Comundi\",\"description\":\"Le magazine des m\\u00e9tiers de demain\",\"publisher\":{\"@id\":\"https:\/\/www.comundi.fr\/mag-des-competences\/#organization\"},\"potentialAction\":[{\"@type\":\"SearchAction\",\"target\":\"https:\/\/www.comundi.fr\/mag-des-competences\/?s={search_term_string}\",\"query-input\":\"required name=search_term_string\"}],\"inLanguage\":\"fr-FR\"},{\"@type\":\"ImageObject\",\"@id\":\"https:\/\/www.comundi.fr\/mag-des-competences\/le-doute-peut-etre-une-bonne-chose-a-condition-de-ne-pas-etre-paralysant-comment-se-sortir-du-syndrome-de-l-imposteur\/#primaryimage\",\"inLanguage\":\"fr-FR\",\"url\":\"https:\/\/www.comundi.fr\/mag-des-competences\/wp-content\/uploads\/2026\/01\/Design-sans-titre-8-1.jpg\",\"contentUrl\":\"https:\/\/www.comundi.fr\/mag-des-competences\/wp-content\/uploads\/2026\/01\/Design-sans-titre-8-1.jpg\",\"width\":1200,\"height\":676},{\"@type\":\"WebPage\",\"@id\":\"https:\/\/www.comundi.fr\/mag-des-competences\/le-doute-peut-etre-une-bonne-chose-a-condition-de-ne-pas-etre-paralysant-comment-se-sortir-du-syndrome-de-l-imposteur\/#webpage\",\"url\":\"https:\/\/www.comundi.fr\/mag-des-competences\/le-doute-peut-etre-une-bonne-chose-a-condition-de-ne-pas-etre-paralysant-comment-se-sortir-du-syndrome-de-l-imposteur\/\",\"name\":\"\\u00ab Le doute peut \\u00eatre une bonne chose, \\u00e0 condition de ne pas \\u00eatre paralysant \\u00bb : comment se sortir du syndrome de l'imposteur - Mag des comp\\u00e9tences - Comundi\",\"isPartOf\":{\"@id\":\"https:\/\/www.comundi.fr\/mag-des-competences\/#website\"},\"primaryImageOfPage\":{\"@id\":\"https:\/\/www.comundi.fr\/mag-des-competences\/le-doute-peut-etre-une-bonne-chose-a-condition-de-ne-pas-etre-paralysant-comment-se-sortir-du-syndrome-de-l-imposteur\/#primaryimage\"},\"datePublished\":\"2026-01-27T07:50:00+00:00\",\"dateModified\":\"2026-01-27T14:56:06+00:00\",\"description\":\"D\\u00e9couvrez les effets du syndrome de l\\u2019imposteur sur la confiance en soi et les m\\u00e9thodes pour retrouver assurance au travail.\",\"breadcrumb\":{\"@id\":\"https:\/\/www.comundi.fr\/mag-des-competences\/le-doute-peut-etre-une-bonne-chose-a-condition-de-ne-pas-etre-paralysant-comment-se-sortir-du-syndrome-de-l-imposteur\/#breadcrumb\"},\"inLanguage\":\"fr-FR\",\"potentialAction\":[{\"@type\":\"ReadAction\",\"target\":[\"https:\/\/www.comundi.fr\/mag-des-competences\/le-doute-peut-etre-une-bonne-chose-a-condition-de-ne-pas-etre-paralysant-comment-se-sortir-du-syndrome-de-l-imposteur\/\"]}]},{\"@type\":\"BreadcrumbList\",\"@id\":\"https:\/\/www.comundi.fr\/mag-des-competences\/le-doute-peut-etre-une-bonne-chose-a-condition-de-ne-pas-etre-paralysant-comment-se-sortir-du-syndrome-de-l-imposteur\/#breadcrumb\",\"itemListElement\":[{\"@type\":\"ListItem\",\"position\":1,\"item\":{\"@type\":\"WebPage\",\"@id\":\"https:\/\/www.comundi.fr\/mag-des-competences\/\",\"url\":\"https:\/\/www.comundi.fr\/mag-des-competences\/\",\"name\":\"Accueil\"}},{\"@type\":\"ListItem\",\"position\":2,\"item\":{\"@type\":\"WebPage\",\"@id\":\"https:\/\/www.comundi.fr\/mag-des-competences\/le-doute-peut-etre-une-bonne-chose-a-condition-de-ne-pas-etre-paralysant-comment-se-sortir-du-syndrome-de-l-imposteur\/\",\"url\":\"https:\/\/www.comundi.fr\/mag-des-competences\/le-doute-peut-etre-une-bonne-chose-a-condition-de-ne-pas-etre-paralysant-comment-se-sortir-du-syndrome-de-l-imposteur\/\",\"name\":\"\\u00ab Le doute peut \\u00eatre une bonne chose, \\u00e0 condition de ne pas \\u00eatre paralysant \\u00bb : comment se sortir du syndrome de l&rsquo;imposteur\"}}]},{\"@type\":\"Article\",\"@id\":\"https:\/\/www.comundi.fr\/mag-des-competences\/le-doute-peut-etre-une-bonne-chose-a-condition-de-ne-pas-etre-paralysant-comment-se-sortir-du-syndrome-de-l-imposteur\/#article\",\"isPartOf\":{\"@id\":\"https:\/\/www.comundi.fr\/mag-des-competences\/le-doute-peut-etre-une-bonne-chose-a-condition-de-ne-pas-etre-paralysant-comment-se-sortir-du-syndrome-de-l-imposteur\/#webpage\"},\"author\":{\"@id\":\"https:\/\/www.comundi.fr\/mag-des-competences\/#\/schema\/person\/96b8f219e4cddee126473c6fbcc0e089\"},\"headline\":\"\\u00ab Le doute peut \\u00eatre une bonne chose, \\u00e0 condition de ne pas \\u00eatre paralysant \\u00bb : comment se sortir du syndrome de l&rsquo;imposteur\",\"datePublished\":\"2026-01-27T07:50:00+00:00\",\"dateModified\":\"2026-01-27T14:56:06+00:00\",\"mainEntityOfPage\":{\"@id\":\"https:\/\/www.comundi.fr\/mag-des-competences\/le-doute-peut-etre-une-bonne-chose-a-condition-de-ne-pas-etre-paralysant-comment-se-sortir-du-syndrome-de-l-imposteur\/#webpage\"},\"commentCount\":0,\"publisher\":{\"@id\":\"https:\/\/www.comundi.fr\/mag-des-competences\/#organization\"},\"image\":{\"@id\":\"https:\/\/www.comundi.fr\/mag-des-competences\/le-doute-peut-etre-une-bonne-chose-a-condition-de-ne-pas-etre-paralysant-comment-se-sortir-du-syndrome-de-l-imposteur\/#primaryimage\"},\"articleSection\":\"D\\u00e9veloppement personnel\",\"inLanguage\":\"fr-FR\",\"potentialAction\":[{\"@type\":\"CommentAction\",\"name\":\"Comment\",\"target\":[\"https:\/\/www.comundi.fr\/mag-des-competences\/le-doute-peut-etre-une-bonne-chose-a-condition-de-ne-pas-etre-paralysant-comment-se-sortir-du-syndrome-de-l-imposteur\/#respond\"]}]},{\"@type\":\"Person\",\"@id\":\"https:\/\/www.comundi.fr\/mag-des-competences\/#\/schema\/person\/96b8f219e4cddee126473c6fbcc0e089\",\"name\":\"Les Echos\",\"image\":{\"@type\":\"ImageObject\",\"@id\":\"https:\/\/www.comundi.fr\/mag-des-competences\/#personlogo\",\"inLanguage\":\"fr-FR\",\"url\":\"https:\/\/secure.gravatar.com\/avatar\/041d1b3114ce5dce17eaefa721d4ed06?s=96&d=mm&r=g\",\"contentUrl\":\"https:\/\/secure.gravatar.com\/avatar\/041d1b3114ce5dce17eaefa721d4ed06?s=96&d=mm&r=g\",\"caption\":\"Les Echos\"}}]}<\/script>\n<!-- \/ Yoast SEO plugin. -->","amp_enabled":true,"_links":{"self":[{"href":"https:\/\/www.comundi.fr\/mag-des-competences\/wp-json\/wp\/v2\/posts\/14850"}],"collection":[{"href":"https:\/\/www.comundi.fr\/mag-des-competences\/wp-json\/wp\/v2\/posts"}],"about":[{"href":"https:\/\/www.comundi.fr\/mag-des-competences\/wp-json\/wp\/v2\/types\/post"}],"author":[{"embeddable":true,"href":"https:\/\/www.comundi.fr\/mag-des-competences\/wp-json\/wp\/v2\/users\/6"}],"replies":[{"embeddable":true,"href":"https:\/\/www.comundi.fr\/mag-des-competences\/wp-json\/wp\/v2\/comments?post=14850"}],"version-history":[{"count":3,"href":"https:\/\/www.comundi.fr\/mag-des-competences\/wp-json\/wp\/v2\/posts\/14850\/revisions"}],"predecessor-version":[{"id":14860,"href":"https:\/\/www.comundi.fr\/mag-des-competences\/wp-json\/wp\/v2\/posts\/14850\/revisions\/14860"}],"wp:featuredmedia":[{"embeddable":true,"href":"https:\/\/www.comundi.fr\/mag-des-competences\/wp-json\/wp\/v2\/media\/14851"}],"wp:attachment":[{"href":"https:\/\/www.comundi.fr\/mag-des-competences\/wp-json\/wp\/v2\/media?parent=14850"}],"wp:term":[{"taxonomy":"category","embeddable":true,"href":"https:\/\/www.comundi.fr\/mag-des-competences\/wp-json\/wp\/v2\/categories?post=14850"}],"curies":[{"name":"wp","href":"https:\/\/api.w.org\/{rel}","templated":true}]}}