{"id":14827,"date":"2026-01-22T08:50:00","date_gmt":"2026-01-22T07:50:00","guid":{"rendered":"https:\/\/www.comundi.fr\/mag-des-competences\/?p=14827"},"modified":"2026-01-21T17:40:30","modified_gmt":"2026-01-21T16:40:30","slug":"comment-bien-preparer-et-structurer-votre-entretien-annuel-d-evaluation","status":"publish","type":"post","link":"https:\/\/www.comundi.fr\/mag-des-competences\/comment-bien-preparer-et-structurer-votre-entretien-annuel-d-evaluation\/","title":{"rendered":"Comment bien pr\u00e9parer et structurer votre entretien annuel d\u2019\u00e9valuation ?"},"content":{"rendered":"\n<p>L\u2019<strong>entretien annuel d\u2019\u00e9valuation est un moment cl\u00e9 de la relation entre manager et collaborateur.<\/strong> Il permet de dresser le bilan de l\u2019ann\u00e9e \u00e9coul\u00e9e et d\u2019identifier des axes de progr\u00e8s pour la p\u00e9riode \u00e0 venir. Son organisation et sa r\u00e9ussite impliquent une bonne pr\u00e9paration ainsi que l\u2019utilisation d\u2019indicateurs objectifs de suivi. Voici quelques \u00e9l\u00e9ments pour faire de l\u2019entretien d&rsquo;\u00e9valuation un outil de performance et d\u2019engagement professionnel.<\/p>\n\n\n\n<h2>Qu\u2019est-ce qu\u2019un entretien d\u2019\u00e9valuation ?<\/h2>\n\n\n\n<p>L\u2019<strong>entretien annuel<\/strong> ou entretien individuel d\u2019\u00e9valuation consiste en un moment d\u2019<strong>\u00e9change entre l\u2019employeur et le salari\u00e9<\/strong>. De mani\u00e8re pratique, il se d\u00e9roule entre chaque salari\u00e9 et son responsable hi\u00e9rarchique, son manager ou encore le responsable des ressources humaines. Cet \u00e9change sert \u00e0 faire le <strong><a href=\"https:\/\/www.comundi.fr\/mag-des-competences\/10-raisons-de-faire-un-bilan-de-competences-durant-sa-carriere\/\">point sur les comp\u00e9tences<\/a><\/strong> du salari\u00e9 et \u00e0 dresser le<strong> bilan du travail accompli <\/strong>durant l\u2019ann\u00e9e qui vient de s\u2019\u00e9couler.<br><br>C\u2019est le moment pour <a href=\"https:\/\/www.comundi.fr\/mag-des-competences\/comment-valoriser-vos-atouts-invisibles-pour-briller-au-travail\/\">le salari\u00e9 de<strong> <\/strong><\/a><strong><a href=\"https:\/\/www.comundi.fr\/mag-des-competences\/comment-valoriser-vos-atouts-invisibles-pour-briller-au-travail\/\">valoriser ses r\u00e9ussites<\/a> et de pr\u00e9ciser les difficult\u00e9s <\/strong>qu\u2019il a pu rencontrer dans son travail, ses \u00e9ventuels besoins en formation et ses souhaits d\u2019\u00e9volution \u00e0 son poste ou \u00e0 un autre. <\/p>\n\n\n\n<p>Pour l\u2019employeur, c\u2019est aussi l\u2019occasion d\u2019<strong>\u00e9valuer les performances et l\u2019implication du salari\u00e9<\/strong>, de clarifier les r\u00e9sultats selon les objectifs fix\u00e9s l\u2019ann\u00e9e pr\u00e9c\u00e9dente et de pr\u00e9senter les leviers sur lesquels il compte agir pour <strong><a href=\"https:\/\/www.comundi.fr\/mag-des-competences\/favoriser-la-productivite-sans-sacrifier-le-bien-etre\/\">am\u00e9liorer les conditions de travail<\/a><\/strong>.<\/p>\n\n\n\n<h2>L\u2019entretien d\u2019\u00e9valuation est-il obligatoire ?<\/h2>\n\n\n\n<p><strong>Les entretiens d\u2019\u00e9valuation ne sont pas obligatoires<\/strong> et rel\u00e8vent ainsi du pouvoir de l\u2019employeur. Toutefois, <strong>dans certains corps de m\u00e9tier, ce rendez-vous peut \u00eatre rendu obligatoire <\/strong>par une convention ou un accord collectif. Si l\u2019employeur d\u00e9cide d\u2019organiser un entretien d\u2019\u00e9valuation, il est alors tenu d\u2019y convier chaque salari\u00e9, au risque de commettre un acte de <a href=\"https:\/\/www.comundi.fr\/mag-des-competences\/eviter-discrimination-lembauche-bonnes-pratiques\/\">discrimination <\/a>\u00e0 l\u2019\u00e9gard de ceux qui n\u2019auraient pas \u00e9t\u00e9 invit\u00e9s.<br><br>Il est \u00e0 noter que l\u2019<strong>entretien annuel d\u2019\u00e9valuation se distingue de l\u2019entretien professionnel<\/strong>, qui lui est obligatoire. En effet, un moment d\u2019\u00e9change doit \u00eatre organis\u00e9 tous les deux ans entre le salari\u00e9 et l\u2019employeur. Cette d\u00e9marche vise \u00e0 <a href=\"https:\/\/www.comundi.fr\/mag-des-competences\/un-bon-manager-est-un-manager-qui-fait-evoluer-ses-equipes\/\">accompagner le salari\u00e9 dans son \u00e9volution professionnelle<\/a>, notamment par rapport \u00e0 la qualification et aux perspectives d\u2019emploi.<\/p>\n\n\n\n<h2>Quels points aborder lors d\u2019un entretien d\u2019\u00e9valuation ?<\/h2>\n\n\n\n<p>En r\u00e8gle g\u00e9n\u00e9rale, l\u2019employeur est libre de donner l\u2019orientation qu\u2019il souhaite \u00e0 l\u2019<strong>entretien annuel d\u2019\u00e9valuation<\/strong>. Cependant, l\u2019\u00e9change ne doit porter que sur les comp\u00e9tences professionnelles du salari\u00e9. L\u2019employeur ne peut l\u2019interroger sur sa vie priv\u00e9e, son \u00e9tat de sant\u00e9 ou ses opinions religieuses ou politiques. Les points suivants peuvent ainsi \u00eatre abord\u00e9s :<\/p>\n\n\n\n<ul><li>l\u2019<strong>analyse des r\u00e9sultats<\/strong> de l\u2019ann\u00e9e \u00e9coul\u00e9e ;<\/li><li><strong>le bilan des comp\u00e9tences <\/strong>du salari\u00e9 ;<\/li><li><strong>les points \u00e0 am\u00e9liorer <\/strong>dans l\u2019organisation du travail ;<\/li><li><strong>les<\/strong> <strong>souhaits de formation<\/strong> et d\u2019\u00e9volution du salari\u00e9 ;<\/li><li><strong>les relations<\/strong> entre collaborateurs et avec le manager ;<\/li><li><strong>la d\u00e9finition des objectifs<\/strong> pour la p\u00e9riode \u00e0 venir.<\/li><\/ul>\n\n\n\n<h2>Comment structurer un entretien annuel d\u2019\u00e9valuation ?<\/h2>\n\n\n\n<p>Bien structur\u00e9, <strong>l\u2019entretien d\u2019\u00e9valuation devient un levier de management et de d\u00e9veloppement des comp\u00e9tences<\/strong>. Pour le r\u00e9ussir, il est important de prendre en compte les objectifs individuels et la strat\u00e9gie de l\u2019entreprise afin de les concilier efficacement. <\/p>\n\n\n\n<p>Pensez aussi \u00e0 soigner<strong> la pr\u00e9paration \u00e9crite, logistique et <a href=\"https:\/\/www.comundi.fr\/formations\/formation-outils-de-psychologie-et-techniques-d-ecoute.html\">psychologique <\/a>de chaque entretien<\/strong>. Votre moment d\u2019\u00e9change pourra alors \u00eatre structur\u00e9 selon trois phases.<\/p>\n\n\n\n<h3>L\u2019\u00e9tape du bilan<\/h3>\n\n\n\n<p>Cette \u00e9tape permet au collaborateur de <strong>pr\u00e9senter ses r\u00e9ussites et de faire le point sur son parcours<\/strong> au sein de l\u2019entreprise. En tant que manager ou responsable RH, vous devez mobiliser ici toutes vos comp\u00e9tences d\u2019\u00e9coute pour comprendre, relancer ou recadrer le collaborateur au besoin. <\/p>\n\n\n\n<p>N\u2019oubliez pas de pr\u00e9senter votre propre bilan en veillant \u00e0 \u00e9carter tout jugement subjectif. Enfin, notez que la r\u00e9ussite du bilan implique de <strong>formuler un feed-back<\/strong>. Il peut s\u2019agir de critiques ou de f\u00e9licitations, du moment que ce retour se fonde sur des \u00e9l\u00e9ments objectifs.<\/p>\n\n\n\n<h3>La phase d\u2019\u00e9valuation<\/h3>\n\n\n\n<p>La deuxi\u00e8me phase de l\u2019entretien consiste \u00e0 appr\u00e9cier les <strong>r\u00e9sultats et les comp\u00e9tences du salari\u00e9 sur la base d\u2019indicateurs de performances<\/strong>. Cette d\u00e9marche permet d\u2019\u00e9valuer la ma\u00eetrise du poste et de prendre des d\u00e9cisions en cons\u00e9quence. Pour r\u00e9ussir cette \u00e9tape, pensez \u00e0 \u00e9carter tout jugement fond\u00e9 sur une premi\u00e8re impression. <\/p>\n\n\n\n<p>En effet, cela pourrait vous conduire \u00e0 surestimer ou \u00e0 minimiser les r\u00e9sultats du collaborateur. Par ailleurs, n\u2019oubliez pas de justifier vos appr\u00e9ciations selon des fondements techniques, scientifiques ou objectifs.<\/p>\n\n\n\n<h3>L\u2019\u00e9tape de la n\u00e9gociation<\/h3>\n\n\n\n<p>Une fois l\u2019\u00e9valuation termin\u00e9e, vient le moment de pr\u00e9senter au salari\u00e9 les moyens \u00e0 mettre en \u0153uvre pour l\u2019accompagner dans ses projets ou pour <strong>am\u00e9liorer ses conditions de travail<\/strong>. Selon le cas, il peut s\u2019agir d\u2019un accompagnement logistique, d\u2019un<a href=\"https:\/\/www.comundi.fr\/mag-des-competences\/l-importance-de-la-formation-continue-pour-anticiper-les-mutations-du-marche-du-travail\/\"> programme de formation<\/a> ou d\u2019un changement dans l\u2019organisation interne. C\u2019est aussi le lieu d\u2019\u00e9voquer ses perspectives d\u2019\u00e9volution et de <a href=\"https:\/\/www.comundi.fr\/mag-des-competences\/10-astuces-pour-maitriser-lart-de-la-negociation-et-conclure\/\">fixer ensemble de nouveaux objectifs<\/a> pour l\u2019ann\u00e9e \u00e0 venir.<\/p>\n\n\n\n<h2>Quelles questions poser \u00e0 un salari\u00e9 lors d\u2019une rencontre d\u2019\u00e9valuation ?<\/h2>\n\n\n\n<p>D\u00e8s le d\u00e9marrage d\u2019un <strong>entretien annuel<\/strong>, il est essentiel <a href=\"https:\/\/www.comundi.fr\/formations\/formation-co-developpement-ameliorer-sa-communication-relationnelle.html\">d\u2019instaurer un climat de dialogue positif<\/a> et de pr\u00e9senter clairement le cadre des \u00e9changes. Vous pouvez ensuite orienter le salari\u00e9 en lui posant des questions ouvertes ou ferm\u00e9es. Proposez-lui, par exemple, de d\u00e9crire les objectifs atteints, les principaux accomplissements et les projets qui l\u2019ont stimul\u00e9 au cours de l\u2019ann\u00e9e pr\u00e9c\u00e9dente. Invitez ensuite votre collaborateur \u00e0 appr\u00e9cier ses conditions de travail, son niveau actuel de motivation et ses perspectives d\u2019\u00e9volution.<br><br>N\u2019oubliez pas de lui demander ce qu\u2019il pense du <a href=\"https:\/\/www.comundi.fr\/formations\/formation-le-management-bienveillant.html\">style de management<\/a> et de la qualit\u00e9 de ses interactions avec la hi\u00e9rarchie. Enfin, conviez-le \u00e0 pr\u00e9senter ses nouveaux objectifs ainsi que les responsabilit\u00e9s qu\u2019il aimerait assumer pendant l\u2019ann\u00e9e \u00e0 venir.<br><br>L\u2019<strong>entretien annuel<\/strong> d\u2019\u00e9valuation permet au manager et au salari\u00e9 d\u2019\u00e9changer sur les r\u00e9alisations de l\u2019ann\u00e9e pr\u00e9c\u00e9dente et de mieux se projeter pour la p\u00e9riode \u00e0 venir. Cet \u00e9change se termine g\u00e9n\u00e9ralement par un compte rendu dont un exemplaire peut \u00eatre remis au salari\u00e9, mais qui doit rester confidentiel entre les deux parties. Enfin, il faut noter qu\u2019une mauvaise \u00e9valuation annuelle ne saurait constituer un motif de licenciement ou de r\u00e9trogradation du collaborateur.<\/p>\n\n\n\n<p><\/p>\n\n\n\n<div class=\"wp-block-media-text alignwide is-stacked-on-mobile is-vertically-aligned-top has-black-color has-text-color has-background\" style=\"background-color:#ffebf0;grid-template-columns:30% auto\"><figure class=\"wp-block-media-text__media\"><img loading=\"lazy\" width=\"354\" height=\"289\" src=\"https:\/\/www.comundi.fr\/mag-des-competences\/wp-content\/uploads\/2025\/03\/icone-communication-comundi.jpg\" alt=\"icone-communication-comundi\" class=\"wp-image-13517 size-medium\" srcset=\"https:\/\/www.comundi.fr\/mag-des-competences\/wp-content\/uploads\/2025\/03\/icone-communication-comundi.jpg 354w, https:\/\/www.comundi.fr\/mag-des-competences\/wp-content\/uploads\/2025\/03\/icone-communication-comundi-300x245.jpg 300w\" sizes=\"(max-width: 354px) 100vw, 354px\" \/><\/figure><div class=\"wp-block-media-text__content\">\n<p><\/p>\n\n\n\n<p class=\"has-normal-font-size\">Pour vous aider \u00e0 pr\u00e9parer votre entretien annuel d\u2019\u00e9valuation, nous avons pr\u00e9par\u00e9 une liste de 50 questions \u00e0 poser que vous pouvez t\u00e9l\u00e9charger ci-dessous.<\/p>\n\n\n\n<div class=\"wp-block-buttons aligncenter\">\n<div class=\"wp-block-button\"><a class=\"wp-block-button__link has-white-color has-text-color has-background\" href=\"https:\/\/www.comundi.fr\/livres-blancs\/entretien-annuel-d-evaluation-50-questions-a-poser.html\" style=\"background-color:#ff3131\" target=\"_blank\" rel=\"noreferrer noopener\">T\u00e9l\u00e9chargez la liste <\/a><\/div>\n<\/div>\n<\/div><\/div>\n","protected":false},"excerpt":{"rendered":"<p>L\u2019entretien annuel d\u2019\u00e9valuation est un moment cl\u00e9 de la relation entre manager et collaborateur. Il permet de dresser le bilan de l\u2019ann\u00e9e \u00e9coul\u00e9e et d\u2019identifier des axes de progr\u00e8s pour la p\u00e9riode \u00e0 venir. Son organisation et sa r\u00e9ussite impliquent une bonne pr\u00e9paration ainsi que l\u2019utilisation d\u2019indicateurs objectifs de suivi. Voici quelques \u00e9l\u00e9ments pour faire [&hellip;]<\/p>\n","protected":false},"author":8,"featured_media":14828,"comment_status":"open","ping_status":"open","sticky":false,"template":"","format":"standard","meta":{"_mi_skip_tracking":false},"categories":[184,200],"yoast_head":"<!-- This site is optimized with the Yoast SEO plugin v16.1 - https:\/\/yoast.com\/wordpress\/plugins\/seo\/ -->\n<title>Comment bien pr\u00e9parer et structurer votre entretien annuel d\u2019\u00e9valuation ? - Mag des comp\u00e9tences - Comundi<\/title>\n<meta name=\"description\" content=\"D\u00e9couvrez les bonnes pratiques pour mener \u00e0 bien votre entretien annuel d&#039;\u00e9valuation et t\u00e9l\u00e9chargez notre check-list pour bien le pr\u00e9parer.\" \/>\n<meta name=\"robots\" content=\"index, follow, max-snippet:-1, max-image-preview:large, max-video-preview:-1\" \/>\n<link rel=\"canonical\" href=\"https:\/\/www.comundi.fr\/mag-des-competences\/comment-bien-preparer-et-structurer-votre-entretien-annuel-d-evaluation\/\" \/>\n<meta property=\"og:locale\" content=\"fr_FR\" \/>\n<meta property=\"og:type\" content=\"article\" \/>\n<meta property=\"og:title\" content=\"Comment bien pr\u00e9parer et structurer votre entretien annuel d\u2019\u00e9valuation ? - Mag des comp\u00e9tences - Comundi\" \/>\n<meta property=\"og:description\" content=\"D\u00e9couvrez les bonnes pratiques pour mener \u00e0 bien votre entretien annuel d&#039;\u00e9valuation et t\u00e9l\u00e9chargez notre check-list pour bien le pr\u00e9parer.\" \/>\n<meta property=\"og:url\" content=\"https:\/\/www.comundi.fr\/mag-des-competences\/comment-bien-preparer-et-structurer-votre-entretien-annuel-d-evaluation\/\" \/>\n<meta property=\"og:site_name\" content=\"Mag des comp\u00e9tences - Comundi\" \/>\n<meta property=\"article:publisher\" content=\"https:\/\/www.facebook.com\/Comundi\/?fref=ts\" \/>\n<meta property=\"article:published_time\" content=\"2026-01-22T07:50:00+00:00\" \/>\n<meta property=\"article:modified_time\" content=\"2026-01-21T16:40:30+00:00\" \/>\n<meta property=\"og:image\" content=\"https:\/\/www.comundi.fr\/mag-des-competences\/wp-content\/uploads\/2026\/01\/Lentretien-annuel-de-formation.jpg\" \/>\n\t<meta property=\"og:image:width\" content=\"1200\" \/>\n\t<meta property=\"og:image:height\" content=\"675\" \/>\n<meta name=\"twitter:card\" content=\"summary_large_image\" \/>\n<meta name=\"twitter:creator\" content=\"@ComundiActu\" \/>\n<meta name=\"twitter:site\" content=\"@ComundiActu\" \/>\n<meta name=\"twitter:label1\" content=\"Dur\u00e9e de lecture est.\">\n\t<meta name=\"twitter:data1\" content=\"5 minutes\">\n<script type=\"application\/ld+json\" class=\"yoast-schema-graph\">{\"@context\":\"https:\/\/schema.org\",\"@graph\":[{\"@type\":\"Organization\",\"@id\":\"https:\/\/www.comundi.fr\/mag-des-competences\/#organization\",\"name\":\"Comundi\",\"url\":\"https:\/\/www.comundi.fr\/mag-des-competences\/\",\"sameAs\":[\"https:\/\/www.facebook.com\/Comundi\/?fref=ts\",\"https:\/\/www.linkedin.com\/company\/comundi\/\",\"https:\/\/www.youtube.com\/user\/ComundiFormations\",\"https:\/\/twitter.com\/ComundiActu\"],\"logo\":{\"@type\":\"ImageObject\",\"@id\":\"https:\/\/www.comundi.fr\/mag-des-competences\/#logo\",\"inLanguage\":\"fr-FR\",\"url\":\"https:\/\/www.comundi.fr\/mag-des-competences\/wp-content\/uploads\/2018\/01\/comundi.png\",\"contentUrl\":\"https:\/\/www.comundi.fr\/mag-des-competences\/wp-content\/uploads\/2018\/01\/comundi.png\",\"width\":300,\"height\":300,\"caption\":\"Comundi\"},\"image\":{\"@id\":\"https:\/\/www.comundi.fr\/mag-des-competences\/#logo\"}},{\"@type\":\"WebSite\",\"@id\":\"https:\/\/www.comundi.fr\/mag-des-competences\/#website\",\"url\":\"https:\/\/www.comundi.fr\/mag-des-competences\/\",\"name\":\"Mag des comp\\u00e9tences - Comundi\",\"description\":\"Le magazine des m\\u00e9tiers de demain\",\"publisher\":{\"@id\":\"https:\/\/www.comundi.fr\/mag-des-competences\/#organization\"},\"potentialAction\":[{\"@type\":\"SearchAction\",\"target\":\"https:\/\/www.comundi.fr\/mag-des-competences\/?s={search_term_string}\",\"query-input\":\"required name=search_term_string\"}],\"inLanguage\":\"fr-FR\"},{\"@type\":\"ImageObject\",\"@id\":\"https:\/\/www.comundi.fr\/mag-des-competences\/comment-bien-preparer-et-structurer-votre-entretien-annuel-d-evaluation\/#primaryimage\",\"inLanguage\":\"fr-FR\",\"url\":\"https:\/\/www.comundi.fr\/mag-des-competences\/wp-content\/uploads\/2026\/01\/Lentretien-annuel-de-formation.jpg\",\"contentUrl\":\"https:\/\/www.comundi.fr\/mag-des-competences\/wp-content\/uploads\/2026\/01\/Lentretien-annuel-de-formation.jpg\",\"width\":1200,\"height\":675,\"caption\":\"L'entretien annuel de formation\"},{\"@type\":\"WebPage\",\"@id\":\"https:\/\/www.comundi.fr\/mag-des-competences\/comment-bien-preparer-et-structurer-votre-entretien-annuel-d-evaluation\/#webpage\",\"url\":\"https:\/\/www.comundi.fr\/mag-des-competences\/comment-bien-preparer-et-structurer-votre-entretien-annuel-d-evaluation\/\",\"name\":\"Comment bien pr\\u00e9parer et structurer votre entretien annuel d\\u2019\\u00e9valuation ? - Mag des comp\\u00e9tences - Comundi\",\"isPartOf\":{\"@id\":\"https:\/\/www.comundi.fr\/mag-des-competences\/#website\"},\"primaryImageOfPage\":{\"@id\":\"https:\/\/www.comundi.fr\/mag-des-competences\/comment-bien-preparer-et-structurer-votre-entretien-annuel-d-evaluation\/#primaryimage\"},\"datePublished\":\"2026-01-22T07:50:00+00:00\",\"dateModified\":\"2026-01-21T16:40:30+00:00\",\"description\":\"D\\u00e9couvrez les bonnes pratiques pour mener \\u00e0 bien votre entretien annuel d'\\u00e9valuation et t\\u00e9l\\u00e9chargez notre check-list pour bien le pr\\u00e9parer.\",\"breadcrumb\":{\"@id\":\"https:\/\/www.comundi.fr\/mag-des-competences\/comment-bien-preparer-et-structurer-votre-entretien-annuel-d-evaluation\/#breadcrumb\"},\"inLanguage\":\"fr-FR\",\"potentialAction\":[{\"@type\":\"ReadAction\",\"target\":[\"https:\/\/www.comundi.fr\/mag-des-competences\/comment-bien-preparer-et-structurer-votre-entretien-annuel-d-evaluation\/\"]}]},{\"@type\":\"BreadcrumbList\",\"@id\":\"https:\/\/www.comundi.fr\/mag-des-competences\/comment-bien-preparer-et-structurer-votre-entretien-annuel-d-evaluation\/#breadcrumb\",\"itemListElement\":[{\"@type\":\"ListItem\",\"position\":1,\"item\":{\"@type\":\"WebPage\",\"@id\":\"https:\/\/www.comundi.fr\/mag-des-competences\/\",\"url\":\"https:\/\/www.comundi.fr\/mag-des-competences\/\",\"name\":\"Accueil\"}},{\"@type\":\"ListItem\",\"position\":2,\"item\":{\"@type\":\"WebPage\",\"@id\":\"https:\/\/www.comundi.fr\/mag-des-competences\/comment-bien-preparer-et-structurer-votre-entretien-annuel-d-evaluation\/\",\"url\":\"https:\/\/www.comundi.fr\/mag-des-competences\/comment-bien-preparer-et-structurer-votre-entretien-annuel-d-evaluation\/\",\"name\":\"Comment bien pr\\u00e9parer et structurer votre entretien annuel d\\u2019\\u00e9valuation ?\"}}]},{\"@type\":\"Article\",\"@id\":\"https:\/\/www.comundi.fr\/mag-des-competences\/comment-bien-preparer-et-structurer-votre-entretien-annuel-d-evaluation\/#article\",\"isPartOf\":{\"@id\":\"https:\/\/www.comundi.fr\/mag-des-competences\/comment-bien-preparer-et-structurer-votre-entretien-annuel-d-evaluation\/#webpage\"},\"author\":{\"@id\":\"https:\/\/www.comundi.fr\/mag-des-competences\/#\/schema\/person\/d08f5c2cf9de6fcfd33c30314745578e\"},\"headline\":\"Comment bien pr\\u00e9parer et structurer votre entretien annuel d\\u2019\\u00e9valuation ?\",\"datePublished\":\"2026-01-22T07:50:00+00:00\",\"dateModified\":\"2026-01-21T16:40:30+00:00\",\"mainEntityOfPage\":{\"@id\":\"https:\/\/www.comundi.fr\/mag-des-competences\/comment-bien-preparer-et-structurer-votre-entretien-annuel-d-evaluation\/#webpage\"},\"commentCount\":0,\"publisher\":{\"@id\":\"https:\/\/www.comundi.fr\/mag-des-competences\/#organization\"},\"image\":{\"@id\":\"https:\/\/www.comundi.fr\/mag-des-competences\/comment-bien-preparer-et-structurer-votre-entretien-annuel-d-evaluation\/#primaryimage\"},\"articleSection\":\"management,Ressources humaines\",\"inLanguage\":\"fr-FR\",\"potentialAction\":[{\"@type\":\"CommentAction\",\"name\":\"Comment\",\"target\":[\"https:\/\/www.comundi.fr\/mag-des-competences\/comment-bien-preparer-et-structurer-votre-entretien-annuel-d-evaluation\/#respond\"]}]},{\"@type\":\"Person\",\"@id\":\"https:\/\/www.comundi.fr\/mag-des-competences\/#\/schema\/person\/d08f5c2cf9de6fcfd33c30314745578e\",\"name\":\"Comundi\",\"image\":{\"@type\":\"ImageObject\",\"@id\":\"https:\/\/www.comundi.fr\/mag-des-competences\/#personlogo\",\"inLanguage\":\"fr-FR\",\"url\":\"https:\/\/secure.gravatar.com\/avatar\/da2835ae7b2c1279e8e897d242f4cda6?s=96&d=mm&r=g\",\"contentUrl\":\"https:\/\/secure.gravatar.com\/avatar\/da2835ae7b2c1279e8e897d242f4cda6?s=96&d=mm&r=g\",\"caption\":\"Comundi\"}}]}<\/script>\n<!-- \/ Yoast SEO plugin. -->","amp_enabled":true,"_links":{"self":[{"href":"https:\/\/www.comundi.fr\/mag-des-competences\/wp-json\/wp\/v2\/posts\/14827"}],"collection":[{"href":"https:\/\/www.comundi.fr\/mag-des-competences\/wp-json\/wp\/v2\/posts"}],"about":[{"href":"https:\/\/www.comundi.fr\/mag-des-competences\/wp-json\/wp\/v2\/types\/post"}],"author":[{"embeddable":true,"href":"https:\/\/www.comundi.fr\/mag-des-competences\/wp-json\/wp\/v2\/users\/8"}],"replies":[{"embeddable":true,"href":"https:\/\/www.comundi.fr\/mag-des-competences\/wp-json\/wp\/v2\/comments?post=14827"}],"version-history":[{"count":8,"href":"https:\/\/www.comundi.fr\/mag-des-competences\/wp-json\/wp\/v2\/posts\/14827\/revisions"}],"predecessor-version":[{"id":14845,"href":"https:\/\/www.comundi.fr\/mag-des-competences\/wp-json\/wp\/v2\/posts\/14827\/revisions\/14845"}],"wp:featuredmedia":[{"embeddable":true,"href":"https:\/\/www.comundi.fr\/mag-des-competences\/wp-json\/wp\/v2\/media\/14828"}],"wp:attachment":[{"href":"https:\/\/www.comundi.fr\/mag-des-competences\/wp-json\/wp\/v2\/media?parent=14827"}],"wp:term":[{"taxonomy":"category","embeddable":true,"href":"https:\/\/www.comundi.fr\/mag-des-competences\/wp-json\/wp\/v2\/categories?post=14827"}],"curies":[{"name":"wp","href":"https:\/\/api.w.org\/{rel}","templated":true}]}}