{"id":14814,"date":"2026-01-20T08:50:00","date_gmt":"2026-01-20T07:50:00","guid":{"rendered":"https:\/\/www.comundi.fr\/mag-des-competences\/?p=14814"},"modified":"2026-01-20T12:58:15","modified_gmt":"2026-01-20T11:58:15","slug":"il-ne-me-fait-jamais-de-retour-sur-mes-dossiers-je-ne-sais-pas-dans-quelle-direction-aller-ces-managers-fantomes-qui-tirent-leur-equipe-vers-le-bas","status":"publish","type":"post","link":"https:\/\/www.comundi.fr\/mag-des-competences\/il-ne-me-fait-jamais-de-retour-sur-mes-dossiers-je-ne-sais-pas-dans-quelle-direction-aller-ces-managers-fantomes-qui-tirent-leur-equipe-vers-le-bas\/","title":{"rendered":"\u00ab Il ne me fait jamais de retour sur mes dossiers, je ne sais pas dans quelle direction aller \u00bb : ces \u00ab managers fant\u00f4mes \u00bb qui tirent leur \u00e9quipe vers le bas"},"content":{"rendered":"\n<p>L&rsquo;effacement progressif du<a href=\"https:\/\/www.comundi.fr\/formations\/formation-les-fondamentaux-du-management.html\"> r\u00f4le des managers<\/a> interm\u00e9diaires s&rsquo;impose comme un ph\u00e9nom\u00e8ne structurant dans de nombreuses entreprises. Ce \u00ab management absent \u00bb p\u00e8se sur la bonne marche des troupes.<br><br>\u00ab Depuis que j&rsquo;ai \u00e9t\u00e9 recrut\u00e9e, mon manager direct ne me cadre absolument pas. Je dois m&rsquo;en remettre \u00e0 son adjointe, ou m\u00eame directement \u00e0 la directrice de l&rsquo;entreprise, qui m&rsquo;a elle-m\u00eame assign\u00e9 des missions. C&rsquo;\u00e9tait d\u00e9stabilisant, car j&rsquo;ai l&rsquo;impression de le court-circuiter \u00bb, raconte Sarah*, jeune cadre dans une PME du secteur de l&rsquo;\u00e9dition.<br><br>Son responsable hi\u00e9rarchique s&rsquo;apparente \u00e0 un \u00ab manager fant\u00f4me \u00bb : ph\u00e9nom\u00e8ne par lequel <a href=\"https:\/\/www.comundi.fr\/formations\/formation-le-management-transversal.html\">un manager interm\u00e9diaire est pr\u00e9sent de fait<\/a>, actif dans les process, mais absent lorsqu&rsquo;il s&rsquo;agit d&rsquo;exercer pleinement son r\u00f4le d\u00e9cisionnel et d&rsquo;encadrement. R\u00e9sultat : les arbitrages tardent, les priorit\u00e9s demeurent floues et les \u00e9quipes compensent par l&rsquo;auto-organisation, l&rsquo;escalade hi\u00e9rarchique ou la gestion informelle des tensions.<br><br>Le \u00ab management par l&rsquo;absence \u00bb serait ainsi devenu \u00ab la forme la plus commune d&rsquo;incomp\u00e9tence \u00bb manag\u00e9riale, rel\u00e8ve un article de la \u00ab Harvard Business Review \u00bb. L&rsquo;absence de d\u00e9cision constituerait aujourd&rsquo;hui un facteur de fragilisation souvent moins visible que des pratiques manag\u00e9riales autoritaires. Touchant le plus souvent la strate des managers interm\u00e9diaires, ces derniers se retrouvent de plus en plus absorb\u00e9s par des t\u00e2ches de coordination et de reporting, au d\u00e9triment de leur fonction d&rsquo;arbitrage. Au quotidien, <a href=\"https:\/\/www.comundi.fr\/mag-des-competences\/management-5-signes-que-votre-equipe-attend-un-leader-communicant\/\">cela se traduit par un manque d&rsquo;interactions significatives avec les \u00e9quipes,<\/a> de feedback et de cadrage clair.<\/p>\n\n\n\n<p>Dans les situations les plus d\u00e9grad\u00e9es, ce management par l&rsquo;absence agirait m\u00eame comme un \u00ab tueur silencieux \u00bb, selon la \u00ab Harvard Business Review \u00bb, qui met en \u00e9vidence des <a href=\"https:\/\/www.comundi.fr\/mag-des-competences\/fondamentaux-management-bonnes-pratiques\/\">pertes de productivit\u00e9 significatives li\u00e9es \u00e0 l&rsquo;ambigu\u00eft\u00e9 d\u00e9cisionnelle<\/a>, ainsi que des effets persistants sur la motivation des \u00e9quipes, parfois observables jusqu&rsquo;\u00e0 deux ans apr\u00e8s le d\u00e9part du manager.<br><\/p>\n\n\n\n<h2><strong>Absence de feedback<\/strong><\/h2>\n\n\n\n<p>\u00ab Il ne me fait jamais de retour sur mes dossiers, ne me dit m\u00eame pas si mon travail est bon ou pas, donc je ne sais pas dans quelle direction aller \u00bb, poursuit Sarah, loin d&rsquo;\u00eatre un cas isol\u00e9. En France, entre 20 % et 30 % des cadres estiment que leur <a href=\"https:\/\/www.comundi.fr\/mag-des-competences\/comment-manager-sans-la-frustrer-une-generation-y-assoiffee-de-reconnaissance\/\">manager ne r\u00e9pond pas \u00e0 leurs attentes <\/a>fondamentales en mati\u00e8re de soutien et de feedback, selon les donn\u00e9es de l&rsquo;Apec. Pr\u00e8s de 28 % d\u00e9plorent ne pas recevoir de retours constructifs sur leur travail, et trois cadres sur dix indiquent n&rsquo;avoir obtenu aucun feedback clair lors de leur dernier entretien annuel. Plus largement, plus d&rsquo;un tiers des cadres jugent leur manager insuffisamment pr\u00e9sent dans leur d\u00e9veloppement professionnel, alors m\u00eame que les mutations des m\u00e9tiers concern\u00e9s renforcent leurs attentes.<br><br>\u00ab Un manager absent n&rsquo;est pas dans le dialogue et ne cherche plus \u00e0 construire ses \u00e9quipes. Son d\u00e9sengagement se ressent imm\u00e9diatement : faute d&rsquo;\u00e9nergie, d&rsquo;engagement et d&rsquo;enthousiasme, il n&rsquo;incarne plus rien qui donne envie aux autres \u00bb, souligne Malene Rydahl, consultante et experte en performance durable. La motivation recule, les initiatives s&rsquo;\u00e9teignent, et cela finit m\u00eame par couper les ailes de ceux qui arrivent avec des id\u00e9es, parce que cela demanderait un engagement qu&rsquo;ils ne veulent plus prendre. C&rsquo;est, au fond, de l&rsquo;anti-innovation et de l&rsquo;anti-performance \u00bb, analyse-t-elle.<br><br>L&rsquo;institut Gallup identifie le manager comme le premier levier <a href=\"https:\/\/www.comundi.fr\/mag-des-competences\/3-astuces-rebooster-motivation-travail\/\">d&rsquo;engagement au travail<\/a> : seuls 13 % des salari\u00e9s en Europe se d\u00e9clarent aujourd&rsquo;hui engag\u00e9s, contre 21 % \u00e0 l&rsquo;\u00e9chelle mondiale. Gallup observe par ailleurs que les \u00e9quipes d\u00e9sengag\u00e9es affichent des niveaux de productivit\u00e9 inf\u00e9rieurs d&rsquo;environ 18 %. Selon l&rsquo;institut, les managers expliquent \u00e0 eux seuls au moins 70 % des \u00e9carts d&rsquo;engagement observ\u00e9s entre \u00e9quipes.<br><\/p>\n\n\n\n<h2><strong>Managers interm\u00e9diaires sous pression<\/strong><\/h2>\n\n\n\n<p>Si certains managers se mettent en retrait, c&rsquo;est que leur m\u00e9tier n&rsquo;est pas toujours le plus simple. Les \u00e9volutions r\u00e9centes du monde du travail font peser sur les managers <a href=\"https:\/\/www.comundi.fr\/formations\/formation-faire-face-a-la-pression-au-travail-apprendre-a-se-proteger.html\">une pression croissante<\/a>, marqu\u00e9e par des attentes souvent contradictoires : exigences de performance, posture d&#8217;empathie, <a href=\"https:\/\/www.comundi.fr\/formations\/distanciel-manager-une-equipe-hybride.html\">pilotage d&rsquo;\u00e9quipes hybrides<\/a> et responsabilit\u00e9 accrue en mati\u00e8re de <a href=\"https:\/\/www.comundi.fr\/mag-des-competences\/favoriser-la-productivite-sans-sacrifier-le-bien-etre\/\">bien-\u00eatre des salari\u00e9s<\/a>, sans forc\u00e9ment disposer de la reconnaissance ni de marges de manoeuvre proportionn\u00e9es.<br><br>En 2024, pr\u00e8s de 75 % des managers d\u00e9clarent se sentir submerg\u00e9s par l&rsquo;\u00e9largissement continu de leurs responsabilit\u00e9s, selon le cabinet Gartner. Ils sont \u00e9galement 73 % \u00e0 estimer ne pas \u00eatre suffisamment \u00e9quip\u00e9s pour conduire les transformations organisationnelles qui leur sont demand\u00e9es. Pris en \u00e9tau entre responsabilit\u00e9 accrue et capacit\u00e9 d&rsquo;action limit\u00e9e, nombre d&rsquo;entre eux se replient, \u00e9vitent les arbitrages ou renoncent \u00e0 toute projection durable dans la fonction.<br><br>La surcharge administrative constitue un facteur cl\u00e9 de ce d\u00e9crochage. L&rsquo;Agence nationale pour l&rsquo;am\u00e9lioration des conditions de travail (Anact) alerte sur la mont\u00e9e de la <a href=\"https:\/\/www.comundi.fr\/mag-des-competences\/comment-gerer-la-charge-mentale-des-managers\/\">charge mentale <\/a>li\u00e9e \u00e0 la multiplication des sollicitations, des outils de pilotage et des exigences de coordination. Les managers consacrent ainsi une part croissante de leur temps \u00e0 des t\u00e2ches de reporting, de suivi d&rsquo;indicateurs ou de mise en conformit\u00e9, au d\u00e9triment de l&rsquo;arbitrage et de l&rsquo;accompagnement des \u00e9quipes.<br><br>Cette inflation des obligations formelles fragilise leur capacit\u00e9 \u00e0 <a href=\"https:\/\/www.comundi.fr\/mag-des-competences\/priorisation-des-taches-comment-hierarchiser-vos-objectifs-avec-efficacite\/\">hi\u00e9rarchiser les priorit\u00e9s<\/a> et alimente un sentiment durable de perte de ma\u00eetrise du r\u00f4le. Enfin, la tra\u00e7abilit\u00e9 accrue des \u00e9changes et des d\u00e9cisions, dans des organisations fortement num\u00e9ris\u00e9es, renforce la prudence manag\u00e9riale : toute d\u00e9cision peut \u00eatre comment\u00e9e, contest\u00e9e ou remont\u00e9e, incitant certains managers \u00e0 diff\u00e9rer les choix les plus sensibles. Cons\u00e9quence directe, la fonction manag\u00e9riale attire moins. Une \u00e9tude de Robert Walters, publi\u00e9e en f\u00e9vrier 2025, montre que 52 % des jeunes cadres disent refuser ces postes, jug\u00e9s plus expos\u00e9s, plus exigeants et difficiles \u00e0 tenir dans la dur\u00e9e.<br><br>Abonnez-vous \u00e0 la newsletter \u00ab Work in Progress \u00bb<br>Recevez tous les mardis un concentr\u00e9 d&rsquo;inspiration pour avancer au travail et dans la vie, pr\u00e9par\u00e9 par Chlo\u00e9 Marriault > S&rsquo;inscrire<br><br>Lisa Guillemin<\/p>\n\n\n\n<p><\/p>\n","protected":false},"excerpt":{"rendered":"<p>L&rsquo;effacement progressif du r\u00f4le des managers interm\u00e9diaires s&rsquo;impose comme un ph\u00e9nom\u00e8ne structurant dans de nombreuses entreprises. Ce \u00ab management absent \u00bb p\u00e8se sur la bonne marche des troupes. \u00ab Depuis que j&rsquo;ai \u00e9t\u00e9 recrut\u00e9e, mon manager direct ne me cadre absolument pas. Je dois m&rsquo;en remettre \u00e0 son adjointe, ou m\u00eame directement \u00e0 la directrice [&hellip;]<\/p>\n","protected":false},"author":6,"featured_media":14815,"comment_status":"open","ping_status":"open","sticky":false,"template":"","format":"standard","meta":{"_mi_skip_tracking":false},"categories":[184],"yoast_head":"<!-- This site is optimized with the Yoast SEO plugin v16.1 - https:\/\/yoast.com\/wordpress\/plugins\/seo\/ -->\n<title>\u00ab Il ne me fait jamais de retour sur mes dossiers, je ne sais pas dans quelle direction aller \u00bb : ces \u00ab managers fant\u00f4mes \u00bb qui tirent leur \u00e9quipe vers le bas - Mag des comp\u00e9tences - Comundi<\/title>\n<meta name=\"description\" content=\"Le manager interm\u00e9diaire s&#039;efface peu \u00e0 peu, ce qui p\u00e8se sur la bonne marche de l&#039;entreprise. Comment est-il devenu un manager fant\u00f4me ?\" \/>\n<meta name=\"robots\" content=\"noindex, follow\" \/>\n<meta property=\"og:locale\" content=\"fr_FR\" \/>\n<meta property=\"og:type\" content=\"article\" \/>\n<meta property=\"og:title\" content=\"\u00ab Il ne me fait jamais de retour sur mes dossiers, je ne sais pas dans quelle direction aller \u00bb : ces \u00ab managers fant\u00f4mes \u00bb qui tirent leur \u00e9quipe vers le bas - Mag des comp\u00e9tences - Comundi\" \/>\n<meta property=\"og:description\" content=\"Le manager interm\u00e9diaire s&#039;efface peu \u00e0 peu, ce qui p\u00e8se sur la bonne marche de l&#039;entreprise. Comment est-il devenu un manager fant\u00f4me ?\" \/>\n<meta property=\"og:url\" content=\"https:\/\/www.comundi.fr\/mag-des-competences\/il-ne-me-fait-jamais-de-retour-sur-mes-dossiers-je-ne-sais-pas-dans-quelle-direction-aller-ces-managers-fantomes-qui-tirent-leur-equipe-vers-le-bas\/\" \/>\n<meta property=\"og:site_name\" content=\"Mag des comp\u00e9tences - Comundi\" \/>\n<meta property=\"article:publisher\" content=\"https:\/\/www.facebook.com\/Comundi\/?fref=ts\" \/>\n<meta property=\"article:published_time\" content=\"2026-01-20T07:50:00+00:00\" \/>\n<meta property=\"article:modified_time\" content=\"2026-01-20T11:58:15+00:00\" \/>\n<meta property=\"og:image\" content=\"https:\/\/www.comundi.fr\/mag-des-competences\/wp-content\/uploads\/2026\/01\/Design-sans-titre-8.jpg\" \/>\n\t<meta property=\"og:image:width\" content=\"1200\" \/>\n\t<meta property=\"og:image:height\" content=\"676\" \/>\n<meta name=\"twitter:card\" content=\"summary_large_image\" \/>\n<meta name=\"twitter:creator\" content=\"@ComundiActu\" \/>\n<meta name=\"twitter:site\" content=\"@ComundiActu\" \/>\n<meta name=\"twitter:label1\" content=\"Dur\u00e9e de lecture est.\">\n\t<meta name=\"twitter:data1\" content=\"4 minutes\">\n<script type=\"application\/ld+json\" class=\"yoast-schema-graph\">{\"@context\":\"https:\/\/schema.org\",\"@graph\":[{\"@type\":\"Organization\",\"@id\":\"https:\/\/www.comundi.fr\/mag-des-competences\/#organization\",\"name\":\"Comundi\",\"url\":\"https:\/\/www.comundi.fr\/mag-des-competences\/\",\"sameAs\":[\"https:\/\/www.facebook.com\/Comundi\/?fref=ts\",\"https:\/\/www.linkedin.com\/company\/comundi\/\",\"https:\/\/www.youtube.com\/user\/ComundiFormations\",\"https:\/\/twitter.com\/ComundiActu\"],\"logo\":{\"@type\":\"ImageObject\",\"@id\":\"https:\/\/www.comundi.fr\/mag-des-competences\/#logo\",\"inLanguage\":\"fr-FR\",\"url\":\"https:\/\/www.comundi.fr\/mag-des-competences\/wp-content\/uploads\/2018\/01\/comundi.png\",\"contentUrl\":\"https:\/\/www.comundi.fr\/mag-des-competences\/wp-content\/uploads\/2018\/01\/comundi.png\",\"width\":300,\"height\":300,\"caption\":\"Comundi\"},\"image\":{\"@id\":\"https:\/\/www.comundi.fr\/mag-des-competences\/#logo\"}},{\"@type\":\"WebSite\",\"@id\":\"https:\/\/www.comundi.fr\/mag-des-competences\/#website\",\"url\":\"https:\/\/www.comundi.fr\/mag-des-competences\/\",\"name\":\"Mag des comp\\u00e9tences - Comundi\",\"description\":\"Le magazine des m\\u00e9tiers de demain\",\"publisher\":{\"@id\":\"https:\/\/www.comundi.fr\/mag-des-competences\/#organization\"},\"potentialAction\":[{\"@type\":\"SearchAction\",\"target\":\"https:\/\/www.comundi.fr\/mag-des-competences\/?s={search_term_string}\",\"query-input\":\"required name=search_term_string\"}],\"inLanguage\":\"fr-FR\"},{\"@type\":\"ImageObject\",\"@id\":\"https:\/\/www.comundi.fr\/mag-des-competences\/il-ne-me-fait-jamais-de-retour-sur-mes-dossiers-je-ne-sais-pas-dans-quelle-direction-aller-ces-managers-fantomes-qui-tirent-leur-equipe-vers-le-bas\/#primaryimage\",\"inLanguage\":\"fr-FR\",\"url\":\"https:\/\/www.comundi.fr\/mag-des-competences\/wp-content\/uploads\/2026\/01\/Design-sans-titre-8.jpg\",\"contentUrl\":\"https:\/\/www.comundi.fr\/mag-des-competences\/wp-content\/uploads\/2026\/01\/Design-sans-titre-8.jpg\",\"width\":1200,\"height\":676},{\"@type\":\"WebPage\",\"@id\":\"https:\/\/www.comundi.fr\/mag-des-competences\/il-ne-me-fait-jamais-de-retour-sur-mes-dossiers-je-ne-sais-pas-dans-quelle-direction-aller-ces-managers-fantomes-qui-tirent-leur-equipe-vers-le-bas\/#webpage\",\"url\":\"https:\/\/www.comundi.fr\/mag-des-competences\/il-ne-me-fait-jamais-de-retour-sur-mes-dossiers-je-ne-sais-pas-dans-quelle-direction-aller-ces-managers-fantomes-qui-tirent-leur-equipe-vers-le-bas\/\",\"name\":\"\\u00ab Il ne me fait jamais de retour sur mes dossiers, je ne sais pas dans quelle direction aller \\u00bb : ces \\u00ab managers fant\\u00f4mes \\u00bb qui tirent leur \\u00e9quipe vers le bas - Mag des comp\\u00e9tences - Comundi\",\"isPartOf\":{\"@id\":\"https:\/\/www.comundi.fr\/mag-des-competences\/#website\"},\"primaryImageOfPage\":{\"@id\":\"https:\/\/www.comundi.fr\/mag-des-competences\/il-ne-me-fait-jamais-de-retour-sur-mes-dossiers-je-ne-sais-pas-dans-quelle-direction-aller-ces-managers-fantomes-qui-tirent-leur-equipe-vers-le-bas\/#primaryimage\"},\"datePublished\":\"2026-01-20T07:50:00+00:00\",\"dateModified\":\"2026-01-20T11:58:15+00:00\",\"description\":\"Le manager interm\\u00e9diaire s'efface peu \\u00e0 peu, ce qui p\\u00e8se sur la bonne marche de l'entreprise. Comment est-il devenu un manager fant\\u00f4me ?\",\"breadcrumb\":{\"@id\":\"https:\/\/www.comundi.fr\/mag-des-competences\/il-ne-me-fait-jamais-de-retour-sur-mes-dossiers-je-ne-sais-pas-dans-quelle-direction-aller-ces-managers-fantomes-qui-tirent-leur-equipe-vers-le-bas\/#breadcrumb\"},\"inLanguage\":\"fr-FR\",\"potentialAction\":[{\"@type\":\"ReadAction\",\"target\":[\"https:\/\/www.comundi.fr\/mag-des-competences\/il-ne-me-fait-jamais-de-retour-sur-mes-dossiers-je-ne-sais-pas-dans-quelle-direction-aller-ces-managers-fantomes-qui-tirent-leur-equipe-vers-le-bas\/\"]}]},{\"@type\":\"BreadcrumbList\",\"@id\":\"https:\/\/www.comundi.fr\/mag-des-competences\/il-ne-me-fait-jamais-de-retour-sur-mes-dossiers-je-ne-sais-pas-dans-quelle-direction-aller-ces-managers-fantomes-qui-tirent-leur-equipe-vers-le-bas\/#breadcrumb\",\"itemListElement\":[{\"@type\":\"ListItem\",\"position\":1,\"item\":{\"@type\":\"WebPage\",\"@id\":\"https:\/\/www.comundi.fr\/mag-des-competences\/\",\"url\":\"https:\/\/www.comundi.fr\/mag-des-competences\/\",\"name\":\"Accueil\"}},{\"@type\":\"ListItem\",\"position\":2,\"item\":{\"@type\":\"WebPage\",\"@id\":\"https:\/\/www.comundi.fr\/mag-des-competences\/il-ne-me-fait-jamais-de-retour-sur-mes-dossiers-je-ne-sais-pas-dans-quelle-direction-aller-ces-managers-fantomes-qui-tirent-leur-equipe-vers-le-bas\/\",\"url\":\"https:\/\/www.comundi.fr\/mag-des-competences\/il-ne-me-fait-jamais-de-retour-sur-mes-dossiers-je-ne-sais-pas-dans-quelle-direction-aller-ces-managers-fantomes-qui-tirent-leur-equipe-vers-le-bas\/\",\"name\":\"\\u00ab Il ne me fait jamais de retour sur mes dossiers, je ne sais pas dans quelle direction aller \\u00bb : ces \\u00ab managers fant\\u00f4mes \\u00bb qui tirent leur \\u00e9quipe vers le bas\"}}]},{\"@type\":\"Article\",\"@id\":\"https:\/\/www.comundi.fr\/mag-des-competences\/il-ne-me-fait-jamais-de-retour-sur-mes-dossiers-je-ne-sais-pas-dans-quelle-direction-aller-ces-managers-fantomes-qui-tirent-leur-equipe-vers-le-bas\/#article\",\"isPartOf\":{\"@id\":\"https:\/\/www.comundi.fr\/mag-des-competences\/il-ne-me-fait-jamais-de-retour-sur-mes-dossiers-je-ne-sais-pas-dans-quelle-direction-aller-ces-managers-fantomes-qui-tirent-leur-equipe-vers-le-bas\/#webpage\"},\"author\":{\"@id\":\"https:\/\/www.comundi.fr\/mag-des-competences\/#\/schema\/person\/96b8f219e4cddee126473c6fbcc0e089\"},\"headline\":\"\\u00ab Il ne me fait jamais de retour sur mes dossiers, je ne sais pas dans quelle direction aller \\u00bb : ces \\u00ab managers fant\\u00f4mes \\u00bb qui tirent leur \\u00e9quipe vers le bas\",\"datePublished\":\"2026-01-20T07:50:00+00:00\",\"dateModified\":\"2026-01-20T11:58:15+00:00\",\"mainEntityOfPage\":{\"@id\":\"https:\/\/www.comundi.fr\/mag-des-competences\/il-ne-me-fait-jamais-de-retour-sur-mes-dossiers-je-ne-sais-pas-dans-quelle-direction-aller-ces-managers-fantomes-qui-tirent-leur-equipe-vers-le-bas\/#webpage\"},\"commentCount\":0,\"publisher\":{\"@id\":\"https:\/\/www.comundi.fr\/mag-des-competences\/#organization\"},\"image\":{\"@id\":\"https:\/\/www.comundi.fr\/mag-des-competences\/il-ne-me-fait-jamais-de-retour-sur-mes-dossiers-je-ne-sais-pas-dans-quelle-direction-aller-ces-managers-fantomes-qui-tirent-leur-equipe-vers-le-bas\/#primaryimage\"},\"articleSection\":\"management\",\"inLanguage\":\"fr-FR\",\"potentialAction\":[{\"@type\":\"CommentAction\",\"name\":\"Comment\",\"target\":[\"https:\/\/www.comundi.fr\/mag-des-competences\/il-ne-me-fait-jamais-de-retour-sur-mes-dossiers-je-ne-sais-pas-dans-quelle-direction-aller-ces-managers-fantomes-qui-tirent-leur-equipe-vers-le-bas\/#respond\"]}]},{\"@type\":\"Person\",\"@id\":\"https:\/\/www.comundi.fr\/mag-des-competences\/#\/schema\/person\/96b8f219e4cddee126473c6fbcc0e089\",\"name\":\"Les Echos\",\"image\":{\"@type\":\"ImageObject\",\"@id\":\"https:\/\/www.comundi.fr\/mag-des-competences\/#personlogo\",\"inLanguage\":\"fr-FR\",\"url\":\"https:\/\/secure.gravatar.com\/avatar\/041d1b3114ce5dce17eaefa721d4ed06?s=96&d=mm&r=g\",\"contentUrl\":\"https:\/\/secure.gravatar.com\/avatar\/041d1b3114ce5dce17eaefa721d4ed06?s=96&d=mm&r=g\",\"caption\":\"Les Echos\"}}]}<\/script>\n<!-- \/ Yoast SEO plugin. -->","amp_enabled":true,"_links":{"self":[{"href":"https:\/\/www.comundi.fr\/mag-des-competences\/wp-json\/wp\/v2\/posts\/14814"}],"collection":[{"href":"https:\/\/www.comundi.fr\/mag-des-competences\/wp-json\/wp\/v2\/posts"}],"about":[{"href":"https:\/\/www.comundi.fr\/mag-des-competences\/wp-json\/wp\/v2\/types\/post"}],"author":[{"embeddable":true,"href":"https:\/\/www.comundi.fr\/mag-des-competences\/wp-json\/wp\/v2\/users\/6"}],"replies":[{"embeddable":true,"href":"https:\/\/www.comundi.fr\/mag-des-competences\/wp-json\/wp\/v2\/comments?post=14814"}],"version-history":[{"count":8,"href":"https:\/\/www.comundi.fr\/mag-des-competences\/wp-json\/wp\/v2\/posts\/14814\/revisions"}],"predecessor-version":[{"id":14826,"href":"https:\/\/www.comundi.fr\/mag-des-competences\/wp-json\/wp\/v2\/posts\/14814\/revisions\/14826"}],"wp:featuredmedia":[{"embeddable":true,"href":"https:\/\/www.comundi.fr\/mag-des-competences\/wp-json\/wp\/v2\/media\/14815"}],"wp:attachment":[{"href":"https:\/\/www.comundi.fr\/mag-des-competences\/wp-json\/wp\/v2\/media?parent=14814"}],"wp:term":[{"taxonomy":"category","embeddable":true,"href":"https:\/\/www.comundi.fr\/mag-des-competences\/wp-json\/wp\/v2\/categories?post=14814"}],"curies":[{"name":"wp","href":"https:\/\/api.w.org\/{rel}","templated":true}]}}