{"id":14722,"date":"2025-12-16T08:50:00","date_gmt":"2025-12-16T07:50:00","guid":{"rendered":"https:\/\/www.comundi.fr\/mag-des-competences\/?p=14722"},"modified":"2025-12-16T16:09:00","modified_gmt":"2025-12-16T15:09:00","slug":"je-dois-toujours-etre-disponible-je-nai-pas-droit-a-lerreur-ces-13-croyances-qui-gachent-le-quotidien-des-managers","status":"publish","type":"post","link":"https:\/\/www.comundi.fr\/mag-des-competences\/je-dois-toujours-etre-disponible-je-nai-pas-droit-a-lerreur-ces-13-croyances-qui-gachent-le-quotidien-des-managers\/","title":{"rendered":"Je dois toujours \u00eatre disponible \u00bb, \u00ab Je n&rsquo;ai pas droit \u00e0 l&rsquo;erreur \u00bb\u2026 Ces 13 croyances qui g\u00e2chent le quotidien des managers"},"content":{"rendered":"\n<p>\u00catre infaillible, ma\u00eetre du contr\u00f4le, roi de l&rsquo;anticipation\u2026 Les managers se d\u00e9battent dans un syst\u00e8me d&rsquo;injonctions contradictoires, souvent h\u00e9rit\u00e9es d&rsquo;un autre \u00e2ge. Deux experts d\u00e9cryptent ces repr\u00e9sentations tenaces qui \u00e9puisent les cadres et minent la <a href=\"https:\/\/www.comundi.fr\/mag-des-competences\/pourquoi-miser-sur-les-soft-skills-pour-construire-des-equipes-performantes\/\">performance collective<\/a>.<br><br>Le costume du chef. Pour se glisser dedans, certains sont pr\u00eats \u00e0 toutes les concessions, quitte \u00e0 se tirer une balle dans le pied. Voici treize sujets sur lesquels il convient de garder l&rsquo;esprit clair.<\/p>\n\n\n\n<h2>\u00ab Je dois toujours \u00eatre disponible \u00bb<\/h2>\n\n\n\n<p>C&rsquo;est sans doute l&rsquo;id\u00e9e re\u00e7ue la plus ancr\u00e9e. Pour le consultant en management Herv\u00e9 Coudi\u00e8re, cette disponibilit\u00e9 permanente rel\u00e8ve d&rsquo;un contresens : \u00ab <a href=\"https:\/\/www.comundi.fr\/formations\/formation-oser-dire-et-savoir-dire-non.html\">Un manager doit clarifier quand il est disponible et quand il ne l&rsquo;est pas.<\/a> \u00bb Le fondateur de l&rsquo;organisme de formation Hommes &amp; Coop\u00e9ration recommande d&rsquo;afficher dans l&rsquo;agenda ses plages de disponibilit\u00e9 : \u00ab Dire \u00e0 son \u00e9quipe quand et pour quoi on est disponible, \u00e7a change la vie. \u00bb<br><br>B\u00e9atrice Rousset, experte des mod\u00e8les mentaux, voit dans cette injonction le vestige d&rsquo;un sch\u00e9ma hi\u00e9rarchique archa\u00efque : \u00ab Nos entreprises ont longtemps reproduit les codes de l&rsquo;arm\u00e9e et du clerg\u00e9. Dans ces structures, la disponibilit\u00e9 est la condition m\u00eame du pouvoir. \u00bb<br><br>Derri\u00e8re cet \u00e9cueil se cachent la conviction de se sentir \u00ab tr\u00e8s important \u00bb et une peur plus intime : \u00ab La terreur de ne servir \u00e0 rien. \u00bb Le conseil de l&rsquo;experte : \u00ab Soyez disponible\u2026 pour l&rsquo;essentiel ! \u00bb<\/p>\n\n\n\n<h2>\u00ab Je dois tout savoir \u00bb <\/h2>\n\n\n\n<p>\u00ab Le savoir, c&rsquo;est le pouvoir \u00bb, r\u00e9sume B\u00e9atrice Rousset. Or, dans les entreprises, <strong>cette pr\u00e9tention \u00e9touffe la circulation de l&rsquo;information<\/strong>, \u00ab d\u00e9truit la curiosit\u00e9 et la collaboration \u00bb.<br><br>Pour l&rsquo;auteure de \u00ab Quels sont vos mod\u00e8les mentaux ? \u00bb (\u00e9ditions Le Courrier du Livre), ne pas avouer son ignorance est m\u00eame une des raisons principales de la plupart des faillites des grandes organisations.<br><br>Herv\u00e9 Coudi\u00e8re invite au contraire<strong> les managers \u00e0 \u00ab oser dire : je ne sais pas \u00bb <\/strong>et \u00e0 en faire un levier d&rsquo;apprentissage collectif : \u00ab Montrer comment on cherche la r\u00e9ponse, c&rsquo;est souvent plus formateur que de la donner. \u00bb<\/p>\n\n\n\n<h2>\u00ab Je n&rsquo;ai pas droit \u00e0 l&rsquo;erreur \u00bb<\/h2>\n\n\n\n<p>Encore un autre \u00e9cueil. \u00ab <a href=\"https:\/\/www.comundi.fr\/mag-des-competences\/drh-comment-accompagner-les-managers-a-reussir-dans-leur-role-de-leader\/\">On aime recruter des dirigeants qui n&rsquo;ont jamais \u00e9chou\u00e9<\/a> \u00bb, note B\u00e9atrice Rousset. \u00ab Et on entretient l&rsquo;illusion du bien et du mal, sous-entendu l&rsquo;erreur serait le mal. \u00bb Or cette croyance \u00e9touffe l&rsquo;innovation. \u00ab Il y a plein d&rsquo;\u00e9checs qui ont amen\u00e9 \u00e0 des d\u00e9couvertes majeures, comme le champagne ou le Viagra. C&rsquo;est ce qu&rsquo;on appelle la s\u00e9rendipit\u00e9 \u00bb, rappelle l&rsquo;experte.<br><br>Herv\u00e9 Coudi\u00e8re renverse la perspective : \u00ab Reconna\u00eetre une erreur, la corriger, c&rsquo;est une preuve d&rsquo;int\u00e9grit\u00e9. Cela accro\u00eet la confiance des \u00e9quipes. \u00bb En entreprise, rappelle-t-il, \u00ab ce ne sont pas les erreurs qui d\u00e9truisent la cr\u00e9dibilit\u00e9, mais le refus de les assumer \u00bb.<\/p>\n\n\n\n<h2>\u00ab Je dois savoir r\u00e9soudre tous les probl\u00e8mes \u00bb<\/h2>\n\n\n\n<p>Pour Herv\u00e9 Coudi\u00e8re, \u00ab ce r\u00e9flexe du &lsquo;papamanager&rsquo; infantilise les \u00e9quipes \u00bb. Sa m\u00e9thode : demander au collaborateur d&rsquo;arriver avec \u00ab deux solutions possibles \u00bb. \u00ab <a href=\"https:\/\/www.comundi.fr\/mag-des-competences\/nos-5-conseils-pour-prendre-des-decisions-optimales-en-periode-de-stress\/\">On progresse plus quand on s&rsquo;int\u00e9resse au processus de r\u00e9solution que quand on r\u00e8gle tout soi-m\u00eame. <\/a>\u00bb<br><br>B\u00e9atrice Rousset acquiesce et rajoute que cette id\u00e9e re\u00e7ue d\u00e9coule d&rsquo;une vieille vision m\u00e9caniste : \u00ab D\u00e9couper le monde en petits morceaux pour tout comprendre : c&rsquo;est utile pour une machine, pas pour un syst\u00e8me vivant. \u00bb<\/p>\n\n\n\n<h2>\u00a0\u00ab \u00c7a ira plus vite si je le fais moi-m\u00eame \u00bb<\/h2>\n\n\n\n<p>B\u00e9atrice Rousset voit dans cette repr\u00e9sentation la trace d&rsquo;un tr\u00e8s vieux mod\u00e8le mental : le mythe du \u00ab h\u00e9ros solitaire \u00bb : \u00ab Le manager se r\u00eave sauveur d&rsquo;une \u00e9quipe, d&rsquo;une entreprise, alors qu&rsquo;il agit dans une activit\u00e9 sociale, fond\u00e9e sur l&rsquo;interaction. \u00bb<br><br>Pour Herv\u00e9 Coudi\u00e8re, d\u00e9l\u00e9guer n&rsquo;est pas abandonner : \u00ab C&rsquo;est reconna\u00eetre la comp\u00e9tence de ses collaborateurs et nourrir la motivation. \u00bb Par exemple, <a href=\"https:\/\/www.comundi.fr\/mag-des-competences\/savoir-deleguer-un-art-tout-en-nuances\/\">en d\u00e9l\u00e9guant des t\u00e2ches <\/a>qui sont \u00ab importantes et moins urgentes, de celles qui sont urgentes et moins importantes \u00bb.<\/p>\n\n\n\n<h2>\u00ab Je dois tout contr\u00f4ler \u00bb<\/h2>\n\n\n\n<p>Ce besoin vient, selon B\u00e9atrice Rousset, d&rsquo;une certitude plus sombre : \u00ab On ne peut pas faire confiance en l&rsquo;homme. \u00bb Rien de tel pour s&rsquo;\u00e9puiser, \u00ab bloquer l&rsquo;action des \u00e9quipes et le go\u00fbt du risque \u00bb.<br><br>Pour Herv\u00e9 Coudi\u00e8re, la confiance ne s&rsquo;oppose pas au contr\u00f4le. Il faut l&rsquo;adapter \u00e0 l&rsquo;enjeu de la mission et \u00e0 la maturit\u00e9 du collaborateur. \u00ab On commence par v\u00e9rifier son travail, puis on \u00e9largit le p\u00e9rim\u00e8tre d&rsquo;autonomie. \u00bb Un \u00e9quilibre subtil entre vigilance sans flicage.<\/p>\n\n\n\n<h2>\u00ab Je dois pr\u00e9voir et anticiper \u00bb<\/h2>\n\n\n\n<p>La tentation de tout pr\u00e9voir prolonge celle du contr\u00f4le : elle rassure, mais fige. Longtemps, l&rsquo;anticipation fut la marque du <a href=\"https:\/\/www.comundi.fr\/mag-des-competences\/un-bon-manager-est-un-manager-qui-fait-evoluer-ses-equipes\/\">bon manager<\/a> : plan, budget, feuille de route\u2026 \u00ab Mais dans un monde instable, cet id\u00e9al est vain \u00bb, observe B\u00e9atrice Rousset. \u00ab Les pr\u00e9visions d\u00e9taill\u00e9es rassurent les si\u00e8ges des entreprises, mais ne servent souvent qu&rsquo;\u00e0 produire une illusion de ma\u00eetrise. \u00bb<br><br>Or, dans un environnement mouvant, la vraie comp\u00e9tence n&rsquo;est plus d&rsquo;anticiper, mais de s&rsquo;ajuster : savoir observer, d\u00e9cider vite, et apprendre du r\u00e9el. \u00ab Aujourd&rsquo;hui, les managers doivent s&rsquo;habituer \u00e0 travailler avec l&rsquo;incertitude, pas contre elle. \u00bb<\/p>\n\n\n\n<h2>\u00ab Je dois toujours \u00eatre en accord avec la strat\u00e9gie de l&rsquo;entreprise \u00bb<\/h2>\n\n\n\n<p>B\u00e9atrice Rousset, ancienne DRH chez HSBC, puis charg\u00e9e des programmes de d\u00e9veloppement des Top 300 dirigeants mondiaux d&rsquo;AXA, se souvient de ces managers qui, en t\u00eate-\u00e0-t\u00eate, avouaient ne pas partager les d\u00e9cisions de l&rsquo;entreprise, alors qu&rsquo;ils devaient les soutenir dans les discours officiels.<br><br>\u00ab On leur demande d&rsquo;\u00eatre &lsquo;one voice&rsquo;, m\u00eame quand ils ne croient pas \u00e0 la strat\u00e9gie. Ce mensonge permanent tue l&rsquo;esprit critique et l&rsquo;\u00e9nergie \u00bb, alerte l&rsquo;experte.<\/p>\n\n\n\n<h2>\u00ab Je dois me montrer optimiste\/positif \u00bb<\/h2>\n\n\n\n<p>Pour Herv\u00e9 Coudi\u00e8re, la juste posture est l&rsquo; \u00ab opti-r\u00e9alisme \u00bb, c&rsquo;est-\u00e0-dire regarder les difficult\u00e9s en face, avec lucidit\u00e9, sans les noircir ni les enjoliver.<br><br>\u00ab Parfois, on croit que les collaborateurs ne vont pas supporter une mauvaise nouvelle, que \u00e7a risque de leur faire peur. Mais on manage des adultes, pas des enfants ! \u00bb, rappelle l&rsquo;auteur du livre \u00ab<a href=\"https:\/\/www.comundi.fr\/formations\/formation-gerer-son-temps-et-ses-priorites-sans-stress.html\"> Et si bien g\u00e9rer son temps<\/a>, c&rsquo;\u00e9tait d&rsquo;abord se concentrer sur ce qui est vraiment important ? \u00bb (Gereso Edition).<\/p>\n\n\n\n<h2>\u00ab Je suis irrempla\u00e7able \u00bb<\/h2>\n\n\n\n<p>Cette opinion toute faite trahit souvent une angoisse identitaire. \u00ab C&rsquo;est une mani\u00e8re de dire : sans moi, tout s&rsquo;effondre \u00bb, analyse B\u00e9atrice Rousset. Mais le risque est inverse : il bloque la rel\u00e8ve, fragilise l&rsquo;organisation. \u00ab Les cimeti\u00e8res sont remplis de gens irrempla\u00e7ables \u00bb, glisse Herv\u00e9 Coudi\u00e8re.<br><br>Pour lui, la vraie posture consiste \u00e0 \u00ab continuer \u00e0 faire son job, tout en pr\u00e9parant son avenir professionnel \u00bb. Et de citer ce directeur technique qui pensait \u00eatre un pilier de l&rsquo;entreprise avant d&rsquo;\u00eatre licenci\u00e9. \u00ab Gr\u00e2ce \u00e0 son side project (activit\u00e9 lanc\u00e9e en parall\u00e8le d&rsquo;un travail, NDLR), il a pu rebondir sans s&rsquo;effondrer. \u00bb<\/p>\n\n\n\n<h2>\u00ab Je dois donner le sens \u00e0 mes \u00e9quipes \u00bb<\/h2>\n\n\n\n<p>Cette injonction est jug\u00e9e \u00ab dangereuse \u00bb par B\u00e9atrice Rousset : \u00ab L&rsquo;id\u00e9e d&rsquo;un sens unique impos\u00e9 par un manager, sous couvert de motivation, vient heurter la libert\u00e9 de circulation des id\u00e9es et des informations. \u00bb<br><br>Et de prendre l&rsquo;exemple de ce manager qui proclame : \u00ab Nous devons \u00eatre centr\u00e9s client \u00bb alors qu&rsquo;au quotidien, personne ne rencontre jamais un client et que la priorit\u00e9 est donn\u00e9e au budget. \u00ab La dissonance cognitive est violente. \u00bb<br><br>Pour la sp\u00e9cialiste des mod\u00e8les mentaux, cette conviction, \u00ab h\u00e9rit\u00e9e de Platon et des religions \u00bb, prive les \u00e9quipes de leur libert\u00e9 de penser et mine la cr\u00e9dibilit\u00e9 du manager. Aujourd&rsquo;hui, \u00ab le sens se coconstruit \u00bb, affirme-t-elle.<\/p>\n\n\n\n<h2>\u00a0\u00ab C&rsquo;est \u00e0 moi d&rsquo;encourager le changement \u00bb<\/h2>\n\n\n\n<p>Avec les plans de transformation, la course \u00e0 l&rsquo;acquisition de nouvelles pratiques, l&rsquo;incitation \u00e0 la mobilit\u00e9 ou \u00e0 la <a href=\"http:\/\/www.comundi.fr\">formation<\/a>, le manager sous-entend que \u00ab ce que nous sommes, ne suffit pas \u00bb, pointe B\u00e9atrice Rousset. Ce qui finit par user les \u00e9quipes.<br><br>L&rsquo;experte y voit l&rsquo;h\u00e9ritage d&rsquo;une vieille id\u00e9e : \u00ab Nous serions imparfaits mais, \u00e0 force d&rsquo;efforts, nous deviendrons meilleurs. \u00bb Utile autrefois, obsol\u00e8te aujourd&rsquo;hui : \u00ab Notre \u00e9poque est d\u00e9j\u00e0 celle du changement permanent. L&rsquo;enjeu n&rsquo;est plus de l&rsquo;acc\u00e9l\u00e9rer, mais de pr\u00e9server un peu de stabilit\u00e9. \u00bb<\/p>\n\n\n\n<h2>\u00ab Je dois fixer les objectifs et les r\u00e9mun\u00e9rations de mes collaborateurs \u00bb<\/h2>\n\n\n\n<p>Cette croyance est d&rsquo;autant plus puissante qu&rsquo;elle passe pour un fait. \u00ab La plupart des managers n&rsquo;ont en r\u00e9alit\u00e9 la main ni sur les objectifs, ni sur les r\u00e9mun\u00e9rations, souvent dict\u00e9s par le si\u00e8ge \u00bb, constate B\u00e9atrice Rousset. \u00ab Ils se retrouvent \u00e0<a href=\"https:\/\/www.comundi.fr\/mag-des-competences\/6-solutions-pour-faire-remonter-les-besoins-en-formation-soft-skills-des-collaborateurs\/\"> \u00e9valuer des collaborateurs<\/a> qu&rsquo;ils voient \u00e0 peine, avec des crit\u00e8res d\u00e9cid\u00e9s ailleurs. \u00bb<br><br>Cons\u00e9quences, un pouvoir d&rsquo;action r\u00e9duit, une perte de sens, voire <a href=\"https:\/\/www.comundi.fr\/formations\/managers-relever-le-defi-du-quiet-quitting.html\">une d\u00e9mission silencieuse (ou quiet quitting)<\/a>. L&rsquo;alternative ? \u00ab D\u00e9finir son r\u00f4le au gr\u00e9 de la r\u00e9alit\u00e9 de la situation, en devenant coach, animateur, m\u00e9diateur, facilitateur, agent politique ou formateur \u00bb, conclut l&rsquo;experte.<br><br>Corinne Dillenseger\u00a0<\/p>\n","protected":false},"excerpt":{"rendered":"<p>\u00catre infaillible, ma\u00eetre du contr\u00f4le, roi de l&rsquo;anticipation\u2026 Les managers se d\u00e9battent dans un syst\u00e8me d&rsquo;injonctions contradictoires, souvent h\u00e9rit\u00e9es d&rsquo;un autre \u00e2ge. Deux experts d\u00e9cryptent ces repr\u00e9sentations tenaces qui \u00e9puisent les cadres et minent la performance collective. Le costume du chef. Pour se glisser dedans, certains sont pr\u00eats \u00e0 toutes les concessions, quitte \u00e0 se [&hellip;]<\/p>\n","protected":false},"author":6,"featured_media":14723,"comment_status":"open","ping_status":"open","sticky":false,"template":"","format":"standard","meta":{"_mi_skip_tracking":false},"categories":[184,174],"yoast_head":"<!-- This site is optimized with the Yoast SEO plugin v16.1 - https:\/\/yoast.com\/wordpress\/plugins\/seo\/ -->\n<title>Je dois toujours \u00eatre disponible \u00bb, \u00ab Je n&#039;ai pas droit \u00e0 l&#039;erreur \u00bb\u2026 Ces 13 croyances qui g\u00e2chent le quotidien des managers - Mag des comp\u00e9tences - Comundi<\/title>\n<meta name=\"description\" content=\"Les id\u00e9es re\u00e7ues du management \u00e9puisent les cadres et freinent la performance collective. D\u00e9couvrez nos conseils pour s&#039;en lib\u00e9rer.\" \/>\n<meta name=\"robots\" content=\"noindex, follow\" \/>\n<meta property=\"og:locale\" content=\"fr_FR\" \/>\n<meta property=\"og:type\" content=\"article\" \/>\n<meta property=\"og:title\" content=\"Je dois toujours \u00eatre disponible \u00bb, \u00ab Je n&#039;ai pas droit \u00e0 l&#039;erreur \u00bb\u2026 Ces 13 croyances qui g\u00e2chent le quotidien des managers - Mag des comp\u00e9tences - Comundi\" \/>\n<meta property=\"og:description\" content=\"Les id\u00e9es re\u00e7ues du management \u00e9puisent les cadres et freinent la performance collective. D\u00e9couvrez nos conseils pour s&#039;en lib\u00e9rer.\" \/>\n<meta property=\"og:url\" content=\"https:\/\/www.comundi.fr\/mag-des-competences\/je-dois-toujours-etre-disponible-je-nai-pas-droit-a-lerreur-ces-13-croyances-qui-gachent-le-quotidien-des-managers\/\" \/>\n<meta property=\"og:site_name\" content=\"Mag des comp\u00e9tences - Comundi\" \/>\n<meta property=\"article:publisher\" content=\"https:\/\/www.facebook.com\/Comundi\/?fref=ts\" \/>\n<meta property=\"article:published_time\" content=\"2025-12-16T07:50:00+00:00\" \/>\n<meta property=\"article:modified_time\" content=\"2025-12-16T15:09:00+00:00\" \/>\n<meta property=\"og:image\" content=\"https:\/\/www.comundi.fr\/mag-des-competences\/wp-content\/uploads\/2025\/12\/Design-sans-titre-1.jpg\" \/>\n\t<meta property=\"og:image:width\" content=\"1200\" \/>\n\t<meta property=\"og:image:height\" content=\"676\" \/>\n<meta name=\"twitter:card\" content=\"summary_large_image\" \/>\n<meta name=\"twitter:creator\" content=\"@ComundiActu\" \/>\n<meta name=\"twitter:site\" content=\"@ComundiActu\" \/>\n<meta name=\"twitter:label1\" content=\"Dur\u00e9e de lecture est.\">\n\t<meta name=\"twitter:data1\" content=\"6 minutes\">\n<script type=\"application\/ld+json\" class=\"yoast-schema-graph\">{\"@context\":\"https:\/\/schema.org\",\"@graph\":[{\"@type\":\"Organization\",\"@id\":\"https:\/\/www.comundi.fr\/mag-des-competences\/#organization\",\"name\":\"Comundi\",\"url\":\"https:\/\/www.comundi.fr\/mag-des-competences\/\",\"sameAs\":[\"https:\/\/www.facebook.com\/Comundi\/?fref=ts\",\"https:\/\/www.linkedin.com\/company\/comundi\/\",\"https:\/\/www.youtube.com\/user\/ComundiFormations\",\"https:\/\/twitter.com\/ComundiActu\"],\"logo\":{\"@type\":\"ImageObject\",\"@id\":\"https:\/\/www.comundi.fr\/mag-des-competences\/#logo\",\"inLanguage\":\"fr-FR\",\"url\":\"https:\/\/www.comundi.fr\/mag-des-competences\/wp-content\/uploads\/2018\/01\/comundi.png\",\"contentUrl\":\"https:\/\/www.comundi.fr\/mag-des-competences\/wp-content\/uploads\/2018\/01\/comundi.png\",\"width\":300,\"height\":300,\"caption\":\"Comundi\"},\"image\":{\"@id\":\"https:\/\/www.comundi.fr\/mag-des-competences\/#logo\"}},{\"@type\":\"WebSite\",\"@id\":\"https:\/\/www.comundi.fr\/mag-des-competences\/#website\",\"url\":\"https:\/\/www.comundi.fr\/mag-des-competences\/\",\"name\":\"Mag des comp\\u00e9tences - Comundi\",\"description\":\"Le magazine des m\\u00e9tiers de demain\",\"publisher\":{\"@id\":\"https:\/\/www.comundi.fr\/mag-des-competences\/#organization\"},\"potentialAction\":[{\"@type\":\"SearchAction\",\"target\":\"https:\/\/www.comundi.fr\/mag-des-competences\/?s={search_term_string}\",\"query-input\":\"required name=search_term_string\"}],\"inLanguage\":\"fr-FR\"},{\"@type\":\"ImageObject\",\"@id\":\"https:\/\/www.comundi.fr\/mag-des-competences\/je-dois-toujours-etre-disponible-je-nai-pas-droit-a-lerreur-ces-13-croyances-qui-gachent-le-quotidien-des-managers\/#primaryimage\",\"inLanguage\":\"fr-FR\",\"url\":\"https:\/\/www.comundi.fr\/mag-des-competences\/wp-content\/uploads\/2025\/12\/Design-sans-titre-1.jpg\",\"contentUrl\":\"https:\/\/www.comundi.fr\/mag-des-competences\/wp-content\/uploads\/2025\/12\/Design-sans-titre-1.jpg\",\"width\":1200,\"height\":676},{\"@type\":\"WebPage\",\"@id\":\"https:\/\/www.comundi.fr\/mag-des-competences\/je-dois-toujours-etre-disponible-je-nai-pas-droit-a-lerreur-ces-13-croyances-qui-gachent-le-quotidien-des-managers\/#webpage\",\"url\":\"https:\/\/www.comundi.fr\/mag-des-competences\/je-dois-toujours-etre-disponible-je-nai-pas-droit-a-lerreur-ces-13-croyances-qui-gachent-le-quotidien-des-managers\/\",\"name\":\"Je dois toujours \\u00eatre disponible \\u00bb, \\u00ab Je n'ai pas droit \\u00e0 l'erreur \\u00bb\\u2026 Ces 13 croyances qui g\\u00e2chent le quotidien des managers - Mag des comp\\u00e9tences - Comundi\",\"isPartOf\":{\"@id\":\"https:\/\/www.comundi.fr\/mag-des-competences\/#website\"},\"primaryImageOfPage\":{\"@id\":\"https:\/\/www.comundi.fr\/mag-des-competences\/je-dois-toujours-etre-disponible-je-nai-pas-droit-a-lerreur-ces-13-croyances-qui-gachent-le-quotidien-des-managers\/#primaryimage\"},\"datePublished\":\"2025-12-16T07:50:00+00:00\",\"dateModified\":\"2025-12-16T15:09:00+00:00\",\"description\":\"Les id\\u00e9es re\\u00e7ues du management \\u00e9puisent les cadres et freinent la performance collective. D\\u00e9couvrez nos conseils pour s'en lib\\u00e9rer.\",\"breadcrumb\":{\"@id\":\"https:\/\/www.comundi.fr\/mag-des-competences\/je-dois-toujours-etre-disponible-je-nai-pas-droit-a-lerreur-ces-13-croyances-qui-gachent-le-quotidien-des-managers\/#breadcrumb\"},\"inLanguage\":\"fr-FR\",\"potentialAction\":[{\"@type\":\"ReadAction\",\"target\":[\"https:\/\/www.comundi.fr\/mag-des-competences\/je-dois-toujours-etre-disponible-je-nai-pas-droit-a-lerreur-ces-13-croyances-qui-gachent-le-quotidien-des-managers\/\"]}]},{\"@type\":\"BreadcrumbList\",\"@id\":\"https:\/\/www.comundi.fr\/mag-des-competences\/je-dois-toujours-etre-disponible-je-nai-pas-droit-a-lerreur-ces-13-croyances-qui-gachent-le-quotidien-des-managers\/#breadcrumb\",\"itemListElement\":[{\"@type\":\"ListItem\",\"position\":1,\"item\":{\"@type\":\"WebPage\",\"@id\":\"https:\/\/www.comundi.fr\/mag-des-competences\/\",\"url\":\"https:\/\/www.comundi.fr\/mag-des-competences\/\",\"name\":\"Accueil\"}},{\"@type\":\"ListItem\",\"position\":2,\"item\":{\"@type\":\"WebPage\",\"@id\":\"https:\/\/www.comundi.fr\/mag-des-competences\/je-dois-toujours-etre-disponible-je-nai-pas-droit-a-lerreur-ces-13-croyances-qui-gachent-le-quotidien-des-managers\/\",\"url\":\"https:\/\/www.comundi.fr\/mag-des-competences\/je-dois-toujours-etre-disponible-je-nai-pas-droit-a-lerreur-ces-13-croyances-qui-gachent-le-quotidien-des-managers\/\",\"name\":\"Je dois toujours \\u00eatre disponible \\u00bb, \\u00ab Je n&rsquo;ai pas droit \\u00e0 l&rsquo;erreur \\u00bb\\u2026 Ces 13 croyances qui g\\u00e2chent le quotidien des managers\"}}]},{\"@type\":\"Article\",\"@id\":\"https:\/\/www.comundi.fr\/mag-des-competences\/je-dois-toujours-etre-disponible-je-nai-pas-droit-a-lerreur-ces-13-croyances-qui-gachent-le-quotidien-des-managers\/#article\",\"isPartOf\":{\"@id\":\"https:\/\/www.comundi.fr\/mag-des-competences\/je-dois-toujours-etre-disponible-je-nai-pas-droit-a-lerreur-ces-13-croyances-qui-gachent-le-quotidien-des-managers\/#webpage\"},\"author\":{\"@id\":\"https:\/\/www.comundi.fr\/mag-des-competences\/#\/schema\/person\/96b8f219e4cddee126473c6fbcc0e089\"},\"headline\":\"Je dois toujours \\u00eatre disponible \\u00bb, \\u00ab Je n&rsquo;ai pas droit \\u00e0 l&rsquo;erreur \\u00bb\\u2026 Ces 13 croyances qui g\\u00e2chent le quotidien des managers\",\"datePublished\":\"2025-12-16T07:50:00+00:00\",\"dateModified\":\"2025-12-16T15:09:00+00:00\",\"mainEntityOfPage\":{\"@id\":\"https:\/\/www.comundi.fr\/mag-des-competences\/je-dois-toujours-etre-disponible-je-nai-pas-droit-a-lerreur-ces-13-croyances-qui-gachent-le-quotidien-des-managers\/#webpage\"},\"commentCount\":0,\"publisher\":{\"@id\":\"https:\/\/www.comundi.fr\/mag-des-competences\/#organization\"},\"image\":{\"@id\":\"https:\/\/www.comundi.fr\/mag-des-competences\/je-dois-toujours-etre-disponible-je-nai-pas-droit-a-lerreur-ces-13-croyances-qui-gachent-le-quotidien-des-managers\/#primaryimage\"},\"articleSection\":\"management,Management - D\\u00e9veloppement Personnel - Efficacit\\u00e9 professionnelle\",\"inLanguage\":\"fr-FR\",\"potentialAction\":[{\"@type\":\"CommentAction\",\"name\":\"Comment\",\"target\":[\"https:\/\/www.comundi.fr\/mag-des-competences\/je-dois-toujours-etre-disponible-je-nai-pas-droit-a-lerreur-ces-13-croyances-qui-gachent-le-quotidien-des-managers\/#respond\"]}]},{\"@type\":\"Person\",\"@id\":\"https:\/\/www.comundi.fr\/mag-des-competences\/#\/schema\/person\/96b8f219e4cddee126473c6fbcc0e089\",\"name\":\"Les Echos\",\"image\":{\"@type\":\"ImageObject\",\"@id\":\"https:\/\/www.comundi.fr\/mag-des-competences\/#personlogo\",\"inLanguage\":\"fr-FR\",\"url\":\"https:\/\/secure.gravatar.com\/avatar\/041d1b3114ce5dce17eaefa721d4ed06?s=96&d=mm&r=g\",\"contentUrl\":\"https:\/\/secure.gravatar.com\/avatar\/041d1b3114ce5dce17eaefa721d4ed06?s=96&d=mm&r=g\",\"caption\":\"Les Echos\"}}]}<\/script>\n<!-- \/ Yoast SEO plugin. -->","amp_enabled":true,"_links":{"self":[{"href":"https:\/\/www.comundi.fr\/mag-des-competences\/wp-json\/wp\/v2\/posts\/14722"}],"collection":[{"href":"https:\/\/www.comundi.fr\/mag-des-competences\/wp-json\/wp\/v2\/posts"}],"about":[{"href":"https:\/\/www.comundi.fr\/mag-des-competences\/wp-json\/wp\/v2\/types\/post"}],"author":[{"embeddable":true,"href":"https:\/\/www.comundi.fr\/mag-des-competences\/wp-json\/wp\/v2\/users\/6"}],"replies":[{"embeddable":true,"href":"https:\/\/www.comundi.fr\/mag-des-competences\/wp-json\/wp\/v2\/comments?post=14722"}],"version-history":[{"count":2,"href":"https:\/\/www.comundi.fr\/mag-des-competences\/wp-json\/wp\/v2\/posts\/14722\/revisions"}],"predecessor-version":[{"id":14740,"href":"https:\/\/www.comundi.fr\/mag-des-competences\/wp-json\/wp\/v2\/posts\/14722\/revisions\/14740"}],"wp:featuredmedia":[{"embeddable":true,"href":"https:\/\/www.comundi.fr\/mag-des-competences\/wp-json\/wp\/v2\/media\/14723"}],"wp:attachment":[{"href":"https:\/\/www.comundi.fr\/mag-des-competences\/wp-json\/wp\/v2\/media?parent=14722"}],"wp:term":[{"taxonomy":"category","embeddable":true,"href":"https:\/\/www.comundi.fr\/mag-des-competences\/wp-json\/wp\/v2\/categories?post=14722"}],"curies":[{"name":"wp","href":"https:\/\/api.w.org\/{rel}","templated":true}]}}