{"id":1472,"date":"2018-10-11T09:00:56","date_gmt":"2018-10-11T07:00:56","guid":{"rendered":"https:\/\/www.comundi.fr\/mag-des-competences\/?p=1472"},"modified":"2019-10-18T15:43:31","modified_gmt":"2019-10-18T13:43:31","slug":"philippe-debruyne-il-faut-changer-de-regard-sur-ce-quest-une-formation","status":"publish","type":"post","link":"https:\/\/www.comundi.fr\/mag-des-competences\/philippe-debruyne-il-faut-changer-de-regard-sur-ce-quest-une-formation\/","title":{"rendered":"Philippe Debruyne\u00a0:\u00a0\u00ab\u00a0Il faut changer de regard sur ce qu&rsquo;est une formation\u00a0\u00bb"},"content":{"rendered":"<p>Pour le pr\u00e9sident du Comit\u00e9 paritaire interprofessionnel national pour l&#8217;emploi et la formation (Copanef), la formation en situation de travail est une solution aux difficult\u00e9s de recrutement des PME.<\/p>\n<h2><strong>En quoi une formation en situation de travail est-elle diff\u00e9rente d&rsquo;une formation sur le tas\u00a0?<\/strong><\/h2>\n<p>La diff\u00e9rence tient \u00e0 la formalisation. Il s&rsquo;agit d&rsquo;une formation organis\u00e9e, intentionnelle, et qui a vocation \u00e0 s&rsquo;inscrire dans le plan de d\u00e9veloppement des comp\u00e9tences de l&rsquo;entreprise. Elle sera donc \u00e9ligible aux fonds mutualis\u00e9s des entreprises de moins de 50 salari\u00e9s.<\/p>\n<p>Sa mise en place suppose une r\u00e9flexion en amont pour que la situation de travail soit r\u00e9ellement apprenante et fasse l&rsquo;objet d&rsquo;un accompagnement. Le salari\u00e9 doit b\u00e9n\u00e9ficier d&rsquo;un \u00ab\u00a0droit \u00e0 l&rsquo;essai \u00e9tay\u00e9\u00a0\u00bb, ou \u00ab\u00a0droit \u00e0 l&rsquo;erreur\u00a0\u00bb, ce qui n\u00e9cessite g\u00e9n\u00e9ralement un am\u00e9nagement de la situation de production normale.<\/p>\n<h2><strong>Quels sont les principaux enseignements de ces deux ans d&rsquo;exp\u00e9rimentation\u00a0?<\/strong><\/h2>\n<p>L&rsquo;exp\u00e9rimentation visait prioritairement les personnes ayant peu d&rsquo;app\u00e9tence pour les formations classiques, souvent peu qualifi\u00e9es, et les TPE, m\u00eame si cela peut int\u00e9resser les grandes entreprises. Nous nous sommes aper\u00e7us que l&rsquo;enjeu principal n&rsquo;\u00e9tait pas tant juridique que pratique.<\/p>\n<p>La loi Avenir professionnel\u00a0reconna\u00eet qu&rsquo;<a href=\"https:\/\/www.comundi.fr\/mag-des-competences\/formation-en-2019-comment-sy-retrouver-avec-le-cpf\/\">une action de formation<\/a> peut se r\u00e9aliser en situation de travail. Pour autant, il n&rsquo;existe pas de mod\u00e8le pr\u00e9d\u00e9fini. Tout doit \u00eatre pr\u00e9par\u00e9.<\/p>\n<p>L&rsquo;am\u00e9nagement du poste de travail est une contrainte, mais qui offre des avantages indirects\u00a0: elle am\u00e9liore l&rsquo;accueil des apprentis en entreprise, et peut avoir un impact positif sur les conditions de travail. Autre enseignement, il faut am\u00e9nager du temps en parall\u00e8le de la formation pour prendre du recul.<\/p>\n<p>A l&rsquo;arriv\u00e9e, cela d\u00e9bouche ou non sur une certification. Mais dans tous les cas, la personne form\u00e9e trouve plus de sens dans son travail et gagne une plus grande reconnaissance de ses coll\u00e8gues.<\/p>\n<h2><strong>Quelle sera la suite\u00a0?<\/strong><\/h2>\n<p>Un certain nombre de questions se posent sur le mod\u00e8le \u00e9conomique de ces formations. Le co\u00fbt d&rsquo;ing\u00e9nierie n&rsquo;est pas neutre pour une entreprise m\u00eame si elle peut fa\u00e7onner la formation \u00e0 ses sp\u00e9cificit\u00e9s et, du coup, r\u00e9soudre ses difficult\u00e9s de recrutement quand les candidats comp\u00e9tents manquent.<\/p>\n<p>Ce n&rsquo;est d&rsquo;ailleurs pas un hasard si les r\u00e9gions, qui sont responsables de la formation des demandeurs d&#8217;emploi, s&rsquo;y int\u00e9ressent, de m\u00eame que Jean-Marie Marx, le haut-commissaire aux Comp\u00e9tences.<\/p>\n<p>Il y a enfin un enjeu de dialogue social. La premi\u00e8re r\u00e9action des \u00e9lus syndicaux peut \u00eatre de suspecter des situations de production d\u00e9guis\u00e9es. Plus globalement, il s&rsquo;agit de changer de regard sur ce qu&rsquo;est une formation.<\/p>\n<p>Alain Ruello<\/p>\n","protected":false},"excerpt":{"rendered":"<p>Pour le pr\u00e9sident du Comit\u00e9 paritaire interprofessionnel national pour l&#8217;emploi et la formation (Copanef), la formation en situation de travail est une solution aux difficult\u00e9s de recrutement des PME. En quoi une formation en situation de travail est-elle diff\u00e9rente d&rsquo;une formation sur le tas\u00a0? La diff\u00e9rence tient \u00e0 la formalisation. Il s&rsquo;agit d&rsquo;une formation organis\u00e9e, [&hellip;]<\/p>\n","protected":false},"author":6,"featured_media":1474,"comment_status":"open","ping_status":"open","sticky":false,"template":"","format":"standard","meta":{"_mi_skip_tracking":false},"categories":[201],"yoast_head":"<!-- This site is optimized with the Yoast SEO plugin v16.1 - https:\/\/yoast.com\/wordpress\/plugins\/seo\/ -->\n<title>Philippe Debruyne\u00a0:\u00a0\u00ab\u00a0Il faut changer de regard sur ce qu&#039;est une formation\u00a0\u00bb - Mag des comp\u00e9tences - Comundi<\/title>\n<meta name=\"robots\" content=\"noindex, nofollow\" \/>\n<meta property=\"og:locale\" content=\"fr_FR\" \/>\n<meta property=\"og:type\" content=\"article\" \/>\n<meta property=\"og:title\" content=\"Philippe Debruyne\u00a0:\u00a0\u00ab\u00a0Il faut changer de regard sur ce qu&#039;est une formation\u00a0\u00bb - Mag des comp\u00e9tences - Comundi\" \/>\n<meta property=\"og:description\" content=\"Pour le pr\u00e9sident du Comit\u00e9 paritaire interprofessionnel national pour l&#8217;emploi et la formation (Copanef), la formation en situation de travail est une solution aux difficult\u00e9s de recrutement des PME. En quoi une formation en situation de travail est-elle diff\u00e9rente d&rsquo;une formation sur le tas\u00a0? La diff\u00e9rence tient \u00e0 la formalisation. Il s&rsquo;agit d&rsquo;une formation organis\u00e9e, [&hellip;]\" \/>\n<meta property=\"og:url\" content=\"https:\/\/www.comundi.fr\/mag-des-competences\/philippe-debruyne-il-faut-changer-de-regard-sur-ce-quest-une-formation\/\" \/>\n<meta property=\"og:site_name\" content=\"Mag des comp\u00e9tences - Comundi\" \/>\n<meta property=\"article:publisher\" content=\"https:\/\/www.facebook.com\/Comundi\/?fref=ts\" \/>\n<meta property=\"article:published_time\" content=\"2018-10-11T07:00:56+00:00\" \/>\n<meta property=\"article:modified_time\" content=\"2019-10-18T13:43:31+00:00\" \/>\n<meta property=\"og:image\" content=\"https:\/\/www.comundi.fr\/mag-des-competences\/wp-content\/uploads\/2018\/10\/Formation-professionelle-e1539009312342.jpeg\" \/>\n\t<meta property=\"og:image:width\" content=\"1000\" \/>\n\t<meta property=\"og:image:height\" content=\"667\" \/>\n<meta name=\"twitter:card\" content=\"summary_large_image\" \/>\n<meta name=\"twitter:creator\" content=\"@ComundiActu\" \/>\n<meta name=\"twitter:site\" content=\"@ComundiActu\" \/>\n<meta name=\"twitter:label1\" content=\"Dur\u00e9e de lecture est.\">\n\t<meta name=\"twitter:data1\" content=\"2 minutes\">\n<script type=\"application\/ld+json\" class=\"yoast-schema-graph\">{\"@context\":\"https:\/\/schema.org\",\"@graph\":[{\"@type\":\"Organization\",\"@id\":\"https:\/\/www.comundi.fr\/mag-des-competences\/#organization\",\"name\":\"Comundi\",\"url\":\"https:\/\/www.comundi.fr\/mag-des-competences\/\",\"sameAs\":[\"https:\/\/www.facebook.com\/Comundi\/?fref=ts\",\"https:\/\/www.linkedin.com\/company\/comundi\/\",\"https:\/\/www.youtube.com\/user\/ComundiFormations\",\"https:\/\/twitter.com\/ComundiActu\"],\"logo\":{\"@type\":\"ImageObject\",\"@id\":\"https:\/\/www.comundi.fr\/mag-des-competences\/#logo\",\"inLanguage\":\"fr-FR\",\"url\":\"https:\/\/www.comundi.fr\/mag-des-competences\/wp-content\/uploads\/2018\/01\/comundi.png\",\"contentUrl\":\"https:\/\/www.comundi.fr\/mag-des-competences\/wp-content\/uploads\/2018\/01\/comundi.png\",\"width\":300,\"height\":300,\"caption\":\"Comundi\"},\"image\":{\"@id\":\"https:\/\/www.comundi.fr\/mag-des-competences\/#logo\"}},{\"@type\":\"WebSite\",\"@id\":\"https:\/\/www.comundi.fr\/mag-des-competences\/#website\",\"url\":\"https:\/\/www.comundi.fr\/mag-des-competences\/\",\"name\":\"Mag des comp\\u00e9tences - Comundi\",\"description\":\"Le magazine des m\\u00e9tiers de demain\",\"publisher\":{\"@id\":\"https:\/\/www.comundi.fr\/mag-des-competences\/#organization\"},\"potentialAction\":[{\"@type\":\"SearchAction\",\"target\":\"https:\/\/www.comundi.fr\/mag-des-competences\/?s={search_term_string}\",\"query-input\":\"required name=search_term_string\"}],\"inLanguage\":\"fr-FR\"},{\"@type\":\"ImageObject\",\"@id\":\"https:\/\/www.comundi.fr\/mag-des-competences\/philippe-debruyne-il-faut-changer-de-regard-sur-ce-quest-une-formation\/#primaryimage\",\"inLanguage\":\"fr-FR\",\"url\":\"https:\/\/www.comundi.fr\/mag-des-competences\/wp-content\/uploads\/2018\/10\/Formation-professionelle-e1539009312342.jpeg\",\"contentUrl\":\"https:\/\/www.comundi.fr\/mag-des-competences\/wp-content\/uploads\/2018\/10\/Formation-professionelle-e1539009312342.jpeg\",\"width\":1000,\"height\":667,\"caption\":\"Formation_professionnelle\"},{\"@type\":\"WebPage\",\"@id\":\"https:\/\/www.comundi.fr\/mag-des-competences\/philippe-debruyne-il-faut-changer-de-regard-sur-ce-quest-une-formation\/#webpage\",\"url\":\"https:\/\/www.comundi.fr\/mag-des-competences\/philippe-debruyne-il-faut-changer-de-regard-sur-ce-quest-une-formation\/\",\"name\":\"Philippe Debruyne\\u00a0:\\u00a0\\u00ab\\u00a0Il faut changer de regard sur ce qu'est une formation\\u00a0\\u00bb - Mag des comp\\u00e9tences - Comundi\",\"isPartOf\":{\"@id\":\"https:\/\/www.comundi.fr\/mag-des-competences\/#website\"},\"primaryImageOfPage\":{\"@id\":\"https:\/\/www.comundi.fr\/mag-des-competences\/philippe-debruyne-il-faut-changer-de-regard-sur-ce-quest-une-formation\/#primaryimage\"},\"datePublished\":\"2018-10-11T07:00:56+00:00\",\"dateModified\":\"2019-10-18T13:43:31+00:00\",\"breadcrumb\":{\"@id\":\"https:\/\/www.comundi.fr\/mag-des-competences\/philippe-debruyne-il-faut-changer-de-regard-sur-ce-quest-une-formation\/#breadcrumb\"},\"inLanguage\":\"fr-FR\",\"potentialAction\":[{\"@type\":\"ReadAction\",\"target\":[\"https:\/\/www.comundi.fr\/mag-des-competences\/philippe-debruyne-il-faut-changer-de-regard-sur-ce-quest-une-formation\/\"]}]},{\"@type\":\"BreadcrumbList\",\"@id\":\"https:\/\/www.comundi.fr\/mag-des-competences\/philippe-debruyne-il-faut-changer-de-regard-sur-ce-quest-une-formation\/#breadcrumb\",\"itemListElement\":[{\"@type\":\"ListItem\",\"position\":1,\"item\":{\"@type\":\"WebPage\",\"@id\":\"https:\/\/www.comundi.fr\/mag-des-competences\/\",\"url\":\"https:\/\/www.comundi.fr\/mag-des-competences\/\",\"name\":\"Accueil\"}},{\"@type\":\"ListItem\",\"position\":2,\"item\":{\"@type\":\"WebPage\",\"@id\":\"https:\/\/www.comundi.fr\/mag-des-competences\/philippe-debruyne-il-faut-changer-de-regard-sur-ce-quest-une-formation\/\",\"url\":\"https:\/\/www.comundi.fr\/mag-des-competences\/philippe-debruyne-il-faut-changer-de-regard-sur-ce-quest-une-formation\/\",\"name\":\"Philippe Debruyne\\u00a0:\\u00a0\\u00ab\\u00a0Il faut changer de regard sur ce qu&rsquo;est une formation\\u00a0\\u00bb\"}}]},{\"@type\":\"Article\",\"@id\":\"https:\/\/www.comundi.fr\/mag-des-competences\/philippe-debruyne-il-faut-changer-de-regard-sur-ce-quest-une-formation\/#article\",\"isPartOf\":{\"@id\":\"https:\/\/www.comundi.fr\/mag-des-competences\/philippe-debruyne-il-faut-changer-de-regard-sur-ce-quest-une-formation\/#webpage\"},\"author\":{\"@id\":\"https:\/\/www.comundi.fr\/mag-des-competences\/#\/schema\/person\/96b8f219e4cddee126473c6fbcc0e089\"},\"headline\":\"Philippe Debruyne\\u00a0:\\u00a0\\u00ab\\u00a0Il faut changer de regard sur ce qu&rsquo;est une formation\\u00a0\\u00bb\",\"datePublished\":\"2018-10-11T07:00:56+00:00\",\"dateModified\":\"2019-10-18T13:43:31+00:00\",\"mainEntityOfPage\":{\"@id\":\"https:\/\/www.comundi.fr\/mag-des-competences\/philippe-debruyne-il-faut-changer-de-regard-sur-ce-quest-une-formation\/#webpage\"},\"commentCount\":0,\"publisher\":{\"@id\":\"https:\/\/www.comundi.fr\/mag-des-competences\/#organization\"},\"image\":{\"@id\":\"https:\/\/www.comundi.fr\/mag-des-competences\/philippe-debruyne-il-faut-changer-de-regard-sur-ce-quest-une-formation\/#primaryimage\"},\"articleSection\":\"Formation professionnelle\",\"inLanguage\":\"fr-FR\",\"potentialAction\":[{\"@type\":\"CommentAction\",\"name\":\"Comment\",\"target\":[\"https:\/\/www.comundi.fr\/mag-des-competences\/philippe-debruyne-il-faut-changer-de-regard-sur-ce-quest-une-formation\/#respond\"]}]},{\"@type\":\"Person\",\"@id\":\"https:\/\/www.comundi.fr\/mag-des-competences\/#\/schema\/person\/96b8f219e4cddee126473c6fbcc0e089\",\"name\":\"Les Echos\",\"image\":{\"@type\":\"ImageObject\",\"@id\":\"https:\/\/www.comundi.fr\/mag-des-competences\/#personlogo\",\"inLanguage\":\"fr-FR\",\"url\":\"https:\/\/secure.gravatar.com\/avatar\/041d1b3114ce5dce17eaefa721d4ed06?s=96&d=mm&r=g\",\"contentUrl\":\"https:\/\/secure.gravatar.com\/avatar\/041d1b3114ce5dce17eaefa721d4ed06?s=96&d=mm&r=g\",\"caption\":\"Les Echos\"}}]}<\/script>\n<!-- \/ Yoast SEO plugin. -->","amp_enabled":true,"_links":{"self":[{"href":"https:\/\/www.comundi.fr\/mag-des-competences\/wp-json\/wp\/v2\/posts\/1472"}],"collection":[{"href":"https:\/\/www.comundi.fr\/mag-des-competences\/wp-json\/wp\/v2\/posts"}],"about":[{"href":"https:\/\/www.comundi.fr\/mag-des-competences\/wp-json\/wp\/v2\/types\/post"}],"author":[{"embeddable":true,"href":"https:\/\/www.comundi.fr\/mag-des-competences\/wp-json\/wp\/v2\/users\/6"}],"replies":[{"embeddable":true,"href":"https:\/\/www.comundi.fr\/mag-des-competences\/wp-json\/wp\/v2\/comments?post=1472"}],"version-history":[{"count":3,"href":"https:\/\/www.comundi.fr\/mag-des-competences\/wp-json\/wp\/v2\/posts\/1472\/revisions"}],"predecessor-version":[{"id":3456,"href":"https:\/\/www.comundi.fr\/mag-des-competences\/wp-json\/wp\/v2\/posts\/1472\/revisions\/3456"}],"wp:featuredmedia":[{"embeddable":true,"href":"https:\/\/www.comundi.fr\/mag-des-competences\/wp-json\/wp\/v2\/media\/1474"}],"wp:attachment":[{"href":"https:\/\/www.comundi.fr\/mag-des-competences\/wp-json\/wp\/v2\/media?parent=1472"}],"wp:term":[{"taxonomy":"category","embeddable":true,"href":"https:\/\/www.comundi.fr\/mag-des-competences\/wp-json\/wp\/v2\/categories?post=1472"}],"curies":[{"name":"wp","href":"https:\/\/api.w.org\/{rel}","templated":true}]}}