{"id":14702,"date":"2025-12-11T08:50:00","date_gmt":"2025-12-11T07:50:00","guid":{"rendered":"https:\/\/www.comundi.fr\/mag-des-competences\/?p=14702"},"modified":"2025-12-11T14:00:54","modified_gmt":"2025-12-11T13:00:54","slug":"etre-strategique-sans-etre-manipulateur-les-5-postures-cles-du-sens-politique-professionnel","status":"publish","type":"post","link":"https:\/\/www.comundi.fr\/mag-des-competences\/etre-strategique-sans-etre-manipulateur-les-5-postures-cles-du-sens-politique-professionnel\/","title":{"rendered":"\u00catre strat\u00e9gique sans \u00eatre manipulateur : les 5 postures cl\u00e9s du sens politique professionnel"},"content":{"rendered":"\n<p>En constante mutation, le monde professionnel profite des innovations technologiques, mais subit des changements profonds. Les dirigeants d&rsquo;entreprise comme les managers doivent s&rsquo;y adapter pour tirer le meilleur des collaborateurs. Cela implique le d\u00e9veloppement de soft skills comme le <strong>sens politique<\/strong> qui vous permet de renforcer vos relations interpersonnelles dans l\u2019entreprise. <a href=\"http:\/\/www.comundi.fr\">Comundi <\/a>vous propose une formation de haut niveau pour acqu\u00e9rir cette comp\u00e9tence relationnelle essentielle.<\/p>\n\n\n\n<h2>Une soft skill strat\u00e9gique au service de la r\u00e9ussite professionnelle<\/h2>\n\n\n\n<p>Le <strong>sens politique<\/strong>, contrairement aux id\u00e9es re\u00e7ues qui l&rsquo;associent aux pratiques douteuses des politiciens, se r\u00e9f\u00e8re \u00e0 la capacit\u00e9 \u00e0 naviguer dans la dynamique humaine. \u00c0 travers les relations, tant formelles qu&rsquo;informelles, vous apprenez \u00e0 lire les int\u00e9r\u00eats et anticiper les enjeux pour faire accepter vos id\u00e9es et r\u00e9ussir vos projets. En entreprise, il s&rsquo;apparente donc \u00e0 de<a href=\"https:\/\/www.comundi.fr\/mag-des-competences\/developper-sa-capacite-relationnelle-au-travail-strategies-et-outils-pour-une-communication-efficace\/\"> <\/a><strong><a href=\"https:\/\/www.comundi.fr\/mag-des-competences\/developper-sa-capacite-relationnelle-au-travail-strategies-et-outils-pour-une-communication-efficace\/\">l&rsquo;intelligence relationnelle<\/a> pour influencer en ajustant vos strat\u00e9gies en fonction des situations<\/strong>. De ce fait, vous optimisez les chances de succ\u00e8s de vos projets \u00e0 chaque \u00e9tape.<\/p>\n\n\n\n<p>En entreprise, le <strong>sens politique <\/strong>est souvent mal interpr\u00e9t\u00e9 pour la raison qu&rsquo;il est li\u00e9 \u00e0 des connotations n\u00e9gatives. Les collaborateurs le per\u00e7oivent par exemple comme de l&rsquo;hypocrisie ou de la manipulation. Pourtant, en entreprise, cette soft skill rev\u00eat une importance primordiale <strong>pour mieux vous adapter et communiquer de mani\u00e8re strat\u00e9gique<\/strong>. Cette soft skill permet aux dirigeants et managers de prendre les bonnes d\u00e9cisions et mettre en place une collaboration efficace.<\/p>\n\n\n\n<h2>5 postures cl\u00e9s pour d\u00e9velopper son sens politique<\/h2>\n\n\n\n<h3>La clairvoyance : voir les dynamiques avant les autres<\/h3>\n\n\n\n<p>En mati\u00e8re de relationnel, <strong>la clairvoyance d\u00e9signe la capacit\u00e9 \u00e0 identifier les dynamiques dans un groupe de collaborateurs<\/strong>. La clairvoyance requiert un bon sens de l\u2019observation et la capacit\u00e9 de prendre du recul par rapport \u00e0 une situation donn\u00e9e. Elle joue un r\u00f4le crucial pour reconna\u00eetre les jeux de pouvoir et anticiper ainsi les enjeux. Dans un contexte professionnel, le <strong>sens politique<\/strong> vous permet de tisser implicitement des alliances pour faire accepter votre point de vue.<\/p>\n\n\n\n<h3>L\u2019\u00e9coute strat\u00e9gique : comprendre ce qui se dit\u2026 et ce qui ne se dit pas<\/h3>\n\n\n\n<p><strong>L&rsquo;\u00e9coute strat\u00e9gique vous apporte une meilleure compr\u00e9hension<\/strong> de tout ce qui se dit et de ce qui ne se dit pas. Elle allie l&rsquo;\u00e9coute active \u00e0 une bonne lecture des contraintes et des intentions de chacun. Elle occupe une place importante dans le cadre d&rsquo;une n\u00e9gociation ou d&rsquo;une r\u00e9union sensible. Par exemple, en situation de crise, vous comprenez mieux les sens implicites et explicites des mots, <a href=\"https:\/\/www.comundi.fr\/mag-des-competences\/quels-sont-les-4-piliers-de-la-cnv\/\">des silences et des expressions non verbales.<\/a><\/p>\n\n\n\n<h3>Le r\u00e9seau authentique : cr\u00e9er de vraies alliances, sans opportunisme<\/h3>\n\n\n\n<p><strong>Le r\u00e9seautage alli\u00e9 au sens politique dans les milieux professionnels renvoie \u00e0 la notion de cr\u00e9ation de vraies alliances<\/strong>, ce qui signifie absence d&rsquo;opportunisme et de manipulation. En d&rsquo;autres termes, le r\u00e9seau est consid\u00e9r\u00e9 comme un \u00e9cosyst\u00e8me humain pour <a href=\"https:\/\/www.comundi.fr\/mag-des-competences\/comment-bien-communiquer-dans-une-equipe\/\">favoriser une collaboration efficace<\/a> et simplifier la prise de d\u00e9cisions. \u00c0 titre d&rsquo;illustration, vous lancez une consultation informelle pour obtenir l&rsquo;adh\u00e9sion de tous \u00e0 une initiative. Outre la dynamique humaine, vous recourez \u00e0 une communication efficace.<\/p>\n\n\n\n<h3>L\u2019influence positive : orienter sans imposer<\/h3>\n\n\n\n<p><strong>L&rsquo;influence positive consiste \u00e0 mettre votre capacit\u00e9 \u00e0 influencer votre entourage au service du collectif<\/strong>. Elle se distingue ainsi des pratiques de manipulation courantes dans la vie politique. Par exemple, elle est d&rsquo;une grande utilit\u00e9 pour g\u00e9rer et r\u00e9soudre un conflit entre deux services au sein de votre entreprise. Elle utilise diverses techniques comme la recherche du win-win et le cadrage positif pour d\u00e9nouer les tensions.<\/p>\n\n\n\n<h3>L\u2019int\u00e9grit\u00e9 : la posture qui change tout<\/h3>\n\n\n\n<p><strong>La derni\u00e8re posture cl\u00e9 n&rsquo;est autre que l&rsquo;int\u00e9grit\u00e9. Elle repr\u00e9sente la base d&rsquo;une strat\u00e9gie pertinente et durable<\/strong>. Dans une crise de projet o\u00f9 l&rsquo;arbitrage est difficile, elle vous permet par exemple de<strong> <a href=\"https:\/\/www.comundi.fr\/mag-des-competences\/developper-son-charisme-et-sa-confiance-en-soi-par-le-theatre\/\">gagner la confiance<\/a> des parties prenantes <\/strong>en faisant preuve de transparence. Sans entrer dans les jeux de pouvoir et d&rsquo;alliance, vous vous impliquez en restant int\u00e8gre. Dans la vie professionnelle, l&rsquo;int\u00e9grit\u00e9 vous fait passer pour une personne de valeurs et de principes.<\/p>\n\n\n\n<h2>Comment d\u00e9velopper son sens politique au quotidien ?<\/h2>\n\n\n\n<p>Dans les environnements de travail, le <strong>sens politique<\/strong> est intrins\u00e8quement li\u00e9 \u00e0 l&rsquo;histoire et aux d\u00e9bats politiques. Son \u00e9volution au fil du temps est marqu\u00e9e par les mouvements et les diff\u00e9rentes id\u00e9ologies. Quant aux grandes figures politiques, ils en sont les vecteurs \u00e0 travers les doctrines et les d\u00e9bats. En entreprise, pour aiguiser votre sens politique au quotidien, il convient de vous former. La <strong><a href=\"https:\/\/www.comundi.fr\/formations\/formation-developper-son-sens-politique.html\">formation \u00ab D\u00e9velopper son sens politique \u00bb<\/a> <\/strong>de <strong>Comundi <\/strong>est reconnue pour sa qualit\u00e9 et sa pertinence. Vous affirmez vos choix et d\u00e9fendez vos id\u00e9es dans le respect de vos collaborateurs.<\/p>\n\n\n\n<p>Par ailleurs, plusieurs exercices pratiques et efficaces vous aident \u00e0 <strong>d\u00e9velopper votre sens politique<\/strong>. Par exemple, commencez par exercer votre sens de l&rsquo;observation lors des r\u00e9unions auxquelles vous assistez. Il s\u2019agit d\u2019identifier les dynamiques et les positions de chaque participant afin d\u2019adapter votre discours.<\/p>\n\n\n\n<p>Vous pouvez \u00e9galement prendre le temps d\u2019<strong>identifier l&rsquo;ensemble des acteurs cl\u00e9s<\/strong> pour \u00e9tablir une cartographie des int\u00e9r\u00eats. En analysant les positions de chacun et leur influence sur les autres, vous d\u00e9veloppez votre capacit\u00e9 \u00e0 interagir de mani\u00e8re strat\u00e9gique et efficace avec vos coll\u00e8gues.<\/p>\n\n\n\n<p>Enfin, vous pouvez analyser les d\u00e9cisions prises \u00e0 l&rsquo;issue de ces r\u00e9unions et apr\u00e8s vos prises de parole pour comprendre votre influence. Vous pourrez \u00e9valuer au fil du temps l\u2019\u00e9volution de votre sens politique et votre progression dans son utilisation.<\/p>\n\n\n\n<p><strong>Le sens politique est une comp\u00e9tence cl\u00e9 pour d\u00e9velopper une influence juste et durable en entreprise<\/strong>. Souvent assimil\u00e9 \u00e0 tort \u00e0 de la manipulation, le sens politique vous permet pourtant d&rsquo;avoir de la lucidit\u00e9 relationnelle. Vous acqu\u00e9rez la capacit\u00e9 d&rsquo;analyse des m\u00e9caniques du pouvoir et des jeux d&rsquo;influence. Vous adoptez les bonnes postures : la clairvoyance, l&rsquo;\u00e9coute strat\u00e9gique, le r\u00e9seau authentique, l&rsquo;influence positive et l&rsquo;int\u00e9grit\u00e9. Formez-vous d\u00e8s \u00e0 pr\u00e9sent pour un sens politique, \u00e9thique, strat\u00e9gique et assum\u00e9.<\/p>\n\n\n\n<div class=\"wp-block-media-text alignwide is-stacked-on-mobile is-vertically-aligned-top has-black-color has-text-color has-background\" style=\"background-color:#fff1de;grid-template-columns:30% auto\"><figure class=\"wp-block-media-text__media\"><img loading=\"lazy\" width=\"354\" height=\"289\" src=\"https:\/\/www.comundi.fr\/mag-des-competences\/wp-content\/uploads\/2025\/03\/icone-developpement-personnel.jpg\" alt=\"icone-developpement-personnel\" class=\"wp-image-13649 size-medium\" srcset=\"https:\/\/www.comundi.fr\/mag-des-competences\/wp-content\/uploads\/2025\/03\/icone-developpement-personnel.jpg 354w, https:\/\/www.comundi.fr\/mag-des-competences\/wp-content\/uploads\/2025\/03\/icone-developpement-personnel-300x245.jpg 300w\" sizes=\"(max-width: 354px) 100vw, 354px\" \/><\/figure><div class=\"wp-block-media-text__content\">\n<p><\/p>\n\n\n\n<p class=\"has-normal-font-size\">D\u00e9veloppez votre sens politique avec Comundi !<\/p>\n\n\n\n<div class=\"wp-block-buttons aligncenter\">\n<div class=\"wp-block-button\"><a class=\"wp-block-button__link has-white-color has-text-color has-background\" href=\"https:\/\/www.comundi.fr\/formations\/formation-developper-son-sens-politique.html\" style=\"background-color:#ffdfb0\" target=\"_blank\" rel=\"noreferrer noopener\">D\u00e9couvrez notre formation<\/a><\/div>\n<\/div>\n<\/div><\/div>\n","protected":false},"excerpt":{"rendered":"<p>En constante mutation, le monde professionnel profite des innovations technologiques, mais subit des changements profonds. Les dirigeants d&rsquo;entreprise comme les managers doivent s&rsquo;y adapter pour tirer le meilleur des collaborateurs. Cela implique le d\u00e9veloppement de soft skills comme le sens politique qui vous permet de renforcer vos relations interpersonnelles dans l\u2019entreprise. Comundi vous propose une [&hellip;]<\/p>\n","protected":false},"author":8,"featured_media":14716,"comment_status":"open","ping_status":"open","sticky":false,"template":"","format":"standard","meta":{"_mi_skip_tracking":false},"categories":[185],"yoast_head":"<!-- This site is optimized with the Yoast SEO plugin v16.1 - https:\/\/yoast.com\/wordpress\/plugins\/seo\/ -->\n<title>\u00catre strat\u00e9gique sans \u00eatre manipulateur : les 5 postures cl\u00e9s du sens politique professionnel - Mag des comp\u00e9tences - Comundi<\/title>\n<meta name=\"description\" content=\"D\u00e9couvrez comment d\u00e9velopper votre sens politique afin de renforcer vos relations interpersonnelles dans l\u2019entreprise.\" \/>\n<meta name=\"robots\" content=\"index, follow, max-snippet:-1, max-image-preview:large, max-video-preview:-1\" \/>\n<link rel=\"canonical\" href=\"https:\/\/www.comundi.fr\/mag-des-competences\/etre-strategique-sans-etre-manipulateur-les-5-postures-cles-du-sens-politique-professionnel\/\" \/>\n<meta property=\"og:locale\" content=\"fr_FR\" \/>\n<meta property=\"og:type\" content=\"article\" \/>\n<meta property=\"og:title\" content=\"\u00catre strat\u00e9gique sans \u00eatre manipulateur : les 5 postures cl\u00e9s du sens politique professionnel - Mag des comp\u00e9tences - Comundi\" \/>\n<meta property=\"og:description\" content=\"D\u00e9couvrez comment d\u00e9velopper votre sens politique afin de renforcer vos relations interpersonnelles dans l\u2019entreprise.\" \/>\n<meta property=\"og:url\" content=\"https:\/\/www.comundi.fr\/mag-des-competences\/etre-strategique-sans-etre-manipulateur-les-5-postures-cles-du-sens-politique-professionnel\/\" \/>\n<meta property=\"og:site_name\" content=\"Mag des comp\u00e9tences - Comundi\" \/>\n<meta property=\"article:publisher\" content=\"https:\/\/www.facebook.com\/Comundi\/?fref=ts\" \/>\n<meta property=\"article:published_time\" content=\"2025-12-11T07:50:00+00:00\" \/>\n<meta property=\"article:modified_time\" content=\"2025-12-11T13:00:54+00:00\" \/>\n<meta property=\"og:image\" content=\"https:\/\/www.comundi.fr\/mag-des-competences\/wp-content\/uploads\/2025\/12\/Etre-strategique-sans-etre-manipulateur.jpg\" \/>\n\t<meta property=\"og:image:width\" content=\"1200\" \/>\n\t<meta property=\"og:image:height\" content=\"675\" \/>\n<meta name=\"twitter:card\" content=\"summary_large_image\" \/>\n<meta name=\"twitter:creator\" content=\"@ComundiActu\" \/>\n<meta name=\"twitter:site\" content=\"@ComundiActu\" \/>\n<meta name=\"twitter:label1\" content=\"Dur\u00e9e de lecture est.\">\n\t<meta name=\"twitter:data1\" content=\"5 minutes\">\n<script type=\"application\/ld+json\" class=\"yoast-schema-graph\">{\"@context\":\"https:\/\/schema.org\",\"@graph\":[{\"@type\":\"Organization\",\"@id\":\"https:\/\/www.comundi.fr\/mag-des-competences\/#organization\",\"name\":\"Comundi\",\"url\":\"https:\/\/www.comundi.fr\/mag-des-competences\/\",\"sameAs\":[\"https:\/\/www.facebook.com\/Comundi\/?fref=ts\",\"https:\/\/www.linkedin.com\/company\/comundi\/\",\"https:\/\/www.youtube.com\/user\/ComundiFormations\",\"https:\/\/twitter.com\/ComundiActu\"],\"logo\":{\"@type\":\"ImageObject\",\"@id\":\"https:\/\/www.comundi.fr\/mag-des-competences\/#logo\",\"inLanguage\":\"fr-FR\",\"url\":\"https:\/\/www.comundi.fr\/mag-des-competences\/wp-content\/uploads\/2018\/01\/comundi.png\",\"contentUrl\":\"https:\/\/www.comundi.fr\/mag-des-competences\/wp-content\/uploads\/2018\/01\/comundi.png\",\"width\":300,\"height\":300,\"caption\":\"Comundi\"},\"image\":{\"@id\":\"https:\/\/www.comundi.fr\/mag-des-competences\/#logo\"}},{\"@type\":\"WebSite\",\"@id\":\"https:\/\/www.comundi.fr\/mag-des-competences\/#website\",\"url\":\"https:\/\/www.comundi.fr\/mag-des-competences\/\",\"name\":\"Mag des comp\\u00e9tences - Comundi\",\"description\":\"Le magazine des m\\u00e9tiers de demain\",\"publisher\":{\"@id\":\"https:\/\/www.comundi.fr\/mag-des-competences\/#organization\"},\"potentialAction\":[{\"@type\":\"SearchAction\",\"target\":\"https:\/\/www.comundi.fr\/mag-des-competences\/?s={search_term_string}\",\"query-input\":\"required name=search_term_string\"}],\"inLanguage\":\"fr-FR\"},{\"@type\":\"ImageObject\",\"@id\":\"https:\/\/www.comundi.fr\/mag-des-competences\/etre-strategique-sans-etre-manipulateur-les-5-postures-cles-du-sens-politique-professionnel\/#primaryimage\",\"inLanguage\":\"fr-FR\",\"url\":\"https:\/\/www.comundi.fr\/mag-des-competences\/wp-content\/uploads\/2025\/12\/Etre-strategique-sans-etre-manipulateur.jpg\",\"contentUrl\":\"https:\/\/www.comundi.fr\/mag-des-competences\/wp-content\/uploads\/2025\/12\/Etre-strategique-sans-etre-manipulateur.jpg\",\"width\":1200,\"height\":675,\"caption\":\"Etre strategique sans \\u00eatre manipulateur\"},{\"@type\":\"WebPage\",\"@id\":\"https:\/\/www.comundi.fr\/mag-des-competences\/etre-strategique-sans-etre-manipulateur-les-5-postures-cles-du-sens-politique-professionnel\/#webpage\",\"url\":\"https:\/\/www.comundi.fr\/mag-des-competences\/etre-strategique-sans-etre-manipulateur-les-5-postures-cles-du-sens-politique-professionnel\/\",\"name\":\"\\u00catre strat\\u00e9gique sans \\u00eatre manipulateur : les 5 postures cl\\u00e9s du sens politique professionnel - Mag des comp\\u00e9tences - Comundi\",\"isPartOf\":{\"@id\":\"https:\/\/www.comundi.fr\/mag-des-competences\/#website\"},\"primaryImageOfPage\":{\"@id\":\"https:\/\/www.comundi.fr\/mag-des-competences\/etre-strategique-sans-etre-manipulateur-les-5-postures-cles-du-sens-politique-professionnel\/#primaryimage\"},\"datePublished\":\"2025-12-11T07:50:00+00:00\",\"dateModified\":\"2025-12-11T13:00:54+00:00\",\"description\":\"D\\u00e9couvrez comment d\\u00e9velopper votre sens politique afin de renforcer vos relations interpersonnelles dans l\\u2019entreprise.\",\"breadcrumb\":{\"@id\":\"https:\/\/www.comundi.fr\/mag-des-competences\/etre-strategique-sans-etre-manipulateur-les-5-postures-cles-du-sens-politique-professionnel\/#breadcrumb\"},\"inLanguage\":\"fr-FR\",\"potentialAction\":[{\"@type\":\"ReadAction\",\"target\":[\"https:\/\/www.comundi.fr\/mag-des-competences\/etre-strategique-sans-etre-manipulateur-les-5-postures-cles-du-sens-politique-professionnel\/\"]}]},{\"@type\":\"BreadcrumbList\",\"@id\":\"https:\/\/www.comundi.fr\/mag-des-competences\/etre-strategique-sans-etre-manipulateur-les-5-postures-cles-du-sens-politique-professionnel\/#breadcrumb\",\"itemListElement\":[{\"@type\":\"ListItem\",\"position\":1,\"item\":{\"@type\":\"WebPage\",\"@id\":\"https:\/\/www.comundi.fr\/mag-des-competences\/\",\"url\":\"https:\/\/www.comundi.fr\/mag-des-competences\/\",\"name\":\"Accueil\"}},{\"@type\":\"ListItem\",\"position\":2,\"item\":{\"@type\":\"WebPage\",\"@id\":\"https:\/\/www.comundi.fr\/mag-des-competences\/etre-strategique-sans-etre-manipulateur-les-5-postures-cles-du-sens-politique-professionnel\/\",\"url\":\"https:\/\/www.comundi.fr\/mag-des-competences\/etre-strategique-sans-etre-manipulateur-les-5-postures-cles-du-sens-politique-professionnel\/\",\"name\":\"\\u00catre strat\\u00e9gique sans \\u00eatre manipulateur : les 5 postures cl\\u00e9s du sens politique professionnel\"}}]},{\"@type\":\"Article\",\"@id\":\"https:\/\/www.comundi.fr\/mag-des-competences\/etre-strategique-sans-etre-manipulateur-les-5-postures-cles-du-sens-politique-professionnel\/#article\",\"isPartOf\":{\"@id\":\"https:\/\/www.comundi.fr\/mag-des-competences\/etre-strategique-sans-etre-manipulateur-les-5-postures-cles-du-sens-politique-professionnel\/#webpage\"},\"author\":{\"@id\":\"https:\/\/www.comundi.fr\/mag-des-competences\/#\/schema\/person\/d08f5c2cf9de6fcfd33c30314745578e\"},\"headline\":\"\\u00catre strat\\u00e9gique sans \\u00eatre manipulateur : les 5 postures cl\\u00e9s du sens politique professionnel\",\"datePublished\":\"2025-12-11T07:50:00+00:00\",\"dateModified\":\"2025-12-11T13:00:54+00:00\",\"mainEntityOfPage\":{\"@id\":\"https:\/\/www.comundi.fr\/mag-des-competences\/etre-strategique-sans-etre-manipulateur-les-5-postures-cles-du-sens-politique-professionnel\/#webpage\"},\"commentCount\":0,\"publisher\":{\"@id\":\"https:\/\/www.comundi.fr\/mag-des-competences\/#organization\"},\"image\":{\"@id\":\"https:\/\/www.comundi.fr\/mag-des-competences\/etre-strategique-sans-etre-manipulateur-les-5-postures-cles-du-sens-politique-professionnel\/#primaryimage\"},\"articleSection\":\"D\\u00e9veloppement personnel\",\"inLanguage\":\"fr-FR\",\"potentialAction\":[{\"@type\":\"CommentAction\",\"name\":\"Comment\",\"target\":[\"https:\/\/www.comundi.fr\/mag-des-competences\/etre-strategique-sans-etre-manipulateur-les-5-postures-cles-du-sens-politique-professionnel\/#respond\"]}]},{\"@type\":\"Person\",\"@id\":\"https:\/\/www.comundi.fr\/mag-des-competences\/#\/schema\/person\/d08f5c2cf9de6fcfd33c30314745578e\",\"name\":\"Comundi\",\"image\":{\"@type\":\"ImageObject\",\"@id\":\"https:\/\/www.comundi.fr\/mag-des-competences\/#personlogo\",\"inLanguage\":\"fr-FR\",\"url\":\"https:\/\/secure.gravatar.com\/avatar\/da2835ae7b2c1279e8e897d242f4cda6?s=96&d=mm&r=g\",\"contentUrl\":\"https:\/\/secure.gravatar.com\/avatar\/da2835ae7b2c1279e8e897d242f4cda6?s=96&d=mm&r=g\",\"caption\":\"Comundi\"}}]}<\/script>\n<!-- \/ Yoast SEO plugin. -->","amp_enabled":true,"_links":{"self":[{"href":"https:\/\/www.comundi.fr\/mag-des-competences\/wp-json\/wp\/v2\/posts\/14702"}],"collection":[{"href":"https:\/\/www.comundi.fr\/mag-des-competences\/wp-json\/wp\/v2\/posts"}],"about":[{"href":"https:\/\/www.comundi.fr\/mag-des-competences\/wp-json\/wp\/v2\/types\/post"}],"author":[{"embeddable":true,"href":"https:\/\/www.comundi.fr\/mag-des-competences\/wp-json\/wp\/v2\/users\/8"}],"replies":[{"embeddable":true,"href":"https:\/\/www.comundi.fr\/mag-des-competences\/wp-json\/wp\/v2\/comments?post=14702"}],"version-history":[{"count":6,"href":"https:\/\/www.comundi.fr\/mag-des-competences\/wp-json\/wp\/v2\/posts\/14702\/revisions"}],"predecessor-version":[{"id":14715,"href":"https:\/\/www.comundi.fr\/mag-des-competences\/wp-json\/wp\/v2\/posts\/14702\/revisions\/14715"}],"wp:featuredmedia":[{"embeddable":true,"href":"https:\/\/www.comundi.fr\/mag-des-competences\/wp-json\/wp\/v2\/media\/14716"}],"wp:attachment":[{"href":"https:\/\/www.comundi.fr\/mag-des-competences\/wp-json\/wp\/v2\/media?parent=14702"}],"wp:term":[{"taxonomy":"category","embeddable":true,"href":"https:\/\/www.comundi.fr\/mag-des-competences\/wp-json\/wp\/v2\/categories?post=14702"}],"curies":[{"name":"wp","href":"https:\/\/api.w.org\/{rel}","templated":true}]}}