{"id":14687,"date":"2025-12-04T08:50:00","date_gmt":"2025-12-04T07:50:00","guid":{"rendered":"https:\/\/www.comundi.fr\/mag-des-competences\/?p=14687"},"modified":"2025-12-10T18:41:58","modified_gmt":"2025-12-10T17:41:58","slug":"quand-vos-emotions-dirigent-votre-equipe-5-signes-que-vous-devez-reprendre-la-main","status":"publish","type":"post","link":"https:\/\/www.comundi.fr\/mag-des-competences\/quand-vos-emotions-dirigent-votre-equipe-5-signes-que-vous-devez-reprendre-la-main\/","title":{"rendered":"Quand vos \u00e9motions dirigent votre \u00e9quipe : 5 signes que vous devez reprendre la main"},"content":{"rendered":"\n<p>La posture de leader a beau \u00eatre enrichissante, elle s\u2019accompagne d\u2019obligations multiples et de longues p\u00e9riodes de stress. Quelle que soit la taille de votre \u00e9quipe, vous devez pouvoir la g\u00e9rer avec objectivit\u00e9 tout en supprimant les r\u00e9flexes \u00e9motionnels. En effet, un management \u00e9motionnel peut avoir des cons\u00e9quences profondes sur la coh\u00e9sion du groupe et affecter la productivit\u00e9 des collaborateurs. <\/p>\n\n\n\n<p>Quelles sont les cons\u00e9quences d\u2019un management \u00e9motionnel&nbsp;? Comment associer <strong>gestion des \u00e9motions et management<\/strong> efficace ?<\/p>\n\n\n\n<h2>Qu&rsquo;est-ce que le management \u00e9motionnel ?<\/h2>\n\n\n\n<p>Le management \u00e9motionnel d\u00e9signe un mode de fonctionnement dans lequel <strong>les \u00e9motions prennent le dessus et <a href=\"https:\/\/www.comundi.fr\/mag-des-competences\/quelle-place-emotions-dans-lentreprise\/\">influencent la mani\u00e8re de diriger du chef d\u2019\u00e9quipe<\/a><\/strong>. Pour pouvoir g\u00e9rer efficacement vos \u00e9motions, il est important de savoir d\u00e9celer les indices d\u2019un management \u00e9motionnel en milieu professionnel.<\/p>\n\n\n\n<h3>Des tensions au sein de l\u2019\u00e9quipe<\/h3>\n\n\n\n<p>Si vos <a href=\"https:\/\/www.comundi.fr\/mag-des-competences\/developper-sa-capacite-relationnelle-au-travail-strategies-et-outils-pour-une-communication-efficace\/\">relations professionnelles <\/a>sont marqu\u00e9es par une tension permanente, il y a peut-\u00eatre lieu de s\u2019interroger sur vos m\u00e9thodes de gestion. Des r\u00e9actions conscientes ou non peuvent g\u00e9n\u00e9rer de l\u2019anxi\u00e9t\u00e9 chez les collaborateurs. Il s\u2019agit, par exemple, des sautes d\u2019humeur, des changements fr\u00e9quents de d\u00e9cision ou des attitudes de favoritisme, autant de facteurs qui entretiennent la tension au sein du groupe.<\/p>\n\n\n\n<h3>Un micro-management exacerb\u00e9<\/h3>\n\n\n\n<p>Vous ressentez le besoin de contr\u00f4ler chaque d\u00e9tail ou d\u2019intervenir dans toutes les d\u00e9cisions li\u00e9es au travail de vos collaborateurs ? Cela peut traduire une anxi\u00e9t\u00e9 manag\u00e9riale avec un besoin \u00e9motionnel de contr\u00f4le. Le risque r\u00e9side dans le fait que vos partenaires se sentiraient infantilis\u00e9s et cesseraient alors d\u2019\u00eatre autonomes ou cr\u00e9atifs. D\u2019autre part, v<strong>ous risquez l\u2019\u00e9puisement en refusant d\u2019opter pour une d\u00e9l\u00e9gation saine et efficace de certaines t\u00e2ches.<\/strong><\/p>\n\n\n\n<h3>L\u2019impatience envers les collaborateurs<\/h3>\n\n\n\n<p>Mal g\u00e9r\u00e9e, l\u2019impatience se traduit souvent par des remarques brusques et une tendance \u00e0 presser ou \u00e0 couper la parole \u00e0 son interlocuteur. Le sentiment d\u2019impatience du leader est parfois le reflet de son stress ou de ses <strong>frustrations. Ces \u00e9motions sont normales et il est donc important de d\u00e9velopper sa conscience \u00e9motionnelle en identifiant ses propres signaux d\u2019alerte.<\/strong><\/p>\n\n\n\n<h3>Une communication biais\u00e9e<\/h3>\n\n\n\n<p><strong>La communication \u00e9motionnelle<\/strong> se traduit autant par des paroles blessantes ou des critiques abruptes que par un manque d\u2019\u00e9coute. \u00c0 travers un programme de gestion des \u00e9motions, vous pouvez apprendre \u00e0 d\u00e9velopper votre sens de l\u2019\u00e9coute, ainsi que votre sensibilit\u00e9 au non verbal. Vous pouvez aussi vous entra\u00eener \u00e0 <a href=\"https:\/\/www.comundi.fr\/mag-des-competences\/comment-gerer-les-relations-interpersonnelles-au-travail-grace-a-la-mediation\/\">la m\u00e9diation <\/a>en d\u00e9couvrant quelques techniques de coop\u00e9ration et de n\u00e9gociation utiles en milieu professionnel.<\/p>\n\n\n\n<h3>Des r\u00e9actions impulsives<\/h3>\n\n\n\n<p><strong>Les r\u00e9actions impulsives fragilisent la confiance et la stabilit\u00e9 de l\u2019\u00e9quipe<\/strong>. Elles se traduisent par exemple, par une prise de d\u00e9cision qui ne prend pas en compte tous les param\u00e8tres ou encore, par un changement brusque d\u2019orientation. En tant que leader, il est important de rester authentique et fid\u00e8le \u00e0 soi et d\u2019apprendre \u00e0 ne pas se laisser d\u00e9border.<\/p>\n\n\n\n<p>Si vous remarquez ces indices dans votre \u00e9quipe, <a href=\"https:\/\/www.comundi.fr\/formations\/formation-rester-maitre-de-ses-emotions.html\">vous pouvez investir dans une<strong> formation professionnelle afin d\u2019acqu\u00e9rir les techniques permettant ma\u00eetriser vos \u00e9motions.<\/strong><\/a><\/p>\n\n\n\n<h2>Pourquoi un manager doit savoir g\u00e9rer ses \u00e9motions ?<\/h2>\n\n\n\n<p>Les \u00e9motions affectent aussi bien nos comportements que nos humeurs ou nos rapports avec autrui. Heureusement, il est possible de les r\u00e9guler pour \u00e9viter qu\u2019elles prennent le dessus sur notre personnalit\u00e9. <strong><a href=\"https:\/\/www.comundi.fr\/mag-des-competences\/intelligence-emotionnelle-quelle-est-son-utilite-en-entreprise\/\">La ma\u00eetrise \u00e9motionnelle fait ainsi partie des principaux objectifs des formations li\u00e9es \u00e0 la gestion des \u00e9motions en milieu professionnel<\/a><\/strong>.<br><br>L\u2019int\u00e9r\u00eat est double : dans un premier temps, le manager doit associer <strong>gestion des \u00e9motions et management<\/strong> pour pouvoir prendre de meilleures d\u00e9cisions. Il faut noter que lorsque les \u00e9motions prennent le dessus, le jugement est alors biais\u00e9. Or, en milieu professionnel ou technique, la plus grande objectivit\u00e9 est primordiale, surtout face \u00e0 une situation complexe. <strong>En gardant le contr\u00f4le sur ses \u00e9motions, le leader pr\u00e9vient aussi le conflit, puisqu\u2019il comprend son propre stress et celui de ses collaborateurs<\/strong>. Il est donc \u00e0 l\u2019\u00e9coute et peut mieux r\u00e9soudre les situations conflictuelles. De fa\u00e7on g\u00e9n\u00e9rale,<strong> la ma\u00eetrise \u00e9motionnelle<\/strong> permet de :<\/p>\n\n\n\n<ul><li>renforcer la <strong>confiance en soi <\/strong>;<\/li><li>maintenir un <strong>climat apais\u00e9<\/strong> ;<\/li><li>mieux <strong>r\u00e9guler la pression<\/strong> ;<\/li><li>comprendre et <strong>g\u00e9rer les personnalit\u00e9s<\/strong> difficiles ;<\/li><li>maintenir la <strong>motivation et la productivit\u00e9<\/strong> ;<\/li><li><strong>\u00e9viter les manipulations<\/strong> et sortir des jeux de pouvoir.<\/li><\/ul>\n\n\n\n<h2>Quelles sont les cons\u00e9quences d&rsquo;une mauvaise gestion des \u00e9motions par le manager sur son \u00e9quipe ?<\/h2>\n\n\n\n<p>Un management \u00e9motionnel peut provoquer un sentiment de d\u00e9valorisation ou d\u2019incompr\u00e9hension chez les collaborateurs. Les principales cons\u00e9quences sont par exemple :<\/p>\n\n\n\n<ul><li>un manque de confiance envers le manager et entre les collaborateurs ;<\/li><li>une communication malsaine, avec une hausse des malentendus ;<\/li><li>une d\u00e9motivation et une baisse g\u00e9n\u00e9rale de la productivit\u00e9 ;<\/li><li>un sentiment d\u2019ins\u00e9curit\u00e9 psychologique marqu\u00e9 par le repli, l\u2019auto-censure ou l\u2019\u00e9vitement.<\/li><\/ul>\n\n\n\n<h2>Comment concilier gestion des \u00e9motions et management ?<\/h2>\n\n\n\n<p>En tant que manager, vous gagneriez \u00e0 d\u00e9velopper une excellente ma\u00eetrise \u00e9motionnelle. Il vous revient d<strong><a href=\"https:\/\/www.comundi.fr\/mag-des-competences\/verbaliser-emotions-clef-maitrise-soi\/\">\u2019apprendre \u00e0 vous affirmer en situation professionnelle<\/a><\/strong>, tout en pr\u00e9servant vos rapports avec vos collaborateurs. Voici trois techniques utiles pour ma\u00eetriser ses \u00e9motions au travail :<\/p>\n\n\n\n<ul><li><strong>l\u2019auto-observation <\/strong>\u00e0 travers une prise de conscience de soi et de son ressenti ;<\/li><li><strong>la respiration consciente<\/strong> pour rester authentique sans se laisser d\u00e9border ;<\/li><li><strong>une communication apais\u00e9e <\/strong>pour harmoniser les rapports et pouvoir d\u00e9samorcer les conflits.<\/li><\/ul>\n\n\n\n<p>Acqu\u00e9rir des techniques de gestion des \u00e9motions est crucial pour <strong>am\u00e9liorer le management <\/strong>et ne pas laisser vos \u00e9motions influencer vos d\u00e9cisions professionnelles.<\/p>\n\n\n\n<h3>Utiliser son intelligence \u00e9motionnelle pour mieux manager<\/h3>\n\n\n\n<p>De plus en plus, <strong>la gestion des \u00e9motions est au service du management<\/strong>. En effet, une bonne ma\u00eetrise de soi contribue \u00e0 d\u00e9cupler la performance, tout en pr\u00e9servant de saines relations au sein de l\u2019\u00e9quipe. Que vous soyez dans une posture dirigeante ou non, <strong>l\u2019intelligence \u00e9motionnelle se d\u00e9finit comme la capacit\u00e9 \u00e0 percevoir, comprendre, g\u00e9rer et exprimer ses \u00e9motions. <\/strong>Elle permet de mieux se conna\u00eetre mais aussi de d\u00e9coder la personnalit\u00e9 de ses interlocuteurs afin de pouvoir anticiper leurs r\u00e9actions. L\u2019intelligence \u00e9motionnelle est aussi utile pour canaliser les \u00e9motions et r\u00e9guler son propre stress pour \u00e9viter de le transmettre.<br><br>Mal r\u00e9gul\u00e9es, les \u00e9motions affectent le climat de travail et compromettent la performance collective. En conciliant <strong>gestion des \u00e9motions et management<\/strong>,<strong> le leader apprend \u00e0 reconna\u00eetre et \u00e0 ma\u00eetriser ses propres \u00e9motions.<\/strong> Il peut ensuite accueillir celles de son \u00e9quipe et ainsi pr\u00e9server un environnement sain et propice \u00e0 la collaboration.<\/p>\n\n\n\n<div class=\"wp-block-media-text alignwide is-stacked-on-mobile is-vertically-aligned-top has-black-color has-text-color has-background\" style=\"background-color:#fff1de;grid-template-columns:30% auto\"><figure class=\"wp-block-media-text__media\"><img loading=\"lazy\" width=\"354\" height=\"289\" src=\"https:\/\/www.comundi.fr\/mag-des-competences\/wp-content\/uploads\/2025\/03\/icone-developpement-personnel.jpg\" alt=\"icone-developpement-personnel\" class=\"wp-image-13649 size-medium\" srcset=\"https:\/\/www.comundi.fr\/mag-des-competences\/wp-content\/uploads\/2025\/03\/icone-developpement-personnel.jpg 354w, https:\/\/www.comundi.fr\/mag-des-competences\/wp-content\/uploads\/2025\/03\/icone-developpement-personnel-300x245.jpg 300w\" sizes=\"(max-width: 354px) 100vw, 354px\" \/><\/figure><div class=\"wp-block-media-text__content\">\n<p><\/p>\n\n\n\n<p class=\"has-normal-font-size\">Apprenez \u00e0 g\u00e9rer vos \u00e9motions !<\/p>\n\n\n\n<div class=\"wp-block-buttons aligncenter\">\n<div class=\"wp-block-button\"><a class=\"wp-block-button__link has-white-color has-text-color has-background\" href=\"https:\/\/www.comundi.fr\/formations\/formation-rester-maitre-de-ses-emotions.html\" style=\"background-color:#ffdfb0\" target=\"_blank\" rel=\"noreferrer noopener\">Formez-vous<\/a><\/div>\n<\/div>\n<\/div><\/div>\n","protected":false},"excerpt":{"rendered":"<p>La posture de leader a beau \u00eatre enrichissante, elle s\u2019accompagne d\u2019obligations multiples et de longues p\u00e9riodes de stress. Quelle que soit la taille de votre \u00e9quipe, vous devez pouvoir la g\u00e9rer avec objectivit\u00e9 tout en supprimant les r\u00e9flexes \u00e9motionnels. En effet, un management \u00e9motionnel peut avoir des cons\u00e9quences profondes sur la coh\u00e9sion du groupe et [&hellip;]<\/p>\n","protected":false},"author":8,"featured_media":13420,"comment_status":"open","ping_status":"open","sticky":false,"template":"","format":"standard","meta":{"_mi_skip_tracking":false},"categories":[185,184],"yoast_head":"<!-- This site is optimized with the Yoast SEO plugin v16.1 - https:\/\/yoast.com\/wordpress\/plugins\/seo\/ -->\n<title>Quand vos \u00e9motions dirigent votre \u00e9quipe : 5 signes que vous devez reprendre la main - Mag des comp\u00e9tences - Comundi<\/title>\n<meta name=\"description\" content=\"Votre management d\u00e9pend souvent de votre capacit\u00e9 \u00e0 ma\u00eetriser vos \u00e9motions. D\u00e9couvrez comment g\u00e9rer vos \u00e9motions pour un management efficace.\" \/>\n<meta name=\"robots\" content=\"index, follow, max-snippet:-1, max-image-preview:large, max-video-preview:-1\" \/>\n<link rel=\"canonical\" href=\"https:\/\/www.comundi.fr\/mag-des-competences\/quand-vos-emotions-dirigent-votre-equipe-5-signes-que-vous-devez-reprendre-la-main\/\" \/>\n<meta property=\"og:locale\" content=\"fr_FR\" \/>\n<meta property=\"og:type\" content=\"article\" \/>\n<meta property=\"og:title\" content=\"Quand vos \u00e9motions dirigent votre \u00e9quipe : 5 signes que vous devez reprendre la main - Mag des comp\u00e9tences - Comundi\" \/>\n<meta property=\"og:description\" content=\"Votre management d\u00e9pend souvent de votre capacit\u00e9 \u00e0 ma\u00eetriser vos \u00e9motions. D\u00e9couvrez comment g\u00e9rer vos \u00e9motions pour un management efficace.\" \/>\n<meta property=\"og:url\" content=\"https:\/\/www.comundi.fr\/mag-des-competences\/quand-vos-emotions-dirigent-votre-equipe-5-signes-que-vous-devez-reprendre-la-main\/\" \/>\n<meta property=\"og:site_name\" content=\"Mag des comp\u00e9tences - Comundi\" \/>\n<meta property=\"article:publisher\" content=\"https:\/\/www.facebook.com\/Comundi\/?fref=ts\" \/>\n<meta property=\"article:published_time\" content=\"2025-12-04T07:50:00+00:00\" \/>\n<meta property=\"article:modified_time\" content=\"2025-12-10T17:41:58+00:00\" \/>\n<meta property=\"og:image\" content=\"https:\/\/www.comundi.fr\/mag-des-competences\/wp-content\/uploads\/2025\/02\/les-grands-piliers-du-management.jpg\" \/>\n\t<meta property=\"og:image:width\" content=\"1200\" \/>\n\t<meta property=\"og:image:height\" content=\"675\" \/>\n<meta name=\"twitter:card\" content=\"summary_large_image\" \/>\n<meta name=\"twitter:creator\" content=\"@ComundiActu\" \/>\n<meta name=\"twitter:site\" content=\"@ComundiActu\" \/>\n<meta name=\"twitter:label1\" content=\"Dur\u00e9e de lecture est.\">\n\t<meta name=\"twitter:data1\" content=\"5 minutes\">\n<script type=\"application\/ld+json\" class=\"yoast-schema-graph\">{\"@context\":\"https:\/\/schema.org\",\"@graph\":[{\"@type\":\"Organization\",\"@id\":\"https:\/\/www.comundi.fr\/mag-des-competences\/#organization\",\"name\":\"Comundi\",\"url\":\"https:\/\/www.comundi.fr\/mag-des-competences\/\",\"sameAs\":[\"https:\/\/www.facebook.com\/Comundi\/?fref=ts\",\"https:\/\/www.linkedin.com\/company\/comundi\/\",\"https:\/\/www.youtube.com\/user\/ComundiFormations\",\"https:\/\/twitter.com\/ComundiActu\"],\"logo\":{\"@type\":\"ImageObject\",\"@id\":\"https:\/\/www.comundi.fr\/mag-des-competences\/#logo\",\"inLanguage\":\"fr-FR\",\"url\":\"https:\/\/www.comundi.fr\/mag-des-competences\/wp-content\/uploads\/2018\/01\/comundi.png\",\"contentUrl\":\"https:\/\/www.comundi.fr\/mag-des-competences\/wp-content\/uploads\/2018\/01\/comundi.png\",\"width\":300,\"height\":300,\"caption\":\"Comundi\"},\"image\":{\"@id\":\"https:\/\/www.comundi.fr\/mag-des-competences\/#logo\"}},{\"@type\":\"WebSite\",\"@id\":\"https:\/\/www.comundi.fr\/mag-des-competences\/#website\",\"url\":\"https:\/\/www.comundi.fr\/mag-des-competences\/\",\"name\":\"Mag des comp\\u00e9tences - Comundi\",\"description\":\"Le magazine des m\\u00e9tiers de demain\",\"publisher\":{\"@id\":\"https:\/\/www.comundi.fr\/mag-des-competences\/#organization\"},\"potentialAction\":[{\"@type\":\"SearchAction\",\"target\":\"https:\/\/www.comundi.fr\/mag-des-competences\/?s={search_term_string}\",\"query-input\":\"required name=search_term_string\"}],\"inLanguage\":\"fr-FR\"},{\"@type\":\"ImageObject\",\"@id\":\"https:\/\/www.comundi.fr\/mag-des-competences\/quand-vos-emotions-dirigent-votre-equipe-5-signes-que-vous-devez-reprendre-la-main\/#primaryimage\",\"inLanguage\":\"fr-FR\",\"url\":\"https:\/\/www.comundi.fr\/mag-des-competences\/wp-content\/uploads\/2025\/02\/les-grands-piliers-du-management.jpg\",\"contentUrl\":\"https:\/\/www.comundi.fr\/mag-des-competences\/wp-content\/uploads\/2025\/02\/les-grands-piliers-du-management.jpg\",\"width\":1200,\"height\":675,\"caption\":\"Management\"},{\"@type\":\"WebPage\",\"@id\":\"https:\/\/www.comundi.fr\/mag-des-competences\/quand-vos-emotions-dirigent-votre-equipe-5-signes-que-vous-devez-reprendre-la-main\/#webpage\",\"url\":\"https:\/\/www.comundi.fr\/mag-des-competences\/quand-vos-emotions-dirigent-votre-equipe-5-signes-que-vous-devez-reprendre-la-main\/\",\"name\":\"Quand vos \\u00e9motions dirigent votre \\u00e9quipe : 5 signes que vous devez reprendre la main - Mag des comp\\u00e9tences - Comundi\",\"isPartOf\":{\"@id\":\"https:\/\/www.comundi.fr\/mag-des-competences\/#website\"},\"primaryImageOfPage\":{\"@id\":\"https:\/\/www.comundi.fr\/mag-des-competences\/quand-vos-emotions-dirigent-votre-equipe-5-signes-que-vous-devez-reprendre-la-main\/#primaryimage\"},\"datePublished\":\"2025-12-04T07:50:00+00:00\",\"dateModified\":\"2025-12-10T17:41:58+00:00\",\"description\":\"Votre management d\\u00e9pend souvent de votre capacit\\u00e9 \\u00e0 ma\\u00eetriser vos \\u00e9motions. D\\u00e9couvrez comment g\\u00e9rer vos \\u00e9motions pour un management efficace.\",\"breadcrumb\":{\"@id\":\"https:\/\/www.comundi.fr\/mag-des-competences\/quand-vos-emotions-dirigent-votre-equipe-5-signes-que-vous-devez-reprendre-la-main\/#breadcrumb\"},\"inLanguage\":\"fr-FR\",\"potentialAction\":[{\"@type\":\"ReadAction\",\"target\":[\"https:\/\/www.comundi.fr\/mag-des-competences\/quand-vos-emotions-dirigent-votre-equipe-5-signes-que-vous-devez-reprendre-la-main\/\"]}]},{\"@type\":\"BreadcrumbList\",\"@id\":\"https:\/\/www.comundi.fr\/mag-des-competences\/quand-vos-emotions-dirigent-votre-equipe-5-signes-que-vous-devez-reprendre-la-main\/#breadcrumb\",\"itemListElement\":[{\"@type\":\"ListItem\",\"position\":1,\"item\":{\"@type\":\"WebPage\",\"@id\":\"https:\/\/www.comundi.fr\/mag-des-competences\/\",\"url\":\"https:\/\/www.comundi.fr\/mag-des-competences\/\",\"name\":\"Accueil\"}},{\"@type\":\"ListItem\",\"position\":2,\"item\":{\"@type\":\"WebPage\",\"@id\":\"https:\/\/www.comundi.fr\/mag-des-competences\/quand-vos-emotions-dirigent-votre-equipe-5-signes-que-vous-devez-reprendre-la-main\/\",\"url\":\"https:\/\/www.comundi.fr\/mag-des-competences\/quand-vos-emotions-dirigent-votre-equipe-5-signes-que-vous-devez-reprendre-la-main\/\",\"name\":\"Quand vos \\u00e9motions dirigent votre \\u00e9quipe : 5 signes que vous devez reprendre la main\"}}]},{\"@type\":\"Article\",\"@id\":\"https:\/\/www.comundi.fr\/mag-des-competences\/quand-vos-emotions-dirigent-votre-equipe-5-signes-que-vous-devez-reprendre-la-main\/#article\",\"isPartOf\":{\"@id\":\"https:\/\/www.comundi.fr\/mag-des-competences\/quand-vos-emotions-dirigent-votre-equipe-5-signes-que-vous-devez-reprendre-la-main\/#webpage\"},\"author\":{\"@id\":\"https:\/\/www.comundi.fr\/mag-des-competences\/#\/schema\/person\/d08f5c2cf9de6fcfd33c30314745578e\"},\"headline\":\"Quand vos \\u00e9motions dirigent votre \\u00e9quipe : 5 signes que vous devez reprendre la main\",\"datePublished\":\"2025-12-04T07:50:00+00:00\",\"dateModified\":\"2025-12-10T17:41:58+00:00\",\"mainEntityOfPage\":{\"@id\":\"https:\/\/www.comundi.fr\/mag-des-competences\/quand-vos-emotions-dirigent-votre-equipe-5-signes-que-vous-devez-reprendre-la-main\/#webpage\"},\"commentCount\":0,\"publisher\":{\"@id\":\"https:\/\/www.comundi.fr\/mag-des-competences\/#organization\"},\"image\":{\"@id\":\"https:\/\/www.comundi.fr\/mag-des-competences\/quand-vos-emotions-dirigent-votre-equipe-5-signes-que-vous-devez-reprendre-la-main\/#primaryimage\"},\"articleSection\":\"D\\u00e9veloppement personnel,management\",\"inLanguage\":\"fr-FR\",\"potentialAction\":[{\"@type\":\"CommentAction\",\"name\":\"Comment\",\"target\":[\"https:\/\/www.comundi.fr\/mag-des-competences\/quand-vos-emotions-dirigent-votre-equipe-5-signes-que-vous-devez-reprendre-la-main\/#respond\"]}]},{\"@type\":\"Person\",\"@id\":\"https:\/\/www.comundi.fr\/mag-des-competences\/#\/schema\/person\/d08f5c2cf9de6fcfd33c30314745578e\",\"name\":\"Comundi\",\"image\":{\"@type\":\"ImageObject\",\"@id\":\"https:\/\/www.comundi.fr\/mag-des-competences\/#personlogo\",\"inLanguage\":\"fr-FR\",\"url\":\"https:\/\/secure.gravatar.com\/avatar\/da2835ae7b2c1279e8e897d242f4cda6?s=96&d=mm&r=g\",\"contentUrl\":\"https:\/\/secure.gravatar.com\/avatar\/da2835ae7b2c1279e8e897d242f4cda6?s=96&d=mm&r=g\",\"caption\":\"Comundi\"}}]}<\/script>\n<!-- \/ Yoast SEO plugin. -->","amp_enabled":true,"_links":{"self":[{"href":"https:\/\/www.comundi.fr\/mag-des-competences\/wp-json\/wp\/v2\/posts\/14687"}],"collection":[{"href":"https:\/\/www.comundi.fr\/mag-des-competences\/wp-json\/wp\/v2\/posts"}],"about":[{"href":"https:\/\/www.comundi.fr\/mag-des-competences\/wp-json\/wp\/v2\/types\/post"}],"author":[{"embeddable":true,"href":"https:\/\/www.comundi.fr\/mag-des-competences\/wp-json\/wp\/v2\/users\/8"}],"replies":[{"embeddable":true,"href":"https:\/\/www.comundi.fr\/mag-des-competences\/wp-json\/wp\/v2\/comments?post=14687"}],"version-history":[{"count":3,"href":"https:\/\/www.comundi.fr\/mag-des-competences\/wp-json\/wp\/v2\/posts\/14687\/revisions"}],"predecessor-version":[{"id":14713,"href":"https:\/\/www.comundi.fr\/mag-des-competences\/wp-json\/wp\/v2\/posts\/14687\/revisions\/14713"}],"wp:featuredmedia":[{"embeddable":true,"href":"https:\/\/www.comundi.fr\/mag-des-competences\/wp-json\/wp\/v2\/media\/13420"}],"wp:attachment":[{"href":"https:\/\/www.comundi.fr\/mag-des-competences\/wp-json\/wp\/v2\/media?parent=14687"}],"wp:term":[{"taxonomy":"category","embeddable":true,"href":"https:\/\/www.comundi.fr\/mag-des-competences\/wp-json\/wp\/v2\/categories?post=14687"}],"curies":[{"name":"wp","href":"https:\/\/api.w.org\/{rel}","templated":true}]}}