{"id":14681,"date":"2025-12-02T08:50:00","date_gmt":"2025-12-02T07:50:00","guid":{"rendered":"https:\/\/www.comundi.fr\/mag-des-competences\/?p=14681"},"modified":"2025-12-01T21:50:13","modified_gmt":"2025-12-01T20:50:13","slug":"quiet-loving-et-si-les-salaries-aimaient-secretement-leur-entreprise","status":"publish","type":"post","link":"https:\/\/www.comundi.fr\/mag-des-competences\/quiet-loving-et-si-les-salaries-aimaient-secretement-leur-entreprise\/","title":{"rendered":"\u00ab Quiet loving \u00bb : et si les salari\u00e9s aimaient secr\u00e8tement leur entreprise ?"},"content":{"rendered":"\n<p>Contrairement aux id\u00e9es re\u00e7ues, les salari\u00e9s ne se d\u00e9sengagent pas. En effet, une grande majorit\u00e9 d&rsquo;entre eux appr\u00e9cie ou adore leur entreprise. En France, l<a href=\"https:\/\/www.comundi.fr\/formations\/formation-gagner-en-confort-autonomie-et-responsabilite-au-travail.html\">&lsquo;autonomie<\/a> et le sens donn\u00e9 au travail sont particuli\u00e8rement valoris\u00e9s.<\/p>\n\n\n\n<p>Vous connaissiez d\u00e9j\u00e0 le <a href=\"https:\/\/www.comundi.fr\/mag-des-competences\/comment-maintenir-l-engagement-de-vos-equipes\/\">\u00ab quiet-quitting \u00bb<\/a>, expression apparue en 2022 sur TikTok pour qualifier des salari\u00e9s d\u00e9motiv\u00e9s se limitant au strict minimum. Voici d\u00e9sormais le \u00ab quiet-loving \u00bb, r\u00e9v\u00e9l\u00e9 par une nouvelle \u00e9tude de Pluxee men\u00e9e aupr\u00e8s de 8.700 salari\u00e9s de tous horizons professionnels dans dix pays, dont la France.<\/p>\n\n\n\n<p>Interrog\u00e9s sur ce qu&rsquo;ils ressentent pour leur entreprise, 83 % des sond\u00e9s ont d\u00e9clar\u00e9 l&rsquo; \u00ab adorer \u00bb ou l&rsquo;\u00ab appr\u00e9cier \u00bb, un r\u00e9sultat particuli\u00e8rement remarquable. \u00ab Cela remet en question certaines id\u00e9es re\u00e7ues sur l&rsquo;engagement des collaborateurs, analyse Aur\u00e9lien Sonet, directeur g\u00e9n\u00e9ral de Pluxee. Il y a un lien affectif tr\u00e8s fort pour son entreprise, loin de l&rsquo;id\u00e9e que les salari\u00e9s se d\u00e9sengagent. <a href=\"https:\/\/www.comundi.fr\/mag-des-competences\/comment-lexperience-collaborateur-influe-sur-lengagement-des-salaries\/\">L&rsquo;engagement des salari\u00e9s<\/a> \u00e9volue au fil du temps, en fonction des p\u00e9riodes de vie et des parcours professionnels. \u00bb<\/p>\n\n\n\n<p>On note \u00e9galement que les salari\u00e9s \u00e9valuent leur <a href=\"https:\/\/www.comundi.fr\/mag-des-competences\/favoriser-la-productivite-sans-sacrifier-le-bien-etre\/\">bien-\u00eatre au travail<\/a> \u00e0 7,8\/10, un niveau \u00e9tonnamment \u00e9lev\u00e9. Ce lien entre les salari\u00e9s, leur emploi et les entreprises est si important qu&rsquo;ils sont plus de la moiti\u00e9 \u00e0 souhaiter conserver leur poste actuel.<\/p>\n\n\n\n<h2>Engagement raisonn\u00e9<\/h2>\n\n\n\n<p>L&rsquo;\u00e9tude publi\u00e9e par l&rsquo;un des leaders mondiaux des avantages salari\u00e9s montre aussi que le travail s&rsquo;inscrit d\u00e9sormais dans une \u00e9quation plus large, incluant les engagements personnels et soci\u00e9taux. Les employ\u00e9s s&rsquo;investissent dans leurs missions, mais sans sacrifier leurs engagements personnels ou soci\u00e9taux. Toutes g\u00e9n\u00e9rations confondues, une grande majorit\u00e9 des sond\u00e9s d\u00e9clarent que le travail est essentiel, mais pas leur seule priorit\u00e9 dans la vie.<\/p>\n\n\n\n<p>\u00ab Le collectif demeure central : la premi\u00e8re motivation \u00e0 se rendre au travail reste la convivialit\u00e9 et les interactions avec les coll\u00e8gues. <a href=\"https:\/\/www.comundi.fr\/mag-des-competences\/lannee-2025-retour-au-bureau-et-fin-du-teletravail\/\">L&rsquo;entreprise doit donc redevenir un lieu de rencontre, que ce soit en pr\u00e9sentiel ou \u00e0 distance<\/a>. Les collaborateurs ont aussi besoin d&rsquo;attention, de reconnaissance et d&rsquo;autonomie \u00bb, plaide Aur\u00e9lien Sonet. Les managers sont la pierre angulaire de ces ressentis : en offrant des retours constructifs, en organisant le travail hybride et en d\u00e9veloppant les comp\u00e9tences, ils influencent fortement<a href=\"https:\/\/www.comundi.fr\/formations\/formation-communiquer-efficacement-avec-son-equipe-et-sa-hierarchie.html\"> l&rsquo;engagement des \u00e9quipes.<\/a><\/p>\n\n\n\n<h2>Pessimisme fran\u00e7ais<\/h2>\n\n\n\n<p>Si les salari\u00e9s fran\u00e7ais se rapprochent du reste du monde sur de nombreux points, ils se distinguent par un pessimisme plus marqu\u00e9. Dans l&rsquo;ensemble, 55 % des salari\u00e9s se disent confiants en l&rsquo;avenir de leur pays, un score qui chute \u00e0 39 % dans l&rsquo;Hexagone o\u00f9 les incertitudes politiques, climatiques, \u00e9conomiques\u2026 p\u00e8sent sur le moral collectif. Pr\u00e8s de neuf Fran\u00e7ais sur dix ont une opinion n\u00e9gative de la situation \u00e9conomique de leur pays, un niveau parmi les plus bas des pays de l&rsquo;\u00e9tude.<\/p>\n\n\n\n<p>Les salari\u00e9s fran\u00e7ais sont aussi sensibles au sens trouv\u00e9 dans leur travail : pr\u00e8s de six sur dix jugent leur travail utile, contre seulement 47 % dans les autres \u00e9conomies d\u00e9velopp\u00e9es. Enfin, ils attachent une importance particuli\u00e8re \u00e0 la s\u00e9curit\u00e9 offerte par l&rsquo;entreprise et \u00e0 l&rsquo;autonomie, source d&rsquo;\u00e9panouissement pour 45 % d&rsquo;entre eux, contre 34 % dans le reste du monde.<\/p>\n\n\n\n<p>Ne\u00efla Beyler<\/p>\n","protected":false},"excerpt":{"rendered":"<p>Contrairement aux id\u00e9es re\u00e7ues, les salari\u00e9s ne se d\u00e9sengagent pas. En effet, une grande majorit\u00e9 d&rsquo;entre eux appr\u00e9cie ou adore leur entreprise. En France, l&lsquo;autonomie et le sens donn\u00e9 au travail sont particuli\u00e8rement valoris\u00e9s. Vous connaissiez d\u00e9j\u00e0 le \u00ab quiet-quitting \u00bb, expression apparue en 2022 sur TikTok pour qualifier des salari\u00e9s d\u00e9motiv\u00e9s se limitant au [&hellip;]<\/p>\n","protected":false},"author":6,"featured_media":14682,"comment_status":"open","ping_status":"open","sticky":false,"template":"","format":"standard","meta":{"_mi_skip_tracking":false},"categories":[183,200],"yoast_head":"<!-- This site is optimized with the Yoast SEO plugin v16.1 - https:\/\/yoast.com\/wordpress\/plugins\/seo\/ -->\n<title>\u00ab Quiet loving \u00bb : et si les salari\u00e9s aimaient secr\u00e8tement leur entreprise ? - Mag des comp\u00e9tences - Comundi<\/title>\n<meta name=\"description\" content=\"Le \u201cquiet loving\u201d montre que les salari\u00e9s restent engag\u00e9s, attach\u00e9s \u00e0 leur entreprise et en qu\u00eate de sens, d\u2019autonomie et de reconnaissance.\" \/>\n<meta name=\"robots\" content=\"index, follow, max-snippet:-1, max-image-preview:large, max-video-preview:-1\" \/>\n<link rel=\"canonical\" href=\"https:\/\/www.comundi.fr\/mag-des-competences\/quiet-loving-et-si-les-salaries-aimaient-secretement-leur-entreprise\/\" \/>\n<meta property=\"og:locale\" content=\"fr_FR\" \/>\n<meta property=\"og:type\" content=\"article\" \/>\n<meta property=\"og:title\" content=\"\u00ab Quiet loving \u00bb : et si les salari\u00e9s aimaient secr\u00e8tement leur entreprise ? - Mag des comp\u00e9tences - Comundi\" \/>\n<meta property=\"og:description\" content=\"Le \u201cquiet loving\u201d montre que les salari\u00e9s restent engag\u00e9s, attach\u00e9s \u00e0 leur entreprise et en qu\u00eate de sens, d\u2019autonomie et de reconnaissance.\" \/>\n<meta property=\"og:url\" content=\"https:\/\/www.comundi.fr\/mag-des-competences\/quiet-loving-et-si-les-salaries-aimaient-secretement-leur-entreprise\/\" \/>\n<meta property=\"og:site_name\" content=\"Mag des comp\u00e9tences - Comundi\" \/>\n<meta property=\"article:publisher\" content=\"https:\/\/www.facebook.com\/Comundi\/?fref=ts\" \/>\n<meta property=\"article:published_time\" content=\"2025-12-02T07:50:00+00:00\" \/>\n<meta property=\"article:modified_time\" content=\"2025-12-01T20:50:13+00:00\" \/>\n<meta property=\"og:image\" content=\"https:\/\/www.comundi.fr\/mag-des-competences\/wp-content\/uploads\/2025\/12\/Design-sans-titre-2.jpg\" \/>\n\t<meta property=\"og:image:width\" content=\"1200\" \/>\n\t<meta property=\"og:image:height\" content=\"676\" \/>\n<meta name=\"twitter:card\" content=\"summary_large_image\" \/>\n<meta name=\"twitter:creator\" content=\"@ComundiActu\" \/>\n<meta name=\"twitter:site\" content=\"@ComundiActu\" \/>\n<meta name=\"twitter:label1\" content=\"Dur\u00e9e de lecture est.\">\n\t<meta name=\"twitter:data1\" content=\"3 minutes\">\n<script type=\"application\/ld+json\" class=\"yoast-schema-graph\">{\"@context\":\"https:\/\/schema.org\",\"@graph\":[{\"@type\":\"Organization\",\"@id\":\"https:\/\/www.comundi.fr\/mag-des-competences\/#organization\",\"name\":\"Comundi\",\"url\":\"https:\/\/www.comundi.fr\/mag-des-competences\/\",\"sameAs\":[\"https:\/\/www.facebook.com\/Comundi\/?fref=ts\",\"https:\/\/www.linkedin.com\/company\/comundi\/\",\"https:\/\/www.youtube.com\/user\/ComundiFormations\",\"https:\/\/twitter.com\/ComundiActu\"],\"logo\":{\"@type\":\"ImageObject\",\"@id\":\"https:\/\/www.comundi.fr\/mag-des-competences\/#logo\",\"inLanguage\":\"fr-FR\",\"url\":\"https:\/\/www.comundi.fr\/mag-des-competences\/wp-content\/uploads\/2018\/01\/comundi.png\",\"contentUrl\":\"https:\/\/www.comundi.fr\/mag-des-competences\/wp-content\/uploads\/2018\/01\/comundi.png\",\"width\":300,\"height\":300,\"caption\":\"Comundi\"},\"image\":{\"@id\":\"https:\/\/www.comundi.fr\/mag-des-competences\/#logo\"}},{\"@type\":\"WebSite\",\"@id\":\"https:\/\/www.comundi.fr\/mag-des-competences\/#website\",\"url\":\"https:\/\/www.comundi.fr\/mag-des-competences\/\",\"name\":\"Mag des comp\\u00e9tences - Comundi\",\"description\":\"Le magazine des m\\u00e9tiers de demain\",\"publisher\":{\"@id\":\"https:\/\/www.comundi.fr\/mag-des-competences\/#organization\"},\"potentialAction\":[{\"@type\":\"SearchAction\",\"target\":\"https:\/\/www.comundi.fr\/mag-des-competences\/?s={search_term_string}\",\"query-input\":\"required name=search_term_string\"}],\"inLanguage\":\"fr-FR\"},{\"@type\":\"ImageObject\",\"@id\":\"https:\/\/www.comundi.fr\/mag-des-competences\/quiet-loving-et-si-les-salaries-aimaient-secretement-leur-entreprise\/#primaryimage\",\"inLanguage\":\"fr-FR\",\"url\":\"https:\/\/www.comundi.fr\/mag-des-competences\/wp-content\/uploads\/2025\/12\/Design-sans-titre-2.jpg\",\"contentUrl\":\"https:\/\/www.comundi.fr\/mag-des-competences\/wp-content\/uploads\/2025\/12\/Design-sans-titre-2.jpg\",\"width\":1200,\"height\":676},{\"@type\":\"WebPage\",\"@id\":\"https:\/\/www.comundi.fr\/mag-des-competences\/quiet-loving-et-si-les-salaries-aimaient-secretement-leur-entreprise\/#webpage\",\"url\":\"https:\/\/www.comundi.fr\/mag-des-competences\/quiet-loving-et-si-les-salaries-aimaient-secretement-leur-entreprise\/\",\"name\":\"\\u00ab Quiet loving \\u00bb : et si les salari\\u00e9s aimaient secr\\u00e8tement leur entreprise ? - Mag des comp\\u00e9tences - Comundi\",\"isPartOf\":{\"@id\":\"https:\/\/www.comundi.fr\/mag-des-competences\/#website\"},\"primaryImageOfPage\":{\"@id\":\"https:\/\/www.comundi.fr\/mag-des-competences\/quiet-loving-et-si-les-salaries-aimaient-secretement-leur-entreprise\/#primaryimage\"},\"datePublished\":\"2025-12-02T07:50:00+00:00\",\"dateModified\":\"2025-12-01T20:50:13+00:00\",\"description\":\"Le \\u201cquiet loving\\u201d montre que les salari\\u00e9s restent engag\\u00e9s, attach\\u00e9s \\u00e0 leur entreprise et en qu\\u00eate de sens, d\\u2019autonomie et de reconnaissance.\",\"breadcrumb\":{\"@id\":\"https:\/\/www.comundi.fr\/mag-des-competences\/quiet-loving-et-si-les-salaries-aimaient-secretement-leur-entreprise\/#breadcrumb\"},\"inLanguage\":\"fr-FR\",\"potentialAction\":[{\"@type\":\"ReadAction\",\"target\":[\"https:\/\/www.comundi.fr\/mag-des-competences\/quiet-loving-et-si-les-salaries-aimaient-secretement-leur-entreprise\/\"]}]},{\"@type\":\"BreadcrumbList\",\"@id\":\"https:\/\/www.comundi.fr\/mag-des-competences\/quiet-loving-et-si-les-salaries-aimaient-secretement-leur-entreprise\/#breadcrumb\",\"itemListElement\":[{\"@type\":\"ListItem\",\"position\":1,\"item\":{\"@type\":\"WebPage\",\"@id\":\"https:\/\/www.comundi.fr\/mag-des-competences\/\",\"url\":\"https:\/\/www.comundi.fr\/mag-des-competences\/\",\"name\":\"Accueil\"}},{\"@type\":\"ListItem\",\"position\":2,\"item\":{\"@type\":\"WebPage\",\"@id\":\"https:\/\/www.comundi.fr\/mag-des-competences\/quiet-loving-et-si-les-salaries-aimaient-secretement-leur-entreprise\/\",\"url\":\"https:\/\/www.comundi.fr\/mag-des-competences\/quiet-loving-et-si-les-salaries-aimaient-secretement-leur-entreprise\/\",\"name\":\"\\u00ab Quiet loving \\u00bb : et si les salari\\u00e9s aimaient secr\\u00e8tement leur entreprise ?\"}}]},{\"@type\":\"Article\",\"@id\":\"https:\/\/www.comundi.fr\/mag-des-competences\/quiet-loving-et-si-les-salaries-aimaient-secretement-leur-entreprise\/#article\",\"isPartOf\":{\"@id\":\"https:\/\/www.comundi.fr\/mag-des-competences\/quiet-loving-et-si-les-salaries-aimaient-secretement-leur-entreprise\/#webpage\"},\"author\":{\"@id\":\"https:\/\/www.comundi.fr\/mag-des-competences\/#\/schema\/person\/96b8f219e4cddee126473c6fbcc0e089\"},\"headline\":\"\\u00ab Quiet loving \\u00bb : et si les salari\\u00e9s aimaient secr\\u00e8tement leur entreprise ?\",\"datePublished\":\"2025-12-02T07:50:00+00:00\",\"dateModified\":\"2025-12-01T20:50:13+00:00\",\"mainEntityOfPage\":{\"@id\":\"https:\/\/www.comundi.fr\/mag-des-competences\/quiet-loving-et-si-les-salaries-aimaient-secretement-leur-entreprise\/#webpage\"},\"commentCount\":0,\"publisher\":{\"@id\":\"https:\/\/www.comundi.fr\/mag-des-competences\/#organization\"},\"image\":{\"@id\":\"https:\/\/www.comundi.fr\/mag-des-competences\/quiet-loving-et-si-les-salaries-aimaient-secretement-leur-entreprise\/#primaryimage\"},\"articleSection\":\"Efficacit\\u00e9 professionnelle,Ressources humaines\",\"inLanguage\":\"fr-FR\",\"potentialAction\":[{\"@type\":\"CommentAction\",\"name\":\"Comment\",\"target\":[\"https:\/\/www.comundi.fr\/mag-des-competences\/quiet-loving-et-si-les-salaries-aimaient-secretement-leur-entreprise\/#respond\"]}]},{\"@type\":\"Person\",\"@id\":\"https:\/\/www.comundi.fr\/mag-des-competences\/#\/schema\/person\/96b8f219e4cddee126473c6fbcc0e089\",\"name\":\"Les Echos\",\"image\":{\"@type\":\"ImageObject\",\"@id\":\"https:\/\/www.comundi.fr\/mag-des-competences\/#personlogo\",\"inLanguage\":\"fr-FR\",\"url\":\"https:\/\/secure.gravatar.com\/avatar\/041d1b3114ce5dce17eaefa721d4ed06?s=96&d=mm&r=g\",\"contentUrl\":\"https:\/\/secure.gravatar.com\/avatar\/041d1b3114ce5dce17eaefa721d4ed06?s=96&d=mm&r=g\",\"caption\":\"Les Echos\"}}]}<\/script>\n<!-- \/ Yoast SEO plugin. -->","amp_enabled":true,"_links":{"self":[{"href":"https:\/\/www.comundi.fr\/mag-des-competences\/wp-json\/wp\/v2\/posts\/14681"}],"collection":[{"href":"https:\/\/www.comundi.fr\/mag-des-competences\/wp-json\/wp\/v2\/posts"}],"about":[{"href":"https:\/\/www.comundi.fr\/mag-des-competences\/wp-json\/wp\/v2\/types\/post"}],"author":[{"embeddable":true,"href":"https:\/\/www.comundi.fr\/mag-des-competences\/wp-json\/wp\/v2\/users\/6"}],"replies":[{"embeddable":true,"href":"https:\/\/www.comundi.fr\/mag-des-competences\/wp-json\/wp\/v2\/comments?post=14681"}],"version-history":[{"count":3,"href":"https:\/\/www.comundi.fr\/mag-des-competences\/wp-json\/wp\/v2\/posts\/14681\/revisions"}],"predecessor-version":[{"id":14686,"href":"https:\/\/www.comundi.fr\/mag-des-competences\/wp-json\/wp\/v2\/posts\/14681\/revisions\/14686"}],"wp:featuredmedia":[{"embeddable":true,"href":"https:\/\/www.comundi.fr\/mag-des-competences\/wp-json\/wp\/v2\/media\/14682"}],"wp:attachment":[{"href":"https:\/\/www.comundi.fr\/mag-des-competences\/wp-json\/wp\/v2\/media?parent=14681"}],"wp:term":[{"taxonomy":"category","embeddable":true,"href":"https:\/\/www.comundi.fr\/mag-des-competences\/wp-json\/wp\/v2\/categories?post=14681"}],"curies":[{"name":"wp","href":"https:\/\/api.w.org\/{rel}","templated":true}]}}