{"id":14652,"date":"2025-11-20T13:25:27","date_gmt":"2025-11-20T12:25:27","guid":{"rendered":"https:\/\/www.comundi.fr\/mag-des-competences\/?p=14652"},"modified":"2025-11-20T14:21:09","modified_gmt":"2025-11-20T13:21:09","slug":"pourquoi-est-il-essentiel-de-developper-son-esprit-critique-a-l-ere-de-l-ia","status":"publish","type":"post","link":"https:\/\/www.comundi.fr\/mag-des-competences\/pourquoi-est-il-essentiel-de-developper-son-esprit-critique-a-l-ere-de-l-ia\/","title":{"rendered":"Pourquoi est-il essentiel de d\u00e9velopper son esprit critique \u00e0 l\u2019\u00e8re de l\u2019IA ?"},"content":{"rendered":"\n<p>Plus l\u2019intelligence artificielle s\u2019ins\u00e8re dans nos processus de d\u00e9cision et d\u2019apprentissage et plus l\u2019esprit critique se r\u00e9v\u00e8le une comp\u00e9tence essentielle. Certains outils sont, en effet, capables de produire des r\u00e9ponses convaincantes mais parfois biais\u00e9es, incompl\u00e8tes ou erron\u00e9es. <strong>L\u2019esprit critique appara\u00eet donc comme un atout indispensable<\/strong> pour un usage profitable des intelligences artificielles. Comment bien l\u2019int\u00e9grer dans votre utilisation de l\u2019IA ?<\/p>\n\n\n\n<h2>Qu\u2019est-ce que l\u2019esprit critique ?<\/h2>\n\n\n\n<p><strong>L\u2019esprit<\/strong> <strong>critique<\/strong><strong> se d\u00e9finit comme un comportement actif qui consiste \u00e0 rechercher la l\u00e9gitimit\u00e9 rationnelle d\u2019une affirmation<\/strong>, d\u2019un fait ou d\u2019un jugement avant de l\u2019admettre. C\u2019est encore le fait d\u2019adopter un \u00e9tat d\u2019esprit marqu\u00e9 par une forte curiosit\u00e9, un bon sens de l\u2019\u00e9coute et de lucidit\u00e9, ainsi qu\u2019une attitude de modestie. La pens\u00e9e critique d\u00e9coule de la pr\u00e9disposition que l\u2019on ne sait pas tout et du souhait d\u2019apprendre. Il est d\u2019ailleurs pr\u00e9sent dans la plupart des programmes d\u2019enseignement et vise \u00e0 construire chez les enfants un esprit \u00e9clair\u00e9 et autonome.<\/p>\n\n\n\n<h2>Comment se caract\u00e9rise une personne avec un esprit critique d\u00e9velopp\u00e9 ?<\/h2>\n\n\n\n<p><strong>Une personne avec un esprit critique d\u00e9velopp\u00e9 aura tendance \u00e0 v\u00e9rifier la justesse d\u2019une information avant de la consid\u00e9rer comme valable<\/strong>. Ainsi, les personnes dot\u00e9es d\u2019un fort sens critique ont pour habitude de :<\/p>\n\n\n\n<ul><li>chercher \u00e0 conna\u00eetre l\u2019identit\u00e9, l\u2019autorit\u00e9 et le but de son auteur face \u00e0 une assertion ;<\/li><li>v\u00e9rifier les sources en identifiant l\u2019origine et la fiabilit\u00e9 de l\u2019information ;<\/li><li>comparer plusieurs points de vue sans se contenter des biais de confirmation qui soutiennent son propre mode de pens\u00e9e ;<\/li><li>adopter un raisonnement inspir\u00e9 de la d\u00e9marche scientifique en argumentant avec logique plut\u00f4t qu\u2019avec \u00e9motion ;<\/li><li>\u00e9liminer du raisonnement les pr\u00e9jug\u00e9s, les exag\u00e9rations, ainsi que les possibles manipulations.<\/li><\/ul>\n\n\n\n<h2>Esprit critique et essor de l\u2019IA : quels enjeux ?<\/h2>\n\n\n\n<p><a href=\"https:\/\/www.comundi.fr\/mag-des-competences\/les-meilleurs-outils-ia-pour-booster-votre-productivite\/\">Il est ind\u00e9niable que l\u2019intelligence artificielle facilite l\u2019accomplissement de certaines t\u00e2ches<\/a> en permettant, par exemple, d\u2019acc\u00e9der \u00e0 des analyses compl\u00e8tes en quelques secondes. Pourtant, il demeure essentiel de pouvoir remettre en question les donn\u00e9es fournies par les IA. Cela s\u2019explique par plusieurs facteurs.<\/p>\n\n\n\n<h3>Le fonctionnement pr\u00e9dictif des intelligences artificielles<\/h3>\n\n\n\n<p>Bien que <a href=\"https:\/\/www.comundi.fr\/mag-des-competences\/ia-un-assistant-pour-transformer-votre-travail\/\">puissantes et capables de faire gagner un temps pr\u00e9cieux,<\/a> les IA ne fournissent pas toujours une information fiable. En effet, leur mode de fonctionnement est encore largement pr\u00e9dictif, ce qui signifie qu\u2019elles adoptent un raisonnement qui peut sembler logique en surface, mais qui est parfois totalement erron\u00e9. <\/p>\n\n\n\n<p>Il faut noter, par exemple, que <strong>l\u2019intelligence artificielle apprend mais ne raisonne pas \u00e0 proprement parler.<\/strong> Elle ingurgite une \u00e9norme quantit\u00e9 de donn\u00e9es qui peuvent contenir des erreurs et des impr\u00e9cisions. En confrontant les donn\u00e9es acquises \u00e0 la question de l\u2019utilisateur, elle imite seulement le raisonnement humain et fournit donc une r\u00e9ponse sur la base d\u2019approximations et d\u2019interpr\u00e9tations.<\/p>\n\n\n\n<h3>La programmation par d\u00e9faut des IA conversationnelles<\/h3>\n\n\n\n<p>La plupart des intelligences artificielles conversationnelles sont programm\u00e9es par d\u00e9faut pour aller dans votre sens. Cela signifie qu\u2019elles chercheront \u00e0 vous plaire et \u00e0 vous livrer ce que vous souhaitez lire ou entendre. Les informations erron\u00e9es sont donc propos\u00e9es par des IA dont le but est de soutenir l\u2019argumentation du demandeur, sans consid\u00e9ration pour la r\u00e9alit\u00e9 des faits. Dans ce contexte, la pens\u00e9e critique permet de prendre du recul par rapport aux informations fournies par l\u2019IA et de distinguer les r\u00e9ponses pertinentes des hallucinations.<\/p>\n\n\n\n<h3>L\u2019acc\u00e8s limit\u00e9 \u00e0 certaines informations<\/h3>\n\n\n\n<p>Si l\u2019IA peut fournir des pistes d\u2019information int\u00e9ressantes, elle peut se tromper sur certains sujets. En effet, elle ne dispose pas toujours de donn\u00e9es actualis\u00e9es ou circonstancielles sur certaines questions telles que l\u2019actualit\u00e9 politique, les \u00e9volutions l\u00e9gislatives ou les changements technologiques. Dans ce cas, elle cherchera \u00e0 combler ses r\u00e9ponses avec des suppositions ou des d\u00e9tails plausibles mais incorrects. Cette d\u00e9marche est alors qualifi\u00e9e d\u2019hallucination, c\u2019est-\u00e0-dire le fait pour l\u2019IA de confondre imagination et r\u00e9alit\u00e9. Dans ce cas, c\u2019est \u00e0 l\u2019utilisateur d\u2019apprendre \u00e0 distinguer les hallucinations pour \u00e9viter l\u2019utilisation de fausses informations.<\/p>\n\n\n\n<h3>L\u2019acc\u00e8s \u00e0 des donn\u00e9es parfois biais\u00e9s<\/h3>\n\n\n\n<p>L\u2019intelligence artificielle ne fait pas n\u00e9cessairement la diff\u00e9rence entre une source fiable et v\u00e9rifi\u00e9e et une source biais\u00e9e dont les informations sont erron\u00e9es. Son entra\u00eenement repose sur une quantit\u00e9 consid\u00e9rable de donn\u00e9es sans distinction pr\u00e9cise. Par cons\u00e9quent, lorsque l\u2019IA se nourrit d\u2019informations partiales ou st\u00e9r\u00e9otyp\u00e9es, ses r\u00e9ponses seront tout aussi d\u00e9s\u00e9quilibr\u00e9es. Aussi, face \u00e0 l\u2019usage croissant et quasi-syst\u00e9matique de l\u2019intelligence artificielle, <strong>l\u2019esprit critique est donc indispensable pour d\u00e9tecter et contourner les fausses informations.<\/strong><\/p>\n\n\n\n<h2>Comment d\u00e9velopper son esprit critique ?<\/h2>\n\n\n\n<p>L\u2019esprit critique ne sert plus seulement \u00e0 rep\u00e9rer la bonne information ou \u00e0 se pr\u00e9munir de l&rsquo;instrumentalisation de certains m\u00e9dias. Cette aptitude devient plus qu\u2019essentielle dans nos rapports avec les intelligences artificielles. Quelques pratiques simples permettent de d\u00e9velopper sa capacit\u00e9 d\u2019analyse \u00e0 l\u2019\u00e8re des IA : <\/p>\n\n\n\n<ul><li>s\u2019informer en \u00e9valuant l\u2019assertion et en recherchant sa source ;<\/li><li>&nbsp;s\u2019assurer de bien comprendre avant de juger ;<\/li><li>distinguer les faits de leur interpr\u00e9tation ;<\/li><li>se montrer ouvert au d\u00e9bat sans se conforter dans ses croyances ;<\/li><li>r\u00e9sister aux intuitions imm\u00e9diates et aux biais de confirmation.<\/li><\/ul>\n\n\n\n<p>De mani\u00e8re concr\u00e8te, voici quelques \u00e9tapes \u00e0 suivre pour <strong>aiguiser votre esprit critique lorsque vous utilisez l\u2019IA<\/strong> : <\/p>\n\n\n\n<ul><li>utiliser un fil de discussion sp\u00e9cifique pour chaque sujet ;<\/li><li>soumettre des questions pr\u00e9cises et d\u00e9taill\u00e9es ;<\/li><li>poser plusieurs questions afin d\u2019aborder le m\u00eame sujet sous divers angles ;<\/li><li>demander \u00e0 l\u2019outil de sp\u00e9cifier ses sources ;<\/li><li>v\u00e9rifier l\u2019exactitude des informations.<\/li><\/ul>\n\n\n\n<h2>Comment la pens\u00e9e critique nous permet de d\u00e9tecter les hallucinations de l\u2019IA ?<\/h2>\n\n\n\n<p>En imposant une attitude de prudence et une d\u00e9marche de v\u00e9rification,<strong> l\u2019esprit<\/strong> <strong>critique<\/strong> permet de reconna\u00eetre ais\u00e9ment les hallucinations de l\u2019IA. Plus votre capacit\u00e9 d\u2019analyse sera aiguis\u00e9e, et mieux vous pourrez d\u00e9tecter les incoh\u00e9rences, les affirmations non sourc\u00e9es ou les r\u00e9f\u00e9rences inexistantes. Cela est particuli\u00e8rement utile pour les personnes qui utilisent quotidiennement un outil d\u2019IA, que ce soit dans le cadre personnel ou professionnel.<\/p>\n\n\n\n<p><strong>Si vous questionnez l\u2019IA sur votre domaine d\u2019expertise, il vous sera plus facile de distinguer les hallucinations et les fausses informations fournies<\/strong>. Cependant, si vous utilisez l\u2019IA sur un domaine que vous connaissez peu, le sens critique devient indispensable pour obtenir des r\u00e9ponses fiables et converser de mani\u00e8re pertinente avec l\u2019intelligence artificielle.<br><br><a href=\"https:\/\/www.comundi.fr\/mag-des-competences\/comment-rester-essentiel-a-votre-entreprise-face-a-larrivee-des-nouveaux-outils-ia\/\">La <strong>pens\u00e9e<\/strong> <strong>critique<\/strong> n\u2019est plus seulement un atout intellectuel, mais une v\u00e9ritable comp\u00e9tence que les entreprises et les institutions devront d\u00e9sormais rechercher<\/a>. Essentielle pour comprendre et interpr\u00e9ter l\u2019information, cette capacit\u00e9 facilite la collaboration avec les technologies d\u2019IA et permet de les utiliser de mani\u00e8re \u00e9clair\u00e9e.<\/p>\n\n\n\n<div class=\"wp-block-media-text alignwide is-stacked-on-mobile is-vertically-aligned-top has-black-color has-text-color has-background\" style=\"background-color:#fff1de;grid-template-columns:30% auto\"><figure class=\"wp-block-media-text__media\"><img loading=\"lazy\" width=\"354\" height=\"289\" src=\"https:\/\/www.comundi.fr\/mag-des-competences\/wp-content\/uploads\/2025\/03\/icone-developpement-personnel.jpg\" alt=\"icone-developpement-personnel\" class=\"wp-image-13649 size-medium\" srcset=\"https:\/\/www.comundi.fr\/mag-des-competences\/wp-content\/uploads\/2025\/03\/icone-developpement-personnel.jpg 354w, https:\/\/www.comundi.fr\/mag-des-competences\/wp-content\/uploads\/2025\/03\/icone-developpement-personnel-300x245.jpg 300w\" sizes=\"(max-width: 354px) 100vw, 354px\" \/><\/figure><div class=\"wp-block-media-text__content\">\n<p><\/p>\n\n\n\n<p class=\"has-normal-font-size\">Apprenez \u00e0 d\u00e9velopper votre esprit critique.<\/p>\n\n\n\n<div class=\"wp-block-buttons aligncenter\">\n<div class=\"wp-block-button\"><a class=\"wp-block-button__link has-white-color has-text-color has-background\" href=\"https:\/\/www.comundi.fr\/formations\/formation-developper-sa-pensee-critique-a-l-ere-de-l-ia.html\" style=\"background-color:#ffdfb0\" target=\"_blank\" rel=\"noreferrer noopener\">En savoir plus<\/a><\/div>\n<\/div>\n<\/div><\/div>\n","protected":false},"excerpt":{"rendered":"<p>Plus l\u2019intelligence artificielle s\u2019ins\u00e8re dans nos processus de d\u00e9cision et d\u2019apprentissage et plus l\u2019esprit critique se r\u00e9v\u00e8le une comp\u00e9tence essentielle. Certains outils sont, en effet, capables de produire des r\u00e9ponses convaincantes mais parfois biais\u00e9es, incompl\u00e8tes ou erron\u00e9es. L\u2019esprit critique appara\u00eet donc comme un atout indispensable pour un usage profitable des intelligences artificielles. Comment bien l\u2019int\u00e9grer [&hellip;]<\/p>\n","protected":false},"author":8,"featured_media":14653,"comment_status":"open","ping_status":"open","sticky":false,"template":"","format":"standard","meta":{"_mi_skip_tracking":false},"categories":[185,216],"yoast_head":"<!-- This site is optimized with the Yoast SEO plugin v16.1 - https:\/\/yoast.com\/wordpress\/plugins\/seo\/ -->\n<title>Pourquoi est-il essentiel de d\u00e9velopper son esprit critique \u00e0 l\u2019\u00e8re de l\u2019IA ? - Mag des comp\u00e9tences - Comundi<\/title>\n<meta name=\"description\" content=\"L&#039;esprit critique est une comp\u00e9tence indispensable pour une bonne utilisation de l&#039;IA. D\u00e9couvrez nos conseils pour la d\u00e9velopper.\" \/>\n<meta name=\"robots\" content=\"index, follow, max-snippet:-1, max-image-preview:large, max-video-preview:-1\" \/>\n<link rel=\"canonical\" href=\"https:\/\/www.comundi.fr\/mag-des-competences\/pourquoi-est-il-essentiel-de-developper-son-esprit-critique-a-l-ere-de-l-ia\/\" \/>\n<meta property=\"og:locale\" content=\"fr_FR\" \/>\n<meta property=\"og:type\" content=\"article\" \/>\n<meta property=\"og:title\" content=\"Pourquoi est-il essentiel de d\u00e9velopper son esprit critique \u00e0 l\u2019\u00e8re de l\u2019IA ? - Mag des comp\u00e9tences - Comundi\" \/>\n<meta property=\"og:description\" content=\"L&#039;esprit critique est une comp\u00e9tence indispensable pour une bonne utilisation de l&#039;IA. D\u00e9couvrez nos conseils pour la d\u00e9velopper.\" \/>\n<meta property=\"og:url\" content=\"https:\/\/www.comundi.fr\/mag-des-competences\/pourquoi-est-il-essentiel-de-developper-son-esprit-critique-a-l-ere-de-l-ia\/\" \/>\n<meta property=\"og:site_name\" content=\"Mag des comp\u00e9tences - Comundi\" \/>\n<meta property=\"article:publisher\" content=\"https:\/\/www.facebook.com\/Comundi\/?fref=ts\" \/>\n<meta property=\"article:published_time\" content=\"2025-11-20T12:25:27+00:00\" \/>\n<meta property=\"article:modified_time\" content=\"2025-11-20T13:21:09+00:00\" \/>\n<meta property=\"og:image\" content=\"https:\/\/www.comundi.fr\/mag-des-competences\/wp-content\/uploads\/2025\/11\/Developper-son-esprit-critique-a-lere-de-lIA.jpg\" \/>\n\t<meta property=\"og:image:width\" content=\"1200\" \/>\n\t<meta property=\"og:image:height\" content=\"675\" \/>\n<meta name=\"twitter:card\" content=\"summary_large_image\" \/>\n<meta name=\"twitter:creator\" content=\"@ComundiActu\" \/>\n<meta name=\"twitter:site\" content=\"@ComundiActu\" \/>\n<meta name=\"twitter:label1\" content=\"Dur\u00e9e de lecture est.\">\n\t<meta name=\"twitter:data1\" content=\"5 minutes\">\n<script type=\"application\/ld+json\" class=\"yoast-schema-graph\">{\"@context\":\"https:\/\/schema.org\",\"@graph\":[{\"@type\":\"Organization\",\"@id\":\"https:\/\/www.comundi.fr\/mag-des-competences\/#organization\",\"name\":\"Comundi\",\"url\":\"https:\/\/www.comundi.fr\/mag-des-competences\/\",\"sameAs\":[\"https:\/\/www.facebook.com\/Comundi\/?fref=ts\",\"https:\/\/www.linkedin.com\/company\/comundi\/\",\"https:\/\/www.youtube.com\/user\/ComundiFormations\",\"https:\/\/twitter.com\/ComundiActu\"],\"logo\":{\"@type\":\"ImageObject\",\"@id\":\"https:\/\/www.comundi.fr\/mag-des-competences\/#logo\",\"inLanguage\":\"fr-FR\",\"url\":\"https:\/\/www.comundi.fr\/mag-des-competences\/wp-content\/uploads\/2018\/01\/comundi.png\",\"contentUrl\":\"https:\/\/www.comundi.fr\/mag-des-competences\/wp-content\/uploads\/2018\/01\/comundi.png\",\"width\":300,\"height\":300,\"caption\":\"Comundi\"},\"image\":{\"@id\":\"https:\/\/www.comundi.fr\/mag-des-competences\/#logo\"}},{\"@type\":\"WebSite\",\"@id\":\"https:\/\/www.comundi.fr\/mag-des-competences\/#website\",\"url\":\"https:\/\/www.comundi.fr\/mag-des-competences\/\",\"name\":\"Mag des comp\\u00e9tences - Comundi\",\"description\":\"Le magazine des m\\u00e9tiers de demain\",\"publisher\":{\"@id\":\"https:\/\/www.comundi.fr\/mag-des-competences\/#organization\"},\"potentialAction\":[{\"@type\":\"SearchAction\",\"target\":\"https:\/\/www.comundi.fr\/mag-des-competences\/?s={search_term_string}\",\"query-input\":\"required name=search_term_string\"}],\"inLanguage\":\"fr-FR\"},{\"@type\":\"ImageObject\",\"@id\":\"https:\/\/www.comundi.fr\/mag-des-competences\/pourquoi-est-il-essentiel-de-developper-son-esprit-critique-a-l-ere-de-l-ia\/#primaryimage\",\"inLanguage\":\"fr-FR\",\"url\":\"https:\/\/www.comundi.fr\/mag-des-competences\/wp-content\/uploads\/2025\/11\/Developper-son-esprit-critique-a-lere-de-lIA.jpg\",\"contentUrl\":\"https:\/\/www.comundi.fr\/mag-des-competences\/wp-content\/uploads\/2025\/11\/Developper-son-esprit-critique-a-lere-de-lIA.jpg\",\"width\":1200,\"height\":675,\"caption\":\"D\\u00e9velopper son esprit critique \\u00e0 l'\\u00e8re de l'IA\"},{\"@type\":\"WebPage\",\"@id\":\"https:\/\/www.comundi.fr\/mag-des-competences\/pourquoi-est-il-essentiel-de-developper-son-esprit-critique-a-l-ere-de-l-ia\/#webpage\",\"url\":\"https:\/\/www.comundi.fr\/mag-des-competences\/pourquoi-est-il-essentiel-de-developper-son-esprit-critique-a-l-ere-de-l-ia\/\",\"name\":\"Pourquoi est-il essentiel de d\\u00e9velopper son esprit critique \\u00e0 l\\u2019\\u00e8re de l\\u2019IA ? - Mag des comp\\u00e9tences - Comundi\",\"isPartOf\":{\"@id\":\"https:\/\/www.comundi.fr\/mag-des-competences\/#website\"},\"primaryImageOfPage\":{\"@id\":\"https:\/\/www.comundi.fr\/mag-des-competences\/pourquoi-est-il-essentiel-de-developper-son-esprit-critique-a-l-ere-de-l-ia\/#primaryimage\"},\"datePublished\":\"2025-11-20T12:25:27+00:00\",\"dateModified\":\"2025-11-20T13:21:09+00:00\",\"description\":\"L'esprit critique est une comp\\u00e9tence indispensable pour une bonne utilisation de l'IA. D\\u00e9couvrez nos conseils pour la d\\u00e9velopper.\",\"breadcrumb\":{\"@id\":\"https:\/\/www.comundi.fr\/mag-des-competences\/pourquoi-est-il-essentiel-de-developper-son-esprit-critique-a-l-ere-de-l-ia\/#breadcrumb\"},\"inLanguage\":\"fr-FR\",\"potentialAction\":[{\"@type\":\"ReadAction\",\"target\":[\"https:\/\/www.comundi.fr\/mag-des-competences\/pourquoi-est-il-essentiel-de-developper-son-esprit-critique-a-l-ere-de-l-ia\/\"]}]},{\"@type\":\"BreadcrumbList\",\"@id\":\"https:\/\/www.comundi.fr\/mag-des-competences\/pourquoi-est-il-essentiel-de-developper-son-esprit-critique-a-l-ere-de-l-ia\/#breadcrumb\",\"itemListElement\":[{\"@type\":\"ListItem\",\"position\":1,\"item\":{\"@type\":\"WebPage\",\"@id\":\"https:\/\/www.comundi.fr\/mag-des-competences\/\",\"url\":\"https:\/\/www.comundi.fr\/mag-des-competences\/\",\"name\":\"Accueil\"}},{\"@type\":\"ListItem\",\"position\":2,\"item\":{\"@type\":\"WebPage\",\"@id\":\"https:\/\/www.comundi.fr\/mag-des-competences\/pourquoi-est-il-essentiel-de-developper-son-esprit-critique-a-l-ere-de-l-ia\/\",\"url\":\"https:\/\/www.comundi.fr\/mag-des-competences\/pourquoi-est-il-essentiel-de-developper-son-esprit-critique-a-l-ere-de-l-ia\/\",\"name\":\"Pourquoi est-il essentiel de d\\u00e9velopper son esprit critique \\u00e0 l\\u2019\\u00e8re de l\\u2019IA ?\"}}]},{\"@type\":\"Article\",\"@id\":\"https:\/\/www.comundi.fr\/mag-des-competences\/pourquoi-est-il-essentiel-de-developper-son-esprit-critique-a-l-ere-de-l-ia\/#article\",\"isPartOf\":{\"@id\":\"https:\/\/www.comundi.fr\/mag-des-competences\/pourquoi-est-il-essentiel-de-developper-son-esprit-critique-a-l-ere-de-l-ia\/#webpage\"},\"author\":{\"@id\":\"https:\/\/www.comundi.fr\/mag-des-competences\/#\/schema\/person\/d08f5c2cf9de6fcfd33c30314745578e\"},\"headline\":\"Pourquoi est-il essentiel de d\\u00e9velopper son esprit critique \\u00e0 l\\u2019\\u00e8re de l\\u2019IA ?\",\"datePublished\":\"2025-11-20T12:25:27+00:00\",\"dateModified\":\"2025-11-20T13:21:09+00:00\",\"mainEntityOfPage\":{\"@id\":\"https:\/\/www.comundi.fr\/mag-des-competences\/pourquoi-est-il-essentiel-de-developper-son-esprit-critique-a-l-ere-de-l-ia\/#webpage\"},\"commentCount\":0,\"publisher\":{\"@id\":\"https:\/\/www.comundi.fr\/mag-des-competences\/#organization\"},\"image\":{\"@id\":\"https:\/\/www.comundi.fr\/mag-des-competences\/pourquoi-est-il-essentiel-de-developper-son-esprit-critique-a-l-ere-de-l-ia\/#primaryimage\"},\"articleSection\":\"D\\u00e9veloppement personnel,Intelligence artificielle\",\"inLanguage\":\"fr-FR\",\"potentialAction\":[{\"@type\":\"CommentAction\",\"name\":\"Comment\",\"target\":[\"https:\/\/www.comundi.fr\/mag-des-competences\/pourquoi-est-il-essentiel-de-developper-son-esprit-critique-a-l-ere-de-l-ia\/#respond\"]}]},{\"@type\":\"Person\",\"@id\":\"https:\/\/www.comundi.fr\/mag-des-competences\/#\/schema\/person\/d08f5c2cf9de6fcfd33c30314745578e\",\"name\":\"Comundi\",\"image\":{\"@type\":\"ImageObject\",\"@id\":\"https:\/\/www.comundi.fr\/mag-des-competences\/#personlogo\",\"inLanguage\":\"fr-FR\",\"url\":\"https:\/\/secure.gravatar.com\/avatar\/da2835ae7b2c1279e8e897d242f4cda6?s=96&d=mm&r=g\",\"contentUrl\":\"https:\/\/secure.gravatar.com\/avatar\/da2835ae7b2c1279e8e897d242f4cda6?s=96&d=mm&r=g\",\"caption\":\"Comundi\"}}]}<\/script>\n<!-- \/ Yoast SEO plugin. -->","amp_enabled":true,"_links":{"self":[{"href":"https:\/\/www.comundi.fr\/mag-des-competences\/wp-json\/wp\/v2\/posts\/14652"}],"collection":[{"href":"https:\/\/www.comundi.fr\/mag-des-competences\/wp-json\/wp\/v2\/posts"}],"about":[{"href":"https:\/\/www.comundi.fr\/mag-des-competences\/wp-json\/wp\/v2\/types\/post"}],"author":[{"embeddable":true,"href":"https:\/\/www.comundi.fr\/mag-des-competences\/wp-json\/wp\/v2\/users\/8"}],"replies":[{"embeddable":true,"href":"https:\/\/www.comundi.fr\/mag-des-competences\/wp-json\/wp\/v2\/comments?post=14652"}],"version-history":[{"count":5,"href":"https:\/\/www.comundi.fr\/mag-des-competences\/wp-json\/wp\/v2\/posts\/14652\/revisions"}],"predecessor-version":[{"id":14659,"href":"https:\/\/www.comundi.fr\/mag-des-competences\/wp-json\/wp\/v2\/posts\/14652\/revisions\/14659"}],"wp:featuredmedia":[{"embeddable":true,"href":"https:\/\/www.comundi.fr\/mag-des-competences\/wp-json\/wp\/v2\/media\/14653"}],"wp:attachment":[{"href":"https:\/\/www.comundi.fr\/mag-des-competences\/wp-json\/wp\/v2\/media?parent=14652"}],"wp:term":[{"taxonomy":"category","embeddable":true,"href":"https:\/\/www.comundi.fr\/mag-des-competences\/wp-json\/wp\/v2\/categories?post=14652"}],"curies":[{"name":"wp","href":"https:\/\/api.w.org\/{rel}","templated":true}]}}