{"id":14562,"date":"2025-10-28T16:02:00","date_gmt":"2025-10-28T15:02:00","guid":{"rendered":"https:\/\/www.comundi.fr\/mag-des-competences\/?p=14562"},"modified":"2025-10-31T15:17:18","modified_gmt":"2025-10-31T14:17:18","slug":"creer-avec-l-ia-ce-que-dit-la-loi-pour-vos-contenus-de-com","status":"publish","type":"post","link":"https:\/\/www.comundi.fr\/mag-des-competences\/creer-avec-l-ia-ce-que-dit-la-loi-pour-vos-contenus-de-com\/","title":{"rendered":"Cr\u00e9er avec l\u2019IA : ce que dit la loi pour vos contenus de com\u2019"},"content":{"rendered":"\n<p><strong>Betty Jeulin<\/strong>, r\u00e9pond \u00e0 trois questions pour <a href=\"https:\/\/www.comundi.fr\/\">Comundi<\/a>. Elle interviendra lors de la prochaine <a href=\"https:\/\/www.comundi.fr\/formations\/conference-d-actualite-tendances-communication.html\">Conf\u00e9rence Tendances Communication<\/a> sur le th\u00e8me&nbsp;: \u00ab<em>&nbsp;IA g\u00e9n\u00e9rative&nbsp;: conna\u00eetre le cadre juridique pour vos campagnes de com et cr\u00e9ations&nbsp;<\/em>\u00bb<\/p>\n\n\n\n<h2><strong>Lorsqu\u2019on s\u2019appuie sur l\u2019IA pour produire des supports de communication (pour les r\u00e9seaux sociaux, \u00e9ditoriaux, \u00e9v\u00e8nementiels, commerciaux ou autre..) et que cette derni\u00e8re a g\u00e9n\u00e9r\u00e9 une erreur ou un plagiat. Qui est responsable&nbsp;?<\/strong><\/h2>\n\n\n\n<p>Cette question est tr\u00e8s fr\u00e9quente ! Attention n\u00e9anmoins \u00e0 ne pas confondre <strong>erreur<\/strong> et <strong>plagiat<\/strong>.<\/p>\n\n\n\n<p>En cas d\u2019erreur, c\u2019est-\u00e0-dire de <strong>fausse information g\u00e9n\u00e9r\u00e9e par une IA<\/strong>, c\u2019est le plus souvent la <strong>personne morale ou physique qui est \u00e0 l\u2019origine de cette production de contenu<\/strong> qui sera tenue pour <strong>responsable<\/strong>.<\/p>\n\n\n\n<p>R\u00e9cemment, ce fut le cas pour <strong>Air<\/strong> <strong>Canada<\/strong>, dont le Chabot avait faussement assur\u00e9 \u00e0 un usager qu\u2019il pouvait b\u00e9n\u00e9ficier d\u2019un tarif sp\u00e9cifique. Ce cas a \u00e9t\u00e9 port\u00e9 devant la justice et a fait jurisprudence quand le juge a condamn\u00e9 la compagnie a\u00e9rienne \u00e0 rembourser son client. Autrement dit, <strong>Air Canada a \u00e9t\u00e9 jug\u00e9 responsable des propos erron\u00e9s de son intelligence artificielle<\/strong>.<\/p>\n\n\n\n<p>En cas de plagiat, c\u2019est-\u00e0-dire la <strong>contrefa\u00e7on d\u2019un actif prot\u00e9g\u00e9 par un syst\u00e8me d\u2019IA<\/strong>, la question est de savoir si l\u2019entra\u00eenement des syst\u00e8mes d\u2019IA sur des donn\u00e9es prot\u00e9g\u00e9es constitue, ou non, un acte de contrefa\u00e7on. De nombreux proc\u00e8s sont en cours \u00e0 ce sujet, notamment aux \u00c9tats-Unis.<\/p>\n\n\n\n<p><strong>En communication<\/strong>, <strong>si un contenu porte atteinte \u00e0 des droits de propri\u00e9t\u00e9 intellectuelle<\/strong>, <strong>l\u2019entreprise responsable de la diffusion sera l\u00e9galement responsable du plagiat<\/strong>. Les IA ne constituent pas des sujets de droit, elles ne peuvent dont pas \u00eatre juridiquement coupables de quoi que ce soit.<\/p>\n\n\n\n<h2><strong>Peut-on utiliser des IA g\u00e9n\u00e9ratives pour concevoir des supports de communication : images, textes, musiques\u2026 ?<\/strong><\/h2>\n\n\n\n<p>&nbsp;Oui. Et c\u2019est d\u2019ailleurs d\u00e9j\u00e0 tr\u00e8s largement le cas.&nbsp;<\/p>\n\n\n\n<p>Cependant, quand une marque d\u00e9cide d\u2019utiliser des contenus g\u00e9n\u00e9r\u00e9s par IA pour ses supports de com\u2019, elle doit tout de m\u00eame tenir compte de certaines contraintes. Elle <strong>doit se renseigner sur les conditions d\u2019utilisation des outils qu&rsquo;elle utilise<\/strong>, notamment concernant la confidentialit\u00e9 des inputs et les outputs et les r\u00e8gles de diffusion des donn\u00e9es qu\u2019elle g\u00e9n\u00e8re.<\/p>\n\n\n\n<p>De plus, <strong>c\u2019est \u00e0 la marque de v\u00e9rifier que le r\u00e9sultat final ne porte atteinte \u00e0 aucun droi<\/strong>t (donn\u00e9es personnelles, droit \u00e0 l\u2019image ou \u00e0 la voix, propri\u00e9t\u00e9 intellectuelle\u2026).&nbsp;<\/p>\n\n\n\n<h2><strong>Faut-il le mentionner lorsqu\u2019on diffuse un contenu g\u00e9n\u00e9r\u00e9 par une IA ?<\/strong><\/h2>\n\n\n\n<p>Hormis le cas des deepfakes (contenu hypertruqu\u00e9 qui imite la r\u00e9alit\u00e9 et peut induire en erreur), il n\u2019existe \u00e0 ce jour en Union europ\u00e9enne <strong>aucune loi g\u00e9n\u00e9rale qui oblige \u00e0 mentionner qu\u2019<a href=\"https:\/\/www.comundi.fr\/mag-des-competences\/ia-generative-5-ingredients-pour-ecrire-un-prompt-efficace\/\">un contenu a \u00e9t\u00e9 g\u00e9n\u00e9r\u00e9 par IA<\/a><\/strong>.<\/p>\n\n\n\n<p>En revanche, il existe de <strong>nombreuses obligations sectorielles en communication<\/strong>.<\/p>\n\n\n\n<p>L\u2019Autorit\u00e9 de r\u00e9gulation professionnelle de la publicit\u00e9 (ARPP) pr\u00e9voit que <strong>toute campagne doit \u00eatre \u00ab loyale, v\u00e9ridique et non trompeuse \u00bb<\/strong>. Aussi, <strong>la sinc\u00e9rit\u00e9 de la publicit\u00e9 \u00e0 l\u2019\u00e8re des IA g\u00e9n\u00e9ratives est une donn\u00e9e \u00e0 prendre en compte<\/strong>. Si je ne devais formuler qu\u2019une recommandation, ce serait de toujours <strong>privil\u00e9gier la transparence dans vos communications<\/strong>. D\u2019une part, cela cr\u00e9e un lien de confiance avec les destinataires, d\u2019autre part, cela vous pr\u00e9munit pour l\u2019avenir.<\/p>\n\n\n\n<p>Venez rencontrer <strong>Betty Jeulin<\/strong>, Avocate en droit du num\u00e9rique et propri\u00e9t\u00e9 intellectuelle au sein du<strong> Cabinet Jeulin AVOCATS<\/strong>, le <strong>mardi 25 novembre <\/strong>2025 lors de la <a href=\"https:\/\/www.comundi.fr\/formations\/conference-d-actualite-tendances-communication.html\">conf\u00e9rence Tendances Communication.<\/a><\/p>\n","protected":false},"excerpt":{"rendered":"<p>Betty Jeulin, r\u00e9pond \u00e0 trois questions pour Comundi. Elle interviendra lors de la prochaine Conf\u00e9rence Tendances Communication sur le th\u00e8me&nbsp;: \u00ab&nbsp;IA g\u00e9n\u00e9rative&nbsp;: conna\u00eetre le cadre juridique pour vos campagnes de com et cr\u00e9ations&nbsp;\u00bb Lorsqu\u2019on s\u2019appuie sur l\u2019IA pour produire des supports de communication (pour les r\u00e9seaux sociaux, \u00e9ditoriaux, \u00e9v\u00e8nementiels, commerciaux ou autre..) et que cette [&hellip;]<\/p>\n","protected":false},"author":8,"featured_media":14566,"comment_status":"open","ping_status":"open","sticky":false,"template":"","format":"standard","meta":{"_mi_skip_tracking":false},"categories":[187,216],"yoast_head":"<!-- This site is optimized with the Yoast SEO plugin v16.1 - https:\/\/yoast.com\/wordpress\/plugins\/seo\/ -->\n<title>Cr\u00e9er avec l\u2019IA : ce que dit la loi pour vos contenus de com\u2019 - Mag des comp\u00e9tences - Comundi<\/title>\n<meta name=\"description\" content=\"D\u00e9couvrez l&#039;interview de Betty Jeulin sur ce que dit la loi sur la cr\u00e9ation avec l&#039;intelligence artificielle.\" \/>\n<meta name=\"robots\" content=\"index, follow, max-snippet:-1, max-image-preview:large, max-video-preview:-1\" \/>\n<link rel=\"canonical\" href=\"https:\/\/www.comundi.fr\/mag-des-competences\/creer-avec-l-ia-ce-que-dit-la-loi-pour-vos-contenus-de-com\/\" \/>\n<meta property=\"og:locale\" content=\"fr_FR\" \/>\n<meta property=\"og:type\" content=\"article\" \/>\n<meta property=\"og:title\" content=\"Cr\u00e9er avec l\u2019IA : ce que dit la loi pour vos contenus de com\u2019 - Mag des comp\u00e9tences - Comundi\" \/>\n<meta property=\"og:description\" content=\"D\u00e9couvrez l&#039;interview de Betty Jeulin sur ce que dit la loi sur la cr\u00e9ation avec l&#039;intelligence artificielle.\" \/>\n<meta property=\"og:url\" content=\"https:\/\/www.comundi.fr\/mag-des-competences\/creer-avec-l-ia-ce-que-dit-la-loi-pour-vos-contenus-de-com\/\" \/>\n<meta property=\"og:site_name\" content=\"Mag des comp\u00e9tences - Comundi\" \/>\n<meta property=\"article:publisher\" content=\"https:\/\/www.facebook.com\/Comundi\/?fref=ts\" \/>\n<meta property=\"article:published_time\" content=\"2025-10-28T15:02:00+00:00\" \/>\n<meta property=\"article:modified_time\" content=\"2025-10-31T14:17:18+00:00\" \/>\n<meta property=\"og:image\" content=\"https:\/\/www.comundi.fr\/mag-des-competences\/wp-content\/uploads\/2025\/10\/Mag-des-competences-ITW-Betty-Jeulin-1.jpg\" \/>\n\t<meta property=\"og:image:width\" content=\"1200\" \/>\n\t<meta property=\"og:image:height\" content=\"675\" \/>\n<meta name=\"twitter:card\" content=\"summary_large_image\" \/>\n<meta name=\"twitter:creator\" content=\"@ComundiActu\" \/>\n<meta name=\"twitter:site\" content=\"@ComundiActu\" \/>\n<meta name=\"twitter:label1\" content=\"Dur\u00e9e de lecture est.\">\n\t<meta name=\"twitter:data1\" content=\"3 minutes\">\n<script type=\"application\/ld+json\" class=\"yoast-schema-graph\">{\"@context\":\"https:\/\/schema.org\",\"@graph\":[{\"@type\":\"Organization\",\"@id\":\"https:\/\/www.comundi.fr\/mag-des-competences\/#organization\",\"name\":\"Comundi\",\"url\":\"https:\/\/www.comundi.fr\/mag-des-competences\/\",\"sameAs\":[\"https:\/\/www.facebook.com\/Comundi\/?fref=ts\",\"https:\/\/www.linkedin.com\/company\/comundi\/\",\"https:\/\/www.youtube.com\/user\/ComundiFormations\",\"https:\/\/twitter.com\/ComundiActu\"],\"logo\":{\"@type\":\"ImageObject\",\"@id\":\"https:\/\/www.comundi.fr\/mag-des-competences\/#logo\",\"inLanguage\":\"fr-FR\",\"url\":\"https:\/\/www.comundi.fr\/mag-des-competences\/wp-content\/uploads\/2018\/01\/comundi.png\",\"contentUrl\":\"https:\/\/www.comundi.fr\/mag-des-competences\/wp-content\/uploads\/2018\/01\/comundi.png\",\"width\":300,\"height\":300,\"caption\":\"Comundi\"},\"image\":{\"@id\":\"https:\/\/www.comundi.fr\/mag-des-competences\/#logo\"}},{\"@type\":\"WebSite\",\"@id\":\"https:\/\/www.comundi.fr\/mag-des-competences\/#website\",\"url\":\"https:\/\/www.comundi.fr\/mag-des-competences\/\",\"name\":\"Mag des comp\\u00e9tences - Comundi\",\"description\":\"Le magazine des m\\u00e9tiers de demain\",\"publisher\":{\"@id\":\"https:\/\/www.comundi.fr\/mag-des-competences\/#organization\"},\"potentialAction\":[{\"@type\":\"SearchAction\",\"target\":\"https:\/\/www.comundi.fr\/mag-des-competences\/?s={search_term_string}\",\"query-input\":\"required name=search_term_string\"}],\"inLanguage\":\"fr-FR\"},{\"@type\":\"ImageObject\",\"@id\":\"https:\/\/www.comundi.fr\/mag-des-competences\/creer-avec-l-ia-ce-que-dit-la-loi-pour-vos-contenus-de-com\/#primaryimage\",\"inLanguage\":\"fr-FR\",\"url\":\"https:\/\/www.comundi.fr\/mag-des-competences\/wp-content\/uploads\/2025\/10\/Mag-des-competences-ITW-Betty-Jeulin-1.jpg\",\"contentUrl\":\"https:\/\/www.comundi.fr\/mag-des-competences\/wp-content\/uploads\/2025\/10\/Mag-des-competences-ITW-Betty-Jeulin-1.jpg\",\"width\":1200,\"height\":675,\"caption\":\"Interview de Betty Jeulin\"},{\"@type\":\"WebPage\",\"@id\":\"https:\/\/www.comundi.fr\/mag-des-competences\/creer-avec-l-ia-ce-que-dit-la-loi-pour-vos-contenus-de-com\/#webpage\",\"url\":\"https:\/\/www.comundi.fr\/mag-des-competences\/creer-avec-l-ia-ce-que-dit-la-loi-pour-vos-contenus-de-com\/\",\"name\":\"Cr\\u00e9er avec l\\u2019IA : ce que dit la loi pour vos contenus de com\\u2019 - Mag des comp\\u00e9tences - Comundi\",\"isPartOf\":{\"@id\":\"https:\/\/www.comundi.fr\/mag-des-competences\/#website\"},\"primaryImageOfPage\":{\"@id\":\"https:\/\/www.comundi.fr\/mag-des-competences\/creer-avec-l-ia-ce-que-dit-la-loi-pour-vos-contenus-de-com\/#primaryimage\"},\"datePublished\":\"2025-10-28T15:02:00+00:00\",\"dateModified\":\"2025-10-31T14:17:18+00:00\",\"description\":\"D\\u00e9couvrez l'interview de Betty Jeulin sur ce que dit la loi sur la cr\\u00e9ation avec l'intelligence artificielle.\",\"breadcrumb\":{\"@id\":\"https:\/\/www.comundi.fr\/mag-des-competences\/creer-avec-l-ia-ce-que-dit-la-loi-pour-vos-contenus-de-com\/#breadcrumb\"},\"inLanguage\":\"fr-FR\",\"potentialAction\":[{\"@type\":\"ReadAction\",\"target\":[\"https:\/\/www.comundi.fr\/mag-des-competences\/creer-avec-l-ia-ce-que-dit-la-loi-pour-vos-contenus-de-com\/\"]}]},{\"@type\":\"BreadcrumbList\",\"@id\":\"https:\/\/www.comundi.fr\/mag-des-competences\/creer-avec-l-ia-ce-que-dit-la-loi-pour-vos-contenus-de-com\/#breadcrumb\",\"itemListElement\":[{\"@type\":\"ListItem\",\"position\":1,\"item\":{\"@type\":\"WebPage\",\"@id\":\"https:\/\/www.comundi.fr\/mag-des-competences\/\",\"url\":\"https:\/\/www.comundi.fr\/mag-des-competences\/\",\"name\":\"Accueil\"}},{\"@type\":\"ListItem\",\"position\":2,\"item\":{\"@type\":\"WebPage\",\"@id\":\"https:\/\/www.comundi.fr\/mag-des-competences\/creer-avec-l-ia-ce-que-dit-la-loi-pour-vos-contenus-de-com\/\",\"url\":\"https:\/\/www.comundi.fr\/mag-des-competences\/creer-avec-l-ia-ce-que-dit-la-loi-pour-vos-contenus-de-com\/\",\"name\":\"Cr\\u00e9er avec l\\u2019IA : ce que dit la loi pour vos contenus de com\\u2019\"}}]},{\"@type\":\"Article\",\"@id\":\"https:\/\/www.comundi.fr\/mag-des-competences\/creer-avec-l-ia-ce-que-dit-la-loi-pour-vos-contenus-de-com\/#article\",\"isPartOf\":{\"@id\":\"https:\/\/www.comundi.fr\/mag-des-competences\/creer-avec-l-ia-ce-que-dit-la-loi-pour-vos-contenus-de-com\/#webpage\"},\"author\":{\"@id\":\"https:\/\/www.comundi.fr\/mag-des-competences\/#\/schema\/person\/d08f5c2cf9de6fcfd33c30314745578e\"},\"headline\":\"Cr\\u00e9er avec l\\u2019IA : ce que dit la loi pour vos contenus de com\\u2019\",\"datePublished\":\"2025-10-28T15:02:00+00:00\",\"dateModified\":\"2025-10-31T14:17:18+00:00\",\"mainEntityOfPage\":{\"@id\":\"https:\/\/www.comundi.fr\/mag-des-competences\/creer-avec-l-ia-ce-que-dit-la-loi-pour-vos-contenus-de-com\/#webpage\"},\"commentCount\":0,\"publisher\":{\"@id\":\"https:\/\/www.comundi.fr\/mag-des-competences\/#organization\"},\"image\":{\"@id\":\"https:\/\/www.comundi.fr\/mag-des-competences\/creer-avec-l-ia-ce-que-dit-la-loi-pour-vos-contenus-de-com\/#primaryimage\"},\"articleSection\":\"Communication,Intelligence artificielle\",\"inLanguage\":\"fr-FR\",\"potentialAction\":[{\"@type\":\"CommentAction\",\"name\":\"Comment\",\"target\":[\"https:\/\/www.comundi.fr\/mag-des-competences\/creer-avec-l-ia-ce-que-dit-la-loi-pour-vos-contenus-de-com\/#respond\"]}]},{\"@type\":\"Person\",\"@id\":\"https:\/\/www.comundi.fr\/mag-des-competences\/#\/schema\/person\/d08f5c2cf9de6fcfd33c30314745578e\",\"name\":\"Comundi\",\"image\":{\"@type\":\"ImageObject\",\"@id\":\"https:\/\/www.comundi.fr\/mag-des-competences\/#personlogo\",\"inLanguage\":\"fr-FR\",\"url\":\"https:\/\/secure.gravatar.com\/avatar\/da2835ae7b2c1279e8e897d242f4cda6?s=96&d=mm&r=g\",\"contentUrl\":\"https:\/\/secure.gravatar.com\/avatar\/da2835ae7b2c1279e8e897d242f4cda6?s=96&d=mm&r=g\",\"caption\":\"Comundi\"}}]}<\/script>\n<!-- \/ Yoast SEO plugin. -->","amp_enabled":true,"_links":{"self":[{"href":"https:\/\/www.comundi.fr\/mag-des-competences\/wp-json\/wp\/v2\/posts\/14562"}],"collection":[{"href":"https:\/\/www.comundi.fr\/mag-des-competences\/wp-json\/wp\/v2\/posts"}],"about":[{"href":"https:\/\/www.comundi.fr\/mag-des-competences\/wp-json\/wp\/v2\/types\/post"}],"author":[{"embeddable":true,"href":"https:\/\/www.comundi.fr\/mag-des-competences\/wp-json\/wp\/v2\/users\/8"}],"replies":[{"embeddable":true,"href":"https:\/\/www.comundi.fr\/mag-des-competences\/wp-json\/wp\/v2\/comments?post=14562"}],"version-history":[{"count":3,"href":"https:\/\/www.comundi.fr\/mag-des-competences\/wp-json\/wp\/v2\/posts\/14562\/revisions"}],"predecessor-version":[{"id":14582,"href":"https:\/\/www.comundi.fr\/mag-des-competences\/wp-json\/wp\/v2\/posts\/14562\/revisions\/14582"}],"wp:featuredmedia":[{"embeddable":true,"href":"https:\/\/www.comundi.fr\/mag-des-competences\/wp-json\/wp\/v2\/media\/14566"}],"wp:attachment":[{"href":"https:\/\/www.comundi.fr\/mag-des-competences\/wp-json\/wp\/v2\/media?parent=14562"}],"wp:term":[{"taxonomy":"category","embeddable":true,"href":"https:\/\/www.comundi.fr\/mag-des-competences\/wp-json\/wp\/v2\/categories?post=14562"}],"curies":[{"name":"wp","href":"https:\/\/api.w.org\/{rel}","templated":true}]}}