{"id":14530,"date":"2025-10-21T08:50:00","date_gmt":"2025-10-21T06:50:00","guid":{"rendered":"https:\/\/www.comundi.fr\/mag-des-competences\/?p=14530"},"modified":"2025-10-21T16:22:07","modified_gmt":"2025-10-21T14:22:07","slug":"les-salaries-restent-tres-attaches-au-teletravail","status":"publish","type":"post","link":"https:\/\/www.comundi.fr\/mag-des-competences\/les-salaries-restent-tres-attaches-au-teletravail\/","title":{"rendered":"Les salari\u00e9s restent tr\u00e8s attach\u00e9s au t\u00e9l\u00e9travail"},"content":{"rendered":"\n<p>Si des entreprises cherchent \u00e0 r\u00e9duire le t\u00e9l\u00e9travail, on ne peut pas parler d&rsquo;inversion de tendance, montre une \u00e9tude de l&rsquo;Observatoire du t\u00e9l\u00e9travail. Cette derni\u00e8re indique qu&rsquo;un salari\u00e9 sur deux se d\u00e9clare pr\u00eat \u00e0 d\u00e9missionner en cas de suppression du t\u00e9l\u00e9travail.<\/p>\n\n\n\n<p>\u00ab T\u00e9l\u00e9travail : stop ou encore ? \u00bb Ces derniers temps, les cas d&rsquo;entreprises remettant en question ce mode d&rsquo;organisation du travail qui a chang\u00e9 de dimension depuis le Covid, se sont multipli\u00e9s. Mais derri\u00e8re ces annonces souvent tr\u00e8s m\u00e9diatiques, l&rsquo;enqu\u00eate r\u00e9alis\u00e9e par l&rsquo;Observatoire du t\u00e9l\u00e9travail (cr\u00e9\u00e9 par l&rsquo;Union des ing\u00e9nieurs, cadres et techniciens de la CGT) montre qu&rsquo;il n&rsquo;y a pas v\u00e9ritablement de contre-r\u00e9volution.<\/p>\n\n\n\n<p><a href=\"https:\/\/www.comundi.fr\/mag-des-competences\/lannee-2025-retour-au-bureau-et-fin-du-teletravail\/\">De fait, 77 % des salari\u00e9s du priv\u00e9 et du public affirment que le recours au travail \u00e0 distance n&rsquo;a pas \u00e9t\u00e9 supprim\u00e9<\/a>, selon l&rsquo;\u00e9tude r\u00e9alis\u00e9e entre mars et mai 2025 aupr\u00e8s de 5.000 r\u00e9pondants, dont 62 % de cadres et 26 % de professions interm\u00e9diaires.&nbsp;<\/p>\n\n\n\n<h2><strong>\u00ab Recul du nombre de jours t\u00e9l\u00e9travaill\u00e9s \u00bb<\/strong><\/h2>\n\n\n\n<p>Seules 7 % des personnes interrog\u00e9es notent que le <a href=\"https:\/\/www.comundi.fr\/formations\/formation-etre-efficace-en-teletravail.html\">travail \u00e0 distance<\/a> a \u00e9t\u00e9 supprim\u00e9 \u00ab dans certains services \u00bb. 31 % des personnes interrog\u00e9es signalent que leur employeur encourage le retour sur le site \u00ab de mani\u00e8re informelle \u00bb. La proportion de personnes qui ne sait pas ce qu&rsquo;il en est n&rsquo;est pas n\u00e9gligeable (12 %).<\/p>\n\n\n\n<p>Ce n&rsquo;est pas tant la suppression du recours au t\u00e9l\u00e9travail qui est \u00e0 l&rsquo;oeuvre mais plut\u00f4t un recul du nombre de jours t\u00e9l\u00e9travaill\u00e9s dans la semaine \u00bb, souligne l&rsquo;enqu\u00eate. Le mouvement n&rsquo;est cependant pas &#8211; ou pas encore &#8211; suffisant pour modifier le poids global de cette forme particuli\u00e8re d&rsquo;organisation du travail. L&rsquo;enqu\u00eate montre que lorsqu&rsquo;elle existe, elle s&rsquo;applique en moyenne deux jours par semaine, comme en 2023.<\/p>\n\n\n\n<p><a href=\"https:\/\/www.comundi.fr\/mag-des-competences\/performance-bien-etre-et-teletravail-comment-preserver-la-sante-de-vos-salaries\/\">Les salari\u00e9s qui pratiquent le travail \u00e0 distance ne vont pas s&rsquo;en plaindre. <\/a>Visiblement tr\u00e8s attach\u00e9s \u00e0 pouvoir travailler chez eux, 73 % des r\u00e9pondants affirment \u00ab tr\u00e8s bien vivre leur situation de t\u00e9l\u00e9travail \u00bb et 22 % la vivre \u00ab plut\u00f4t bien \u00bb, contre 1 % qui la vit \u00ab tr\u00e8s mal \u00bb et 4 % \u00ab plut\u00f4t mal \u00bb. Un salari\u00e9 sur deux se d\u00e9clare m\u00eame pr\u00eat \u00e0 d\u00e9missionner en cas de suppression du t\u00e9l\u00e9travail.<\/p>\n\n\n\n<h2><strong>D\u00e9bat sur la productivit\u00e9 du t\u00e9l\u00e9travailleur<\/strong><\/h2>\n\n\n\n<p>C&rsquo;est particuli\u00e8rement le cas chez les jeunes qui sont surrepr\u00e9sent\u00e9s parmi ces \u00ab accros \u00bb au t\u00e9l\u00e9travail : 22 % ont moins de 30 ans contre 10 % parmi l&rsquo;ensemble des r\u00e9pondants. Les seniors n&rsquo;en repr\u00e9sentent que 11 %. \u00ab A partir du moment o\u00f9 on a acquis une certaine stabilit\u00e9 professionnelle, \u00e7a peut \u00eatre plus compliqu\u00e9 et il faut aussi compter avec la difficult\u00e9 \u00e0 trouver un autre emploi \u00bb, a soulign\u00e9 Emmanuelle Lavignac de l&rsquo;Ugict-CGT, qui dirige l&rsquo;observatoire.<\/p>\n\n\n\n<p>Le fort attachement au t\u00e9l\u00e9travail constat\u00e9 globalement ne tient pas au fait de pouvoir moins en faire. S&rsquo;il y a d\u00e9bat sur la productivit\u00e9 du t\u00e9l\u00e9travailleur, seules 4,5 % des personnes ayant r\u00e9pondu \u00e0 l&rsquo;enqu\u00eate d\u00e9clarent travailler moins qu&rsquo;en pr\u00e9sentiel. Pour 18 %, c&rsquo;est l&rsquo;inverse. Pour 77 %, la dur\u00e9e du travail est inchang\u00e9e.<\/p>\n\n\n\n<p>L&rsquo;attachement se mesure aussi par le relativement faible succ\u00e8s de la proposition test\u00e9e dans l&rsquo;enqu\u00eate d&rsquo;un retour \u00e0 plein temps sur le lieu de travail en \u00e9change d&rsquo;une r\u00e9duction du temps de travail avec maintien du salaire. Moins de la moiti\u00e9 des r\u00e9pondants sont pr\u00eats \u00e0 toper.<\/p>\n\n\n\n<h2><strong>Un \u00ab palliatif \u00bb \u00e0 l&rsquo;arr\u00eat maladie<\/strong><\/h2>\n\n\n\n<p>Les travaux de l&rsquo;observatoire explorent en outre un sujet rarement \u00e9voqu\u00e9 mais qui est pourtant source de productivit\u00e9, celui du t\u00e9l\u00e9travail comme \u00ab palliatif \u00bb \u00e0 l&rsquo;arr\u00eat maladie. 76 % des personnes interrog\u00e9es d\u00e9clarent en effet avoir d\u00e9j\u00e0 t\u00e9l\u00e9travaill\u00e9 tout en \u00e9tant malade. Les raisons invoqu\u00e9es sont nombreuses : pas de rendez-vous avec un m\u00e9decin, des \u00ab sympt\u00f4mes l\u00e9gers d&rsquo;une maladie chronique \u00bb, mais aussi une charge de travail trop importante ou le moyen d&rsquo;\u00e9viter une perte de salaire\u2026 La garde d&rsquo;un enfant est \u00e9galement \u00e9voqu\u00e9e.<\/p>\n\n\n\n<p>L&rsquo;enqu\u00eate pointe par ailleurs un sujet r\u00e9current : celui des managers, \u00ab les grands oubli\u00e9s du t\u00e9l\u00e9travail \u00bb, note Emmanuelle Lavignac. \u00ab \u00ab Vous devez g\u00e9rer des satellites, faites au mieux \u00bb, leur dit-on \u00bb, r\u00e9sume Caroline Diard, professeure associ\u00e9e \u00e0 TBS Education d\u00e9partement Management des ressources humaines et droit des affaires, qui a travaill\u00e9 sur l&rsquo;enqu\u00eate. Celle-ci montre qu&rsquo;ils sont plus fr\u00e9quemment que les autres salari\u00e9s \u00e0 \u00eatre stress\u00e9s et \u00e0 manquer de sommeil. 71 % d\u00e9clarent ne jamais avoir \u00e9t\u00e9 form\u00e9s au management \u00e0 distance et 9 % l&rsquo;ont \u00e9t\u00e9, mais insuffisamment.<br><br>Le\u00efla de Comarmond<\/p>\n","protected":false},"excerpt":{"rendered":"<p>Si des entreprises cherchent \u00e0 r\u00e9duire le t\u00e9l\u00e9travail, on ne peut pas parler d&rsquo;inversion de tendance, montre une \u00e9tude de l&rsquo;Observatoire du t\u00e9l\u00e9travail. Cette derni\u00e8re indique qu&rsquo;un salari\u00e9 sur deux se d\u00e9clare pr\u00eat \u00e0 d\u00e9missionner en cas de suppression du t\u00e9l\u00e9travail. \u00ab T\u00e9l\u00e9travail : stop ou encore ? \u00bb Ces derniers temps, les cas d&rsquo;entreprises [&hellip;]<\/p>\n","protected":false},"author":6,"featured_media":14531,"comment_status":"open","ping_status":"open","sticky":false,"template":"","format":"standard","meta":{"_mi_skip_tracking":false},"categories":[200],"yoast_head":"<!-- This site is optimized with the Yoast SEO plugin v16.1 - https:\/\/yoast.com\/wordpress\/plugins\/seo\/ -->\n<title>Les salari\u00e9s restent tr\u00e8s attach\u00e9s au t\u00e9l\u00e9travail - Mag des comp\u00e9tences - Comundi<\/title>\n<meta name=\"description\" content=\"En 2025, les salari\u00e9s restent tr\u00e8s attach\u00e9s au t\u00e9l\u00e9travail, influen\u00e7ant productivit\u00e9, management et qualit\u00e9 de vie au travail.\" \/>\n<meta name=\"robots\" content=\"index, nofollow, max-snippet:-1, max-image-preview:large, max-video-preview:-1\" \/>\n<link rel=\"canonical\" href=\"https:\/\/www.comundi.fr\/mag-des-competences\/les-salaries-restent-tres-attaches-au-teletravail\/\" \/>\n<meta property=\"og:locale\" content=\"fr_FR\" \/>\n<meta property=\"og:type\" content=\"article\" \/>\n<meta property=\"og:title\" content=\"Les salari\u00e9s restent tr\u00e8s attach\u00e9s au t\u00e9l\u00e9travail - Mag des comp\u00e9tences - Comundi\" \/>\n<meta property=\"og:description\" content=\"En 2025, les salari\u00e9s restent tr\u00e8s attach\u00e9s au t\u00e9l\u00e9travail, influen\u00e7ant productivit\u00e9, management et qualit\u00e9 de vie au travail.\" \/>\n<meta property=\"og:url\" content=\"https:\/\/www.comundi.fr\/mag-des-competences\/les-salaries-restent-tres-attaches-au-teletravail\/\" \/>\n<meta property=\"og:site_name\" content=\"Mag des comp\u00e9tences - Comundi\" \/>\n<meta property=\"article:publisher\" content=\"https:\/\/www.facebook.com\/Comundi\/?fref=ts\" \/>\n<meta property=\"article:published_time\" content=\"2025-10-21T06:50:00+00:00\" \/>\n<meta property=\"article:modified_time\" content=\"2025-10-21T14:22:07+00:00\" \/>\n<meta property=\"og:image\" content=\"https:\/\/www.comundi.fr\/mag-des-competences\/wp-content\/uploads\/2025\/10\/Design-sans-titre.jpg\" \/>\n\t<meta property=\"og:image:width\" content=\"1200\" \/>\n\t<meta property=\"og:image:height\" content=\"676\" \/>\n<meta name=\"twitter:card\" content=\"summary_large_image\" \/>\n<meta name=\"twitter:creator\" content=\"@ComundiActu\" \/>\n<meta name=\"twitter:site\" content=\"@ComundiActu\" \/>\n<meta name=\"twitter:label1\" content=\"Dur\u00e9e de lecture est.\">\n\t<meta name=\"twitter:data1\" content=\"4 minutes\">\n<script type=\"application\/ld+json\" class=\"yoast-schema-graph\">{\"@context\":\"https:\/\/schema.org\",\"@graph\":[{\"@type\":\"Organization\",\"@id\":\"https:\/\/www.comundi.fr\/mag-des-competences\/#organization\",\"name\":\"Comundi\",\"url\":\"https:\/\/www.comundi.fr\/mag-des-competences\/\",\"sameAs\":[\"https:\/\/www.facebook.com\/Comundi\/?fref=ts\",\"https:\/\/www.linkedin.com\/company\/comundi\/\",\"https:\/\/www.youtube.com\/user\/ComundiFormations\",\"https:\/\/twitter.com\/ComundiActu\"],\"logo\":{\"@type\":\"ImageObject\",\"@id\":\"https:\/\/www.comundi.fr\/mag-des-competences\/#logo\",\"inLanguage\":\"fr-FR\",\"url\":\"https:\/\/www.comundi.fr\/mag-des-competences\/wp-content\/uploads\/2018\/01\/comundi.png\",\"contentUrl\":\"https:\/\/www.comundi.fr\/mag-des-competences\/wp-content\/uploads\/2018\/01\/comundi.png\",\"width\":300,\"height\":300,\"caption\":\"Comundi\"},\"image\":{\"@id\":\"https:\/\/www.comundi.fr\/mag-des-competences\/#logo\"}},{\"@type\":\"WebSite\",\"@id\":\"https:\/\/www.comundi.fr\/mag-des-competences\/#website\",\"url\":\"https:\/\/www.comundi.fr\/mag-des-competences\/\",\"name\":\"Mag des comp\\u00e9tences - Comundi\",\"description\":\"Le magazine des m\\u00e9tiers de demain\",\"publisher\":{\"@id\":\"https:\/\/www.comundi.fr\/mag-des-competences\/#organization\"},\"potentialAction\":[{\"@type\":\"SearchAction\",\"target\":\"https:\/\/www.comundi.fr\/mag-des-competences\/?s={search_term_string}\",\"query-input\":\"required name=search_term_string\"}],\"inLanguage\":\"fr-FR\"},{\"@type\":\"ImageObject\",\"@id\":\"https:\/\/www.comundi.fr\/mag-des-competences\/les-salaries-restent-tres-attaches-au-teletravail\/#primaryimage\",\"inLanguage\":\"fr-FR\",\"url\":\"https:\/\/www.comundi.fr\/mag-des-competences\/wp-content\/uploads\/2025\/10\/Design-sans-titre.jpg\",\"contentUrl\":\"https:\/\/www.comundi.fr\/mag-des-competences\/wp-content\/uploads\/2025\/10\/Design-sans-titre.jpg\",\"width\":1200,\"height\":676},{\"@type\":\"WebPage\",\"@id\":\"https:\/\/www.comundi.fr\/mag-des-competences\/les-salaries-restent-tres-attaches-au-teletravail\/#webpage\",\"url\":\"https:\/\/www.comundi.fr\/mag-des-competences\/les-salaries-restent-tres-attaches-au-teletravail\/\",\"name\":\"Les salari\\u00e9s restent tr\\u00e8s attach\\u00e9s au t\\u00e9l\\u00e9travail - Mag des comp\\u00e9tences - Comundi\",\"isPartOf\":{\"@id\":\"https:\/\/www.comundi.fr\/mag-des-competences\/#website\"},\"primaryImageOfPage\":{\"@id\":\"https:\/\/www.comundi.fr\/mag-des-competences\/les-salaries-restent-tres-attaches-au-teletravail\/#primaryimage\"},\"datePublished\":\"2025-10-21T06:50:00+00:00\",\"dateModified\":\"2025-10-21T14:22:07+00:00\",\"description\":\"En 2025, les salari\\u00e9s restent tr\\u00e8s attach\\u00e9s au t\\u00e9l\\u00e9travail, influen\\u00e7ant productivit\\u00e9, management et qualit\\u00e9 de vie au travail.\",\"breadcrumb\":{\"@id\":\"https:\/\/www.comundi.fr\/mag-des-competences\/les-salaries-restent-tres-attaches-au-teletravail\/#breadcrumb\"},\"inLanguage\":\"fr-FR\",\"potentialAction\":[{\"@type\":\"ReadAction\",\"target\":[\"https:\/\/www.comundi.fr\/mag-des-competences\/les-salaries-restent-tres-attaches-au-teletravail\/\"]}]},{\"@type\":\"BreadcrumbList\",\"@id\":\"https:\/\/www.comundi.fr\/mag-des-competences\/les-salaries-restent-tres-attaches-au-teletravail\/#breadcrumb\",\"itemListElement\":[{\"@type\":\"ListItem\",\"position\":1,\"item\":{\"@type\":\"WebPage\",\"@id\":\"https:\/\/www.comundi.fr\/mag-des-competences\/\",\"url\":\"https:\/\/www.comundi.fr\/mag-des-competences\/\",\"name\":\"Accueil\"}},{\"@type\":\"ListItem\",\"position\":2,\"item\":{\"@type\":\"WebPage\",\"@id\":\"https:\/\/www.comundi.fr\/mag-des-competences\/les-salaries-restent-tres-attaches-au-teletravail\/\",\"url\":\"https:\/\/www.comundi.fr\/mag-des-competences\/les-salaries-restent-tres-attaches-au-teletravail\/\",\"name\":\"Les salari\\u00e9s restent tr\\u00e8s attach\\u00e9s au t\\u00e9l\\u00e9travail\"}}]},{\"@type\":\"Article\",\"@id\":\"https:\/\/www.comundi.fr\/mag-des-competences\/les-salaries-restent-tres-attaches-au-teletravail\/#article\",\"isPartOf\":{\"@id\":\"https:\/\/www.comundi.fr\/mag-des-competences\/les-salaries-restent-tres-attaches-au-teletravail\/#webpage\"},\"author\":{\"@id\":\"https:\/\/www.comundi.fr\/mag-des-competences\/#\/schema\/person\/96b8f219e4cddee126473c6fbcc0e089\"},\"headline\":\"Les salari\\u00e9s restent tr\\u00e8s attach\\u00e9s au t\\u00e9l\\u00e9travail\",\"datePublished\":\"2025-10-21T06:50:00+00:00\",\"dateModified\":\"2025-10-21T14:22:07+00:00\",\"mainEntityOfPage\":{\"@id\":\"https:\/\/www.comundi.fr\/mag-des-competences\/les-salaries-restent-tres-attaches-au-teletravail\/#webpage\"},\"commentCount\":0,\"publisher\":{\"@id\":\"https:\/\/www.comundi.fr\/mag-des-competences\/#organization\"},\"image\":{\"@id\":\"https:\/\/www.comundi.fr\/mag-des-competences\/les-salaries-restent-tres-attaches-au-teletravail\/#primaryimage\"},\"articleSection\":\"Ressources humaines\",\"inLanguage\":\"fr-FR\",\"potentialAction\":[{\"@type\":\"CommentAction\",\"name\":\"Comment\",\"target\":[\"https:\/\/www.comundi.fr\/mag-des-competences\/les-salaries-restent-tres-attaches-au-teletravail\/#respond\"]}]},{\"@type\":\"Person\",\"@id\":\"https:\/\/www.comundi.fr\/mag-des-competences\/#\/schema\/person\/96b8f219e4cddee126473c6fbcc0e089\",\"name\":\"Les Echos\",\"image\":{\"@type\":\"ImageObject\",\"@id\":\"https:\/\/www.comundi.fr\/mag-des-competences\/#personlogo\",\"inLanguage\":\"fr-FR\",\"url\":\"https:\/\/secure.gravatar.com\/avatar\/041d1b3114ce5dce17eaefa721d4ed06?s=96&d=mm&r=g\",\"contentUrl\":\"https:\/\/secure.gravatar.com\/avatar\/041d1b3114ce5dce17eaefa721d4ed06?s=96&d=mm&r=g\",\"caption\":\"Les Echos\"}}]}<\/script>\n<!-- \/ Yoast SEO plugin. -->","amp_enabled":true,"_links":{"self":[{"href":"https:\/\/www.comundi.fr\/mag-des-competences\/wp-json\/wp\/v2\/posts\/14530"}],"collection":[{"href":"https:\/\/www.comundi.fr\/mag-des-competences\/wp-json\/wp\/v2\/posts"}],"about":[{"href":"https:\/\/www.comundi.fr\/mag-des-competences\/wp-json\/wp\/v2\/types\/post"}],"author":[{"embeddable":true,"href":"https:\/\/www.comundi.fr\/mag-des-competences\/wp-json\/wp\/v2\/users\/6"}],"replies":[{"embeddable":true,"href":"https:\/\/www.comundi.fr\/mag-des-competences\/wp-json\/wp\/v2\/comments?post=14530"}],"version-history":[{"count":4,"href":"https:\/\/www.comundi.fr\/mag-des-competences\/wp-json\/wp\/v2\/posts\/14530\/revisions"}],"predecessor-version":[{"id":14538,"href":"https:\/\/www.comundi.fr\/mag-des-competences\/wp-json\/wp\/v2\/posts\/14530\/revisions\/14538"}],"wp:featuredmedia":[{"embeddable":true,"href":"https:\/\/www.comundi.fr\/mag-des-competences\/wp-json\/wp\/v2\/media\/14531"}],"wp:attachment":[{"href":"https:\/\/www.comundi.fr\/mag-des-competences\/wp-json\/wp\/v2\/media?parent=14530"}],"wp:term":[{"taxonomy":"category","embeddable":true,"href":"https:\/\/www.comundi.fr\/mag-des-competences\/wp-json\/wp\/v2\/categories?post=14530"}],"curies":[{"name":"wp","href":"https:\/\/api.w.org\/{rel}","templated":true}]}}