{"id":14448,"date":"2025-10-06T17:37:38","date_gmt":"2025-10-06T15:37:38","guid":{"rendered":"https:\/\/www.comundi.fr\/mag-des-competences\/?p=14448"},"modified":"2025-10-06T17:49:05","modified_gmt":"2025-10-06T15:49:05","slug":"grand-forum-des-marches-publics-penser-et-agir-linterview-croisee-des-presidents-de-journees","status":"publish","type":"post","link":"https:\/\/www.comundi.fr\/mag-des-competences\/grand-forum-des-marches-publics-penser-et-agir-linterview-croisee-des-presidents-de-journees\/","title":{"rendered":"Grand Forum des March\u00e9s Publics : Penser et agir, l\u2019interview crois\u00e9e des pr\u00e9sidents de journ\u00e9es"},"content":{"rendered":"\n<p>\u00c0 l\u2019occasion de sa 31\u00e8me \u00e9dition, le <strong><a href=\"https:\/\/www.comundi.fr\/formations\/grand-forum-des-marches-publics.html\">Grand Forum des March\u00e9s Publics<\/a><\/strong> revient pour deux journ\u00e9es de d\u00e9bats, d\u2019analyses et de retours d\u2019exp\u00e9rience. Un rendez-vous unique qui rassemble praticiens, juristes, institutionnels, magistrats et entreprises autour des grands enjeux de la commande publique.<\/p>\n\n\n\n<p>Dans cette interview crois\u00e9e, <strong>Florent Gadrat, Evangelia Karamitrou, \u00c9ric Landot et Rapha\u00ebl Apelbaum<\/strong> reviennent sur la force de l\u2019\u00e9v\u00e9nement, les d\u00e9fis prioritaires pour les acheteurs et la compl\u00e9mentarit\u00e9 des deux journ\u00e9es.<\/p>\n\n\n\n<h3><strong>Le Grand Forum revient pour sa 31e \u00e9dition. Qu\u2019est-ce qui fait, selon vous, la force de cet \u00e9v\u00e8nement depuis 30 ans ?<\/strong><\/h3>\n\n\n\n<p><strong>Florent Gadrat :<em>&nbsp;<\/em><\/strong>&nbsp;C\u2019est un lieu unique de confrontation des exp\u00e9riences. On y croise des praticiens de toutes les fonctions publiques, des juristes, des institutionnels, des magistrats, mais aussi des entreprises. Cette diversit\u00e9 permet de confronter les points de vue et d\u2019apporter ensemble des r\u00e9ponses \u00e9quilibr\u00e9es aux questions les plus sensibles.<\/p>\n\n\n\n<p><strong>&nbsp;Evangelia Karamitrou&nbsp;:<\/strong>&nbsp;Tout \u00e0 fait. Plus qu&rsquo;une conf\u00e9rence, c\u2019est un espace de travail et de r\u00e9flexion collectif. Les participants y viennent non seulement pour \u00e9couter des experts, mais aussi pour confronter leurs pratiques et r\u00e9fl\u00e9chir ensemble \u00e0 l\u2019avenir de la commande publique. Ils ne sont pas seulement spectateurs mais aussi acteurs.<\/p>\n\n\n\n<h3><strong>Quels th\u00e8mes retiendrez-vous comme les plus sensibles pour les acheteurs cette ann\u00e9e ?<\/strong><\/h3>\n\n\n\n<p><strong>Eric Landot&nbsp;:<\/strong>&nbsp;Je vois trois grands d\u00e9fis.&nbsp;<strong>La simplification<\/strong>, car la complexit\u00e9 actuelle d\u00e9courage et ralentit l\u2019action publique.&nbsp;<strong>La transition \u00e9cologique<\/strong>, qui doit s\u2019incarner concr\u00e8tement dans les achats et pas seulement dans les discours.&nbsp;<strong>Et bien s\u00fbr la transformation num\u00e9rique<\/strong>, qui ouvre des opportunit\u00e9s mais soul\u00e8ve aussi de nouveaux risques.<\/p>\n\n\n\n<p><strong>Rapha\u00ebl Apelbaum&nbsp;:<\/strong>&nbsp;Au quotidien, les priorit\u00e9s des acheteurs ne changent pas.&nbsp;<strong>La s\u00e9curit\u00e9 juridique<\/strong>, avec des jurisprudences qui viennent r\u00e9guli\u00e8rement modifier nos pratiques.<strong>&nbsp;La gestion des al\u00e9as en ex\u00e9cution<\/strong>, qu\u2019il s\u2019agisse de difficult\u00e9s \u00e9conomiques des titulaires, de r\u00e9vision des prix ou de modifications en cours de contrat. Et plus globalement<strong>&nbsp;la ma\u00eetrise des risques contractuels<\/strong>, notamment dans les domaines techniques.<\/p>\n\n\n\n<h3><strong>Quelle est la compl\u00e9mentarit\u00e9 entre vos deux journ\u00e9es ?<\/strong><\/h3>\n\n\n\n<p><strong>Eric Landot&nbsp;:<\/strong>&nbsp;La commande publique est un outil de politique publique, elle structure les territoires. Mais \u00e0 force de lui faire jouer des r\u00f4les multiples, il devient difficile de hi\u00e9rarchiser les priorit\u00e9s tout en assurant un achat public efficient. Paradoxalement, certains outils sur la commande publique durable par exemple, permettent d\u2019\u00e9viter le \u00ab&nbsp;low cost&nbsp;\u00bb&nbsp;et de r\u00e9pondre \u00e0 ce souci d\u2019efficacit\u00e9. D\u2019o\u00f9 l\u2019importance de ces&nbsp;<strong>d\u00e9bats techniques concrets autour de l&rsquo;actualit\u00e9&nbsp;<\/strong>qui font la force de<strong>&nbsp;cette premi\u00e8re journ\u00e9e<\/strong>\u2026 tout en fournissant l\u2019occasion de&nbsp;<strong>prendre un peu de recul<\/strong>&nbsp;pour mieux vivre et accompagner les transformations en cours.&nbsp;<strong>Elle ouvre les perspectives<\/strong>&nbsp;et rappelle les grands choix politiques.&nbsp;<\/p>\n\n\n\n<p>&nbsp;<strong>Rapha\u00ebl Apelbaum :&nbsp;La seconde journ\u00e9e<\/strong>&nbsp;est le prolongement naturel en revenant \u00e0 l\u2019<strong>op\u00e9rationnel<\/strong>, \u00e0 la pratique quotidienne. Nous allons nous plonger dans la jurisprudence r\u00e9cente, les difficult\u00e9s rencontr\u00e9es par les acheteurs et les solutions concr\u00e8tes pour&nbsp;<strong>s\u00e9curiser la passation comme l\u2019ex\u00e9cution des march\u00e9s<\/strong>. Chacun doit pouvoir en repartir avec des rep\u00e8res pratiques pour agir d\u00e8s le lendemain.<\/p>\n\n\n\n<h3><strong>Pourquoi ce diptyque est-il la signature du Grand Forum ?<\/strong><\/h3>\n\n\n\n<p><strong>Evangelia Karamitrou&nbsp;:<\/strong>&nbsp;Parce que la commande publique n\u2019est pas qu\u2019un encha\u00eenement de proc\u00e9dures : elle est aussi un levier strat\u00e9gique au service des politiques publiques. Sans cette perspective, on risque de perdre le sens de nos pratiques.<\/p>\n\n\n\n<p><strong>Florent Gadrat :&nbsp;<\/strong>Et parce qu\u2019inversement, la strat\u00e9gie n\u2019a de valeur que si elle peut \u00eatre traduite quotidiennement en actes dans un contexte s\u00e9curis\u00e9 pour l\u2019acheteur et ses partenaires.<\/p>\n\n\n\n<p>&nbsp;<strong>Ensemble&nbsp;:<\/strong>&nbsp;C\u2019est cette double promesse \u2013&nbsp;<strong>penser et agir<\/strong>&nbsp;\u2013 qui fait la singularit\u00e9, la signature, du Grand Forum des March\u00e9s Publics.<\/p>\n\n\n\n<p>\ud83d\udcc5 <strong>Rendez-vous les 8 &amp; 9 d\u00e9cembre 2025<\/strong><br>\ud83d\udccd Paris 9 \u2013 Espace La Rochefoucauld &amp; en ligne<\/p>\n\n\n\n<p><a href=\"https:\/\/www.comundi.fr\/formations\/grand-forum-des-marches-publics.html\">\ud83d\udc49 D\u00e9couvrir le programme complet et s\u2019inscrire<\/a><\/p>\n","protected":false},"excerpt":{"rendered":"<p>\u00c0 l\u2019occasion de sa 31\u00e8me \u00e9dition, le Grand Forum des March\u00e9s Publics revient pour deux journ\u00e9es de d\u00e9bats, d\u2019analyses et de retours d\u2019exp\u00e9rience. Un rendez-vous unique qui rassemble praticiens, juristes, institutionnels, magistrats et entreprises autour des grands enjeux de la commande publique. Dans cette interview crois\u00e9e, Florent Gadrat, Evangelia Karamitrou, \u00c9ric Landot et Rapha\u00ebl Apelbaum [&hellip;]<\/p>\n","protected":false},"author":8,"featured_media":14475,"comment_status":"open","ping_status":"open","sticky":false,"template":"","format":"standard","meta":{"_mi_skip_tracking":false},"categories":[176],"yoast_head":"<!-- This site is optimized with the Yoast SEO plugin v16.1 - https:\/\/yoast.com\/wordpress\/plugins\/seo\/ -->\n<title>Grand Forum des March\u00e9s Publics : Penser et agir, l\u2019interview crois\u00e9e des pr\u00e9sidents de journ\u00e9es - Mag des comp\u00e9tences - Comundi<\/title>\n<meta name=\"robots\" content=\"index, follow, max-snippet:-1, max-image-preview:large, max-video-preview:-1\" \/>\n<link rel=\"canonical\" href=\"https:\/\/www.comundi.fr\/mag-des-competences\/grand-forum-des-marches-publics-penser-et-agir-linterview-croisee-des-presidents-de-journees\/\" \/>\n<meta property=\"og:locale\" content=\"fr_FR\" \/>\n<meta property=\"og:type\" content=\"article\" \/>\n<meta property=\"og:title\" content=\"Grand Forum des March\u00e9s Publics : Penser et agir, l\u2019interview crois\u00e9e des pr\u00e9sidents de journ\u00e9es - Mag des comp\u00e9tences - Comundi\" \/>\n<meta property=\"og:description\" content=\"\u00c0 l\u2019occasion de sa 31\u00e8me \u00e9dition, le Grand Forum des March\u00e9s Publics revient pour deux journ\u00e9es de d\u00e9bats, d\u2019analyses et de retours d\u2019exp\u00e9rience. Un rendez-vous unique qui rassemble praticiens, juristes, institutionnels, magistrats et entreprises autour des grands enjeux de la commande publique. Dans cette interview crois\u00e9e, Florent Gadrat, Evangelia Karamitrou, \u00c9ric Landot et Rapha\u00ebl Apelbaum [&hellip;]\" \/>\n<meta property=\"og:url\" content=\"https:\/\/www.comundi.fr\/mag-des-competences\/grand-forum-des-marches-publics-penser-et-agir-linterview-croisee-des-presidents-de-journees\/\" \/>\n<meta property=\"og:site_name\" content=\"Mag des comp\u00e9tences - Comundi\" \/>\n<meta property=\"article:publisher\" content=\"https:\/\/www.facebook.com\/Comundi\/?fref=ts\" \/>\n<meta property=\"article:published_time\" content=\"2025-10-06T15:37:38+00:00\" \/>\n<meta property=\"article:modified_time\" content=\"2025-10-06T15:49:05+00:00\" \/>\n<meta property=\"og:image\" content=\"https:\/\/www.comundi.fr\/mag-des-competences\/wp-content\/uploads\/2025\/10\/blog-mag-des-competences.jpg\" \/>\n\t<meta property=\"og:image:width\" content=\"1200\" \/>\n\t<meta property=\"og:image:height\" content=\"675\" \/>\n<meta name=\"twitter:card\" content=\"summary_large_image\" \/>\n<meta name=\"twitter:creator\" content=\"@ComundiActu\" \/>\n<meta name=\"twitter:site\" content=\"@ComundiActu\" \/>\n<meta name=\"twitter:label1\" content=\"Dur\u00e9e de lecture est.\">\n\t<meta name=\"twitter:data1\" content=\"3 minutes\">\n<script type=\"application\/ld+json\" class=\"yoast-schema-graph\">{\"@context\":\"https:\/\/schema.org\",\"@graph\":[{\"@type\":\"Organization\",\"@id\":\"https:\/\/www.comundi.fr\/mag-des-competences\/#organization\",\"name\":\"Comundi\",\"url\":\"https:\/\/www.comundi.fr\/mag-des-competences\/\",\"sameAs\":[\"https:\/\/www.facebook.com\/Comundi\/?fref=ts\",\"https:\/\/www.linkedin.com\/company\/comundi\/\",\"https:\/\/www.youtube.com\/user\/ComundiFormations\",\"https:\/\/twitter.com\/ComundiActu\"],\"logo\":{\"@type\":\"ImageObject\",\"@id\":\"https:\/\/www.comundi.fr\/mag-des-competences\/#logo\",\"inLanguage\":\"fr-FR\",\"url\":\"https:\/\/www.comundi.fr\/mag-des-competences\/wp-content\/uploads\/2018\/01\/comundi.png\",\"contentUrl\":\"https:\/\/www.comundi.fr\/mag-des-competences\/wp-content\/uploads\/2018\/01\/comundi.png\",\"width\":300,\"height\":300,\"caption\":\"Comundi\"},\"image\":{\"@id\":\"https:\/\/www.comundi.fr\/mag-des-competences\/#logo\"}},{\"@type\":\"WebSite\",\"@id\":\"https:\/\/www.comundi.fr\/mag-des-competences\/#website\",\"url\":\"https:\/\/www.comundi.fr\/mag-des-competences\/\",\"name\":\"Mag des comp\\u00e9tences - Comundi\",\"description\":\"Le magazine des m\\u00e9tiers de demain\",\"publisher\":{\"@id\":\"https:\/\/www.comundi.fr\/mag-des-competences\/#organization\"},\"potentialAction\":[{\"@type\":\"SearchAction\",\"target\":\"https:\/\/www.comundi.fr\/mag-des-competences\/?s={search_term_string}\",\"query-input\":\"required name=search_term_string\"}],\"inLanguage\":\"fr-FR\"},{\"@type\":\"ImageObject\",\"@id\":\"https:\/\/www.comundi.fr\/mag-des-competences\/grand-forum-des-marches-publics-penser-et-agir-linterview-croisee-des-presidents-de-journees\/#primaryimage\",\"inLanguage\":\"fr-FR\",\"url\":\"https:\/\/www.comundi.fr\/mag-des-competences\/wp-content\/uploads\/2025\/10\/blog-mag-des-competences.jpg\",\"contentUrl\":\"https:\/\/www.comundi.fr\/mag-des-competences\/wp-content\/uploads\/2025\/10\/blog-mag-des-competences.jpg\",\"width\":1200,\"height\":675,\"caption\":\"Le rendez-vous des acteurs de la commande publique\"},{\"@type\":\"WebPage\",\"@id\":\"https:\/\/www.comundi.fr\/mag-des-competences\/grand-forum-des-marches-publics-penser-et-agir-linterview-croisee-des-presidents-de-journees\/#webpage\",\"url\":\"https:\/\/www.comundi.fr\/mag-des-competences\/grand-forum-des-marches-publics-penser-et-agir-linterview-croisee-des-presidents-de-journees\/\",\"name\":\"Grand Forum des March\\u00e9s Publics : Penser et agir, l\\u2019interview crois\\u00e9e des pr\\u00e9sidents de journ\\u00e9es - Mag des comp\\u00e9tences - Comundi\",\"isPartOf\":{\"@id\":\"https:\/\/www.comundi.fr\/mag-des-competences\/#website\"},\"primaryImageOfPage\":{\"@id\":\"https:\/\/www.comundi.fr\/mag-des-competences\/grand-forum-des-marches-publics-penser-et-agir-linterview-croisee-des-presidents-de-journees\/#primaryimage\"},\"datePublished\":\"2025-10-06T15:37:38+00:00\",\"dateModified\":\"2025-10-06T15:49:05+00:00\",\"breadcrumb\":{\"@id\":\"https:\/\/www.comundi.fr\/mag-des-competences\/grand-forum-des-marches-publics-penser-et-agir-linterview-croisee-des-presidents-de-journees\/#breadcrumb\"},\"inLanguage\":\"fr-FR\",\"potentialAction\":[{\"@type\":\"ReadAction\",\"target\":[\"https:\/\/www.comundi.fr\/mag-des-competences\/grand-forum-des-marches-publics-penser-et-agir-linterview-croisee-des-presidents-de-journees\/\"]}]},{\"@type\":\"BreadcrumbList\",\"@id\":\"https:\/\/www.comundi.fr\/mag-des-competences\/grand-forum-des-marches-publics-penser-et-agir-linterview-croisee-des-presidents-de-journees\/#breadcrumb\",\"itemListElement\":[{\"@type\":\"ListItem\",\"position\":1,\"item\":{\"@type\":\"WebPage\",\"@id\":\"https:\/\/www.comundi.fr\/mag-des-competences\/\",\"url\":\"https:\/\/www.comundi.fr\/mag-des-competences\/\",\"name\":\"Accueil\"}},{\"@type\":\"ListItem\",\"position\":2,\"item\":{\"@type\":\"WebPage\",\"@id\":\"https:\/\/www.comundi.fr\/mag-des-competences\/grand-forum-des-marches-publics-penser-et-agir-linterview-croisee-des-presidents-de-journees\/\",\"url\":\"https:\/\/www.comundi.fr\/mag-des-competences\/grand-forum-des-marches-publics-penser-et-agir-linterview-croisee-des-presidents-de-journees\/\",\"name\":\"Grand Forum des March\\u00e9s Publics : Penser et agir, l\\u2019interview crois\\u00e9e des pr\\u00e9sidents de journ\\u00e9es\"}}]},{\"@type\":\"Article\",\"@id\":\"https:\/\/www.comundi.fr\/mag-des-competences\/grand-forum-des-marches-publics-penser-et-agir-linterview-croisee-des-presidents-de-journees\/#article\",\"isPartOf\":{\"@id\":\"https:\/\/www.comundi.fr\/mag-des-competences\/grand-forum-des-marches-publics-penser-et-agir-linterview-croisee-des-presidents-de-journees\/#webpage\"},\"author\":{\"@id\":\"https:\/\/www.comundi.fr\/mag-des-competences\/#\/schema\/person\/d08f5c2cf9de6fcfd33c30314745578e\"},\"headline\":\"Grand Forum des March\\u00e9s Publics : Penser et agir, l\\u2019interview crois\\u00e9e des pr\\u00e9sidents de journ\\u00e9es\",\"datePublished\":\"2025-10-06T15:37:38+00:00\",\"dateModified\":\"2025-10-06T15:49:05+00:00\",\"mainEntityOfPage\":{\"@id\":\"https:\/\/www.comundi.fr\/mag-des-competences\/grand-forum-des-marches-publics-penser-et-agir-linterview-croisee-des-presidents-de-journees\/#webpage\"},\"commentCount\":0,\"publisher\":{\"@id\":\"https:\/\/www.comundi.fr\/mag-des-competences\/#organization\"},\"image\":{\"@id\":\"https:\/\/www.comundi.fr\/mag-des-competences\/grand-forum-des-marches-publics-penser-et-agir-linterview-croisee-des-presidents-de-journees\/#primaryimage\"},\"articleSection\":\"Secteur public - Action sociale\",\"inLanguage\":\"fr-FR\",\"potentialAction\":[{\"@type\":\"CommentAction\",\"name\":\"Comment\",\"target\":[\"https:\/\/www.comundi.fr\/mag-des-competences\/grand-forum-des-marches-publics-penser-et-agir-linterview-croisee-des-presidents-de-journees\/#respond\"]}]},{\"@type\":\"Person\",\"@id\":\"https:\/\/www.comundi.fr\/mag-des-competences\/#\/schema\/person\/d08f5c2cf9de6fcfd33c30314745578e\",\"name\":\"Comundi\",\"image\":{\"@type\":\"ImageObject\",\"@id\":\"https:\/\/www.comundi.fr\/mag-des-competences\/#personlogo\",\"inLanguage\":\"fr-FR\",\"url\":\"https:\/\/secure.gravatar.com\/avatar\/da2835ae7b2c1279e8e897d242f4cda6?s=96&d=mm&r=g\",\"contentUrl\":\"https:\/\/secure.gravatar.com\/avatar\/da2835ae7b2c1279e8e897d242f4cda6?s=96&d=mm&r=g\",\"caption\":\"Comundi\"}}]}<\/script>\n<!-- \/ Yoast SEO plugin. -->","amp_enabled":true,"_links":{"self":[{"href":"https:\/\/www.comundi.fr\/mag-des-competences\/wp-json\/wp\/v2\/posts\/14448"}],"collection":[{"href":"https:\/\/www.comundi.fr\/mag-des-competences\/wp-json\/wp\/v2\/posts"}],"about":[{"href":"https:\/\/www.comundi.fr\/mag-des-competences\/wp-json\/wp\/v2\/types\/post"}],"author":[{"embeddable":true,"href":"https:\/\/www.comundi.fr\/mag-des-competences\/wp-json\/wp\/v2\/users\/8"}],"replies":[{"embeddable":true,"href":"https:\/\/www.comundi.fr\/mag-des-competences\/wp-json\/wp\/v2\/comments?post=14448"}],"version-history":[{"count":4,"href":"https:\/\/www.comundi.fr\/mag-des-competences\/wp-json\/wp\/v2\/posts\/14448\/revisions"}],"predecessor-version":[{"id":14477,"href":"https:\/\/www.comundi.fr\/mag-des-competences\/wp-json\/wp\/v2\/posts\/14448\/revisions\/14477"}],"wp:featuredmedia":[{"embeddable":true,"href":"https:\/\/www.comundi.fr\/mag-des-competences\/wp-json\/wp\/v2\/media\/14475"}],"wp:attachment":[{"href":"https:\/\/www.comundi.fr\/mag-des-competences\/wp-json\/wp\/v2\/media?parent=14448"}],"wp:term":[{"taxonomy":"category","embeddable":true,"href":"https:\/\/www.comundi.fr\/mag-des-competences\/wp-json\/wp\/v2\/categories?post=14448"}],"curies":[{"name":"wp","href":"https:\/\/api.w.org\/{rel}","templated":true}]}}