{"id":14270,"date":"2025-08-07T08:50:00","date_gmt":"2025-08-07T06:50:00","guid":{"rendered":"https:\/\/www.comundi.fr\/mag-des-competences\/?p=14270"},"modified":"2025-07-30T18:16:19","modified_gmt":"2025-07-30T16:16:19","slug":"comment-rester-motive-quand-on-travaille-pendant-ete","status":"publish","type":"post","link":"https:\/\/www.comundi.fr\/mag-des-competences\/comment-rester-motive-quand-on-travaille-pendant-ete\/","title":{"rendered":"Comment rester motiv\u00e9 quand on travaille pendant l&rsquo;\u00e9t\u00e9 ?"},"content":{"rendered":"\n<p>L\u2019\u00e9t\u00e9 est souvent synonyme de vacances et de d\u00e9tente. Pourtant, beaucoup de professionnels continuent \u00e0 travailler pendant que leurs coll\u00e8gues sont en cong\u00e9s. Entre chaleur, bureaux vides et r\u00e9seaux sociaux remplis de photos de vacances de vos coll\u00e8gues ou de vos proches, il peut \u00eatre difficile de rester motiv\u00e9 en juillet et ao\u00fbt. Pour certains, c\u2019est un vrai d\u00e9fi \u00e0 relever.<\/p>\n\n\n\n<p>Comment maintenir son \u00e9nergie et sa productivit\u00e9\u202f? Quels sont les signes d\u2019un manque de motivation\u202f? Et surtout, comment se remotiver quand on n\u2019a pas envie de travailler\u202f?<\/p>\n\n\n\n<p>Voici quelques conseils pratiques pour vous aider \u00e0 <strong>rester motiv\u00e9 pendant l\u2019\u00e9t\u00e9.<\/strong><\/p>\n\n\n\n<h2>Quels sont les signes d\u2019un manque de motivation ?<\/h2>\n\n\n\n<p>Lorsque vous travaillez pendant l\u2019\u00e9t\u00e9, il est possible que vous perdiez en partie votre motivation face \u00e0 des bureaux \u00e0 moiti\u00e9 vides. Selon une \u00e9tude de l\u2019<strong>IBET<\/strong>, le d\u00e9sengagement au travail co\u00fbte en moyenne <strong>14\u202f840 \u20ac par salari\u00e9 et par an<\/strong> en France, soit une hausse de 12 % par rapport \u00e0 l\u2019ann\u00e9e pr\u00e9c\u00e9dente.<\/p>\n\n\n\n<p>Un manque de motivation ne se traduit pas seulement par une baisse d\u2019envie, mais par des sympt\u00f4mes bien identifiables. Les principaux signes de d\u00e9motivation sont&nbsp;:<\/p>\n\n\n\n<ul><li><strong>Une baisse de productivit\u00e9<\/strong>\u202f&nbsp;: il devient plus difficile d\u00e9terminer vos t\u00e2ches dans les temps.<\/li><li><strong>Un d\u00e9sengagement<\/strong>\u202f: moins d\u2019enthousiasme en r\u00e9union, tendance \u00e0 \u00e9viter les projets collaboratifs.<\/li><li><strong>Des retards et absences<\/strong>\u202f: arriver plus tard au bureau ou procrastiner davantage.<\/li><li><strong>Un isolement ou une irritabilit\u00e9<\/strong>\u202f: vous \u00e9vitez les \u00e9changes ou ressentez de l\u2019agacement pour de petites choses.<\/li><li><strong>Une perte d\u2019initiative<\/strong>\u202f: vous n\u2019avez plus l\u2019envie de proposer ou d\u2019innover, ni m\u00eame de profiter de la p\u00e9riode creuse pour acqu\u00e9rir des connaissances et\/ou renforcer vos comp\u00e9tences.<\/li><\/ul>\n\n\n\n<p>Il est important de noter que ces signes de d\u00e9motivation ne sont pas exclusifs aux salari\u00e9s. Elle se retrouve aussi chez les RH et les managers.<\/p>\n\n\n\n<h2>Quelles sont les causes de la d\u00e9motivation en p\u00e9riode estivale ?<\/h2>\n\n\n\n<h3>Les facteurs physiologiques<\/h3>\n\n\n\n<p>Selon des analyses relay\u00e9es par La Finance pour Tous (juillet 2025) et des donn\u00e9es issues de l\u2019OIT, <strong><a href=\"https:\/\/www.comundi.fr\/mag-des-competences\/canicule-au-travail-nos-7-conseils-pour-supporter-la-chaleur\/\">la m\u00e9t\u00e9o impacte directement vos performances.<\/a> <\/strong>En effet, notre productivit\u00e9 diminue lorsque la temp\u00e9rature d\u00e9passe ~24\u201126 \u00b0C et peut chuter fortement au-del\u00e0 de 33\u201135 \u00b0C. La vigilance, la qualit\u00e9 du sommeil et la r\u00e9gulation de l\u2019effort cognitif se trouvent directement impact\u00e9s par la chaleur. Aussi, <strong>il est normal de constater une baisse de vos capacit\u00e9s physiques et mentales en p\u00e9riode estivale<\/strong>. Cela se traduit g\u00e9n\u00e9ralement par moins de concentration, des temps de pause allong\u00e9s ou encore de l\u2019irritabilit\u00e9.<\/p>\n\n\n\n<h3>Les facteurs sociaux<\/h3>\n\n\n\n<p>Quand la moiti\u00e9 de l\u2019\u00e9quipe est en cong\u00e9s, les bureaux sont en partie vides. Cela peut avoir un effet sur la motivation dans la mesure o\u00f9 vous aurez moins de retours \u00e0 vos demandes et, par cons\u00e9quent, vous pouvez vous retrouver bloqu\u00e9s dans nos d\u00e9cisions. Cela implique aussi moins de stimulation sociale, car moins d\u2019\u00e9changes avec vos coll\u00e8gues. <strong>Ce vide relationnel accentue l\u2019impression d\u2019inutilit\u00e9, avec une remise en question sur votre pr\u00e9sence au bureau, et favorise la d\u00e9motivation.<\/strong><\/p>\n\n\n\n<h3>Les facteurs organisationnels<\/h3>\n\n\n\n<p>Projets report\u00e9s, interlocuteurs absents, d\u00e9cisions suspendues\u2026 Les salari\u00e9s rest\u00e9s en poste se retrouvent sur des t\u00e2ches d\u2019attente ou de maintenance. Le rythme de travail est ralenti par les absences, les priorit\u00e9s se perdent parfois et l\u2019ennui s\u2019installent. Il faut rester vigilant face \u00e0 l\u2019ennui, car il est un terreau du<strong><a href=\"https:\/\/www.comundi.fr\/mag-des-competences\/epuisement-professionnel-2-bore-out-quand-tuer-le-temps-abime\/\"> bore\u2011out, d\u00e9sormais reconnu parmi les risques psychosociaux (INRS)<\/a><\/strong>.<\/p>\n\n\n\n<h3>Les facteurs psychologiques<\/h3>\n\n\n\n<p>D\u2019apr\u00e8s la <strong>Th\u00e9orie de l\u2019autod\u00e9termination (Self\u2011Determination Theory, SDT)<\/strong>, la motivation durable d\u00e9pend de trois besoins psychologiques : <strong>autonomie, comp\u00e9tence, affiliation sociale (ou relation)<\/strong>. En p\u00e9riode estivale, ces trois besoins sont mis \u00e0 mal.<\/p>\n\n\n\n<p>En effet, l\u2019autonomie peut \u00eatre limit\u00e9e lorsque vous devez attendre le retour de vos coll\u00e8gues pour disposer des informations dont vous avez besoin pour avancer sur vos projets, les comp\u00e9tences sont sous-sollicit\u00e9es et les relations sociales consid\u00e9rablement r\u00e9duites.<\/p>\n\n\n\n<p>Par cons\u00e9quent, il devient difficile de maintenir sa motivation au m\u00eame niveau lorsqu\u2019une partie de vos coll\u00e8gues sont en vacances et que les bureaux sont \u00e0 moiti\u00e9 vides.<\/p>\n\n\n\n<h2>Comment rester motiv\u00e9 pendant l\u2019\u00e9t\u00e9 : les actions \u00e0 mettre en place<\/h2>\n\n\n\n<p>Malgr\u00e9 les facteurs pr\u00e9c\u00e9demment cit\u00e9s, il est possible de maintenir sa motivation en mettant en place une s\u00e9rie d\u2019actions simple, mais efficace.<\/p>\n\n\n\n<h3>1<sup>er<\/sup> action&nbsp;: Fixer des objectifs clairs et atteignables<\/h3>\n\n\n\n<p>L\u2019\u00e9t\u00e9 est le moment id\u00e9al pour <strong>faire un bilan de mi-ann\u00e9e et vous fixer de nouveaux d\u00e9fis<\/strong>. Identifier les projets que vous avez termin\u00e9s et les difficult\u00e9s que vous avez surmont\u00e9es. Profitez aussi de ce moment pour passer en revue les projets en cours et vous pr\u00e9parer \u00e0 la reprise.<\/p>\n\n\n\n<p>D\u00e9composez vos objectifs de l\u2019\u00e9t\u00e9 en petites t\u00e2ches faciles ou agr\u00e9ables \u00e0 accomplir. En effet, l\u2019<strong>effet Zeigarnik<\/strong> montre que commencer une t\u00e2che, m\u00eame minime, nous pousse \u00e0 la terminer. Il est donc plus motivant de commencer par une t\u00e2che qui vous sera agr\u00e9able \u00e0 r\u00e9aliser.<\/p>\n\n\n\n<p><strong>Pensez aussi \u00e0 varier les t\u00e2ches. <\/strong>\u00c9vitez la routine en alternant les activit\u00e9s\u202f: r\u00e9organisation de dossiers, projets cr\u00e9atifs, formation en ligne\u2026 L\u2019\u00e9t\u00e9, souvent plus calme, est parfait pour avancer sur des missions de fond.<\/p>\n\n\n\n<h3>2<sup>\u00e8me<\/sup> action&nbsp;: Savoir appr\u00e9cier ses r\u00e9sultats et se r\u00e9compenser<\/h3>\n\n\n\n<p><strong>R\u00e9aliser des check-lists qui vous permettront de visualiser votre progression<\/strong>. La satisfaction de cocher chaque \u00e9tape renforce votre motivation. Vous pouvez aussi associer une t\u00e2che difficile \u00e0 un \u00e9l\u00e9ment plaisant (musique instrumentale, travailler depuis un caf\u00e9 climatis\u00e9, gourmandise apr\u00e8s envoi du rapport).<\/p>\n\n\n\n<p>Pour garder votre motivation tout au long de la journ\u00e9e, vous pouvez <strong>visualiser le r\u00e9sultat<\/strong> et imaginer la satisfaction d\u2019avoir termin\u00e9 votre journ\u00e9e de travail ou un projet important.<\/p>\n\n\n\n<p><strong>Pensez \u00e0 vous r\u00e9compenser pour le travail effectu\u00e9. <\/strong>Une petite pause gourmande ou un moment de d\u00e9tente apr\u00e8s avoir accompli vos t\u00e2ches stimule la motivation.<\/p>\n\n\n\n<h3>3<sup>\u00e8me<\/sup> action&nbsp;: Organisez votre temps de travail<\/h3>\n\n\n\n<p><a href=\"https:\/\/www.comundi.fr\/mag-des-competences\/exercices-pratiques-pour-ameliorer-votre-gestion-du-temps-et-des-priorites\/\"><strong>Organisation son temps de travail est une bonne m\u00e9thode pour vous aider \u00e0 garder votre motivation<\/strong><\/a>. Pour cela, vous pouvez utiliser la m\u00e9thode Pomodoro (25 minutes de travail + 5 minutes de pause) pour maintenir votre concentration. <strong>Les temps de pauses ont leur importance, <\/strong>car ils vous aident \u00e0 retrouver de l\u2019\u00e9nergie au cours de la journ\u00e9e et pr\u00e9venir l\u2019\u00e9puisement<strong>.<\/strong> Profitez de vos pauses pour faire des \u00e9tirements, marcher un peu et vous r\u00e9hydrater.<\/p>\n\n\n\n<p><strong>Pensez \u00e0 adopter une organisation flexible. <\/strong>La chaleur et les journ\u00e9es plus longues peuvent fatiguer. <strong>Modifier vos horaires<\/strong>\u202fpeut \u00eatre une solution pour mieux travailler. Vous pouvez ainsi commencer plus t\u00f4t pour profiter de la fra\u00eecheur et lib\u00e9rez vos soir\u00e9es pour des activit\u00e9s plaisantes. Une telle organisation vous permet de maintenir votre concentration malgr\u00e9 la baisse de vigilance li\u00e9e \u00e0 la chaleur.<\/p>\n\n\n\n<h3>4<sup>\u00e8me<\/sup> action \u2013 Optimiser votre environnement de travail anti\u2011chaleur et pro\u2011focus<\/h3>\n\n\n\n<p>Un espace agr\u00e9able influence directement la motivation. <strong>Un bureau bien rang\u00e9, une plante verte, une bonne luminosit\u00e9 ou un ventilateur<\/strong> peuvent booster votre bien-\u00eatre et donc votre efficacit\u00e9. Au-del\u00e0 de la motivation, il s\u2019agit de limiter l\u2019impact thermique et sensoriel sur la performance. Aussi, d\u00e9placez\u2011vous si possible dans des lieux mieux pr\u00e9serv\u00e9s de la chaleur&nbsp;: terrasse ombrag\u00e9e, salle de r\u00e9union libre, biblioth\u00e8que fra\u00eeche. De plus, le changement d\u2019environnement relance l\u2019attention.<\/p>\n\n\n\n<h3>5<sup>\u00e8me<\/sup> action&nbsp;: Capitaliser sur les p\u00e9riodes calmes<\/h3>\n\n\n\n<p>La p\u00e9riode creuse offre l\u2019opportunit\u00e9 de faire ce que vous n\u2019avez pas forc\u00e9ment le temps de faire dans l\u2019ann\u00e9e. Vous pouvez profiter de cette p\u00e9riode pour&nbsp;:<\/p>\n\n\n\n<ul><li>vider votre bo\u00eete mail par lot (tri \/ archivage \/ r\u00e8gles automatiques),<\/li><li>nettoyer vos dossiers partag\u00e9s (nommage standard, suppression doublons\u2026)<\/li><li>mettre \u00e0 jour proc\u00e9dures, fiches clients, workflows.<\/li><li>planifier vos projets et votre dernier trimestre.<\/li><\/ul>\n\n\n\n<p><strong><a href=\"http:\/\/www.comundi.fr\">Pourquoi ne pas aussi suivre une formation courte ou apprendre une nouvelle comp\u00e9tence\u202f<\/a><\/strong>? L\u2019\u00e9t\u00e9 est propice \u00e0 l\u2019investissement en soi, et cela nourrit la motivation pour la rentr\u00e9e. Transformez le creux d\u2019activit\u00e9 en gain structurel et <strong>profitez de la p\u00e9riode pour progresser.<\/strong><\/p>\n\n\n\n<h3>6\u00e8me action \u2013 Miser sur le Lien social et reconnaissance malgr\u00e9 les absences<\/h3>\n\n\n\n<p><strong>Organisez des pauses-caf\u00e9 ou des d\u00e9jeuners avec les coll\u00e8gues pr\u00e9sents<\/strong>. La convivialit\u00e9 combat l\u2019isolement et favorise un climat positif au bureau. Vous pouvez proposer des pauses-caf\u00e9 en terrasse, \u00e9changer des messages de soutien via les messageries ou encore proposer des petits challenges pour renforcer la motivation. L\u2019id\u00e9e est de garder un \u00e9lan collectif et un lien social dans les \u00e9quipes.<\/p>\n\n\n\n<h3>7<sup>\u00e8me<\/sup> action&nbsp;: Donner du sens \u00e0 son travail<\/h3>\n\n\n\n<p>Le sens nourrit la motivation intrins\u00e8que. D\u00e9finissez les t\u00e2ches \u00e0 r\u00e9aliser qui ont du sens pour vous, suivez une formation qui vous int\u00e9resse ou encore \u00e9changez avec votre manager ou vos coll\u00e8gues sur l\u2019importance de votre travail.<\/p>\n\n\n\n<p>Donner du sens \u00e0 votre activit\u00e9 est un moteur puissant de motivation. Aussi, il est important de se <strong>rappeler le \u201cpourquoi\u201d<\/strong> de votre travail.<\/p>\n\n\n\n<p>Travailler en \u00e9t\u00e9 ne rime pas forc\u00e9ment avec perte de motivation. Au contraire, cette p\u00e9riode plus calme peut devenir une opportunit\u00e9 pour avancer, prendre du recul et m\u00eame se former. En fixant des objectifs clairs, en adaptant votre rythme et en prenant soin de votre environnement et de votre bien-\u00eatre, vous pouvez transformer ces semaines en <strong>un atout pour la rentr\u00e9e<\/strong>.<\/p>\n","protected":false},"excerpt":{"rendered":"<p>L\u2019\u00e9t\u00e9 est souvent synonyme de vacances et de d\u00e9tente. Pourtant, beaucoup de professionnels continuent \u00e0 travailler pendant que leurs coll\u00e8gues sont en cong\u00e9s. Entre chaleur, bureaux vides et r\u00e9seaux sociaux remplis de photos de vacances de vos coll\u00e8gues ou de vos proches, il peut \u00eatre difficile de rester motiv\u00e9 en juillet et ao\u00fbt. Pour certains, [&hellip;]<\/p>\n","protected":false},"author":8,"featured_media":14290,"comment_status":"open","ping_status":"open","sticky":false,"template":"","format":"standard","meta":{"_mi_skip_tracking":false},"categories":[185],"yoast_head":"<!-- This site is optimized with the Yoast SEO plugin v16.1 - https:\/\/yoast.com\/wordpress\/plugins\/seo\/ -->\n<title>Comment rester motiv\u00e9 quand on travaille pendant l&#039;\u00e9t\u00e9 ? - Mag des comp\u00e9tences - Comundi<\/title>\n<meta name=\"description\" content=\"Apprenez des actions simples et efficaces \u00e0 mettre en place pour rester motiv\u00e9 pendant l&#039;\u00e9t\u00e9, lorsque les bureaux sont \u00e0 moiti\u00e9 vides.\" \/>\n<meta name=\"robots\" content=\"index, follow, max-snippet:-1, max-image-preview:large, max-video-preview:-1\" \/>\n<link rel=\"canonical\" href=\"https:\/\/www.comundi.fr\/mag-des-competences\/comment-rester-motive-quand-on-travaille-pendant-ete\/\" \/>\n<meta property=\"og:locale\" content=\"fr_FR\" \/>\n<meta property=\"og:type\" content=\"article\" \/>\n<meta property=\"og:title\" content=\"Comment rester motiv\u00e9 quand on travaille pendant l&#039;\u00e9t\u00e9 ? - Mag des comp\u00e9tences - Comundi\" \/>\n<meta property=\"og:description\" content=\"Apprenez des actions simples et efficaces \u00e0 mettre en place pour rester motiv\u00e9 pendant l&#039;\u00e9t\u00e9, lorsque les bureaux sont \u00e0 moiti\u00e9 vides.\" \/>\n<meta property=\"og:url\" content=\"https:\/\/www.comundi.fr\/mag-des-competences\/comment-rester-motive-quand-on-travaille-pendant-ete\/\" \/>\n<meta property=\"og:site_name\" content=\"Mag des comp\u00e9tences - Comundi\" \/>\n<meta property=\"article:publisher\" content=\"https:\/\/www.facebook.com\/Comundi\/?fref=ts\" \/>\n<meta property=\"article:published_time\" content=\"2025-08-07T06:50:00+00:00\" \/>\n<meta property=\"article:modified_time\" content=\"2025-07-30T16:16:19+00:00\" \/>\n<meta property=\"og:image\" content=\"https:\/\/www.comundi.fr\/mag-des-competences\/wp-content\/uploads\/2025\/08\/Rester-motive.jpg\" \/>\n\t<meta property=\"og:image:width\" content=\"1200\" \/>\n\t<meta property=\"og:image:height\" content=\"675\" \/>\n<meta name=\"twitter:card\" content=\"summary_large_image\" \/>\n<meta name=\"twitter:creator\" content=\"@ComundiActu\" \/>\n<meta name=\"twitter:site\" content=\"@ComundiActu\" \/>\n<meta name=\"twitter:label1\" content=\"Dur\u00e9e de lecture est.\">\n\t<meta name=\"twitter:data1\" content=\"7 minutes\">\n<script type=\"application\/ld+json\" class=\"yoast-schema-graph\">{\"@context\":\"https:\/\/schema.org\",\"@graph\":[{\"@type\":\"Organization\",\"@id\":\"https:\/\/www.comundi.fr\/mag-des-competences\/#organization\",\"name\":\"Comundi\",\"url\":\"https:\/\/www.comundi.fr\/mag-des-competences\/\",\"sameAs\":[\"https:\/\/www.facebook.com\/Comundi\/?fref=ts\",\"https:\/\/www.linkedin.com\/company\/comundi\/\",\"https:\/\/www.youtube.com\/user\/ComundiFormations\",\"https:\/\/twitter.com\/ComundiActu\"],\"logo\":{\"@type\":\"ImageObject\",\"@id\":\"https:\/\/www.comundi.fr\/mag-des-competences\/#logo\",\"inLanguage\":\"fr-FR\",\"url\":\"https:\/\/www.comundi.fr\/mag-des-competences\/wp-content\/uploads\/2018\/01\/comundi.png\",\"contentUrl\":\"https:\/\/www.comundi.fr\/mag-des-competences\/wp-content\/uploads\/2018\/01\/comundi.png\",\"width\":300,\"height\":300,\"caption\":\"Comundi\"},\"image\":{\"@id\":\"https:\/\/www.comundi.fr\/mag-des-competences\/#logo\"}},{\"@type\":\"WebSite\",\"@id\":\"https:\/\/www.comundi.fr\/mag-des-competences\/#website\",\"url\":\"https:\/\/www.comundi.fr\/mag-des-competences\/\",\"name\":\"Mag des comp\\u00e9tences - Comundi\",\"description\":\"Le magazine des m\\u00e9tiers de demain\",\"publisher\":{\"@id\":\"https:\/\/www.comundi.fr\/mag-des-competences\/#organization\"},\"potentialAction\":[{\"@type\":\"SearchAction\",\"target\":\"https:\/\/www.comundi.fr\/mag-des-competences\/?s={search_term_string}\",\"query-input\":\"required name=search_term_string\"}],\"inLanguage\":\"fr-FR\"},{\"@type\":\"ImageObject\",\"@id\":\"https:\/\/www.comundi.fr\/mag-des-competences\/comment-rester-motive-quand-on-travaille-pendant-ete\/#primaryimage\",\"inLanguage\":\"fr-FR\",\"url\":\"https:\/\/www.comundi.fr\/mag-des-competences\/wp-content\/uploads\/2025\/08\/Rester-motive.jpg\",\"contentUrl\":\"https:\/\/www.comundi.fr\/mag-des-competences\/wp-content\/uploads\/2025\/08\/Rester-motive.jpg\",\"width\":1200,\"height\":675,\"caption\":\"Rester motiv\\u00e9\"},{\"@type\":\"WebPage\",\"@id\":\"https:\/\/www.comundi.fr\/mag-des-competences\/comment-rester-motive-quand-on-travaille-pendant-ete\/#webpage\",\"url\":\"https:\/\/www.comundi.fr\/mag-des-competences\/comment-rester-motive-quand-on-travaille-pendant-ete\/\",\"name\":\"Comment rester motiv\\u00e9 quand on travaille pendant l'\\u00e9t\\u00e9 ? - Mag des comp\\u00e9tences - Comundi\",\"isPartOf\":{\"@id\":\"https:\/\/www.comundi.fr\/mag-des-competences\/#website\"},\"primaryImageOfPage\":{\"@id\":\"https:\/\/www.comundi.fr\/mag-des-competences\/comment-rester-motive-quand-on-travaille-pendant-ete\/#primaryimage\"},\"datePublished\":\"2025-08-07T06:50:00+00:00\",\"dateModified\":\"2025-07-30T16:16:19+00:00\",\"description\":\"Apprenez des actions simples et efficaces \\u00e0 mettre en place pour rester motiv\\u00e9 pendant l'\\u00e9t\\u00e9, lorsque les bureaux sont \\u00e0 moiti\\u00e9 vides.\",\"breadcrumb\":{\"@id\":\"https:\/\/www.comundi.fr\/mag-des-competences\/comment-rester-motive-quand-on-travaille-pendant-ete\/#breadcrumb\"},\"inLanguage\":\"fr-FR\",\"potentialAction\":[{\"@type\":\"ReadAction\",\"target\":[\"https:\/\/www.comundi.fr\/mag-des-competences\/comment-rester-motive-quand-on-travaille-pendant-ete\/\"]}]},{\"@type\":\"BreadcrumbList\",\"@id\":\"https:\/\/www.comundi.fr\/mag-des-competences\/comment-rester-motive-quand-on-travaille-pendant-ete\/#breadcrumb\",\"itemListElement\":[{\"@type\":\"ListItem\",\"position\":1,\"item\":{\"@type\":\"WebPage\",\"@id\":\"https:\/\/www.comundi.fr\/mag-des-competences\/\",\"url\":\"https:\/\/www.comundi.fr\/mag-des-competences\/\",\"name\":\"Accueil\"}},{\"@type\":\"ListItem\",\"position\":2,\"item\":{\"@type\":\"WebPage\",\"@id\":\"https:\/\/www.comundi.fr\/mag-des-competences\/comment-rester-motive-quand-on-travaille-pendant-ete\/\",\"url\":\"https:\/\/www.comundi.fr\/mag-des-competences\/comment-rester-motive-quand-on-travaille-pendant-ete\/\",\"name\":\"Comment rester motiv\\u00e9 quand on travaille pendant l&rsquo;\\u00e9t\\u00e9 ?\"}}]},{\"@type\":\"Article\",\"@id\":\"https:\/\/www.comundi.fr\/mag-des-competences\/comment-rester-motive-quand-on-travaille-pendant-ete\/#article\",\"isPartOf\":{\"@id\":\"https:\/\/www.comundi.fr\/mag-des-competences\/comment-rester-motive-quand-on-travaille-pendant-ete\/#webpage\"},\"author\":{\"@id\":\"https:\/\/www.comundi.fr\/mag-des-competences\/#\/schema\/person\/d08f5c2cf9de6fcfd33c30314745578e\"},\"headline\":\"Comment rester motiv\\u00e9 quand on travaille pendant l&rsquo;\\u00e9t\\u00e9 ?\",\"datePublished\":\"2025-08-07T06:50:00+00:00\",\"dateModified\":\"2025-07-30T16:16:19+00:00\",\"mainEntityOfPage\":{\"@id\":\"https:\/\/www.comundi.fr\/mag-des-competences\/comment-rester-motive-quand-on-travaille-pendant-ete\/#webpage\"},\"commentCount\":0,\"publisher\":{\"@id\":\"https:\/\/www.comundi.fr\/mag-des-competences\/#organization\"},\"image\":{\"@id\":\"https:\/\/www.comundi.fr\/mag-des-competences\/comment-rester-motive-quand-on-travaille-pendant-ete\/#primaryimage\"},\"articleSection\":\"D\\u00e9veloppement personnel\",\"inLanguage\":\"fr-FR\",\"potentialAction\":[{\"@type\":\"CommentAction\",\"name\":\"Comment\",\"target\":[\"https:\/\/www.comundi.fr\/mag-des-competences\/comment-rester-motive-quand-on-travaille-pendant-ete\/#respond\"]}]},{\"@type\":\"Person\",\"@id\":\"https:\/\/www.comundi.fr\/mag-des-competences\/#\/schema\/person\/d08f5c2cf9de6fcfd33c30314745578e\",\"name\":\"Comundi\",\"image\":{\"@type\":\"ImageObject\",\"@id\":\"https:\/\/www.comundi.fr\/mag-des-competences\/#personlogo\",\"inLanguage\":\"fr-FR\",\"url\":\"https:\/\/secure.gravatar.com\/avatar\/da2835ae7b2c1279e8e897d242f4cda6?s=96&d=mm&r=g\",\"contentUrl\":\"https:\/\/secure.gravatar.com\/avatar\/da2835ae7b2c1279e8e897d242f4cda6?s=96&d=mm&r=g\",\"caption\":\"Comundi\"}}]}<\/script>\n<!-- \/ Yoast SEO plugin. -->","amp_enabled":true,"_links":{"self":[{"href":"https:\/\/www.comundi.fr\/mag-des-competences\/wp-json\/wp\/v2\/posts\/14270"}],"collection":[{"href":"https:\/\/www.comundi.fr\/mag-des-competences\/wp-json\/wp\/v2\/posts"}],"about":[{"href":"https:\/\/www.comundi.fr\/mag-des-competences\/wp-json\/wp\/v2\/types\/post"}],"author":[{"embeddable":true,"href":"https:\/\/www.comundi.fr\/mag-des-competences\/wp-json\/wp\/v2\/users\/8"}],"replies":[{"embeddable":true,"href":"https:\/\/www.comundi.fr\/mag-des-competences\/wp-json\/wp\/v2\/comments?post=14270"}],"version-history":[{"count":8,"href":"https:\/\/www.comundi.fr\/mag-des-competences\/wp-json\/wp\/v2\/posts\/14270\/revisions"}],"predecessor-version":[{"id":14289,"href":"https:\/\/www.comundi.fr\/mag-des-competences\/wp-json\/wp\/v2\/posts\/14270\/revisions\/14289"}],"wp:featuredmedia":[{"embeddable":true,"href":"https:\/\/www.comundi.fr\/mag-des-competences\/wp-json\/wp\/v2\/media\/14290"}],"wp:attachment":[{"href":"https:\/\/www.comundi.fr\/mag-des-competences\/wp-json\/wp\/v2\/media?parent=14270"}],"wp:term":[{"taxonomy":"category","embeddable":true,"href":"https:\/\/www.comundi.fr\/mag-des-competences\/wp-json\/wp\/v2\/categories?post=14270"}],"curies":[{"name":"wp","href":"https:\/\/api.w.org\/{rel}","templated":true}]}}