{"id":14260,"date":"2025-08-14T08:50:00","date_gmt":"2025-08-14T06:50:00","guid":{"rendered":"https:\/\/www.comundi.fr\/mag-des-competences\/?p=14260"},"modified":"2025-07-30T12:32:44","modified_gmt":"2025-07-30T10:32:44","slug":"infographie-5-chiffres-cles-sur-les-soft-skills-en-2025","status":"publish","type":"post","link":"https:\/\/www.comundi.fr\/mag-des-competences\/infographie-5-chiffres-cles-sur-les-soft-skills-en-2025\/","title":{"rendered":"Infographie : 5 chiffres cl\u00e9s sur les soft skills en 2025"},"content":{"rendered":"\n<p>Nous le savons, <strong>les soft skills, ces comp\u00e9tences humaines et comportementales, sont devenues incontournables pour attirer l\u2019\u0153il des recruteurs et r\u00e9ussir professionnellement. <\/strong><\/p>\n\n\n\n<p>D\u00e9couvrez dans notre infographie les chiffres cl\u00e9s qui d\u00e9montrent l\u2019importance des soft skills en entreprise.<\/p>\n\n\n\n<div class=\"wp-block-image\"><figure class=\"aligncenter size-large is-resized\"><img loading=\"lazy\" src=\"https:\/\/www.comundi.fr\/mag-des-competences\/wp-content\/uploads\/2025\/07\/5-chiffres-cles-sur-les-soft-skills-en-2025_21-597x1024.jpg\" alt=\"\" class=\"wp-image-14261\" width=\"452\" height=\"774\" srcset=\"https:\/\/www.comundi.fr\/mag-des-competences\/wp-content\/uploads\/2025\/07\/5-chiffres-cles-sur-les-soft-skills-en-2025_21-597x1024.jpg 597w, https:\/\/www.comundi.fr\/mag-des-competences\/wp-content\/uploads\/2025\/07\/5-chiffres-cles-sur-les-soft-skills-en-2025_21-175x300.jpg 175w, https:\/\/www.comundi.fr\/mag-des-competences\/wp-content\/uploads\/2025\/07\/5-chiffres-cles-sur-les-soft-skills-en-2025_21-1194x2048.jpg 1194w\" sizes=\"(max-width: 452px) 100vw, 452px\" \/><\/figure><\/div>\n\n\n\n<p>1 &#8211; Selon <em>LinkedIn Global Talent Trends,<\/em><strong> 91 % des recruteurs<\/strong><strong> estiment que les soft skills sont aussi importantes que les hard skills<\/strong>.<\/p>\n\n\n\n<p>En effet, ces comp\u00e9tences jouent un r\u00f4le essentiel dans le bon fonctionnement des \u00e9quipes et, par cons\u00e9quent, de l\u2019entreprise. Elles impactent directement la performance des salari\u00e9s, ce qui explique un chiffre aussi \u00e9lev\u00e9. Si les hard skills sont souvent mises en avant dans les offres d\u2019emplois, les soft skills ont d\u00e9sormais toute leur place. Aujourd\u2019hui, les RH et les managers ont compris que les comp\u00e9tences relationnelles, la capacit\u00e9 d\u2019adaptation ou encore la cr\u00e9ative sont aussi importantes que des comp\u00e9tences techniques, parfois m\u00eame plus. Les comp\u00e9tences techniques restent indispensables \u00e0 l\u2019ex\u00e9cution des missions confi\u00e9es aux salari\u00e9s. Mais, pour garantir la r\u00e9ussite d\u2019un projet, elles doivent \u00eatre renforc\u00e9es par les soft skills, qui permettront de construire un v\u00e9ritable esprit d\u2019\u00e9quipe.<\/p>\n\n\n\n<p><br><strong>2 &#8211; 75 % des entreprises<\/strong><strong> affirment qu\u2019elles accorderont plus d\u2019importance aux soft skills d\u2019ici la fin de 2025 <\/strong>selon le<em> World Economic Forum.<\/em><\/p>\n\n\n\n<p>Cela confirme l\u2019int\u00e9r\u00eat croissant des entreprises pour les soft skills. En effet, un salari\u00e9 ou un manager qui manque d\u2019\u00e9coute, d\u2019empathie ou de comp\u00e9tences relationnelles aura plus de difficult\u00e9s \u00e0 atteindre ses objectifs. Pour les entreprises, cela entra\u00eene potentiellement \u00e0 un manque de productivit\u00e9 et, donc, de rentabilit\u00e9.&nbsp; Il peut \u00eatre parfois judicieux de recruter une personne qui dispose de bonnes comp\u00e9tences en soft skills et de le former ensuite aux hard skills qui lui manquent. Il est aussi possible de faire l\u2019inverse, c&rsquo;est-\u00e0-dire de recruter un salari\u00e9 avec de solides hard skills et d\u2019investir ensuite dans une formation lui permettant d\u2019acqu\u00e9rir les soft skills qui lui manquent. Quel que soit le choix du recruteur, il devient de plus en plus difficile de faire l\u2019impasse sur les soft skills.<\/p>\n\n\n\n<p>3 &#8211; Selon <em>Future of Jobs Report<\/em>,<strong> l\u2019intelligence \u00e9motionnelle<\/strong> <strong>est class\u00e9e parmi le<\/strong> <strong>top 5 des comp\u00e9tences professionnelles les plus demand\u00e9es en 2025.<\/strong><\/p>\n\n\n\n<p>Si l\u2019on entend souvent parler des comp\u00e9tences en communication et des comp\u00e9tences relationnelles, on oublie parfois que l\u2019intelligence \u00e9motionnelle est \u00e0&nbsp; la base des relations saines et stables. Elle implique non seulement une bonne ma\u00eetrise de soi, mais aussi la capacit\u00e9 de faire preuve d\u2019empathie, de rester \u00e0 l\u2019\u00e9coute de soi-m\u00eame et des autres.<\/p>\n\n\n\n<p><strong>4 &#8211; 40 % des salari\u00e9s<\/strong> <strong>devront se former \u00e0 de nouvelles comp\u00e9tences comportementales dans les 5 prochaines ann\u00e9es,<\/strong> selon <em>McKinsey &amp; Company<\/em>.<\/p>\n\n\n\n<p>En effet, loin d\u2019\u00eatre des comp\u00e9tences inn\u00e9es, les soft skills peuvent s\u2019acqu\u00e9rir gr\u00e2ce des formations. Il existe aujourd\u2019hui de nombreuses formations pour d\u00e9velopper ou am\u00e9liorer vos soft skills, que vous pouvez les d\u00e9couvrir sur le site de <strong><a href=\"http:\/\/www.comundi.fr\">Comundi<\/a><\/strong>. Choisissez une formation qui correspond \u00e0 vos attentes et \u00e0 celles de l\u2019employeur. En fonction de vos disponibilit\u00e9s et de votre flexibilit\u00e9, vous pouvez opter pour une formation en pr\u00e9sentiel ou \u00e0 distance.<\/p>\n\n\n\n<p>5&nbsp; Enfin, selon<em>Deloitte Insights<\/em>, <strong>les<\/strong><strong> collaborateurs dot\u00e9s de soft skills<\/strong> ont <strong>30 % plus de chances<\/strong> <strong>d\u2019\u00e9voluer vers des postes \u00e0 responsabilit\u00e9s.<\/strong><\/p>\n\n\n\n<p>Devenir manager n\u00e9cessite de ma\u00eetriser plusieurs soft skills dont l\u2019intelligence \u00e9motionnelle, l\u2019\u00e9coute active, l\u2019empathie ou encore la communication. Sans cela, un manager \u00e9prouvera certaines difficult\u00e9s \u00e0 g\u00e9rer ses \u00e9quipes et \u00e0 encourager la collaboration de profils diff\u00e9rents. Avoir la capacit\u00e9 de cr\u00e9er un environnement de confiance pour ses collaborateurs encourage la cr\u00e9ativit\u00e9 et les \u00e9changes sereins. Aussi, que ce soit dans le cadre d\u2019une cr\u00e9ation de poste ou d\u2019une promotion interne, les profils poss\u00e9dant ces soft skills seront privil\u00e9gi\u00e9s par les recruteurs.<\/p>\n\n\n\n<p>Ces chiffres d\u00e9montrent donc l\u2019int\u00e9r\u00eat d\u2019investir dans les soft skills pour l\u2019avenir. Leur place pr\u00e9pond\u00e9rante dans l\u2019entreprise les rend incontournables. Il existe diff\u00e9rents types de formation pour acqu\u00e9rir ces comp\u00e9tences, en pr\u00e9sentiel, \u00e0 distance ou encore en blended learning.<\/p>\n\n\n\n<p>Alors, vous de jouer pour booster vos comp\u00e9tences&nbsp;!<\/p>\n\n\n\n<div class=\"wp-block-buttons aligncenter\">\n<div class=\"wp-block-button\"><a class=\"wp-block-button__link has-white-color has-text-color has-background\" href=\"https:\/\/www.comundi.fr\/recherche?q=soft%20skills\" style=\"background-color:#e50046\">D\u00e9couvrir nos formations soft skills<\/a><\/div>\n<\/div>\n\n\n\n<p><\/p>\n","protected":false},"excerpt":{"rendered":"<p>Nous le savons, les soft skills, ces comp\u00e9tences humaines et comportementales, sont devenues incontournables pour attirer l\u2019\u0153il des recruteurs et r\u00e9ussir professionnellement. D\u00e9couvrez dans notre infographie les chiffres cl\u00e9s qui d\u00e9montrent l\u2019importance des soft skills en entreprise. 1 &#8211; Selon LinkedIn Global Talent Trends, 91 % des recruteurs estiment que les soft skills sont aussi [&hellip;]<\/p>\n","protected":false},"author":8,"featured_media":14274,"comment_status":"open","ping_status":"open","sticky":false,"template":"","format":"standard","meta":{"_mi_skip_tracking":false},"categories":[185],"yoast_head":"<!-- This site is optimized with the Yoast SEO plugin v16.1 - https:\/\/yoast.com\/wordpress\/plugins\/seo\/ -->\n<title>Infographie : 5 chiffres cl\u00e9s sur les soft skills en 2025 - Mag des comp\u00e9tences - Comundi<\/title>\n<meta name=\"description\" content=\"D\u00e9couvrez nos 5 chiffres cl\u00e9s pour comprendre l&#039;importance grandissante des soft skills en milieu professionnel.\" \/>\n<meta name=\"robots\" content=\"index, follow, max-snippet:-1, max-image-preview:large, max-video-preview:-1\" \/>\n<link rel=\"canonical\" href=\"https:\/\/www.comundi.fr\/mag-des-competences\/infographie-5-chiffres-cles-sur-les-soft-skills-en-2025\/\" \/>\n<meta property=\"og:locale\" content=\"fr_FR\" \/>\n<meta property=\"og:type\" content=\"article\" \/>\n<meta property=\"og:title\" content=\"Infographie : 5 chiffres cl\u00e9s sur les soft skills en 2025 - Mag des comp\u00e9tences - Comundi\" \/>\n<meta property=\"og:description\" content=\"D\u00e9couvrez nos 5 chiffres cl\u00e9s pour comprendre l&#039;importance grandissante des soft skills en milieu professionnel.\" \/>\n<meta property=\"og:url\" content=\"https:\/\/www.comundi.fr\/mag-des-competences\/infographie-5-chiffres-cles-sur-les-soft-skills-en-2025\/\" \/>\n<meta property=\"og:site_name\" content=\"Mag des comp\u00e9tences - Comundi\" \/>\n<meta property=\"article:publisher\" content=\"https:\/\/www.facebook.com\/Comundi\/?fref=ts\" \/>\n<meta property=\"article:published_time\" content=\"2025-08-14T06:50:00+00:00\" \/>\n<meta property=\"article:modified_time\" content=\"2025-07-30T10:32:44+00:00\" \/>\n<meta property=\"og:image\" content=\"https:\/\/www.comundi.fr\/mag-des-competences\/wp-content\/uploads\/2025\/08\/Infographie-soft-skills.jpg\" \/>\n\t<meta property=\"og:image:width\" content=\"1200\" \/>\n\t<meta property=\"og:image:height\" content=\"675\" \/>\n<meta name=\"twitter:card\" content=\"summary_large_image\" \/>\n<meta name=\"twitter:creator\" content=\"@ComundiActu\" \/>\n<meta name=\"twitter:site\" content=\"@ComundiActu\" \/>\n<meta name=\"twitter:label1\" content=\"Dur\u00e9e de lecture est.\">\n\t<meta name=\"twitter:data1\" content=\"4 minutes\">\n<script type=\"application\/ld+json\" class=\"yoast-schema-graph\">{\"@context\":\"https:\/\/schema.org\",\"@graph\":[{\"@type\":\"Organization\",\"@id\":\"https:\/\/www.comundi.fr\/mag-des-competences\/#organization\",\"name\":\"Comundi\",\"url\":\"https:\/\/www.comundi.fr\/mag-des-competences\/\",\"sameAs\":[\"https:\/\/www.facebook.com\/Comundi\/?fref=ts\",\"https:\/\/www.linkedin.com\/company\/comundi\/\",\"https:\/\/www.youtube.com\/user\/ComundiFormations\",\"https:\/\/twitter.com\/ComundiActu\"],\"logo\":{\"@type\":\"ImageObject\",\"@id\":\"https:\/\/www.comundi.fr\/mag-des-competences\/#logo\",\"inLanguage\":\"fr-FR\",\"url\":\"https:\/\/www.comundi.fr\/mag-des-competences\/wp-content\/uploads\/2018\/01\/comundi.png\",\"contentUrl\":\"https:\/\/www.comundi.fr\/mag-des-competences\/wp-content\/uploads\/2018\/01\/comundi.png\",\"width\":300,\"height\":300,\"caption\":\"Comundi\"},\"image\":{\"@id\":\"https:\/\/www.comundi.fr\/mag-des-competences\/#logo\"}},{\"@type\":\"WebSite\",\"@id\":\"https:\/\/www.comundi.fr\/mag-des-competences\/#website\",\"url\":\"https:\/\/www.comundi.fr\/mag-des-competences\/\",\"name\":\"Mag des comp\\u00e9tences - Comundi\",\"description\":\"Le magazine des m\\u00e9tiers de demain\",\"publisher\":{\"@id\":\"https:\/\/www.comundi.fr\/mag-des-competences\/#organization\"},\"potentialAction\":[{\"@type\":\"SearchAction\",\"target\":\"https:\/\/www.comundi.fr\/mag-des-competences\/?s={search_term_string}\",\"query-input\":\"required name=search_term_string\"}],\"inLanguage\":\"fr-FR\"},{\"@type\":\"ImageObject\",\"@id\":\"https:\/\/www.comundi.fr\/mag-des-competences\/infographie-5-chiffres-cles-sur-les-soft-skills-en-2025\/#primaryimage\",\"inLanguage\":\"fr-FR\",\"url\":\"https:\/\/www.comundi.fr\/mag-des-competences\/wp-content\/uploads\/2025\/08\/Infographie-soft-skills.jpg\",\"contentUrl\":\"https:\/\/www.comundi.fr\/mag-des-competences\/wp-content\/uploads\/2025\/08\/Infographie-soft-skills.jpg\",\"width\":1200,\"height\":675,\"caption\":\"Infographie - soft skills\"},{\"@type\":\"WebPage\",\"@id\":\"https:\/\/www.comundi.fr\/mag-des-competences\/infographie-5-chiffres-cles-sur-les-soft-skills-en-2025\/#webpage\",\"url\":\"https:\/\/www.comundi.fr\/mag-des-competences\/infographie-5-chiffres-cles-sur-les-soft-skills-en-2025\/\",\"name\":\"Infographie : 5 chiffres cl\\u00e9s sur les soft skills en 2025 - Mag des comp\\u00e9tences - Comundi\",\"isPartOf\":{\"@id\":\"https:\/\/www.comundi.fr\/mag-des-competences\/#website\"},\"primaryImageOfPage\":{\"@id\":\"https:\/\/www.comundi.fr\/mag-des-competences\/infographie-5-chiffres-cles-sur-les-soft-skills-en-2025\/#primaryimage\"},\"datePublished\":\"2025-08-14T06:50:00+00:00\",\"dateModified\":\"2025-07-30T10:32:44+00:00\",\"description\":\"D\\u00e9couvrez nos 5 chiffres cl\\u00e9s pour comprendre l'importance grandissante des soft skills en milieu professionnel.\",\"breadcrumb\":{\"@id\":\"https:\/\/www.comundi.fr\/mag-des-competences\/infographie-5-chiffres-cles-sur-les-soft-skills-en-2025\/#breadcrumb\"},\"inLanguage\":\"fr-FR\",\"potentialAction\":[{\"@type\":\"ReadAction\",\"target\":[\"https:\/\/www.comundi.fr\/mag-des-competences\/infographie-5-chiffres-cles-sur-les-soft-skills-en-2025\/\"]}]},{\"@type\":\"BreadcrumbList\",\"@id\":\"https:\/\/www.comundi.fr\/mag-des-competences\/infographie-5-chiffres-cles-sur-les-soft-skills-en-2025\/#breadcrumb\",\"itemListElement\":[{\"@type\":\"ListItem\",\"position\":1,\"item\":{\"@type\":\"WebPage\",\"@id\":\"https:\/\/www.comundi.fr\/mag-des-competences\/\",\"url\":\"https:\/\/www.comundi.fr\/mag-des-competences\/\",\"name\":\"Accueil\"}},{\"@type\":\"ListItem\",\"position\":2,\"item\":{\"@type\":\"WebPage\",\"@id\":\"https:\/\/www.comundi.fr\/mag-des-competences\/infographie-5-chiffres-cles-sur-les-soft-skills-en-2025\/\",\"url\":\"https:\/\/www.comundi.fr\/mag-des-competences\/infographie-5-chiffres-cles-sur-les-soft-skills-en-2025\/\",\"name\":\"Infographie : 5 chiffres cl\\u00e9s sur les soft skills en 2025\"}}]},{\"@type\":\"Article\",\"@id\":\"https:\/\/www.comundi.fr\/mag-des-competences\/infographie-5-chiffres-cles-sur-les-soft-skills-en-2025\/#article\",\"isPartOf\":{\"@id\":\"https:\/\/www.comundi.fr\/mag-des-competences\/infographie-5-chiffres-cles-sur-les-soft-skills-en-2025\/#webpage\"},\"author\":{\"@id\":\"https:\/\/www.comundi.fr\/mag-des-competences\/#\/schema\/person\/d08f5c2cf9de6fcfd33c30314745578e\"},\"headline\":\"Infographie : 5 chiffres cl\\u00e9s sur les soft skills en 2025\",\"datePublished\":\"2025-08-14T06:50:00+00:00\",\"dateModified\":\"2025-07-30T10:32:44+00:00\",\"mainEntityOfPage\":{\"@id\":\"https:\/\/www.comundi.fr\/mag-des-competences\/infographie-5-chiffres-cles-sur-les-soft-skills-en-2025\/#webpage\"},\"commentCount\":0,\"publisher\":{\"@id\":\"https:\/\/www.comundi.fr\/mag-des-competences\/#organization\"},\"image\":{\"@id\":\"https:\/\/www.comundi.fr\/mag-des-competences\/infographie-5-chiffres-cles-sur-les-soft-skills-en-2025\/#primaryimage\"},\"articleSection\":\"D\\u00e9veloppement personnel\",\"inLanguage\":\"fr-FR\",\"potentialAction\":[{\"@type\":\"CommentAction\",\"name\":\"Comment\",\"target\":[\"https:\/\/www.comundi.fr\/mag-des-competences\/infographie-5-chiffres-cles-sur-les-soft-skills-en-2025\/#respond\"]}]},{\"@type\":\"Person\",\"@id\":\"https:\/\/www.comundi.fr\/mag-des-competences\/#\/schema\/person\/d08f5c2cf9de6fcfd33c30314745578e\",\"name\":\"Comundi\",\"image\":{\"@type\":\"ImageObject\",\"@id\":\"https:\/\/www.comundi.fr\/mag-des-competences\/#personlogo\",\"inLanguage\":\"fr-FR\",\"url\":\"https:\/\/secure.gravatar.com\/avatar\/da2835ae7b2c1279e8e897d242f4cda6?s=96&d=mm&r=g\",\"contentUrl\":\"https:\/\/secure.gravatar.com\/avatar\/da2835ae7b2c1279e8e897d242f4cda6?s=96&d=mm&r=g\",\"caption\":\"Comundi\"}}]}<\/script>\n<!-- \/ Yoast SEO plugin. -->","amp_enabled":true,"_links":{"self":[{"href":"https:\/\/www.comundi.fr\/mag-des-competences\/wp-json\/wp\/v2\/posts\/14260"}],"collection":[{"href":"https:\/\/www.comundi.fr\/mag-des-competences\/wp-json\/wp\/v2\/posts"}],"about":[{"href":"https:\/\/www.comundi.fr\/mag-des-competences\/wp-json\/wp\/v2\/types\/post"}],"author":[{"embeddable":true,"href":"https:\/\/www.comundi.fr\/mag-des-competences\/wp-json\/wp\/v2\/users\/8"}],"replies":[{"embeddable":true,"href":"https:\/\/www.comundi.fr\/mag-des-competences\/wp-json\/wp\/v2\/comments?post=14260"}],"version-history":[{"count":4,"href":"https:\/\/www.comundi.fr\/mag-des-competences\/wp-json\/wp\/v2\/posts\/14260\/revisions"}],"predecessor-version":[{"id":14276,"href":"https:\/\/www.comundi.fr\/mag-des-competences\/wp-json\/wp\/v2\/posts\/14260\/revisions\/14276"}],"wp:featuredmedia":[{"embeddable":true,"href":"https:\/\/www.comundi.fr\/mag-des-competences\/wp-json\/wp\/v2\/media\/14274"}],"wp:attachment":[{"href":"https:\/\/www.comundi.fr\/mag-des-competences\/wp-json\/wp\/v2\/media?parent=14260"}],"wp:term":[{"taxonomy":"category","embeddable":true,"href":"https:\/\/www.comundi.fr\/mag-des-competences\/wp-json\/wp\/v2\/categories?post=14260"}],"curies":[{"name":"wp","href":"https:\/\/api.w.org\/{rel}","templated":true}]}}