{"id":14220,"date":"2025-07-16T08:50:00","date_gmt":"2025-07-16T06:50:00","guid":{"rendered":"https:\/\/www.comundi.fr\/mag-des-competences\/?p=14220"},"modified":"2025-07-15T18:20:56","modified_gmt":"2025-07-15T16:20:56","slug":"a-la-machine-a-cafe-les-gens-regardent-leurs-ecrans-plutot-que-leurs-collegues-faut-il-restreindre-lusage-des-smartphones-au-bureau","status":"publish","type":"post","link":"https:\/\/www.comundi.fr\/mag-des-competences\/a-la-machine-a-cafe-les-gens-regardent-leurs-ecrans-plutot-que-leurs-collegues-faut-il-restreindre-lusage-des-smartphones-au-bureau\/","title":{"rendered":"A la machine \u00e0 caf\u00e9, les gens regardent leurs \u00e9crans plut\u00f4t que leurs coll\u00e8gues\u202f\u00bb\u202f: faut-il restreindre l&rsquo;usage des smartphones au bureau\u202f?"},"content":{"rendered":"\n<p>Les dirigeants s&rsquo;inqui\u00e8tent d&rsquo;un usage excessif du smartphone qui impacterait n\u00e9gativement la qualit\u00e9 du travail et l&rsquo;ambiance entre les collaborateurs, r\u00e9v\u00e8le une \u00e9tude r\u00e9cente. Mais le t\u00e9l\u00e9phone personnel est aussi massivement utilis\u00e9 pour travailler, brouillant un peu plus les fronti\u00e8res entre vie pro et vie perso.&nbsp;<\/p>\n\n\n\n<p>Selon une \u00e9tude\u202fde l&rsquo;Observatoire de sant\u00e9 PRO BTP et de Capstan Avocats, 92\u202f% des dirigeants sont pr\u00e9occup\u00e9s par l&rsquo;usage excessif du smartphone personnel. (iStock)&nbsp;<\/p>\n\n\n\n<p>Consulter les r\u00e9seaux sociaux, r\u00e9pondre \u00e0 un SMS de son conjoint, passer un coup de t\u00e9l\u00e9phone pour prendre rendez-vous chez le m\u00e9decin\u2026 Dans l&rsquo;open space, il n&rsquo;est pas rare de voir des salari\u00e9s utiliser leur t\u00e9l\u00e9phone personnel pendant les heures de travail.&nbsp;<\/p>\n\n\n\n<p>Nous avons interrog\u00e9 les lecteurs des \u00ab\u202fEchos\u202f\u00bb dans un sondage sans vocation repr\u00e9sentative publi\u00e9 sur notre compte LinkedIn. R\u00e9sultat\u202f: 79\u202f% des 3.600 r\u00e9pondants admettent utiliser leur smartphone personnel au bureau. M\u00eame si 36\u202f% d&rsquo;entre eux avouent que cela les d\u00e9concentre.&nbsp;<\/p>\n\n\n\n<p>\u00ab\u202fC&rsquo;est un sujet qui passe vraiment sous les radars. On ne le rep\u00e8re pas parce que c&rsquo;est cinq secondes de perdues par-ci, cinq secondes par-l\u00e0\u2026 Mais les adolescents, qui utilisent beaucoup les smartphones, vont rentrer dans le monde du travail d&rsquo;ici trois \u00e0 cinq ans. Il faut s&rsquo;occuper du sujet maintenant\u202f\u00bb, mart\u00e8le Sandrine Losi, avocate associ\u00e9e au cabinet Capstan Avocats.&nbsp;<\/p>\n\n\n\n<p>Son cabinet s&rsquo;est associ\u00e9 \u00e0 l&rsquo;Observatoire de sant\u00e9 PRO BTP pour commander une \u00e9tude sur le sujet. Cette enqu\u00eate, men\u00e9e par l&rsquo;Ifop et publi\u00e9e en juin, r\u00e9v\u00e8le que l&rsquo;immense majorit\u00e9 (92\u202f%) des dirigeants est pr\u00e9occup\u00e9e par l&rsquo;impact de l&rsquo;usage excessif du smartphone personnel sur la vie professionnelle.&nbsp;<\/p>\n\n\n\n<p>Marie Content, avocate en droit social au sien du cabinet BG2V, confirme \u00ab\u202favoir r\u00e9guli\u00e8rement des dossiers de contentieux sur le sujet\u202f\u00bb. \u00ab\u202fOn le constate souvent dans les magasins avec les vendeurs qui regardent leurs t\u00e9l\u00e9phones m\u00eame si les clients ont besoin d&rsquo;un renseignement\u202f\u00bb, illustre Sandrine Losi. Les 500 dirigeants interrog\u00e9s sont en effet massivement inquiets de l&rsquo;impact du smartphone sur la qualit\u00e9 du travail (86\u202f%), mais aussi sur les relations de travail (83\u202f%) ou encore sur la s\u00e9curit\u00e9 des salari\u00e9s et des donn\u00e9es (78\u202f%).&nbsp;<\/p>\n\n\n\n<h2><strong>Ambiance d\u00e9grad\u00e9e \u00e0 la machine \u00e0 caf\u00e9<\/strong>&nbsp;<\/h2>\n\n\n\n<p>\u00ab\u202fL&rsquo;usage excessif du t\u00e9l\u00e9phone personnel perturbe l&rsquo;attention et nuit \u00e0 la qualit\u00e9 du travail.\u202f<a href=\"https:\/\/www.lesechos.fr\/travailler-mieux\/vie-au-travail\/comment-ces-entreprises-luttent-contre-les-reunions-longues-et-inutiles-1988139\" target=\"_blank\" rel=\"noreferrer noopener\">Les r\u00e9unions sont aussi moins efficaces<\/a>\u202fparce que, quand les participants regardent leur t\u00e9l\u00e9phone, c&rsquo;est comme s&rsquo;ils \u00e9taient un peu moins pr\u00e9sents\u202f\u00bb, constate Herv\u00e9 Naerhuysen, directeur g\u00e9n\u00e9ral de PRO BTP et pr\u00e9sident de l&rsquo;Observatoire de sant\u00e9. Les dirigeants et DRH interrog\u00e9s per\u00e7oivent un impact n\u00e9gatif sur la productivit\u00e9 (70\u202f%), les capacit\u00e9s de concentration et de m\u00e9morisation des salari\u00e9s (61\u202f%) ou le respect des \u00e9ch\u00e9ances et des calendriers (47\u202f%).&nbsp;<\/p>\n\n\n\n<p>C\u00f4t\u00e9 relations de travail, le directeur du groupe de protection sociale PRO BTP observe \u00ab\u202fune petite d\u00e9t\u00e9rioration des relations au sein de l&rsquo;entreprise\u202f\u00bb. \u00ab\u202fA la machine \u00e0 caf\u00e9, les gens regardent leurs \u00e9crans plut\u00f4t que leurs coll\u00e8gues. L&rsquo;ambiance lors des pauses semble s&rsquo;\u00eatre d\u00e9grad\u00e9e\u202f\u00bb, poursuit le dirigeant. Une observation partag\u00e9e par les chefs d&rsquo;entreprise sond\u00e9s qui constatent un impact n\u00e9gatif sur l&rsquo;ambiance lors des pauses (60\u202f%) et la proximit\u00e9 entre collaborateurs (56\u202f%).&nbsp;<\/p>\n\n\n\n<p>Dans le BTP, l&rsquo;enjeu est aussi s\u00e9curitaire, notamment pour les conducteurs d&rsquo;engins, rappelle Herv\u00e9 Naerhuysen. \u00ab\u202fMais il faut aussi faire attention aux donn\u00e9es professionnelles qui peuvent transiter par le t\u00e9l\u00e9phone personnel\u202f\u00bb, pr\u00e9vient le pr\u00e9sident de l&rsquo;Observatoire de sant\u00e9.&nbsp;<\/p>\n\n\n\n<p><em>Il y a une certaine ambigu\u00eft\u00e9 de la part des employeurs parce qu&rsquo;ils trouvent un int\u00e9r\u00eat \u00e0 laisser les salari\u00e9s utiliser leur t\u00e9l\u00e9phone personnel \u00e0 des fins professionnelles.<\/em>&nbsp;<\/p>\n\n\n\n<p>Marie content, avocate chez BG2V&nbsp;<\/p>\n\n\n\n<p>Face \u00e0 cette situation, 39\u202f% des dirigeants ont d\u00e9j\u00e0 mis en place des mesures pour encadrer l&rsquo;usage du smartphone au bureau, la solution la plus pl\u00e9biscit\u00e9e \u00e9tant l&rsquo;interdiction du smartphone pendant le temps de travail. Une mesure, g\u00e9n\u00e9ralement impopulaire, qui soul\u00e8ve aussi des probl\u00e8mes juridiques.&nbsp;<\/p>\n\n\n\n<p>\u00ab\u202fIl s&rsquo;agit d&rsquo;une atteinte \u00e0 la libert\u00e9 personnelle et il y a peu d&#8217;emplois dans lesquels une interdiction totale serait justifi\u00e9e. J&rsquo;incite plut\u00f4t mes clients \u00e0 poser un cadre dans le r\u00e8glement int\u00e9rieur\u202f\u00bb, explique l&rsquo;avocate Marie Content.&nbsp;<\/p>\n\n\n\n<h2><strong>Brouillage des fronti\u00e8res<\/strong>&nbsp;<\/h2>\n\n\n\n<p>Reste \u00e0 savoir si la distinction entre t\u00e9l\u00e9phone pro et perso est aussi claire pour les salari\u00e9s que pour les dirigeants\u2026 Selon une \u00e9tude men\u00e9e par Opinion Way pour l&rsquo;op\u00e9rateur de r\u00e9seaux num\u00e9riques TDF en\u202f2023 aupr\u00e8s de 587 salari\u00e9s de bureau, 74\u202f% disaient \u00eatre \u00e9quip\u00e9s d&rsquo;un t\u00e9l\u00e9phone professionnel. Mais seuls 53\u202f% des sond\u00e9s indiquaient l&rsquo;utiliser au bureau.&nbsp;<\/p>\n\n\n\n<p><a href=\"https:\/\/www.lesechos.fr\/@sarah-dumeau\" target=\"_blank\" rel=\"noreferrer noopener\"><strong>Sarah Dumeau<\/strong><\/a>&nbsp;<\/p>\n","protected":false},"excerpt":{"rendered":"<p>Les dirigeants s&rsquo;inqui\u00e8tent d&rsquo;un usage excessif du smartphone qui impacterait n\u00e9gativement la qualit\u00e9 du travail et l&rsquo;ambiance entre les collaborateurs, r\u00e9v\u00e8le une \u00e9tude r\u00e9cente. Mais le t\u00e9l\u00e9phone personnel est aussi massivement utilis\u00e9 pour travailler, brouillant un peu plus les fronti\u00e8res entre vie pro et vie perso.&nbsp; Selon une \u00e9tude\u202fde l&rsquo;Observatoire de sant\u00e9 PRO BTP et [&hellip;]<\/p>\n","protected":false},"author":6,"featured_media":14221,"comment_status":"open","ping_status":"open","sticky":false,"template":"","format":"standard","meta":{"_mi_skip_tracking":false},"categories":[183],"yoast_head":"<!-- This site is optimized with the Yoast SEO plugin v16.1 - https:\/\/yoast.com\/wordpress\/plugins\/seo\/ -->\n<title>A la machine \u00e0 caf\u00e9, les gens regardent leurs \u00e9crans plut\u00f4t que leurs coll\u00e8gues\u202f\u00bb\u202f: faut-il restreindre l&#039;usage des smartphones au bureau\u202f? - Mag des comp\u00e9tences - Comundi<\/title>\n<meta name=\"description\" content=\"Les dirigeants s&#039;inqui\u00e8tent des effets n\u00e9gatifs du smartphone sur les salari\u00e9s. Faut-il l&#039;interdire au bureau ? D\u00e9couvrez notre article.\" \/>\n<meta name=\"robots\" content=\"noindex, follow\" \/>\n<meta property=\"og:locale\" content=\"fr_FR\" \/>\n<meta property=\"og:type\" content=\"article\" \/>\n<meta property=\"og:title\" content=\"A la machine \u00e0 caf\u00e9, les gens regardent leurs \u00e9crans plut\u00f4t que leurs coll\u00e8gues\u202f\u00bb\u202f: faut-il restreindre l&#039;usage des smartphones au bureau\u202f? - Mag des comp\u00e9tences - Comundi\" \/>\n<meta property=\"og:description\" content=\"Les dirigeants s&#039;inqui\u00e8tent des effets n\u00e9gatifs du smartphone sur les salari\u00e9s. Faut-il l&#039;interdire au bureau ? D\u00e9couvrez notre article.\" \/>\n<meta property=\"og:url\" content=\"https:\/\/www.comundi.fr\/mag-des-competences\/a-la-machine-a-cafe-les-gens-regardent-leurs-ecrans-plutot-que-leurs-collegues-faut-il-restreindre-lusage-des-smartphones-au-bureau\/\" \/>\n<meta property=\"og:site_name\" content=\"Mag des comp\u00e9tences - Comundi\" \/>\n<meta property=\"article:publisher\" content=\"https:\/\/www.facebook.com\/Comundi\/?fref=ts\" \/>\n<meta property=\"article:published_time\" content=\"2025-07-16T06:50:00+00:00\" \/>\n<meta property=\"article:modified_time\" content=\"2025-07-15T16:20:56+00:00\" \/>\n<meta property=\"og:image\" content=\"https:\/\/www.comundi.fr\/mag-des-competences\/wp-content\/uploads\/2025\/07\/Design-sans-titre.jpg\" \/>\n\t<meta property=\"og:image:width\" content=\"1200\" \/>\n\t<meta property=\"og:image:height\" content=\"675\" \/>\n<meta name=\"twitter:card\" content=\"summary_large_image\" \/>\n<meta name=\"twitter:creator\" content=\"@ComundiActu\" \/>\n<meta name=\"twitter:site\" content=\"@ComundiActu\" \/>\n<meta name=\"twitter:label1\" content=\"Dur\u00e9e de lecture est.\">\n\t<meta name=\"twitter:data1\" content=\"4 minutes\">\n<script type=\"application\/ld+json\" class=\"yoast-schema-graph\">{\"@context\":\"https:\/\/schema.org\",\"@graph\":[{\"@type\":\"Organization\",\"@id\":\"https:\/\/www.comundi.fr\/mag-des-competences\/#organization\",\"name\":\"Comundi\",\"url\":\"https:\/\/www.comundi.fr\/mag-des-competences\/\",\"sameAs\":[\"https:\/\/www.facebook.com\/Comundi\/?fref=ts\",\"https:\/\/www.linkedin.com\/company\/comundi\/\",\"https:\/\/www.youtube.com\/user\/ComundiFormations\",\"https:\/\/twitter.com\/ComundiActu\"],\"logo\":{\"@type\":\"ImageObject\",\"@id\":\"https:\/\/www.comundi.fr\/mag-des-competences\/#logo\",\"inLanguage\":\"fr-FR\",\"url\":\"https:\/\/www.comundi.fr\/mag-des-competences\/wp-content\/uploads\/2018\/01\/comundi.png\",\"contentUrl\":\"https:\/\/www.comundi.fr\/mag-des-competences\/wp-content\/uploads\/2018\/01\/comundi.png\",\"width\":300,\"height\":300,\"caption\":\"Comundi\"},\"image\":{\"@id\":\"https:\/\/www.comundi.fr\/mag-des-competences\/#logo\"}},{\"@type\":\"WebSite\",\"@id\":\"https:\/\/www.comundi.fr\/mag-des-competences\/#website\",\"url\":\"https:\/\/www.comundi.fr\/mag-des-competences\/\",\"name\":\"Mag des comp\\u00e9tences - Comundi\",\"description\":\"Le magazine des m\\u00e9tiers de demain\",\"publisher\":{\"@id\":\"https:\/\/www.comundi.fr\/mag-des-competences\/#organization\"},\"potentialAction\":[{\"@type\":\"SearchAction\",\"target\":\"https:\/\/www.comundi.fr\/mag-des-competences\/?s={search_term_string}\",\"query-input\":\"required name=search_term_string\"}],\"inLanguage\":\"fr-FR\"},{\"@type\":\"ImageObject\",\"@id\":\"https:\/\/www.comundi.fr\/mag-des-competences\/a-la-machine-a-cafe-les-gens-regardent-leurs-ecrans-plutot-que-leurs-collegues-faut-il-restreindre-lusage-des-smartphones-au-bureau\/#primaryimage\",\"inLanguage\":\"fr-FR\",\"url\":\"https:\/\/www.comundi.fr\/mag-des-competences\/wp-content\/uploads\/2025\/07\/Design-sans-titre.jpg\",\"contentUrl\":\"https:\/\/www.comundi.fr\/mag-des-competences\/wp-content\/uploads\/2025\/07\/Design-sans-titre.jpg\",\"width\":1200,\"height\":675,\"caption\":\"A la machine \\u00e0 caf\\u00e9, les gens regardent leurs \\u00e9crans plut\\u00f4t que leurs coll\\u00e8gues\\u202f\\u00bb\\u202f: faut-il restreindre l'usage des smartphones au bureau\\u202f?\"},{\"@type\":\"WebPage\",\"@id\":\"https:\/\/www.comundi.fr\/mag-des-competences\/a-la-machine-a-cafe-les-gens-regardent-leurs-ecrans-plutot-que-leurs-collegues-faut-il-restreindre-lusage-des-smartphones-au-bureau\/#webpage\",\"url\":\"https:\/\/www.comundi.fr\/mag-des-competences\/a-la-machine-a-cafe-les-gens-regardent-leurs-ecrans-plutot-que-leurs-collegues-faut-il-restreindre-lusage-des-smartphones-au-bureau\/\",\"name\":\"A la machine \\u00e0 caf\\u00e9, les gens regardent leurs \\u00e9crans plut\\u00f4t que leurs coll\\u00e8gues\\u202f\\u00bb\\u202f: faut-il restreindre l'usage des smartphones au bureau\\u202f? - Mag des comp\\u00e9tences - Comundi\",\"isPartOf\":{\"@id\":\"https:\/\/www.comundi.fr\/mag-des-competences\/#website\"},\"primaryImageOfPage\":{\"@id\":\"https:\/\/www.comundi.fr\/mag-des-competences\/a-la-machine-a-cafe-les-gens-regardent-leurs-ecrans-plutot-que-leurs-collegues-faut-il-restreindre-lusage-des-smartphones-au-bureau\/#primaryimage\"},\"datePublished\":\"2025-07-16T06:50:00+00:00\",\"dateModified\":\"2025-07-15T16:20:56+00:00\",\"description\":\"Les dirigeants s'inqui\\u00e8tent des effets n\\u00e9gatifs du smartphone sur les salari\\u00e9s. Faut-il l'interdire au bureau ? D\\u00e9couvrez notre article.\",\"breadcrumb\":{\"@id\":\"https:\/\/www.comundi.fr\/mag-des-competences\/a-la-machine-a-cafe-les-gens-regardent-leurs-ecrans-plutot-que-leurs-collegues-faut-il-restreindre-lusage-des-smartphones-au-bureau\/#breadcrumb\"},\"inLanguage\":\"fr-FR\",\"potentialAction\":[{\"@type\":\"ReadAction\",\"target\":[\"https:\/\/www.comundi.fr\/mag-des-competences\/a-la-machine-a-cafe-les-gens-regardent-leurs-ecrans-plutot-que-leurs-collegues-faut-il-restreindre-lusage-des-smartphones-au-bureau\/\"]}]},{\"@type\":\"BreadcrumbList\",\"@id\":\"https:\/\/www.comundi.fr\/mag-des-competences\/a-la-machine-a-cafe-les-gens-regardent-leurs-ecrans-plutot-que-leurs-collegues-faut-il-restreindre-lusage-des-smartphones-au-bureau\/#breadcrumb\",\"itemListElement\":[{\"@type\":\"ListItem\",\"position\":1,\"item\":{\"@type\":\"WebPage\",\"@id\":\"https:\/\/www.comundi.fr\/mag-des-competences\/\",\"url\":\"https:\/\/www.comundi.fr\/mag-des-competences\/\",\"name\":\"Accueil\"}},{\"@type\":\"ListItem\",\"position\":2,\"item\":{\"@type\":\"WebPage\",\"@id\":\"https:\/\/www.comundi.fr\/mag-des-competences\/a-la-machine-a-cafe-les-gens-regardent-leurs-ecrans-plutot-que-leurs-collegues-faut-il-restreindre-lusage-des-smartphones-au-bureau\/\",\"url\":\"https:\/\/www.comundi.fr\/mag-des-competences\/a-la-machine-a-cafe-les-gens-regardent-leurs-ecrans-plutot-que-leurs-collegues-faut-il-restreindre-lusage-des-smartphones-au-bureau\/\",\"name\":\"A la machine \\u00e0 caf\\u00e9, les gens regardent leurs \\u00e9crans plut\\u00f4t que leurs coll\\u00e8gues\\u202f\\u00bb\\u202f: faut-il restreindre l&rsquo;usage des smartphones au bureau\\u202f?\"}}]},{\"@type\":\"Article\",\"@id\":\"https:\/\/www.comundi.fr\/mag-des-competences\/a-la-machine-a-cafe-les-gens-regardent-leurs-ecrans-plutot-que-leurs-collegues-faut-il-restreindre-lusage-des-smartphones-au-bureau\/#article\",\"isPartOf\":{\"@id\":\"https:\/\/www.comundi.fr\/mag-des-competences\/a-la-machine-a-cafe-les-gens-regardent-leurs-ecrans-plutot-que-leurs-collegues-faut-il-restreindre-lusage-des-smartphones-au-bureau\/#webpage\"},\"author\":{\"@id\":\"https:\/\/www.comundi.fr\/mag-des-competences\/#\/schema\/person\/96b8f219e4cddee126473c6fbcc0e089\"},\"headline\":\"A la machine \\u00e0 caf\\u00e9, les gens regardent leurs \\u00e9crans plut\\u00f4t que leurs coll\\u00e8gues\\u202f\\u00bb\\u202f: faut-il restreindre l&rsquo;usage des smartphones au bureau\\u202f?\",\"datePublished\":\"2025-07-16T06:50:00+00:00\",\"dateModified\":\"2025-07-15T16:20:56+00:00\",\"mainEntityOfPage\":{\"@id\":\"https:\/\/www.comundi.fr\/mag-des-competences\/a-la-machine-a-cafe-les-gens-regardent-leurs-ecrans-plutot-que-leurs-collegues-faut-il-restreindre-lusage-des-smartphones-au-bureau\/#webpage\"},\"commentCount\":0,\"publisher\":{\"@id\":\"https:\/\/www.comundi.fr\/mag-des-competences\/#organization\"},\"image\":{\"@id\":\"https:\/\/www.comundi.fr\/mag-des-competences\/a-la-machine-a-cafe-les-gens-regardent-leurs-ecrans-plutot-que-leurs-collegues-faut-il-restreindre-lusage-des-smartphones-au-bureau\/#primaryimage\"},\"articleSection\":\"Efficacit\\u00e9 professionnelle\",\"inLanguage\":\"fr-FR\",\"potentialAction\":[{\"@type\":\"CommentAction\",\"name\":\"Comment\",\"target\":[\"https:\/\/www.comundi.fr\/mag-des-competences\/a-la-machine-a-cafe-les-gens-regardent-leurs-ecrans-plutot-que-leurs-collegues-faut-il-restreindre-lusage-des-smartphones-au-bureau\/#respond\"]}]},{\"@type\":\"Person\",\"@id\":\"https:\/\/www.comundi.fr\/mag-des-competences\/#\/schema\/person\/96b8f219e4cddee126473c6fbcc0e089\",\"name\":\"Les Echos\",\"image\":{\"@type\":\"ImageObject\",\"@id\":\"https:\/\/www.comundi.fr\/mag-des-competences\/#personlogo\",\"inLanguage\":\"fr-FR\",\"url\":\"https:\/\/secure.gravatar.com\/avatar\/041d1b3114ce5dce17eaefa721d4ed06?s=96&d=mm&r=g\",\"contentUrl\":\"https:\/\/secure.gravatar.com\/avatar\/041d1b3114ce5dce17eaefa721d4ed06?s=96&d=mm&r=g\",\"caption\":\"Les Echos\"}}]}<\/script>\n<!-- \/ Yoast SEO plugin. -->","amp_enabled":true,"_links":{"self":[{"href":"https:\/\/www.comundi.fr\/mag-des-competences\/wp-json\/wp\/v2\/posts\/14220"}],"collection":[{"href":"https:\/\/www.comundi.fr\/mag-des-competences\/wp-json\/wp\/v2\/posts"}],"about":[{"href":"https:\/\/www.comundi.fr\/mag-des-competences\/wp-json\/wp\/v2\/types\/post"}],"author":[{"embeddable":true,"href":"https:\/\/www.comundi.fr\/mag-des-competences\/wp-json\/wp\/v2\/users\/6"}],"replies":[{"embeddable":true,"href":"https:\/\/www.comundi.fr\/mag-des-competences\/wp-json\/wp\/v2\/comments?post=14220"}],"version-history":[{"count":1,"href":"https:\/\/www.comundi.fr\/mag-des-competences\/wp-json\/wp\/v2\/posts\/14220\/revisions"}],"predecessor-version":[{"id":14222,"href":"https:\/\/www.comundi.fr\/mag-des-competences\/wp-json\/wp\/v2\/posts\/14220\/revisions\/14222"}],"wp:featuredmedia":[{"embeddable":true,"href":"https:\/\/www.comundi.fr\/mag-des-competences\/wp-json\/wp\/v2\/media\/14221"}],"wp:attachment":[{"href":"https:\/\/www.comundi.fr\/mag-des-competences\/wp-json\/wp\/v2\/media?parent=14220"}],"wp:term":[{"taxonomy":"category","embeddable":true,"href":"https:\/\/www.comundi.fr\/mag-des-competences\/wp-json\/wp\/v2\/categories?post=14220"}],"curies":[{"name":"wp","href":"https:\/\/api.w.org\/{rel}","templated":true}]}}