{"id":14198,"date":"2025-07-14T08:50:00","date_gmt":"2025-07-14T06:50:00","guid":{"rendered":"https:\/\/www.comundi.fr\/mag-des-competences\/?p=14198"},"modified":"2025-07-16T09:50:17","modified_gmt":"2025-07-16T07:50:17","slug":"learning-trip-ia-et-si-vous-passiez-de-la-theorie-a-laction-en-48h-chrono","status":"publish","type":"post","link":"https:\/\/www.comundi.fr\/mag-des-competences\/learning-trip-ia-et-si-vous-passiez-de-la-theorie-a-laction-en-48h-chrono\/","title":{"rendered":"Learning Trip IA : Et si vous passiez de la th\u00e9orie \u00e0 l\u2019action en 48h chrono ?"},"content":{"rendered":"\n<p>D\u00e9couvrez l\u2019interview de <strong>Mathieu Crucq, DG de Brainsonic <\/strong>et guide des deux jours du prochain<strong> Learning Trip<\/strong> \u00e0 Paris organis\u00e9 par <strong><a href=\"http:\/\/www.comundi.fr\">Comundi<\/a><\/strong>.<\/p>\n\n\n\n<h2><strong>Tu vas faire d\u00e9couvrir des lieux et des acteurs de l\u2019IA que peu de gens connaissent. Est-ce que tu peux nous \u00ab\u00a0teaser\u00a0\u00bb une rencontre ou un moment \u201cwaouh\u201d qu\u2019ils n&rsquo;oublieront pas ?<\/strong><\/h2>\n\n\n\n<p>Une part importante du <strong>Learning Trip<\/strong> se d\u00e9roulera au sein m\u00eame de <strong>Brainsonic<\/strong>, o\u00f9 les participants auront l\u2019opportunit\u00e9 de rencontrer les diff\u00e9rentes \u00e9quipes qui composent <strong>Brainsonic AI<\/strong>. Ils pourront <strong>\u00e9changer directement avec les collaborateurs impliqu\u00e9s dans les projets actuels<\/strong> (cr\u00e9a \/ tech \/ avatars), ce qui leur permettra de comprendre de l\u2019int\u00e9rieur <strong>comment l\u2019IA g\u00e9n\u00e9rative transforme concr\u00e8tement notre mani\u00e8re de travailler<\/strong> &#8211; et de mani\u00e8re plus large, notre agence.<\/p>\n\n\n\n<p>L\u2019un des messages cl\u00e9s que nous souhaitons faire passer, c\u2019est la transition que nous avons op\u00e9r\u00e9e pour devenir une agence v\u00e9ritablement AI-centrique. Cela ne signifie pas que nous adoptons une posture dogmatique vis-\u00e0-vis de l\u2019<strong>intelligence artificielle, mais plut\u00f4t que nous la consid\u00e9rons aujourd\u2019hui comme un pilier incontournable, autour duquel s\u2019organisent nos m\u00e9thodes et nos m\u00e9tiers<\/strong>. C\u2019est v\u00e9ritablement une nouvelle mani\u00e8re de faire, un changement de paradigme. Et cette transformation est visible au quotidien : <strong><a href=\"https:\/\/www.comundi.fr\/mag-des-competences\/ia-un-assistant-pour-transformer-votre-travail\/\">l\u2019IA est d\u00e9sormais int\u00e9gr\u00e9e dans pr\u00e8s de 90 % de nos projets<\/a><\/strong>. \u00c0 tel point que la distinction entre projets \u201cavec\u201d ou \u201csans\u201d IA n\u2019a plus vraiment de sens pour nous. <\/p>\n\n\n\n<p>Dans certains cas, l\u2019IA constitue m\u00eame le c\u0153ur du processus. Cela red\u00e9finit la valeur ajout\u00e9e de l&rsquo;agence : certains savoir-faire deviennent obsol\u00e8tes, d\u2019autres se transforment, et les attentes des annonceurs \u00e9voluent en cons\u00e9quence. Cela nous a ouvert un champ cr\u00e9atif passionnant \u00e0 explorer.<\/p>\n\n\n\n<p>Un exemple embl\u00e9matique de cette \u00e9volution est le projet men\u00e9 pour <strong>Guy Hoquet<\/strong>, qui illustre parfaitement notre approche. <strong>Gr\u00e2ce \u00e0 l\u2019IA, nous avons repens\u00e9 enti\u00e8rement la transmission du savoir aupr\u00e8s des agents du r\u00e9seau, en d\u00e9veloppant des supports innovants<\/strong> : avatars, modules textuels, modules vocaux\u2026 C\u2019est une v\u00e9ritable transformation de l\u2019exp\u00e9rience de formation que nous avons op\u00e9r\u00e9e, et ce sera l\u2019un des cas concrets que nous partagerons durant le Learning Trip.<\/p>\n\n\n\n<h2><strong>\u00c0 qui s\u2019adresse ce Learning Trip ? Et surtout\u2026 \u00e0 qui \u00e7a va changer la donne ?<\/strong><\/h2>\n\n\n\n<p>Le <strong>Learning Trip<\/strong> <strong>s\u2019adresse en r\u00e9alit\u00e9 \u00e0 un public large<\/strong>, mais il est particuli\u00e8rement pertinent pour les d\u00e9cideurs ainsi que les \u00e9quipes op\u00e9rationnelles. L\u2019objectif, au terme de ces deux jours, est d\u2019offrir aux participants une vision globale mais tr\u00e8s concr\u00e8te et appliqu\u00e9e des opportunit\u00e9s offertes par l\u2019intelligence artificielle g\u00e9n\u00e9rative en entreprise.<\/p>\n\n\n\n<p>Ils auront l\u2019occasion de rencontrer des acteurs de premier plan : des annonceurs prestigieux comme <strong>FDJ United ou <\/strong><a href=\"https:\/\/www.comundi.fr\/mag-des-competences\/inside-tf1-comment-la-data-et-ia-reinventent-experience-media\/\"><strong>TF1<\/strong> <\/a>et des <strong>professionnels qui pilotent des projets IA dans des contextes tr\u00e8s vari\u00e9s<\/strong> \u2014 qu\u2019il s\u2019agisse de valorisation de la donn\u00e9e ou, comme dans le cas de Guy Hoquet, de transformation p\u00e9dagogique. Ces regards crois\u00e9s, avec celui de l\u2019agence, permettraient vraiment d\u2019y voir clair sur la mani\u00e8re d\u2019aborder ce sujet transformatif et surtout de partager des retours d\u2019exp\u00e9rience \u00e0 l\u2019\u00e9chelle.<\/p>\n\n\n\n<p>L\u2019ambition est qu\u2019\u00e0 l\u2019issue de ce parcours, chacun reparte avec des id\u00e9es pr\u00e9cises de projets activables : que ce soit la <strong>mise \u00e0 disposition d\u2019assistants IA pour les collaborateurs<\/strong>, la <strong>cr\u00e9ation d\u2019avatars pour le service client<\/strong>, le <strong>d\u00e9veloppement d\u2019outils conversationnels pour interagir avec des documents<\/strong>, des usages pour la formation, les r\u00e9seaux sociaux&#8230; Bref, une approche tr\u00e8s op\u00e9rationnelle, adapt\u00e9e aux enjeux concrets des organisations.<\/p>\n\n\n\n<h2><strong>Si quelqu\u2019un h\u00e9site \u00e0 embarquer, tu lui dirais quoi en une phrase ?<\/strong><\/h2>\n\n\n\n<p><strong>L\u2019un des grands atouts de ce Learning Trip<\/strong>, <strong>c\u2019est sa capacit\u00e9 \u00e0 concentrer, en seulement deux jours, une quantit\u00e9 importante d\u2019informations concr\u00e8tes et rapidement actionnables<\/strong>. Aujourd\u2019hui, la plupart des professionnels ont d\u00e9j\u00e0 \u00e9t\u00e9 expos\u00e9s aux grands principes de l\u2019IA. Le v\u00e9ritable enjeu, d\u00e9sormais, c\u2019est de passer de la th\u00e9orie \u00e0 la pratique.<\/p>\n\n\n\n<p>En un laps de temps court, ils repartiront avec une vision claire, \u00e0 la fois de ce qu\u2019est r\u00e9ellement l\u2019IA g\u00e9n\u00e9rative et, surtout, de <a href=\"https:\/\/www.comundi.fr\/mag-des-competences\/les-meilleurs-outils-ia-pour-booster-votre-productivite\/\">la fa\u00e7on dont ils peuvent l\u2019int\u00e9grer concr\u00e8tement dans leur quotidien professionnel, <\/a>loin des fantasmes positifs ou n\u00e9gatifs.<\/p>\n\n\n\n<p>Car c\u2019est bien l&rsquo;int\u00e9gration dans les processus m\u00e9tiers qui fait aujourd\u2019hui toute la valeur de l\u2019IA. Ce n\u2019est pas tant la technologie en soi, mais ce qu\u2019elle permet d\u2019am\u00e9liorer : en qualit\u00e9, en rapidit\u00e9, en co\u00fbt. <strong>Ce Learning Trip se veut donc un v\u00e9ritable concentr\u00e9 de retours d\u2019exp\u00e9rience, con\u00e7u pour aider chacun \u00e0 y voir clair et \u00e0 amorcer des projets concrets, adapt\u00e9s \u00e0 ses enjeux<\/strong>.<\/p>\n\n\n\n<p>Inscrivez-vous d\u00e8s maintenant pour retrouver <strong><strong>Mathieu Crucq<\/strong><\/strong> \u00e0 l&rsquo;occasion du <a href=\"https:\/\/www.comundi.fr\/formations\/learning-trip-ia.html\">Learning Trip IA<\/a>.<\/p>\n","protected":false},"excerpt":{"rendered":"<p>D\u00e9couvrez l\u2019interview de Mathieu Crucq, DG de Brainsonic et guide des deux jours du prochain Learning Trip \u00e0 Paris organis\u00e9 par Comundi. Tu vas faire d\u00e9couvrir des lieux et des acteurs de l\u2019IA que peu de gens connaissent. Est-ce que tu peux nous \u00ab\u00a0teaser\u00a0\u00bb une rencontre ou un moment \u201cwaouh\u201d qu\u2019ils n&rsquo;oublieront pas ? Une [&hellip;]<\/p>\n","protected":false},"author":8,"featured_media":14199,"comment_status":"open","ping_status":"open","sticky":false,"template":"","format":"standard","meta":{"_mi_skip_tracking":false},"categories":[216],"yoast_head":"<!-- This site is optimized with the Yoast SEO plugin v16.1 - https:\/\/yoast.com\/wordpress\/plugins\/seo\/ -->\n<title>Learning Trip IA : Et si vous passiez de la th\u00e9orie \u00e0 l\u2019action en 48h chrono ? - Mag des comp\u00e9tences - Comundi<\/title>\n<meta name=\"description\" content=\"D\u00e9couvrez comment int\u00e9grer l&#039;utilisation de l&#039;IA dans votre quotidien professionnel \u00e0 l&#039;occasion du Learning trip.\" \/>\n<meta name=\"robots\" content=\"index, follow, max-snippet:-1, max-image-preview:large, max-video-preview:-1\" \/>\n<link rel=\"canonical\" href=\"https:\/\/www.comundi.fr\/mag-des-competences\/learning-trip-ia-et-si-vous-passiez-de-la-theorie-a-laction-en-48h-chrono\/\" \/>\n<meta property=\"og:locale\" content=\"fr_FR\" \/>\n<meta property=\"og:type\" content=\"article\" \/>\n<meta property=\"og:title\" content=\"Learning Trip IA : Et si vous passiez de la th\u00e9orie \u00e0 l\u2019action en 48h chrono ? - Mag des comp\u00e9tences - Comundi\" \/>\n<meta property=\"og:description\" content=\"D\u00e9couvrez comment int\u00e9grer l&#039;utilisation de l&#039;IA dans votre quotidien professionnel \u00e0 l&#039;occasion du Learning trip.\" \/>\n<meta property=\"og:url\" content=\"https:\/\/www.comundi.fr\/mag-des-competences\/learning-trip-ia-et-si-vous-passiez-de-la-theorie-a-laction-en-48h-chrono\/\" \/>\n<meta property=\"og:site_name\" content=\"Mag des comp\u00e9tences - Comundi\" \/>\n<meta property=\"article:publisher\" content=\"https:\/\/www.facebook.com\/Comundi\/?fref=ts\" \/>\n<meta property=\"article:published_time\" content=\"2025-07-14T06:50:00+00:00\" \/>\n<meta property=\"article:modified_time\" content=\"2025-07-16T07:50:17+00:00\" \/>\n<meta property=\"og:image\" content=\"https:\/\/www.comundi.fr\/mag-des-competences\/wp-content\/uploads\/2025\/07\/Mag-des-competences-51.jpg\" \/>\n\t<meta property=\"og:image:width\" content=\"1200\" \/>\n\t<meta property=\"og:image:height\" content=\"675\" \/>\n<meta name=\"twitter:card\" content=\"summary_large_image\" \/>\n<meta name=\"twitter:creator\" content=\"@ComundiActu\" \/>\n<meta name=\"twitter:site\" content=\"@ComundiActu\" \/>\n<meta name=\"twitter:label1\" content=\"Dur\u00e9e de lecture est.\">\n\t<meta name=\"twitter:data1\" content=\"4 minutes\">\n<script type=\"application\/ld+json\" class=\"yoast-schema-graph\">{\"@context\":\"https:\/\/schema.org\",\"@graph\":[{\"@type\":\"Organization\",\"@id\":\"https:\/\/www.comundi.fr\/mag-des-competences\/#organization\",\"name\":\"Comundi\",\"url\":\"https:\/\/www.comundi.fr\/mag-des-competences\/\",\"sameAs\":[\"https:\/\/www.facebook.com\/Comundi\/?fref=ts\",\"https:\/\/www.linkedin.com\/company\/comundi\/\",\"https:\/\/www.youtube.com\/user\/ComundiFormations\",\"https:\/\/twitter.com\/ComundiActu\"],\"logo\":{\"@type\":\"ImageObject\",\"@id\":\"https:\/\/www.comundi.fr\/mag-des-competences\/#logo\",\"inLanguage\":\"fr-FR\",\"url\":\"https:\/\/www.comundi.fr\/mag-des-competences\/wp-content\/uploads\/2018\/01\/comundi.png\",\"contentUrl\":\"https:\/\/www.comundi.fr\/mag-des-competences\/wp-content\/uploads\/2018\/01\/comundi.png\",\"width\":300,\"height\":300,\"caption\":\"Comundi\"},\"image\":{\"@id\":\"https:\/\/www.comundi.fr\/mag-des-competences\/#logo\"}},{\"@type\":\"WebSite\",\"@id\":\"https:\/\/www.comundi.fr\/mag-des-competences\/#website\",\"url\":\"https:\/\/www.comundi.fr\/mag-des-competences\/\",\"name\":\"Mag des comp\\u00e9tences - Comundi\",\"description\":\"Le magazine des m\\u00e9tiers de demain\",\"publisher\":{\"@id\":\"https:\/\/www.comundi.fr\/mag-des-competences\/#organization\"},\"potentialAction\":[{\"@type\":\"SearchAction\",\"target\":\"https:\/\/www.comundi.fr\/mag-des-competences\/?s={search_term_string}\",\"query-input\":\"required name=search_term_string\"}],\"inLanguage\":\"fr-FR\"},{\"@type\":\"ImageObject\",\"@id\":\"https:\/\/www.comundi.fr\/mag-des-competences\/learning-trip-ia-et-si-vous-passiez-de-la-theorie-a-laction-en-48h-chrono\/#primaryimage\",\"inLanguage\":\"fr-FR\",\"url\":\"https:\/\/www.comundi.fr\/mag-des-competences\/wp-content\/uploads\/2025\/07\/Mag-des-competences-51.jpg\",\"contentUrl\":\"https:\/\/www.comundi.fr\/mag-des-competences\/wp-content\/uploads\/2025\/07\/Mag-des-competences-51.jpg\",\"width\":1200,\"height\":675,\"caption\":\"Learning trip, Mathieu Crucq\"},{\"@type\":\"WebPage\",\"@id\":\"https:\/\/www.comundi.fr\/mag-des-competences\/learning-trip-ia-et-si-vous-passiez-de-la-theorie-a-laction-en-48h-chrono\/#webpage\",\"url\":\"https:\/\/www.comundi.fr\/mag-des-competences\/learning-trip-ia-et-si-vous-passiez-de-la-theorie-a-laction-en-48h-chrono\/\",\"name\":\"Learning Trip IA : Et si vous passiez de la th\\u00e9orie \\u00e0 l\\u2019action en 48h chrono ? - Mag des comp\\u00e9tences - Comundi\",\"isPartOf\":{\"@id\":\"https:\/\/www.comundi.fr\/mag-des-competences\/#website\"},\"primaryImageOfPage\":{\"@id\":\"https:\/\/www.comundi.fr\/mag-des-competences\/learning-trip-ia-et-si-vous-passiez-de-la-theorie-a-laction-en-48h-chrono\/#primaryimage\"},\"datePublished\":\"2025-07-14T06:50:00+00:00\",\"dateModified\":\"2025-07-16T07:50:17+00:00\",\"description\":\"D\\u00e9couvrez comment int\\u00e9grer l'utilisation de l'IA dans votre quotidien professionnel \\u00e0 l'occasion du Learning trip.\",\"breadcrumb\":{\"@id\":\"https:\/\/www.comundi.fr\/mag-des-competences\/learning-trip-ia-et-si-vous-passiez-de-la-theorie-a-laction-en-48h-chrono\/#breadcrumb\"},\"inLanguage\":\"fr-FR\",\"potentialAction\":[{\"@type\":\"ReadAction\",\"target\":[\"https:\/\/www.comundi.fr\/mag-des-competences\/learning-trip-ia-et-si-vous-passiez-de-la-theorie-a-laction-en-48h-chrono\/\"]}]},{\"@type\":\"BreadcrumbList\",\"@id\":\"https:\/\/www.comundi.fr\/mag-des-competences\/learning-trip-ia-et-si-vous-passiez-de-la-theorie-a-laction-en-48h-chrono\/#breadcrumb\",\"itemListElement\":[{\"@type\":\"ListItem\",\"position\":1,\"item\":{\"@type\":\"WebPage\",\"@id\":\"https:\/\/www.comundi.fr\/mag-des-competences\/\",\"url\":\"https:\/\/www.comundi.fr\/mag-des-competences\/\",\"name\":\"Accueil\"}},{\"@type\":\"ListItem\",\"position\":2,\"item\":{\"@type\":\"WebPage\",\"@id\":\"https:\/\/www.comundi.fr\/mag-des-competences\/learning-trip-ia-et-si-vous-passiez-de-la-theorie-a-laction-en-48h-chrono\/\",\"url\":\"https:\/\/www.comundi.fr\/mag-des-competences\/learning-trip-ia-et-si-vous-passiez-de-la-theorie-a-laction-en-48h-chrono\/\",\"name\":\"Learning Trip IA : Et si vous passiez de la th\\u00e9orie \\u00e0 l\\u2019action en 48h chrono ?\"}}]},{\"@type\":\"Article\",\"@id\":\"https:\/\/www.comundi.fr\/mag-des-competences\/learning-trip-ia-et-si-vous-passiez-de-la-theorie-a-laction-en-48h-chrono\/#article\",\"isPartOf\":{\"@id\":\"https:\/\/www.comundi.fr\/mag-des-competences\/learning-trip-ia-et-si-vous-passiez-de-la-theorie-a-laction-en-48h-chrono\/#webpage\"},\"author\":{\"@id\":\"https:\/\/www.comundi.fr\/mag-des-competences\/#\/schema\/person\/d08f5c2cf9de6fcfd33c30314745578e\"},\"headline\":\"Learning Trip IA : Et si vous passiez de la th\\u00e9orie \\u00e0 l\\u2019action en 48h chrono ?\",\"datePublished\":\"2025-07-14T06:50:00+00:00\",\"dateModified\":\"2025-07-16T07:50:17+00:00\",\"mainEntityOfPage\":{\"@id\":\"https:\/\/www.comundi.fr\/mag-des-competences\/learning-trip-ia-et-si-vous-passiez-de-la-theorie-a-laction-en-48h-chrono\/#webpage\"},\"commentCount\":0,\"publisher\":{\"@id\":\"https:\/\/www.comundi.fr\/mag-des-competences\/#organization\"},\"image\":{\"@id\":\"https:\/\/www.comundi.fr\/mag-des-competences\/learning-trip-ia-et-si-vous-passiez-de-la-theorie-a-laction-en-48h-chrono\/#primaryimage\"},\"articleSection\":\"Intelligence artificielle\",\"inLanguage\":\"fr-FR\",\"potentialAction\":[{\"@type\":\"CommentAction\",\"name\":\"Comment\",\"target\":[\"https:\/\/www.comundi.fr\/mag-des-competences\/learning-trip-ia-et-si-vous-passiez-de-la-theorie-a-laction-en-48h-chrono\/#respond\"]}]},{\"@type\":\"Person\",\"@id\":\"https:\/\/www.comundi.fr\/mag-des-competences\/#\/schema\/person\/d08f5c2cf9de6fcfd33c30314745578e\",\"name\":\"Comundi\",\"image\":{\"@type\":\"ImageObject\",\"@id\":\"https:\/\/www.comundi.fr\/mag-des-competences\/#personlogo\",\"inLanguage\":\"fr-FR\",\"url\":\"https:\/\/secure.gravatar.com\/avatar\/da2835ae7b2c1279e8e897d242f4cda6?s=96&d=mm&r=g\",\"contentUrl\":\"https:\/\/secure.gravatar.com\/avatar\/da2835ae7b2c1279e8e897d242f4cda6?s=96&d=mm&r=g\",\"caption\":\"Comundi\"}}]}<\/script>\n<!-- \/ Yoast SEO plugin. -->","amp_enabled":true,"_links":{"self":[{"href":"https:\/\/www.comundi.fr\/mag-des-competences\/wp-json\/wp\/v2\/posts\/14198"}],"collection":[{"href":"https:\/\/www.comundi.fr\/mag-des-competences\/wp-json\/wp\/v2\/posts"}],"about":[{"href":"https:\/\/www.comundi.fr\/mag-des-competences\/wp-json\/wp\/v2\/types\/post"}],"author":[{"embeddable":true,"href":"https:\/\/www.comundi.fr\/mag-des-competences\/wp-json\/wp\/v2\/users\/8"}],"replies":[{"embeddable":true,"href":"https:\/\/www.comundi.fr\/mag-des-competences\/wp-json\/wp\/v2\/comments?post=14198"}],"version-history":[{"count":7,"href":"https:\/\/www.comundi.fr\/mag-des-competences\/wp-json\/wp\/v2\/posts\/14198\/revisions"}],"predecessor-version":[{"id":14211,"href":"https:\/\/www.comundi.fr\/mag-des-competences\/wp-json\/wp\/v2\/posts\/14198\/revisions\/14211"}],"wp:featuredmedia":[{"embeddable":true,"href":"https:\/\/www.comundi.fr\/mag-des-competences\/wp-json\/wp\/v2\/media\/14199"}],"wp:attachment":[{"href":"https:\/\/www.comundi.fr\/mag-des-competences\/wp-json\/wp\/v2\/media?parent=14198"}],"wp:term":[{"taxonomy":"category","embeddable":true,"href":"https:\/\/www.comundi.fr\/mag-des-competences\/wp-json\/wp\/v2\/categories?post=14198"}],"curies":[{"name":"wp","href":"https:\/\/api.w.org\/{rel}","templated":true}]}}